{"id":53568,"date":"2011-11-21T21:45:25","date_gmt":"2011-11-21T20:45:25","guid":{"rendered":"http:\/\/www.visit-ulcinj.com\/blog\/?p=53568"},"modified":"2011-11-21T21:46:58","modified_gmt":"2011-11-21T20:46:58","slug":"bratica-e-braktisur-ne-vitin-1582","status":"publish","type":"post","link":"https:\/\/www.visit-ulcinj.com\/blog\/2011\/11\/21\/bratica-e-braktisur-ne-vitin-1582\/","title":{"rendered":"Bratica, e braktisur n\u00eb vitin 1582"},"content":{"rendered":"<p><strong><a href=\"http:\/\/www.visit-ulcinj.com\/blog\/wp-content\/uploads\/2011\/11\/harta-e-vjeter-e-ulqinit.jpg\"><img loading=\"lazy\" class=\"alignleft size-full wp-image-53581\" title=\"harta e vjeter e ulqinit\" src=\"http:\/\/www.visit-ulcinj.com\/blog\/wp-content\/uploads\/2011\/11\/harta-e-vjeter-e-ulqinit.jpg\" alt=\"\" width=\"508\" height=\"380\" \/><\/a>T\u00eb dh\u00ebna onomastike dhe demografike p\u00ebr Shasin dhe vendbanimet e nahijes s\u00eb Bun\u00ebs s\u00eb P\u00ebrtejme sipas defter\u00ebve osman\u00eb t\u00eb shekujve XV dhe XVI (9)<\/strong><\/p>\n<p>Fshati Bratic\u00eb ishte timar i Ahmedit t\u00eb posa islamizuar.\u00a0Ky fshat m\u00eb her\u00ebt ishte vendbanim, nd\u00ebrsa n\u00eb vitin 1582 ishte i\u00a0braktisur dhe t\u00eb gjith\u00eb banor\u00ebt e tij ishin n\u00eb arratisje e sip\u00ebr p\u00ebr\u00a0t\u2019iu shmangur regjistrimit. Tok\u00ebn e k\u00ebtij vendbanimi e punonin\u00a0banor\u00ebt t\u00eb cil\u00ebt banonin brenda dhe jasht\u00eb Kalas\u00eb s\u00eb Ulqinit.<br \/>\n<a href=\"http:\/\/www.visit-ulcinj.com\/blog\/wp-content\/uploads\/2011\/11\/Bratica_Ulqin_Ulqini.101.jpg\"><img loading=\"lazy\" class=\"alignleft size-full wp-image-53582\" title=\"Bratica_Ulqin_Ulqini.10\" src=\"http:\/\/www.visit-ulcinj.com\/blog\/wp-content\/uploads\/2011\/11\/Bratica_Ulqin_Ulqini.101.jpg\" alt=\"\" width=\"508\" height=\"330\" \/><\/a><br \/>\n<strong>Prof. dr. Iljaz Rexha\u00a0<\/strong><\/p>\n<p>Fshati Kamsha (Kamza) i takon nahijes\u00a0s\u00eb Bun\u00ebs s\u00eb P\u00ebrtejme dhe ishte timar i\u00a0Hasan Dervishit. N\u00eb vitin 1582 kishte 34\u00a0sht\u00ebpi, 5 beqar\u00eb dhe 3 \u00e7ifligje, me k\u00ebta\u00a0kryefamiljar\u00eb: Pervane Abdullahu (\u00e7ift),\u00a0Sinan Abdullahu (\u00e7ift), Bero Andrea, Valino\u00a0Nika, Maro Pelerini, Maro Mili, Valo\u00a0Gjura, Petri Gjoni, Kola Gjoni, Andre Kola,\u00a0Mark Kola, Andre Kola (tjet\u00ebr) (beqar), Tisha\u00a0Tanushi, Vuka Mili, Prend Gika, Mark\u00a0Prendi (beqar), Gjon Petri (beqar), Krist\u00a0Krysa, Gika Kristi, Nika Iveza, Niko Mileza, Markza Nika, Nika Buleza, Danko Buleza,\u00a0Niko Kaleza, Niko Iveza, Mark Ishleza,\u00a0Dabza Nikza, Iveza Petri, Vuka Iveza,\u00a0Markza Nika (tjet\u00ebr), Mariza Bogo, Beranza\u00a0Marko, Pervane Niko (\u00e7ift), Rasko\u00a0Dalko, Petri Dalko, Bard Nika, Bero Nika,\u00a0Gjonko Nika, Duko Maro, Brajo Markiza.\u00a0Fshati Gjerana i takon nahijes s\u00eb Bun\u00ebs\u00a0s\u00eb P\u00ebrtejme dhe ishte timar i Ahmedit\u00a0(mysliman i ri). N\u00eb vitin 1582 ishte i braktisur.\u00a0Gjat\u00eb regjistrimit banor\u00ebt e tij ishin\u00a0n\u00eb arratisje e sip\u00ebr, nd\u00ebrsa tokat e k\u00ebtij\u00a0fshati i punonin banor\u00ebt q\u00eb ishin brenda\u00a0dhe jasht\u00eb Kalas\u00eb s\u00eb Ulqinit.<br \/>\n<a href=\"http:\/\/www.visit-ulcinj.com\/blog\/wp-content\/uploads\/2011\/11\/Hart%C3%AB-e-ulqinit-te-vjeter.jpg\"><img loading=\"lazy\" class=\"alignleft size-full wp-image-53583\" title=\"Hart\u00eb e ulqinit te vjeter\" src=\"http:\/\/www.visit-ulcinj.com\/blog\/wp-content\/uploads\/2011\/11\/Hart%C3%AB-e-ulqinit-te-vjeter.jpg\" alt=\"\" width=\"508\" height=\"300\" \/><\/a><\/p>\n<p>Tatimet nga\u00a0t\u00eb ardhurat si dhe t\u00eb dhjetat ia jepnin\u00a0poseduesit t\u00eb tok\u00ebs, n\u00eb lart\u00ebsi prej 1500 ak\u00e7e n\u00eb vit, dhe p\u00ebr k\u00ebt\u00eb arsye ishte i\u00a0regjistruar n\u00eb defterin e ri.\u00a0Fshati Pukja i takon nahijes s\u00eb Bun\u00ebs\u00a0s\u00eb P\u00ebrtejme. N\u00eb vitin 1485 ishte jasht\u00eb\u00a0regjistrimit, nd\u00ebrsa n\u00eb vitin 1582 kishte\u00a012 sht\u00ebpi me bashtina dhe 2 beqar\u00eb, t\u00eb\u00a0cil\u00ebt erdh\u00ebn nga vendbanimet e tjera\u00a0para 10 vitesh dhe u vendos\u00ebn m\u00eb von\u00eb\u00a0n\u00eb k\u00ebt\u00eb fshat, duke i dh\u00ebn\u00eb tatimet dhe\u00a0t\u00eb dhjetat spahiut t\u00eb tyre. Kryefamiljar\u00ebt\u00a0ishin: Mazo Pelerini, Gjuro Pelerini, Duka\u00a0Pelerini, Marko Shtekali, Niko Marko,\u00a0bashtina Nova Liko Gjura, Gjurza Braja,\u00a0Maro Braja (beqar), Berro Braja (beqar),\u00a0Vulza Braja, bashtina Progon Duka,\u00a0bashtina Niko Marko, bashtina Brajan\u00a0Duka.\u00a0Fshati Sojmir i takon nahijes s\u00eb Bun\u00ebs s\u00eb\u00a0P\u00ebrtejme dhe ishte timar i Muharremit.\u00a0N\u00eb vitin 1582 kishte 2 sht\u00ebpi, 2 \u00e7ifligje\u00a0dhe l t\u00eb vej\u00eb, me k\u00ebta kryefamiljar\u00eb: Pal\u00a0Kabza, Qejvan Vulza (\u00e7ift), Hasan Vula\u00a0(\u00e7ift), Tushka (e vej\u00eb).\u00a0Fshati Lisina i takon nahijes s\u00eb Bun\u00ebs\u00a0s\u00eb P\u00ebrtejme dhe ishte timar i Mahmut Mehmetit me ortak\u00eb nga mbrojt\u00ebsit e\u00a0Kalas\u00eb s\u00eb Shkodr\u00ebs. N\u00eb vitin 1582 kishte\u00a018 sht\u00ebpi me bashtina, 3 beqar\u00eb dhe 5 \u00e7ifligje,\u00a0me k\u00ebta kryefamiljar\u00eb: Iskender Pali\u00a0(\u00e7ift), Kasem Liki (\u00e7ift), Dervish Iskenderi\u00a0(beqar), Mehmet Pashtroviki (\u00e7ift), Rrush\u00a0Liki, Vuka Liki, Ulkash Gjini, Ulkash Marko\u00e7i,\u00a0Ivlad Marku, Gesa Koka, Vaka Bisha,\u00a0Gesa Bisha, Genc Rushi, Meriq Vaka (beqar),\u00a0Andre Vuka (beqar), Pren\u00e7 Laka, Andon\u00a0Laka (beqar), bashtina Vasil Pali n\u00eb\u00a0zot\u00ebrim t\u00eb Iskender Palit, bashtina Lazar\u00a0Uxheva (?) n\u00eb zot\u00ebrim t\u00eb Deda Boj\u00e7iqit,\u00a0bashtina Doda Vasili n\u00eb zot\u00ebrim t\u00eb Kasem\u00a0Likit, bashtina Kola Bisha n\u00eb zot\u00ebrim t\u00eb\u00a0banor\u00ebve t\u00eb fshatit, bashtina Jaka Marka\u00a0n\u00eb zot\u00ebrim t\u00eb Mara Biba-s, bashtina e\u00a0Aliut n\u00eb zot\u00ebrim t\u00eb Huseinit, Andre Pervuka,\u00a0Hasan Doda (\u00e7ift), Sylejman Andrea\u00a0(\u00e7ift).<br \/>\n<a href=\"http:\/\/www.visit-ulcinj.com\/blog\/wp-content\/uploads\/2011\/11\/Ana-Malit.jpg\"><img loading=\"lazy\" class=\"alignleft size-full wp-image-53584\" title=\"Ana Malit\" src=\"http:\/\/www.visit-ulcinj.com\/blog\/wp-content\/uploads\/2011\/11\/Ana-Malit.jpg\" alt=\"\" width=\"508\" height=\"330\" \/><\/a><\/p>\n<p>Fshati Dragina i takon nahijes s\u00eb Bun\u00ebs s\u00eb\u00a0P\u00ebrtejme dhe ishte timar i Ded\u00eb Kolas me\u00a0ortak\u00eb. N\u00eb vitin 1582 kishte 7 sht\u00ebpi, 3 \u00e7ifligje\u00a0dhe 1 benak, me k\u00ebta kryefamiljar\u00eb:\u00a0Hysejn Draga (\u00e7ift), Sefer Draga (benak),\u00a0Pervez Draga (\u00e7ift), Memi Dragina (\u00e7ift),\u00a0Andre Bardoni (Bardhoni), Petra Dragina,\u00a0Gjon Dragina, Andrekoka Dragina,\u00a0bashtina Andre Bardonja (Bardhonja) n\u00eb zot\u00ebrim t\u00eb Hysejn Bardonja, Mark Kraja,\u00a0bashtina Nika Brajnika n\u00eb zot\u00ebrim t\u00eb\u00a0Noka Tanushit, tani n\u00eb zot\u00ebrim t\u00eb t\u00eb lartp\u00ebrmendurit.\u00a0Fshati Y\u00fckar\u00ed Kravar (Kravari i Ep\u00ebrm &#8211; I.R.)\u00a0i takon nahijes s\u00eb Bun\u00ebs s\u00eb P\u00ebrtejme dhe\u00a0ishte has i Sanxhakbeut. N\u00eb vitin 1582\u00a0kishte 22 sht\u00ebpi me bashtina, 8 \u00e7ifligje\u00a0dhe 1 beqar. Antroponomia e kryefamiljar\u00ebve\u00a0t\u00eb k\u00ebtij vendbanimi ishte kryesisht\u00a0e sfer\u00ebs s\u00eb krishter\u00eb tradicionale shqiptare\u00a0dhe 5 kryefamiljar\u00eb mbanin emra t\u00eb\u00a0sfer\u00ebs islame-orientale.\u00a0Fshati A\u015fagi Kravar (Kravari i Posht\u00ebm\u00a0&#8211; I.R.) i takon nahijes s\u00eb Bun\u00ebs s\u00eb P\u00ebrtejme\u00a0dhe ishte has i Sanxhak Beut. N\u00eb\u00a0vitin 1582 kishte 24 sht\u00ebpi me bashtina,\u00a05 \u00e7ifligje dhe 1 beqar. Antroponomia e\u00a0kryefamiljar\u00ebve t\u00eb k\u00ebtij vendbanimi ishte\u00a0kryesisht e sfer\u00ebs s\u00eb krishter\u00eb tradicionale\u00a0shqiptare dhe prej tyre 3 kryefamiljar\u00eb\u00a0me emra t\u00eb sfer\u00ebs islame &#8211; orientale.\u00a0Fshati Gjurovik n\u00eb vitin 1582 ishte timar\u00a0i Mehmedit me ortak\u00eb, i regjistruar si\u00a0vendbanim i braktisur, banor\u00ebt e t\u00eb cilit\u00a0ishin nj\u00eb koh\u00eb t\u00eb gjat\u00eb n\u00eb arratisje e sip\u00ebr,\u00a0andaj tokat e tij punoheshin nga banor\u00ebt\u00a0e nahijes s\u00eb Merkodit, t\u00eb cil\u00ebt ia jepnin t\u00eb\u00a0dhjetat poseduesit t\u00eb timarit. Fshati Ublik (Oblik\u00eb) n\u00eb vitin 1582 kishte\u00a093 sht\u00ebpi, 19 beqar\u00eb dhe 12 \u00e7iflige. Antroponomia\u00a0e kryefamiljar\u00ebve t\u00eb k\u00ebtij vendbanimi\u00a0ishte kryesisht e sfer\u00ebs s\u00eb krishter\u00eb\u00a0tradicionale shqiptare dhe prej tyre 16\u00a0kryefamiljar\u00eb me emra t\u00eb sfer\u00ebs islame &#8211;\u00a0orientale. N\u00eb k\u00ebt\u00eb vendbanim ekzistonte\u00a0edhe mikrotoponimi me emrin bashtina\u00a0Sh\u00ebn Andrea, gj\u00eb q\u00eb n\u00ebnkupton se n\u00eb k\u00ebt\u00eb\u00a0vendbanim m\u00eb her\u00ebt ekzistonte nj\u00eb monument\u00a0i kultit t\u00eb krishter\u00eb.\u00a0Fshati Goric\u00eb i takon nahijes s\u00eb Bun\u00ebs s\u00eb\u00a0P\u00ebrtejme. N\u00eb vitin 1485 ishte i regjistruar si\u00a0fshat dhe kishte vet\u00ebm dy sht\u00ebpi, me k\u00ebta\u00a0kryefamiljar\u00eb: Dom Gjon Prokshi dhe Petri\u00a0&#8211; i biri i Prelatit, nd\u00ebrsa n\u00eb vitin 1582 ishte\u00a0i regjistruar si trollishte e braktisur, e cila\u00a0punohej nga fshatrat p\u00ebrreth.\u00a0Fshati Bratic\u00eb i takon nahijes s\u00eb Bun\u00ebs\u00a0s\u00eb P\u00ebrtejme dhe ishte timar i Ahmedit t\u00eb\u00a0posa islamizuar. Ky fshat m\u00eb her\u00ebt ishte\u00a0vendbanim, nd\u00ebrsa n\u00eb vitin 1582 ishte i\u00a0braktisur dhe t\u00eb gjith\u00eb banor\u00ebt e tij ishin\u00a0n\u00eb aratisje e sip\u00ebr p\u00ebr t\u2019iu shmangur\u00a0regjistrimit. Tok\u00ebn e k\u00ebtij vendbanimi e\u00a0punonin banor\u00ebt t\u00eb cil\u00ebt banonin brenda\u00a0dhe jasht\u00eb Kalas\u00eb s\u00eb Ulqinit. Punuesit e\u00a0tok\u00ebs, taksat e t\u00eb ardhurave dhe t\u00eb dhjetave\u00a0ia jepnin poseduesit t\u00eb timarit.<\/p>\n<p><strong>Koha Javore<\/strong><br \/>\n\n\t\t<style type=\"text\/css\">\n\t\t\t#gallery-1 {\n\t\t\t\tmargin: auto;\n\t\t\t}\n\t\t\t#gallery-1 .gallery-item {\n\t\t\t\tfloat: left;\n\t\t\t\tmargin-top: 10px;\n\t\t\t\ttext-align: center;\n\t\t\t\twidth: 33%;\n\t\t\t}\n\t\t\t#gallery-1 img {\n\t\t\t\tborder: 2px solid #cfcfcf;\n\t\t\t}\n\t\t\t#gallery-1 .gallery-caption {\n\t\t\t\tmargin-left: 0;\n\t\t\t}\n\t\t\t\/* see gallery_shortcode() in wp-includes\/media.php *\/\n\t\t<\/style>\n\t\t<div id='gallery-1' class='gallery galleryid-53568 gallery-columns-3 gallery-size-thumbnail'><dl class='gallery-item'>\n\t\t\t<dt class='gallery-icon portrait'>\n\t\t\t\t<a href='https:\/\/www.visit-ulcinj.com\/blog\/wp-content\/uploads\/2011\/11\/Bratica_Ulqin_Ulqini.2.jpg'><img width=\"150\" height=\"150\" src=\"https:\/\/www.visit-ulcinj.com\/blog\/wp-content\/uploads\/2011\/11\/Bratica_Ulqin_Ulqini.2-150x150.jpg\" class=\"attachment-thumbnail size-thumbnail\" alt=\"\" loading=\"lazy\" \/><\/a>\n\t\t\t<\/dt><\/dl><dl class='gallery-item'>\n\t\t\t<dt class='gallery-icon landscape'>\n\t\t\t\t<a href='https:\/\/www.visit-ulcinj.com\/blog\/wp-content\/uploads\/2011\/11\/Bratica_Ulqin_Ulqini.3.jpg'><img width=\"150\" height=\"150\" src=\"https:\/\/www.visit-ulcinj.com\/blog\/wp-content\/uploads\/2011\/11\/Bratica_Ulqin_Ulqini.3-150x150.jpg\" class=\"attachment-thumbnail size-thumbnail\" alt=\"\" loading=\"lazy\" \/><\/a>\n\t\t\t<\/dt><\/dl><dl class='gallery-item'>\n\t\t\t<dt class='gallery-icon landscape'>\n\t\t\t\t<a href='https:\/\/www.visit-ulcinj.com\/blog\/wp-content\/uploads\/2011\/11\/Bratica_Ulqin_Ulqini.4.jpg'><img width=\"150\" height=\"150\" src=\"https:\/\/www.visit-ulcinj.com\/blog\/wp-content\/uploads\/2011\/11\/Bratica_Ulqin_Ulqini.4-150x150.jpg\" class=\"attachment-thumbnail size-thumbnail\" alt=\"\" loading=\"lazy\" \/><\/a>\n\t\t\t<\/dt><\/dl><br style=\"clear: both\" \/><dl class='gallery-item'>\n\t\t\t<dt class='gallery-icon landscape'>\n\t\t\t\t<a href='https:\/\/www.visit-ulcinj.com\/blog\/wp-content\/uploads\/2011\/11\/Bratica_Ulqin_Ulqini.5.jpg'><img width=\"150\" height=\"150\" src=\"https:\/\/www.visit-ulcinj.com\/blog\/wp-content\/uploads\/2011\/11\/Bratica_Ulqin_Ulqini.5-150x150.jpg\" class=\"attachment-thumbnail size-thumbnail\" alt=\"\" loading=\"lazy\" \/><\/a>\n\t\t\t<\/dt><\/dl><dl class='gallery-item'>\n\t\t\t<dt class='gallery-icon landscape'>\n\t\t\t\t<a href='https:\/\/www.visit-ulcinj.com\/blog\/wp-content\/uploads\/2011\/11\/Bratica_Ulqin_Ulqini.6.jpg'><img width=\"150\" height=\"150\" src=\"https:\/\/www.visit-ulcinj.com\/blog\/wp-content\/uploads\/2011\/11\/Bratica_Ulqin_Ulqini.6-150x150.jpg\" class=\"attachment-thumbnail size-thumbnail\" alt=\"\" loading=\"lazy\" \/><\/a>\n\t\t\t<\/dt><\/dl><dl class='gallery-item'>\n\t\t\t<dt class='gallery-icon landscape'>\n\t\t\t\t<a href='https:\/\/www.visit-ulcinj.com\/blog\/wp-content\/uploads\/2011\/11\/Bratica_Ulqin_Ulqini.7.jpg'><img width=\"150\" height=\"150\" src=\"https:\/\/www.visit-ulcinj.com\/blog\/wp-content\/uploads\/2011\/11\/Bratica_Ulqin_Ulqini.7-150x150.jpg\" class=\"attachment-thumbnail size-thumbnail\" alt=\"\" loading=\"lazy\" \/><\/a>\n\t\t\t<\/dt><\/dl><br style=\"clear: both\" \/><dl class='gallery-item'>\n\t\t\t<dt class='gallery-icon landscape'>\n\t\t\t\t<a href='https:\/\/www.visit-ulcinj.com\/blog\/wp-content\/uploads\/2011\/11\/Bratica_Ulqin_Ulqini.8.jpg'><img width=\"150\" height=\"150\" src=\"https:\/\/www.visit-ulcinj.com\/blog\/wp-content\/uploads\/2011\/11\/Bratica_Ulqin_Ulqini.8-150x150.jpg\" class=\"attachment-thumbnail size-thumbnail\" alt=\"\" loading=\"lazy\" \/><\/a>\n\t\t\t<\/dt><\/dl><dl class='gallery-item'>\n\t\t\t<dt class='gallery-icon landscape'>\n\t\t\t\t<a href='https:\/\/www.visit-ulcinj.com\/blog\/wp-content\/uploads\/2011\/11\/Bratica_Ulqin_Ulqini.9.jpg'><img width=\"150\" height=\"150\" src=\"https:\/\/www.visit-ulcinj.com\/blog\/wp-content\/uploads\/2011\/11\/Bratica_Ulqin_Ulqini.9-150x150.jpg\" class=\"attachment-thumbnail size-thumbnail\" alt=\"\" loading=\"lazy\" \/><\/a>\n\t\t\t<\/dt><\/dl><dl class='gallery-item'>\n\t\t\t<dt class='gallery-icon landscape'>\n\t\t\t\t<a href='https:\/\/www.visit-ulcinj.com\/blog\/wp-content\/uploads\/2011\/11\/Bratica_Ulqin_Ulqini.10.jpg'><img width=\"150\" height=\"150\" src=\"https:\/\/www.visit-ulcinj.com\/blog\/wp-content\/uploads\/2011\/11\/Bratica_Ulqin_Ulqini.10-150x150.jpg\" class=\"attachment-thumbnail size-thumbnail\" alt=\"\" loading=\"lazy\" \/><\/a>\n\t\t\t<\/dt><\/dl><br style=\"clear: both\" \/><dl class='gallery-item'>\n\t\t\t<dt class='gallery-icon landscape'>\n\t\t\t\t<a href='https:\/\/www.visit-ulcinj.com\/blog\/wp-content\/uploads\/2011\/11\/Bratica_Ulqin_Ulqini.jpg'><img width=\"150\" height=\"150\" src=\"https:\/\/www.visit-ulcinj.com\/blog\/wp-content\/uploads\/2011\/11\/Bratica_Ulqin_Ulqini-150x150.jpg\" class=\"attachment-thumbnail size-thumbnail\" alt=\"\" loading=\"lazy\" \/><\/a>\n\t\t\t<\/dt><\/dl><dl class='gallery-item'>\n\t\t\t<dt class='gallery-icon landscape'>\n\t\t\t\t<a href='https:\/\/www.visit-ulcinj.com\/blog\/wp-content\/uploads\/2011\/11\/Kisha-ne-Bratica_Ulqin_Ulqini..jpg'><img width=\"150\" height=\"150\" src=\"https:\/\/www.visit-ulcinj.com\/blog\/wp-content\/uploads\/2011\/11\/Kisha-ne-Bratica_Ulqin_Ulqini.-150x150.jpg\" class=\"attachment-thumbnail size-thumbnail\" alt=\"\" loading=\"lazy\" \/><\/a>\n\t\t\t<\/dt><\/dl><dl class='gallery-item'>\n\t\t\t<dt class='gallery-icon landscape'>\n\t\t\t\t<a href='https:\/\/www.visit-ulcinj.com\/blog\/wp-content\/uploads\/2011\/11\/harta-e-vjeter-e-ulqinit.jpg'><img width=\"150\" height=\"150\" src=\"https:\/\/www.visit-ulcinj.com\/blog\/wp-content\/uploads\/2011\/11\/harta-e-vjeter-e-ulqinit-150x150.jpg\" class=\"attachment-thumbnail size-thumbnail\" alt=\"\" loading=\"lazy\" \/><\/a>\n\t\t\t<\/dt><\/dl><br style=\"clear: both\" \/><dl class='gallery-item'>\n\t\t\t<dt class='gallery-icon landscape'>\n\t\t\t\t<a href='https:\/\/www.visit-ulcinj.com\/blog\/wp-content\/uploads\/2011\/11\/Bratica_Ulqin_Ulqini.101.jpg'><img width=\"150\" height=\"150\" src=\"https:\/\/www.visit-ulcinj.com\/blog\/wp-content\/uploads\/2011\/11\/Bratica_Ulqin_Ulqini.101-150x150.jpg\" class=\"attachment-thumbnail size-thumbnail\" alt=\"\" loading=\"lazy\" \/><\/a>\n\t\t\t<\/dt><\/dl><dl class='gallery-item'>\n\t\t\t<dt class='gallery-icon landscape'>\n\t\t\t\t<a href='https:\/\/www.visit-ulcinj.com\/blog\/wp-content\/uploads\/2011\/11\/Hart\u00eb-e-ulqinit-te-vjeter.jpg'><img width=\"150\" height=\"150\" src=\"https:\/\/www.visit-ulcinj.com\/blog\/wp-content\/uploads\/2011\/11\/Hart\u00eb-e-ulqinit-te-vjeter-150x150.jpg\" class=\"attachment-thumbnail size-thumbnail\" alt=\"\" loading=\"lazy\" \/><\/a>\n\t\t\t<\/dt><\/dl><dl class='gallery-item'>\n\t\t\t<dt class='gallery-icon landscape'>\n\t\t\t\t<a href='https:\/\/www.visit-ulcinj.com\/blog\/wp-content\/uploads\/2011\/11\/Ana-Malit.jpg'><img width=\"150\" height=\"150\" src=\"https:\/\/www.visit-ulcinj.com\/blog\/wp-content\/uploads\/2011\/11\/Ana-Malit-150x150.jpg\" class=\"attachment-thumbnail size-thumbnail\" alt=\"\" loading=\"lazy\" \/><\/a>\n\t\t\t<\/dt><\/dl><br style=\"clear: both\" \/>\n\t\t<\/div>\n<\/p>\n","protected":false},"excerpt":{"rendered":"<p>T\u00eb dh\u00ebna onomastike dhe demografike p\u00ebr Shasin dhe vendbanimet e nahijes s\u00eb Bun\u00ebs s\u00eb P\u00ebrtejme sipas defter\u00ebve osman\u00eb t\u00eb shekujve XV dhe XVI (9) Fshati Bratic\u00eb ishte timar i Ahmedit t\u00eb posa islamizuar.\u00a0Ky fshat m\u00eb her\u00ebt ishte vendbanim, nd\u00ebrsa n\u00eb vitin 1582 ishte i\u00a0braktisur dhe t\u00eb gjith\u00eb banor\u00ebt e tij ishin n\u00eb arratisje e sip\u00ebr [&hellip;]<\/p>\n","protected":false},"author":1,"featured_media":0,"comment_status":"open","ping_status":"closed","sticky":false,"template":"","format":"standard","meta":{"spay_email":"","jetpack_publicize_message":"","jetpack_is_tweetstorm":false,"jetpack_publicize_feature_enabled":true},"categories":[14249],"tags":[714,200,18],"jetpack_publicize_connections":[],"yoast_head":"<!-- This site is optimized with the Yoast SEO plugin v19.1 - https:\/\/yoast.com\/wordpress\/plugins\/seo\/ -->\n<title>Bratica, e braktisur n\u00eb vitin 1582 - Lajme nga Ulqini<\/title>\n<meta name=\"description\" content=\"T\u00eb dh\u00ebna onomastike dhe demografike p\u00ebr Shasin dhe vendbanimet e nahijes s\u00eb Bun\u00ebs s\u00eb P\u00ebrtejme sipas defter\u00ebve osman\u00eb t\u00eb shekujve XV dhe XVI (9) Fshati\" \/>\n<meta name=\"robots\" content=\"index, follow, max-snippet:-1, max-image-preview:large, max-video-preview:-1\" \/>\n<link rel=\"canonical\" href=\"https:\/\/www.visit-ulcinj.com\/blog\/2011\/11\/21\/bratica-e-braktisur-ne-vitin-1582\/\" \/>\n<meta property=\"og:locale\" content=\"en_US\" \/>\n<meta property=\"og:type\" content=\"article\" \/>\n<meta property=\"og:title\" content=\"Bratica, e braktisur n\u00eb vitin 1582 - Lajme nga Ulqini\" \/>\n<meta property=\"og:description\" content=\"T\u00eb dh\u00ebna onomastike dhe demografike p\u00ebr Shasin dhe vendbanimet e nahijes s\u00eb Bun\u00ebs s\u00eb P\u00ebrtejme sipas defter\u00ebve osman\u00eb t\u00eb shekujve XV dhe XVI (9) Fshati\" \/>\n<meta property=\"og:url\" content=\"https:\/\/www.visit-ulcinj.com\/blog\/2011\/11\/21\/bratica-e-braktisur-ne-vitin-1582\/\" \/>\n<meta property=\"og:site_name\" content=\"Lajme nga Ulqini\" \/>\n<meta property=\"article:published_time\" content=\"2011-11-21T20:45:25+00:00\" \/>\n<meta property=\"article:modified_time\" content=\"2011-11-21T20:46:58+00:00\" \/>\n<meta property=\"og:image\" content=\"https:\/\/www.visit-ulcinj.com\/blog\/wp-content\/uploads\/2011\/11\/Bratica_Ulqin_Ulqini.2-150x150.jpg\" \/>\n<meta name=\"twitter:label1\" content=\"Written by\" \/>\n\t<meta name=\"twitter:data1\" content=\"ulqini\" \/>\n\t<meta name=\"twitter:label2\" content=\"Est. reading time\" \/>\n\t<meta name=\"twitter:data2\" content=\"5 minutes\" \/>\n<script type=\"application\/ld+json\" class=\"yoast-schema-graph\">{\"@context\":\"https:\/\/schema.org\",\"@graph\":[{\"@type\":\"WebSite\",\"@id\":\"https:\/\/www.visit-ulcinj.com\/blog\/#website\",\"url\":\"https:\/\/www.visit-ulcinj.com\/blog\/\",\"name\":\"Lajme nga Ulqini\",\"description\":\"Lajme,Vijesti,Ulqini,Ulqin,Crna Gora,Mali i Zi\",\"potentialAction\":[{\"@type\":\"SearchAction\",\"target\":{\"@type\":\"EntryPoint\",\"urlTemplate\":\"https:\/\/www.visit-ulcinj.com\/blog\/?s={search_term_string}\"},\"query-input\":\"required name=search_term_string\"}],\"inLanguage\":\"en-US\"},{\"@type\":\"ImageObject\",\"inLanguage\":\"en-US\",\"@id\":\"https:\/\/www.visit-ulcinj.com\/blog\/2011\/11\/21\/bratica-e-braktisur-ne-vitin-1582\/#primaryimage\",\"url\":\"https:\/\/www.visit-ulcinj.com\/blog\/wp-content\/uploads\/2011\/11\/harta-e-vjeter-e-ulqinit.jpg\",\"contentUrl\":\"https:\/\/www.visit-ulcinj.com\/blog\/wp-content\/uploads\/2011\/11\/harta-e-vjeter-e-ulqinit.jpg\",\"width\":\"751\",\"height\":\"600\"},{\"@type\":\"WebPage\",\"@id\":\"https:\/\/www.visit-ulcinj.com\/blog\/2011\/11\/21\/bratica-e-braktisur-ne-vitin-1582\/#webpage\",\"url\":\"https:\/\/www.visit-ulcinj.com\/blog\/2011\/11\/21\/bratica-e-braktisur-ne-vitin-1582\/\",\"name\":\"Bratica, e braktisur n\u00eb vitin 1582 - Lajme nga Ulqini\",\"isPartOf\":{\"@id\":\"https:\/\/www.visit-ulcinj.com\/blog\/#website\"},\"primaryImageOfPage\":{\"@id\":\"https:\/\/www.visit-ulcinj.com\/blog\/2011\/11\/21\/bratica-e-braktisur-ne-vitin-1582\/#primaryimage\"},\"datePublished\":\"2011-11-21T20:45:25+00:00\",\"dateModified\":\"2011-11-21T20:46:58+00:00\",\"author\":{\"@id\":\"https:\/\/www.visit-ulcinj.com\/blog\/#\/schema\/person\/dcab619c614d3038751c63bc2aadc06d\"},\"description\":\"T\u00eb dh\u00ebna onomastike dhe demografike p\u00ebr Shasin dhe vendbanimet e nahijes s\u00eb Bun\u00ebs s\u00eb P\u00ebrtejme sipas defter\u00ebve osman\u00eb t\u00eb shekujve XV dhe XVI (9) Fshati\",\"breadcrumb\":{\"@id\":\"https:\/\/www.visit-ulcinj.com\/blog\/2011\/11\/21\/bratica-e-braktisur-ne-vitin-1582\/#breadcrumb\"},\"inLanguage\":\"en-US\",\"potentialAction\":[{\"@type\":\"ReadAction\",\"target\":[\"https:\/\/www.visit-ulcinj.com\/blog\/2011\/11\/21\/bratica-e-braktisur-ne-vitin-1582\/\"]}]},{\"@type\":\"BreadcrumbList\",\"@id\":\"https:\/\/www.visit-ulcinj.com\/blog\/2011\/11\/21\/bratica-e-braktisur-ne-vitin-1582\/#breadcrumb\",\"itemListElement\":[{\"@type\":\"ListItem\",\"position\":1,\"name\":\"Bratica, e braktisur n\u00eb vitin 1582\"}]},{\"@type\":\"Person\",\"@id\":\"https:\/\/www.visit-ulcinj.com\/blog\/#\/schema\/person\/dcab619c614d3038751c63bc2aadc06d\",\"name\":\"ulqini\",\"sameAs\":[\"http:\/\/www.visit-ulcinj.com\"],\"url\":\"https:\/\/www.visit-ulcinj.com\/blog\/author\/admin\/\"}]}<\/script>\n<!-- \/ Yoast SEO plugin. -->","yoast_head_json":{"title":"Bratica, e braktisur n\u00eb vitin 1582 - Lajme nga Ulqini","description":"T\u00eb dh\u00ebna onomastike dhe demografike p\u00ebr Shasin dhe vendbanimet e nahijes s\u00eb Bun\u00ebs s\u00eb P\u00ebrtejme sipas defter\u00ebve osman\u00eb t\u00eb shekujve XV dhe XVI (9) Fshati","robots":{"index":"index","follow":"follow","max-snippet":"max-snippet:-1","max-image-preview":"max-image-preview:large","max-video-preview":"max-video-preview:-1"},"canonical":"https:\/\/www.visit-ulcinj.com\/blog\/2011\/11\/21\/bratica-e-braktisur-ne-vitin-1582\/","og_locale":"en_US","og_type":"article","og_title":"Bratica, e braktisur n\u00eb vitin 1582 - Lajme nga Ulqini","og_description":"T\u00eb dh\u00ebna onomastike dhe demografike p\u00ebr Shasin dhe vendbanimet e nahijes s\u00eb Bun\u00ebs s\u00eb P\u00ebrtejme sipas defter\u00ebve osman\u00eb t\u00eb shekujve XV dhe XVI (9) Fshati","og_url":"https:\/\/www.visit-ulcinj.com\/blog\/2011\/11\/21\/bratica-e-braktisur-ne-vitin-1582\/","og_site_name":"Lajme nga Ulqini","article_published_time":"2011-11-21T20:45:25+00:00","article_modified_time":"2011-11-21T20:46:58+00:00","og_image":[{"url":"https:\/\/www.visit-ulcinj.com\/blog\/wp-content\/uploads\/2011\/11\/Bratica_Ulqin_Ulqini.2-150x150.jpg"}],"twitter_misc":{"Written by":"ulqini","Est. reading time":"5 minutes"},"schema":{"@context":"https:\/\/schema.org","@graph":[{"@type":"WebSite","@id":"https:\/\/www.visit-ulcinj.com\/blog\/#website","url":"https:\/\/www.visit-ulcinj.com\/blog\/","name":"Lajme nga Ulqini","description":"Lajme,Vijesti,Ulqini,Ulqin,Crna Gora,Mali i Zi","potentialAction":[{"@type":"SearchAction","target":{"@type":"EntryPoint","urlTemplate":"https:\/\/www.visit-ulcinj.com\/blog\/?s={search_term_string}"},"query-input":"required name=search_term_string"}],"inLanguage":"en-US"},{"@type":"ImageObject","inLanguage":"en-US","@id":"https:\/\/www.visit-ulcinj.com\/blog\/2011\/11\/21\/bratica-e-braktisur-ne-vitin-1582\/#primaryimage","url":"https:\/\/www.visit-ulcinj.com\/blog\/wp-content\/uploads\/2011\/11\/harta-e-vjeter-e-ulqinit.jpg","contentUrl":"https:\/\/www.visit-ulcinj.com\/blog\/wp-content\/uploads\/2011\/11\/harta-e-vjeter-e-ulqinit.jpg","width":"751","height":"600"},{"@type":"WebPage","@id":"https:\/\/www.visit-ulcinj.com\/blog\/2011\/11\/21\/bratica-e-braktisur-ne-vitin-1582\/#webpage","url":"https:\/\/www.visit-ulcinj.com\/blog\/2011\/11\/21\/bratica-e-braktisur-ne-vitin-1582\/","name":"Bratica, e braktisur n\u00eb vitin 1582 - Lajme nga Ulqini","isPartOf":{"@id":"https:\/\/www.visit-ulcinj.com\/blog\/#website"},"primaryImageOfPage":{"@id":"https:\/\/www.visit-ulcinj.com\/blog\/2011\/11\/21\/bratica-e-braktisur-ne-vitin-1582\/#primaryimage"},"datePublished":"2011-11-21T20:45:25+00:00","dateModified":"2011-11-21T20:46:58+00:00","author":{"@id":"https:\/\/www.visit-ulcinj.com\/blog\/#\/schema\/person\/dcab619c614d3038751c63bc2aadc06d"},"description":"T\u00eb dh\u00ebna onomastike dhe demografike p\u00ebr Shasin dhe vendbanimet e nahijes s\u00eb Bun\u00ebs s\u00eb P\u00ebrtejme sipas defter\u00ebve osman\u00eb t\u00eb shekujve XV dhe XVI (9) Fshati","breadcrumb":{"@id":"https:\/\/www.visit-ulcinj.com\/blog\/2011\/11\/21\/bratica-e-braktisur-ne-vitin-1582\/#breadcrumb"},"inLanguage":"en-US","potentialAction":[{"@type":"ReadAction","target":["https:\/\/www.visit-ulcinj.com\/blog\/2011\/11\/21\/bratica-e-braktisur-ne-vitin-1582\/"]}]},{"@type":"BreadcrumbList","@id":"https:\/\/www.visit-ulcinj.com\/blog\/2011\/11\/21\/bratica-e-braktisur-ne-vitin-1582\/#breadcrumb","itemListElement":[{"@type":"ListItem","position":1,"name":"Bratica, e braktisur n\u00eb vitin 1582"}]},{"@type":"Person","@id":"https:\/\/www.visit-ulcinj.com\/blog\/#\/schema\/person\/dcab619c614d3038751c63bc2aadc06d","name":"ulqini","sameAs":["http:\/\/www.visit-ulcinj.com"],"url":"https:\/\/www.visit-ulcinj.com\/blog\/author\/admin\/"}]}},"jetpack_featured_media_url":"","jetpack_sharing_enabled":true,"jetpack_shortlink":"https:\/\/wp.me\/pe6lTn-dW0","_links":{"self":[{"href":"https:\/\/www.visit-ulcinj.com\/blog\/wp-json\/wp\/v2\/posts\/53568"}],"collection":[{"href":"https:\/\/www.visit-ulcinj.com\/blog\/wp-json\/wp\/v2\/posts"}],"about":[{"href":"https:\/\/www.visit-ulcinj.com\/blog\/wp-json\/wp\/v2\/types\/post"}],"author":[{"embeddable":true,"href":"https:\/\/www.visit-ulcinj.com\/blog\/wp-json\/wp\/v2\/users\/1"}],"replies":[{"embeddable":true,"href":"https:\/\/www.visit-ulcinj.com\/blog\/wp-json\/wp\/v2\/comments?post=53568"}],"version-history":[{"count":2,"href":"https:\/\/www.visit-ulcinj.com\/blog\/wp-json\/wp\/v2\/posts\/53568\/revisions"}],"predecessor-version":[{"id":53586,"href":"https:\/\/www.visit-ulcinj.com\/blog\/wp-json\/wp\/v2\/posts\/53568\/revisions\/53586"}],"wp:attachment":[{"href":"https:\/\/www.visit-ulcinj.com\/blog\/wp-json\/wp\/v2\/media?parent=53568"}],"wp:term":[{"taxonomy":"category","embeddable":true,"href":"https:\/\/www.visit-ulcinj.com\/blog\/wp-json\/wp\/v2\/categories?post=53568"},{"taxonomy":"post_tag","embeddable":true,"href":"https:\/\/www.visit-ulcinj.com\/blog\/wp-json\/wp\/v2\/tags?post=53568"}],"curies":[{"name":"wp","href":"https:\/\/api.w.org\/{rel}","templated":true}]}}