{"id":53587,"date":"2011-11-22T07:51:09","date_gmt":"2011-11-22T06:51:09","guid":{"rendered":"http:\/\/www.visit-ulcinj.com\/blog\/?p=53587"},"modified":"2011-11-22T19:16:07","modified_gmt":"2011-11-22T18:16:07","slug":"kraja-rendimi-i-situates-ekonomike-zbrazet-zona","status":"publish","type":"post","link":"https:\/\/www.visit-ulcinj.com\/blog\/2011\/11\/22\/kraja-rendimi-i-situates-ekonomike-zbrazet-zona\/","title":{"rendered":"Kraja, rendimi i situates ekonomike zbrazet zona"},"content":{"rendered":"<p><a href=\"http:\/\/www.visit-ulcinj.com\/blog\/wp-content\/uploads\/2011\/11\/Kraja-rendimi-i-situates-ekonomike-zbrazet-zona.jpg\"><img loading=\"lazy\" class=\"alignleft size-full wp-image-53588\" title=\"Kraja, rendimi i situates ekonomike zbrazet zona\" src=\"http:\/\/www.visit-ulcinj.com\/blog\/wp-content\/uploads\/2011\/11\/Kraja-rendimi-i-situates-ekonomike-zbrazet-zona.jpg\" alt=\"\" width=\"508\" height=\"380\" \/><\/a>Treva e Kraj\u00ebs e cila ndodh\u00ebt n\u00eb territorin e shtetit t\u00eb Malit t\u00eb Zi n\u00eb kufi me Shqip\u00ebrine shtrihet p\u00ebrgjat\u00eb Liqenit t\u00eb Shkodres dhe n\u00ebn majen e Malit Rumi.<\/p>\n<p>Kjo trev\u00eb ashtu si gjith\u00eb trveat tjera shqiptare n\u00eb Mal t\u00eb Zi \u00ebsht\u00eb p\u00ebrballur me emigrimin dhe zbrazjen e saj.<\/p>\n<p><a href=\"http:\/\/www.visit-ulcinj.com\/blog\/wp-content\/uploads\/2011\/11\/Gjurmet-e-Moteve-Ali-Gjecbritaj.jpg\"><img loading=\"lazy\" class=\"alignleft size-medium wp-image-53589\" title=\"Gjurmet-e-Moteve-Ali-Gjecbritaj\" src=\"http:\/\/www.visit-ulcinj.com\/blog\/wp-content\/uploads\/2011\/11\/Gjurmet-e-Moteve-Ali-Gjecbritaj-211x300.jpg\" alt=\"\" width=\"211\" height=\"300\" srcset=\"https:\/\/www.visit-ulcinj.com\/blog\/wp-content\/uploads\/2011\/11\/Gjurmet-e-Moteve-Ali-Gjecbritaj-211x300.jpg 211w, https:\/\/www.visit-ulcinj.com\/blog\/wp-content\/uploads\/2011\/11\/Gjurmet-e-Moteve-Ali-Gjecbritaj.jpg 311w\" sizes=\"(max-width: 211px) 100vw, 211px\" \/><\/a>Ali Gje\u00e7britja m\u00ebsues n\u00eb shkoll\u00ebn 8 vje\u00e7are \u201cGjergj Kastrioti- Skenderbeu\u201d n\u00eb Kraj\u00eb, nj\u00ebheresh edhe an\u00ebtar i i K\u00ebshillit Bashkiak t\u00eb Tivarit shprehet se situata ekonomike e r\u00ebnduar nga viti n\u00eb vit ka diktuar largimin e t\u00eb rinj\u00ebve nga kjo trev\u00eb.<\/p>\n<p>Zona e Kraj\u00ebs p\u00ebrb\u00ebhet nga 8 fshatra me nj\u00eb popullsi af\u00ebrsisht rreth 2000 banor\u00eb q\u00ebnd\u00ebr t\u00eb zon\u00ebs ka fshatin Ostros. Banor\u00ebt autokton t\u00eb k\u00ebsaj treve jan\u00eb shqiptar\u00eb t\u00eb gjith\u00eb, kjo zon\u00eb ka pasur t\u00eb zhvilluar ekonomin\u00eb familjare, por edhe \u00a0kan\u00eb funksionuar uzina e p\u00ebrpunimit t\u00eb bim\u00ebve medicinale q\u00eb tashm\u00eb \u00ebsht\u00eb e mbyllur. N\u00eb k\u00ebto kushte banor\u00ebt jan\u00eb t\u00eb detyruar t\u00eb largohen.<\/p>\n<p>Institucioni i vet\u00ebm arsimor q\u00eb \u00ebsht\u00eb n\u00eb k\u00ebt\u00eb zon\u00eb \u00ebsht\u00eb shkolla 8 vje\u00e7are Gjergj Kastrioti Skenderbeu e cila u hap me 10 mars t\u00eb vitin 1929, sipas Ali Gje\u00e7britaj m\u00ebsues i shkoll\u00ebs numri i nx\u00ebn\u00ebsve \u00ebsht\u00eb vazhdimisht n\u00eb r\u00ebnie, nd\u00ebrsa historiani Ismail Doda shprehet se tashm\u00eb ky num\u00ebr \u00ebsht\u00eb shum\u00eb i vog\u00ebl, t\u00eb gjitha k\u00ebto t\u00eb diktuara nga kushtet ekonomike.<\/p>\n<p><strong>TV1 CHANNEL<\/strong><br \/>\n<!--YouTube Error: bad URL entered--><\/p>\n","protected":false},"excerpt":{"rendered":"<p>Treva e Kraj\u00ebs e cila ndodh\u00ebt n\u00eb territorin e shtetit t\u00eb Malit t\u00eb Zi n\u00eb kufi me Shqip\u00ebrine shtrihet p\u00ebrgjat\u00eb Liqenit t\u00eb Shkodres dhe n\u00ebn majen e Malit Rumi. Kjo trev\u00eb ashtu si gjith\u00eb trveat tjera shqiptare n\u00eb Mal t\u00eb Zi \u00ebsht\u00eb p\u00ebrballur me emigrimin dhe zbrazjen e saj. Ali Gje\u00e7britja m\u00ebsues n\u00eb shkoll\u00ebn 8 [&hellip;]<\/p>\n","protected":false},"author":1,"featured_media":0,"comment_status":"open","ping_status":"closed","sticky":false,"template":"","format":"standard","meta":{"spay_email":"","jetpack_publicize_message":"","jetpack_is_tweetstorm":false,"jetpack_publicize_feature_enabled":true},"categories":[1,12],"tags":[17828,17834,18370,17811,17831,18362,14353,17808,14354,12340,17840,17839,18363,17835,17814,17810,17816,17071,17807,17205,19023,3516,2761,14652,17837,17827,5182,19478,14358,222,17802,17812,17803,17820,17825,17817,17805,17823,17832,3506,17818,214,17680,14362,14363,18371,3507,17800,2158,498,19479,3500,14364,19487,17799,3327,17841,17826,15213,18236,3512,17806,11648,18289,17838,95,19488,17813,17804,15141,19489,17836,14366,79,19490,17073,18294,18368,18369,1081,1653,19480,1909,14367,17801,18360,17822,14368,14369,17824,14370,18291,2083,3231,14371,41,3617,14372,17844,17821,18372,17830,17077,18295,14375,17833,17829,1005,200,18,17819,17809,11863,14376],"jetpack_publicize_connections":[],"yoast_head":"<!-- This site is optimized with the Yoast SEO plugin v19.1 - https:\/\/yoast.com\/wordpress\/plugins\/seo\/ -->\n<title>Kraja, rendimi i situates ekonomike zbrazet zona - Lajme nga Ulqini<\/title>\n<meta name=\"description\" content=\"Treva e Kraj\u00ebs e cila ndodh\u00ebt n\u00eb territorin e shtetit t\u00eb Malit t\u00eb Zi n\u00eb kufi me Shqip\u00ebrine shtrihet p\u00ebrgjat\u00eb Liqenit t\u00eb Shkodres dhe n\u00ebn majen e Malit\" \/>\n<meta name=\"robots\" content=\"index, follow, max-snippet:-1, max-image-preview:large, max-video-preview:-1\" \/>\n<link rel=\"canonical\" href=\"https:\/\/www.visit-ulcinj.com\/blog\/2011\/11\/22\/kraja-rendimi-i-situates-ekonomike-zbrazet-zona\/\" \/>\n<meta property=\"og:locale\" content=\"en_US\" \/>\n<meta property=\"og:type\" content=\"article\" \/>\n<meta property=\"og:title\" content=\"Kraja, rendimi i situates ekonomike zbrazet zona - Lajme nga Ulqini\" \/>\n<meta property=\"og:description\" content=\"Treva e Kraj\u00ebs e cila ndodh\u00ebt n\u00eb territorin e shtetit t\u00eb Malit t\u00eb Zi n\u00eb kufi me Shqip\u00ebrine shtrihet p\u00ebrgjat\u00eb Liqenit t\u00eb Shkodres dhe n\u00ebn majen e Malit\" \/>\n<meta property=\"og:url\" content=\"https:\/\/www.visit-ulcinj.com\/blog\/2011\/11\/22\/kraja-rendimi-i-situates-ekonomike-zbrazet-zona\/\" \/>\n<meta property=\"og:site_name\" content=\"Lajme nga Ulqini\" \/>\n<meta property=\"article:published_time\" content=\"2011-11-22T06:51:09+00:00\" \/>\n<meta property=\"article:modified_time\" content=\"2011-11-22T18:16:07+00:00\" \/>\n<meta property=\"og:image\" content=\"http:\/\/www.visit-ulcinj.com\/blog\/wp-content\/uploads\/2011\/11\/Kraja-rendimi-i-situates-ekonomike-zbrazet-zona.jpg\" \/>\n<meta name=\"twitter:label1\" content=\"Written by\" \/>\n\t<meta name=\"twitter:data1\" content=\"ulqini\" \/>\n\t<meta name=\"twitter:label2\" content=\"Est. reading time\" \/>\n\t<meta name=\"twitter:data2\" content=\"1 minute\" \/>\n<script type=\"application\/ld+json\" class=\"yoast-schema-graph\">{\"@context\":\"https:\/\/schema.org\",\"@graph\":[{\"@type\":\"WebSite\",\"@id\":\"https:\/\/www.visit-ulcinj.com\/blog\/#website\",\"url\":\"https:\/\/www.visit-ulcinj.com\/blog\/\",\"name\":\"Lajme nga Ulqini\",\"description\":\"Lajme,Vijesti,Ulqini,Ulqin,Crna Gora,Mali i Zi\",\"potentialAction\":[{\"@type\":\"SearchAction\",\"target\":{\"@type\":\"EntryPoint\",\"urlTemplate\":\"https:\/\/www.visit-ulcinj.com\/blog\/?s={search_term_string}\"},\"query-input\":\"required name=search_term_string\"}],\"inLanguage\":\"en-US\"},{\"@type\":\"ImageObject\",\"inLanguage\":\"en-US\",\"@id\":\"https:\/\/www.visit-ulcinj.com\/blog\/2011\/11\/22\/kraja-rendimi-i-situates-ekonomike-zbrazet-zona\/#primaryimage\",\"url\":\"https:\/\/www.visit-ulcinj.com\/blog\/wp-content\/uploads\/2011\/11\/Kraja-rendimi-i-situates-ekonomike-zbrazet-zona.jpg\",\"contentUrl\":\"https:\/\/www.visit-ulcinj.com\/blog\/wp-content\/uploads\/2011\/11\/Kraja-rendimi-i-situates-ekonomike-zbrazet-zona.jpg\",\"width\":\"960\",\"height\":\"693\"},{\"@type\":\"WebPage\",\"@id\":\"https:\/\/www.visit-ulcinj.com\/blog\/2011\/11\/22\/kraja-rendimi-i-situates-ekonomike-zbrazet-zona\/#webpage\",\"url\":\"https:\/\/www.visit-ulcinj.com\/blog\/2011\/11\/22\/kraja-rendimi-i-situates-ekonomike-zbrazet-zona\/\",\"name\":\"Kraja, rendimi i situates ekonomike zbrazet zona - Lajme nga Ulqini\",\"isPartOf\":{\"@id\":\"https:\/\/www.visit-ulcinj.com\/blog\/#website\"},\"primaryImageOfPage\":{\"@id\":\"https:\/\/www.visit-ulcinj.com\/blog\/2011\/11\/22\/kraja-rendimi-i-situates-ekonomike-zbrazet-zona\/#primaryimage\"},\"datePublished\":\"2011-11-22T06:51:09+00:00\",\"dateModified\":\"2011-11-22T18:16:07+00:00\",\"author\":{\"@id\":\"https:\/\/www.visit-ulcinj.com\/blog\/#\/schema\/person\/dcab619c614d3038751c63bc2aadc06d\"},\"description\":\"Treva e Kraj\u00ebs e cila ndodh\u00ebt n\u00eb territorin e shtetit t\u00eb Malit t\u00eb Zi n\u00eb kufi me Shqip\u00ebrine shtrihet p\u00ebrgjat\u00eb Liqenit t\u00eb Shkodres dhe n\u00ebn majen e Malit\",\"breadcrumb\":{\"@id\":\"https:\/\/www.visit-ulcinj.com\/blog\/2011\/11\/22\/kraja-rendimi-i-situates-ekonomike-zbrazet-zona\/#breadcrumb\"},\"inLanguage\":\"en-US\",\"potentialAction\":[{\"@type\":\"ReadAction\",\"target\":[\"https:\/\/www.visit-ulcinj.com\/blog\/2011\/11\/22\/kraja-rendimi-i-situates-ekonomike-zbrazet-zona\/\"]}]},{\"@type\":\"BreadcrumbList\",\"@id\":\"https:\/\/www.visit-ulcinj.com\/blog\/2011\/11\/22\/kraja-rendimi-i-situates-ekonomike-zbrazet-zona\/#breadcrumb\",\"itemListElement\":[{\"@type\":\"ListItem\",\"position\":1,\"name\":\"Kraja, rendimi i situates ekonomike zbrazet zona\"}]},{\"@type\":\"Person\",\"@id\":\"https:\/\/www.visit-ulcinj.com\/blog\/#\/schema\/person\/dcab619c614d3038751c63bc2aadc06d\",\"name\":\"ulqini\",\"sameAs\":[\"http:\/\/www.visit-ulcinj.com\"],\"url\":\"https:\/\/www.visit-ulcinj.com\/blog\/author\/admin\/\"}]}<\/script>\n<!-- \/ Yoast SEO plugin. -->","yoast_head_json":{"title":"Kraja, rendimi i situates ekonomike zbrazet zona - Lajme nga Ulqini","description":"Treva e Kraj\u00ebs e cila ndodh\u00ebt n\u00eb territorin e shtetit t\u00eb Malit t\u00eb Zi n\u00eb kufi me Shqip\u00ebrine shtrihet p\u00ebrgjat\u00eb Liqenit t\u00eb Shkodres dhe n\u00ebn majen e Malit","robots":{"index":"index","follow":"follow","max-snippet":"max-snippet:-1","max-image-preview":"max-image-preview:large","max-video-preview":"max-video-preview:-1"},"canonical":"https:\/\/www.visit-ulcinj.com\/blog\/2011\/11\/22\/kraja-rendimi-i-situates-ekonomike-zbrazet-zona\/","og_locale":"en_US","og_type":"article","og_title":"Kraja, rendimi i situates ekonomike zbrazet zona - Lajme nga Ulqini","og_description":"Treva e Kraj\u00ebs e cila ndodh\u00ebt n\u00eb territorin e shtetit t\u00eb Malit t\u00eb Zi n\u00eb kufi me Shqip\u00ebrine shtrihet p\u00ebrgjat\u00eb Liqenit t\u00eb Shkodres dhe n\u00ebn majen e Malit","og_url":"https:\/\/www.visit-ulcinj.com\/blog\/2011\/11\/22\/kraja-rendimi-i-situates-ekonomike-zbrazet-zona\/","og_site_name":"Lajme nga Ulqini","article_published_time":"2011-11-22T06:51:09+00:00","article_modified_time":"2011-11-22T18:16:07+00:00","og_image":[{"url":"http:\/\/www.visit-ulcinj.com\/blog\/wp-content\/uploads\/2011\/11\/Kraja-rendimi-i-situates-ekonomike-zbrazet-zona.jpg"}],"twitter_misc":{"Written by":"ulqini","Est. reading time":"1 minute"},"schema":{"@context":"https:\/\/schema.org","@graph":[{"@type":"WebSite","@id":"https:\/\/www.visit-ulcinj.com\/blog\/#website","url":"https:\/\/www.visit-ulcinj.com\/blog\/","name":"Lajme nga Ulqini","description":"Lajme,Vijesti,Ulqini,Ulqin,Crna Gora,Mali i Zi","potentialAction":[{"@type":"SearchAction","target":{"@type":"EntryPoint","urlTemplate":"https:\/\/www.visit-ulcinj.com\/blog\/?s={search_term_string}"},"query-input":"required name=search_term_string"}],"inLanguage":"en-US"},{"@type":"ImageObject","inLanguage":"en-US","@id":"https:\/\/www.visit-ulcinj.com\/blog\/2011\/11\/22\/kraja-rendimi-i-situates-ekonomike-zbrazet-zona\/#primaryimage","url":"https:\/\/www.visit-ulcinj.com\/blog\/wp-content\/uploads\/2011\/11\/Kraja-rendimi-i-situates-ekonomike-zbrazet-zona.jpg","contentUrl":"https:\/\/www.visit-ulcinj.com\/blog\/wp-content\/uploads\/2011\/11\/Kraja-rendimi-i-situates-ekonomike-zbrazet-zona.jpg","width":"960","height":"693"},{"@type":"WebPage","@id":"https:\/\/www.visit-ulcinj.com\/blog\/2011\/11\/22\/kraja-rendimi-i-situates-ekonomike-zbrazet-zona\/#webpage","url":"https:\/\/www.visit-ulcinj.com\/blog\/2011\/11\/22\/kraja-rendimi-i-situates-ekonomike-zbrazet-zona\/","name":"Kraja, rendimi i situates ekonomike zbrazet zona - Lajme nga Ulqini","isPartOf":{"@id":"https:\/\/www.visit-ulcinj.com\/blog\/#website"},"primaryImageOfPage":{"@id":"https:\/\/www.visit-ulcinj.com\/blog\/2011\/11\/22\/kraja-rendimi-i-situates-ekonomike-zbrazet-zona\/#primaryimage"},"datePublished":"2011-11-22T06:51:09+00:00","dateModified":"2011-11-22T18:16:07+00:00","author":{"@id":"https:\/\/www.visit-ulcinj.com\/blog\/#\/schema\/person\/dcab619c614d3038751c63bc2aadc06d"},"description":"Treva e Kraj\u00ebs e cila ndodh\u00ebt n\u00eb territorin e shtetit t\u00eb Malit t\u00eb Zi n\u00eb kufi me Shqip\u00ebrine shtrihet p\u00ebrgjat\u00eb Liqenit t\u00eb Shkodres dhe n\u00ebn majen e Malit","breadcrumb":{"@id":"https:\/\/www.visit-ulcinj.com\/blog\/2011\/11\/22\/kraja-rendimi-i-situates-ekonomike-zbrazet-zona\/#breadcrumb"},"inLanguage":"en-US","potentialAction":[{"@type":"ReadAction","target":["https:\/\/www.visit-ulcinj.com\/blog\/2011\/11\/22\/kraja-rendimi-i-situates-ekonomike-zbrazet-zona\/"]}]},{"@type":"BreadcrumbList","@id":"https:\/\/www.visit-ulcinj.com\/blog\/2011\/11\/22\/kraja-rendimi-i-situates-ekonomike-zbrazet-zona\/#breadcrumb","itemListElement":[{"@type":"ListItem","position":1,"name":"Kraja, rendimi i situates ekonomike zbrazet zona"}]},{"@type":"Person","@id":"https:\/\/www.visit-ulcinj.com\/blog\/#\/schema\/person\/dcab619c614d3038751c63bc2aadc06d","name":"ulqini","sameAs":["http:\/\/www.visit-ulcinj.com"],"url":"https:\/\/www.visit-ulcinj.com\/blog\/author\/admin\/"}]}},"jetpack_featured_media_url":"","jetpack_sharing_enabled":true,"jetpack_shortlink":"https:\/\/wp.me\/pe6lTn-dWj","_links":{"self":[{"href":"https:\/\/www.visit-ulcinj.com\/blog\/wp-json\/wp\/v2\/posts\/53587"}],"collection":[{"href":"https:\/\/www.visit-ulcinj.com\/blog\/wp-json\/wp\/v2\/posts"}],"about":[{"href":"https:\/\/www.visit-ulcinj.com\/blog\/wp-json\/wp\/v2\/types\/post"}],"author":[{"embeddable":true,"href":"https:\/\/www.visit-ulcinj.com\/blog\/wp-json\/wp\/v2\/users\/1"}],"replies":[{"embeddable":true,"href":"https:\/\/www.visit-ulcinj.com\/blog\/wp-json\/wp\/v2\/comments?post=53587"}],"version-history":[{"count":5,"href":"https:\/\/www.visit-ulcinj.com\/blog\/wp-json\/wp\/v2\/posts\/53587\/revisions"}],"predecessor-version":[{"id":54550,"href":"https:\/\/www.visit-ulcinj.com\/blog\/wp-json\/wp\/v2\/posts\/53587\/revisions\/54550"}],"wp:attachment":[{"href":"https:\/\/www.visit-ulcinj.com\/blog\/wp-json\/wp\/v2\/media?parent=53587"}],"wp:term":[{"taxonomy":"category","embeddable":true,"href":"https:\/\/www.visit-ulcinj.com\/blog\/wp-json\/wp\/v2\/categories?post=53587"},{"taxonomy":"post_tag","embeddable":true,"href":"https:\/\/www.visit-ulcinj.com\/blog\/wp-json\/wp\/v2\/tags?post=53587"}],"curies":[{"name":"wp","href":"https:\/\/api.w.org\/{rel}","templated":true}]}}