{"id":53610,"date":"2011-11-22T14:05:13","date_gmt":"2011-11-22T13:05:13","guid":{"rendered":"http:\/\/www.visit-ulcinj.com\/blog\/?p=53610"},"modified":"2011-11-22T14:06:52","modified_gmt":"2011-11-22T13:06:52","slug":"hantije-ibroci-u-kurorezua-me-medaljen-e-bronzit","status":"publish","type":"post","link":"https:\/\/www.visit-ulcinj.com\/blog\/2011\/11\/22\/hantije-ibroci-u-kurorezua-me-medaljen-e-bronzit\/","title":{"rendered":"Hantije Ibro\u00e7i u kuror\u00ebzua me medaljen e bronzit"},"content":{"rendered":"<p><a href=\"http:\/\/www.visit-ulcinj.com\/blog\/wp-content\/uploads\/2011\/11\/Hantije-Ibro%C3%A7i-u-kuror%C3%ABzua-me-medaljen-e-bronzit.jpg\"><img loading=\"lazy\" class=\"alignleft size-full wp-image-53611\" title=\"Hantije Ibro\u00e7i u kuror\u00ebzua me medaljen e bronzit\" src=\"http:\/\/www.visit-ulcinj.com\/blog\/wp-content\/uploads\/2011\/11\/Hantije-Ibro%C3%A7i-u-kuror%C3%ABzua-me-medaljen-e-bronzit.jpg\" alt=\"\" width=\"508\" height=\"620\" \/><\/a>M\u00eb 19 n\u00ebnt\u00ebr 2011 n\u00eb Budapest t\u00eb Hungaris Klubi i Karates\u00eb \u201cUlqini\u201d mori pjes\u00eb n\u00eb Turneun\u00eb nd\u00ebrkomb\u00ebtar\u00eb \u201cTatami Cup \u201d n\u00eb k\u00ebt Turne mor\u00ebn pjes\u00eb 12 shtete me mbi 600 garues\u00eb.<br \/>\nGaruesja Hantije Ibro\u00e7i u kuror\u00ebzua me medaljen e bronzit n\u00eb nj\u00eb konkurenc mjaft t\u00eb fort pasi q\u00eb dhe turneu kishte regudhat e veta q\u00eb secili garues me secilin n\u00eb kategorin e vet \u00ebsht\u00eb deshur\u00eb t\u00eb ndeshet p\u00ebr t\u00eb konkuruar\u00eb p\u00ebr medalje gj\u00eb kjo q\u00eb edhe na v\u00ebsht\u00ebrsoj pun\u00ebn pasi q\u00eb ishte her e par\u00eb q\u00eb ne punuam me k\u00ebt\u00eb regudh\u00eb, Hantije ibro\u00e7i mundi garuesen nga Rumanija dhe ate nga Hungarija kurse n\u00eb gjys finale ka humbur nga garuesja Sllovene.<\/p>\n<p>Klubi i karates\u00eb \u201cUlqini mori pjes\u00eb me Kadete dhe Juniore t\u00eb cilat ishin t\u00eb udh\u00ebhequra nga trajner\u00ebt e klubit Kujtim Sukaliqi dhe Anell Beganoviq t\u00eb cil\u00ebt shprehen se turneu ishte n\u00eb nj\u00eb nivel Evropian dhe ka qen knaq\u00ebsi e madhe dhe nj\u00eb p\u00ebrvoj e mir\u00eb si e tyre poashtu dhe e garues\u00ebve t\u00eb tyre q\u00eb mor\u00ebn pjes\u00eb n\u00eb k\u00ebt\u00eb turne mjaft. Nga Mali i Zi mor\u00ebn pjes\u00eb edhe Klubi i karates\u00eb \u201cBuduqnost\u201d i Podgoric\u00ebs dhe Klubi i karates\u00eb \u201cBar\u201d nga Tivari.<\/p>\n<p>M\u00eb 27 n\u00ebntor\u00eb 2011 n\u00eb Ulqin p\u00ebr nder\u00eb t\u00eb dit\u00ebs s\u00eb flamurit do t\u00eb mbahet Kampionati i XII Mbar\u00ebkomb\u00ebtar i Karates\u00eb i cili do t\u00eb jet\u00eb i organizuar nga K\u00ebshilli organizativ i Turneut Mbar\u00ebkomb\u00ebtar\u00eb \u2013 Klubi i karates\u00eb \u201cUlqini\u201d n\u00ebn patronatin e K\u00ebshillit nacional t\u00eb shqiptar\u00ebve n\u00eb Mal t\u00eb Zi. Do t\u00eb marrin Pjes\u00eb karatesit\u00eb Shqip\u00ebtar \u2013 Senior\u00ebt nga: Shqip\u00ebria, Kosova, Maqedonia, Lugina e preshev\u00ebs, Mali i Zi dhe Diaspora. Kampionati do t\u00eb mbahet n\u00eb sall\u00ebn e sh. F. \u201cM. Tito\u201d me fillim n\u00eb ora 11:00.<br \/>\n\n\t\t<style type=\"text\/css\">\n\t\t\t#gallery-1 {\n\t\t\t\tmargin: auto;\n\t\t\t}\n\t\t\t#gallery-1 .gallery-item {\n\t\t\t\tfloat: left;\n\t\t\t\tmargin-top: 10px;\n\t\t\t\ttext-align: center;\n\t\t\t\twidth: 33%;\n\t\t\t}\n\t\t\t#gallery-1 img {\n\t\t\t\tborder: 2px solid #cfcfcf;\n\t\t\t}\n\t\t\t#gallery-1 .gallery-caption {\n\t\t\t\tmargin-left: 0;\n\t\t\t}\n\t\t\t\/* see gallery_shortcode() in wp-includes\/media.php *\/\n\t\t<\/style>\n\t\t<div id='gallery-1' class='gallery galleryid-53610 gallery-columns-3 gallery-size-thumbnail'><dl class='gallery-item'>\n\t\t\t<dt class='gallery-icon portrait'>\n\t\t\t\t<a href='https:\/\/www.visit-ulcinj.com\/blog\/wp-content\/uploads\/2011\/11\/Hantije-Ibro\u00e7i-u-kuror\u00ebzua-me-medaljen-e-bronzit.jpg'><img width=\"150\" height=\"150\" src=\"https:\/\/www.visit-ulcinj.com\/blog\/wp-content\/uploads\/2011\/11\/Hantije-Ibro\u00e7i-u-kuror\u00ebzua-me-medaljen-e-bronzit-150x150.jpg\" class=\"attachment-thumbnail size-thumbnail\" alt=\"\" loading=\"lazy\" \/><\/a>\n\t\t\t<\/dt><\/dl><dl class='gallery-item'>\n\t\t\t<dt class='gallery-icon portrait'>\n\t\t\t\t<a href='https:\/\/www.visit-ulcinj.com\/blog\/wp-content\/uploads\/2011\/11\/Hantije-Ibro\u00e7i-u-kuror\u00ebzua-me-medaljen-e-bronzit.1.jpg'><img width=\"150\" height=\"150\" src=\"https:\/\/www.visit-ulcinj.com\/blog\/wp-content\/uploads\/2011\/11\/Hantije-Ibro\u00e7i-u-kuror\u00ebzua-me-medaljen-e-bronzit.1-150x150.jpg\" class=\"attachment-thumbnail size-thumbnail\" alt=\"\" loading=\"lazy\" \/><\/a>\n\t\t\t<\/dt><\/dl><dl class='gallery-item'>\n\t\t\t<dt class='gallery-icon landscape'>\n\t\t\t\t<a href='https:\/\/www.visit-ulcinj.com\/blog\/wp-content\/uploads\/2011\/11\/Hantije-Ibro\u00e7i-u-kuror\u00ebzua-me-medaljen-e-bronzit.2.jpg'><img width=\"150\" height=\"150\" src=\"https:\/\/www.visit-ulcinj.com\/blog\/wp-content\/uploads\/2011\/11\/Hantije-Ibro\u00e7i-u-kuror\u00ebzua-me-medaljen-e-bronzit.2-150x150.jpg\" class=\"attachment-thumbnail size-thumbnail\" alt=\"\" loading=\"lazy\" \/><\/a>\n\t\t\t<\/dt><\/dl><br style=\"clear: both\" \/><dl class='gallery-item'>\n\t\t\t<dt class='gallery-icon portrait'>\n\t\t\t\t<a href='https:\/\/www.visit-ulcinj.com\/blog\/wp-content\/uploads\/2011\/11\/Hantije-Ibro\u00e7i-u-kuror\u00ebzua-me-medaljen-e-bronzit.3.jpg'><img width=\"150\" height=\"150\" src=\"https:\/\/www.visit-ulcinj.com\/blog\/wp-content\/uploads\/2011\/11\/Hantije-Ibro\u00e7i-u-kuror\u00ebzua-me-medaljen-e-bronzit.3-150x150.jpg\" class=\"attachment-thumbnail size-thumbnail\" alt=\"\" loading=\"lazy\" \/><\/a>\n\t\t\t<\/dt><\/dl><dl class='gallery-item'>\n\t\t\t<dt class='gallery-icon landscape'>\n\t\t\t\t<a href='https:\/\/www.visit-ulcinj.com\/blog\/wp-content\/uploads\/2011\/11\/Tatami-karate-Cup-hungary.1.jpg'><img width=\"150\" height=\"150\" src=\"https:\/\/www.visit-ulcinj.com\/blog\/wp-content\/uploads\/2011\/11\/Tatami-karate-Cup-hungary.1-150x150.jpg\" class=\"attachment-thumbnail size-thumbnail\" alt=\"\" loading=\"lazy\" \/><\/a>\n\t\t\t<\/dt><\/dl><dl class='gallery-item'>\n\t\t\t<dt class='gallery-icon landscape'>\n\t\t\t\t<a href='https:\/\/www.visit-ulcinj.com\/blog\/wp-content\/uploads\/2011\/11\/Tatami-karate-Cup-hungary.jpg'><img width=\"150\" height=\"150\" src=\"https:\/\/www.visit-ulcinj.com\/blog\/wp-content\/uploads\/2011\/11\/Tatami-karate-Cup-hungary-150x150.jpg\" class=\"attachment-thumbnail size-thumbnail\" alt=\"\" loading=\"lazy\" \/><\/a>\n\t\t\t<\/dt><\/dl><br style=\"clear: both\" \/>\n\t\t<\/div>\n<\/p>\n","protected":false},"excerpt":{"rendered":"<p>M\u00eb 19 n\u00ebnt\u00ebr 2011 n\u00eb Budapest t\u00eb Hungaris Klubi i Karates\u00eb \u201cUlqini\u201d mori pjes\u00eb n\u00eb Turneun\u00eb nd\u00ebrkomb\u00ebtar\u00eb \u201cTatami Cup \u201d n\u00eb k\u00ebt Turne mor\u00ebn pjes\u00eb 12 shtete me mbi 600 garues\u00eb. Garuesja Hantije Ibro\u00e7i u kuror\u00ebzua me medaljen e bronzit n\u00eb nj\u00eb konkurenc mjaft t\u00eb fort pasi q\u00eb dhe turneu kishte regudhat e veta q\u00eb [&hellip;]<\/p>\n","protected":false},"author":1,"featured_media":0,"comment_status":"open","ping_status":"closed","sticky":false,"template":"","format":"standard","meta":{"spay_email":"","jetpack_publicize_message":"","jetpack_is_tweetstorm":false,"jetpack_publicize_feature_enabled":true},"categories":[3],"tags":[19491,9714,19492,200,18],"jetpack_publicize_connections":[],"yoast_head":"<!-- This site is optimized with the Yoast SEO plugin v19.1 - https:\/\/yoast.com\/wordpress\/plugins\/seo\/ -->\n<title>Hantije Ibro\u00e7i u kuror\u00ebzua me medaljen e bronzit - Lajme nga Ulqini<\/title>\n<meta name=\"description\" content=\"M\u00eb 19 n\u00ebnt\u00ebr 2011 n\u00eb Budapest t\u00eb Hungaris Klubi i Karates\u00eb \u201cUlqini\u201d mori pjes\u00eb n\u00eb Turneun\u00eb nd\u00ebrkomb\u00ebtar\u00eb \u201cTatami Cup \u201d n\u00eb k\u00ebt Turne mor\u00ebn pjes\u00eb 12 shtete\" \/>\n<meta name=\"robots\" content=\"index, follow, max-snippet:-1, max-image-preview:large, max-video-preview:-1\" \/>\n<link rel=\"canonical\" href=\"https:\/\/www.visit-ulcinj.com\/blog\/2011\/11\/22\/hantije-ibroci-u-kurorezua-me-medaljen-e-bronzit\/\" \/>\n<meta property=\"og:locale\" content=\"en_US\" \/>\n<meta property=\"og:type\" content=\"article\" \/>\n<meta property=\"og:title\" content=\"Hantije Ibro\u00e7i u kuror\u00ebzua me medaljen e bronzit - Lajme nga Ulqini\" \/>\n<meta property=\"og:description\" content=\"M\u00eb 19 n\u00ebnt\u00ebr 2011 n\u00eb Budapest t\u00eb Hungaris Klubi i Karates\u00eb \u201cUlqini\u201d mori pjes\u00eb n\u00eb Turneun\u00eb nd\u00ebrkomb\u00ebtar\u00eb \u201cTatami Cup \u201d n\u00eb k\u00ebt Turne mor\u00ebn pjes\u00eb 12 shtete\" \/>\n<meta property=\"og:url\" content=\"https:\/\/www.visit-ulcinj.com\/blog\/2011\/11\/22\/hantije-ibroci-u-kurorezua-me-medaljen-e-bronzit\/\" \/>\n<meta property=\"og:site_name\" content=\"Lajme nga Ulqini\" \/>\n<meta property=\"article:published_time\" content=\"2011-11-22T13:05:13+00:00\" \/>\n<meta property=\"article:modified_time\" content=\"2011-11-22T13:06:52+00:00\" \/>\n<meta property=\"og:image\" content=\"https:\/\/www.visit-ulcinj.com\/blog\/wp-content\/uploads\/2011\/11\/Hantije-Ibro\u00e7i-u-kuror\u00ebzua-me-medaljen-e-bronzit-150x150.jpg\" \/>\n<meta name=\"twitter:label1\" content=\"Written by\" \/>\n\t<meta name=\"twitter:data1\" content=\"ulqini\" \/>\n\t<meta name=\"twitter:label2\" content=\"Est. reading time\" \/>\n\t<meta name=\"twitter:data2\" content=\"2 minutes\" \/>\n<script type=\"application\/ld+json\" class=\"yoast-schema-graph\">{\"@context\":\"https:\/\/schema.org\",\"@graph\":[{\"@type\":\"WebSite\",\"@id\":\"https:\/\/www.visit-ulcinj.com\/blog\/#website\",\"url\":\"https:\/\/www.visit-ulcinj.com\/blog\/\",\"name\":\"Lajme nga Ulqini\",\"description\":\"Lajme,Vijesti,Ulqini,Ulqin,Crna Gora,Mali i Zi\",\"potentialAction\":[{\"@type\":\"SearchAction\",\"target\":{\"@type\":\"EntryPoint\",\"urlTemplate\":\"https:\/\/www.visit-ulcinj.com\/blog\/?s={search_term_string}\"},\"query-input\":\"required name=search_term_string\"}],\"inLanguage\":\"en-US\"},{\"@type\":\"ImageObject\",\"inLanguage\":\"en-US\",\"@id\":\"https:\/\/www.visit-ulcinj.com\/blog\/2011\/11\/22\/hantije-ibroci-u-kurorezua-me-medaljen-e-bronzit\/#primaryimage\",\"url\":\"http:\/\/www.visit-ulcinj.com\/blog\/wp-content\/uploads\/2011\/11\/Hantije-Ibro%C3%A7i-u-kuror%C3%ABzua-me-medaljen-e-bronzit.jpg\",\"contentUrl\":\"http:\/\/www.visit-ulcinj.com\/blog\/wp-content\/uploads\/2011\/11\/Hantije-Ibro%C3%A7i-u-kuror%C3%ABzua-me-medaljen-e-bronzit.jpg\"},{\"@type\":\"WebPage\",\"@id\":\"https:\/\/www.visit-ulcinj.com\/blog\/2011\/11\/22\/hantije-ibroci-u-kurorezua-me-medaljen-e-bronzit\/#webpage\",\"url\":\"https:\/\/www.visit-ulcinj.com\/blog\/2011\/11\/22\/hantije-ibroci-u-kurorezua-me-medaljen-e-bronzit\/\",\"name\":\"Hantije Ibro\u00e7i u kuror\u00ebzua me medaljen e bronzit - Lajme nga Ulqini\",\"isPartOf\":{\"@id\":\"https:\/\/www.visit-ulcinj.com\/blog\/#website\"},\"primaryImageOfPage\":{\"@id\":\"https:\/\/www.visit-ulcinj.com\/blog\/2011\/11\/22\/hantije-ibroci-u-kurorezua-me-medaljen-e-bronzit\/#primaryimage\"},\"datePublished\":\"2011-11-22T13:05:13+00:00\",\"dateModified\":\"2011-11-22T13:06:52+00:00\",\"author\":{\"@id\":\"https:\/\/www.visit-ulcinj.com\/blog\/#\/schema\/person\/dcab619c614d3038751c63bc2aadc06d\"},\"description\":\"M\u00eb 19 n\u00ebnt\u00ebr 2011 n\u00eb Budapest t\u00eb Hungaris Klubi i Karates\u00eb \u201cUlqini\u201d mori pjes\u00eb n\u00eb Turneun\u00eb nd\u00ebrkomb\u00ebtar\u00eb \u201cTatami Cup \u201d n\u00eb k\u00ebt Turne mor\u00ebn pjes\u00eb 12 shtete\",\"breadcrumb\":{\"@id\":\"https:\/\/www.visit-ulcinj.com\/blog\/2011\/11\/22\/hantije-ibroci-u-kurorezua-me-medaljen-e-bronzit\/#breadcrumb\"},\"inLanguage\":\"en-US\",\"potentialAction\":[{\"@type\":\"ReadAction\",\"target\":[\"https:\/\/www.visit-ulcinj.com\/blog\/2011\/11\/22\/hantije-ibroci-u-kurorezua-me-medaljen-e-bronzit\/\"]}]},{\"@type\":\"BreadcrumbList\",\"@id\":\"https:\/\/www.visit-ulcinj.com\/blog\/2011\/11\/22\/hantije-ibroci-u-kurorezua-me-medaljen-e-bronzit\/#breadcrumb\",\"itemListElement\":[{\"@type\":\"ListItem\",\"position\":1,\"name\":\"Hantije Ibro\u00e7i u kuror\u00ebzua me medaljen e bronzit\"}]},{\"@type\":\"Person\",\"@id\":\"https:\/\/www.visit-ulcinj.com\/blog\/#\/schema\/person\/dcab619c614d3038751c63bc2aadc06d\",\"name\":\"ulqini\",\"sameAs\":[\"http:\/\/www.visit-ulcinj.com\"],\"url\":\"https:\/\/www.visit-ulcinj.com\/blog\/author\/admin\/\"}]}<\/script>\n<!-- \/ Yoast SEO plugin. -->","yoast_head_json":{"title":"Hantije Ibro\u00e7i u kuror\u00ebzua me medaljen e bronzit - Lajme nga Ulqini","description":"M\u00eb 19 n\u00ebnt\u00ebr 2011 n\u00eb Budapest t\u00eb Hungaris Klubi i Karates\u00eb \u201cUlqini\u201d mori pjes\u00eb n\u00eb Turneun\u00eb nd\u00ebrkomb\u00ebtar\u00eb \u201cTatami Cup \u201d n\u00eb k\u00ebt Turne mor\u00ebn pjes\u00eb 12 shtete","robots":{"index":"index","follow":"follow","max-snippet":"max-snippet:-1","max-image-preview":"max-image-preview:large","max-video-preview":"max-video-preview:-1"},"canonical":"https:\/\/www.visit-ulcinj.com\/blog\/2011\/11\/22\/hantije-ibroci-u-kurorezua-me-medaljen-e-bronzit\/","og_locale":"en_US","og_type":"article","og_title":"Hantije Ibro\u00e7i u kuror\u00ebzua me medaljen e bronzit - Lajme nga Ulqini","og_description":"M\u00eb 19 n\u00ebnt\u00ebr 2011 n\u00eb Budapest t\u00eb Hungaris Klubi i Karates\u00eb \u201cUlqini\u201d mori pjes\u00eb n\u00eb Turneun\u00eb nd\u00ebrkomb\u00ebtar\u00eb \u201cTatami Cup \u201d n\u00eb k\u00ebt Turne mor\u00ebn pjes\u00eb 12 shtete","og_url":"https:\/\/www.visit-ulcinj.com\/blog\/2011\/11\/22\/hantije-ibroci-u-kurorezua-me-medaljen-e-bronzit\/","og_site_name":"Lajme nga Ulqini","article_published_time":"2011-11-22T13:05:13+00:00","article_modified_time":"2011-11-22T13:06:52+00:00","og_image":[{"url":"https:\/\/www.visit-ulcinj.com\/blog\/wp-content\/uploads\/2011\/11\/Hantije-Ibro\u00e7i-u-kuror\u00ebzua-me-medaljen-e-bronzit-150x150.jpg"}],"twitter_misc":{"Written by":"ulqini","Est. reading time":"2 minutes"},"schema":{"@context":"https:\/\/schema.org","@graph":[{"@type":"WebSite","@id":"https:\/\/www.visit-ulcinj.com\/blog\/#website","url":"https:\/\/www.visit-ulcinj.com\/blog\/","name":"Lajme nga Ulqini","description":"Lajme,Vijesti,Ulqini,Ulqin,Crna Gora,Mali i Zi","potentialAction":[{"@type":"SearchAction","target":{"@type":"EntryPoint","urlTemplate":"https:\/\/www.visit-ulcinj.com\/blog\/?s={search_term_string}"},"query-input":"required name=search_term_string"}],"inLanguage":"en-US"},{"@type":"ImageObject","inLanguage":"en-US","@id":"https:\/\/www.visit-ulcinj.com\/blog\/2011\/11\/22\/hantije-ibroci-u-kurorezua-me-medaljen-e-bronzit\/#primaryimage","url":"http:\/\/www.visit-ulcinj.com\/blog\/wp-content\/uploads\/2011\/11\/Hantije-Ibro%C3%A7i-u-kuror%C3%ABzua-me-medaljen-e-bronzit.jpg","contentUrl":"http:\/\/www.visit-ulcinj.com\/blog\/wp-content\/uploads\/2011\/11\/Hantije-Ibro%C3%A7i-u-kuror%C3%ABzua-me-medaljen-e-bronzit.jpg"},{"@type":"WebPage","@id":"https:\/\/www.visit-ulcinj.com\/blog\/2011\/11\/22\/hantije-ibroci-u-kurorezua-me-medaljen-e-bronzit\/#webpage","url":"https:\/\/www.visit-ulcinj.com\/blog\/2011\/11\/22\/hantije-ibroci-u-kurorezua-me-medaljen-e-bronzit\/","name":"Hantije Ibro\u00e7i u kuror\u00ebzua me medaljen e bronzit - Lajme nga Ulqini","isPartOf":{"@id":"https:\/\/www.visit-ulcinj.com\/blog\/#website"},"primaryImageOfPage":{"@id":"https:\/\/www.visit-ulcinj.com\/blog\/2011\/11\/22\/hantije-ibroci-u-kurorezua-me-medaljen-e-bronzit\/#primaryimage"},"datePublished":"2011-11-22T13:05:13+00:00","dateModified":"2011-11-22T13:06:52+00:00","author":{"@id":"https:\/\/www.visit-ulcinj.com\/blog\/#\/schema\/person\/dcab619c614d3038751c63bc2aadc06d"},"description":"M\u00eb 19 n\u00ebnt\u00ebr 2011 n\u00eb Budapest t\u00eb Hungaris Klubi i Karates\u00eb \u201cUlqini\u201d mori pjes\u00eb n\u00eb Turneun\u00eb nd\u00ebrkomb\u00ebtar\u00eb \u201cTatami Cup \u201d n\u00eb k\u00ebt Turne mor\u00ebn pjes\u00eb 12 shtete","breadcrumb":{"@id":"https:\/\/www.visit-ulcinj.com\/blog\/2011\/11\/22\/hantije-ibroci-u-kurorezua-me-medaljen-e-bronzit\/#breadcrumb"},"inLanguage":"en-US","potentialAction":[{"@type":"ReadAction","target":["https:\/\/www.visit-ulcinj.com\/blog\/2011\/11\/22\/hantije-ibroci-u-kurorezua-me-medaljen-e-bronzit\/"]}]},{"@type":"BreadcrumbList","@id":"https:\/\/www.visit-ulcinj.com\/blog\/2011\/11\/22\/hantije-ibroci-u-kurorezua-me-medaljen-e-bronzit\/#breadcrumb","itemListElement":[{"@type":"ListItem","position":1,"name":"Hantije Ibro\u00e7i u kuror\u00ebzua me medaljen e bronzit"}]},{"@type":"Person","@id":"https:\/\/www.visit-ulcinj.com\/blog\/#\/schema\/person\/dcab619c614d3038751c63bc2aadc06d","name":"ulqini","sameAs":["http:\/\/www.visit-ulcinj.com"],"url":"https:\/\/www.visit-ulcinj.com\/blog\/author\/admin\/"}]}},"jetpack_featured_media_url":"","jetpack_sharing_enabled":true,"jetpack_shortlink":"https:\/\/wp.me\/pe6lTn-dWG","_links":{"self":[{"href":"https:\/\/www.visit-ulcinj.com\/blog\/wp-json\/wp\/v2\/posts\/53610"}],"collection":[{"href":"https:\/\/www.visit-ulcinj.com\/blog\/wp-json\/wp\/v2\/posts"}],"about":[{"href":"https:\/\/www.visit-ulcinj.com\/blog\/wp-json\/wp\/v2\/types\/post"}],"author":[{"embeddable":true,"href":"https:\/\/www.visit-ulcinj.com\/blog\/wp-json\/wp\/v2\/users\/1"}],"replies":[{"embeddable":true,"href":"https:\/\/www.visit-ulcinj.com\/blog\/wp-json\/wp\/v2\/comments?post=53610"}],"version-history":[{"count":2,"href":"https:\/\/www.visit-ulcinj.com\/blog\/wp-json\/wp\/v2\/posts\/53610\/revisions"}],"predecessor-version":[{"id":53618,"href":"https:\/\/www.visit-ulcinj.com\/blog\/wp-json\/wp\/v2\/posts\/53610\/revisions\/53618"}],"wp:attachment":[{"href":"https:\/\/www.visit-ulcinj.com\/blog\/wp-json\/wp\/v2\/media?parent=53610"}],"wp:term":[{"taxonomy":"category","embeddable":true,"href":"https:\/\/www.visit-ulcinj.com\/blog\/wp-json\/wp\/v2\/categories?post=53610"},{"taxonomy":"post_tag","embeddable":true,"href":"https:\/\/www.visit-ulcinj.com\/blog\/wp-json\/wp\/v2\/tags?post=53610"}],"curies":[{"name":"wp","href":"https:\/\/api.w.org\/{rel}","templated":true}]}}