{"id":53649,"date":"2011-11-24T18:14:57","date_gmt":"2011-11-24T17:14:57","guid":{"rendered":"http:\/\/www.visit-ulcinj.com\/blog\/?p=53649"},"modified":"2011-11-26T22:12:11","modified_gmt":"2011-11-26T21:12:11","slug":"shqiptaret-e-malit-te-zi-tonight-ilvatare-ora-news","status":"publish","type":"post","link":"https:\/\/www.visit-ulcinj.com\/blog\/2011\/11\/24\/shqiptaret-e-malit-te-zi-tonight-ilvatare-ora-news\/","title":{"rendered":"Shqiptaret e Malit te Zi &#8211; Tonight IlvaTare &#8211; Ora NEWS"},"content":{"rendered":"<p><a href=\"http:\/\/www.visit-ulcinj.com\/blog\/wp-content\/uploads\/2011\/11\/Shqiptaret-e-Malit-te-Zi-Tonight-IlvaTare-Ora-NEWS.jpg\"><img loading=\"lazy\" class=\"alignleft size-full wp-image-53651\" title=\"Shqiptaret e Malit te Zi - Tonight IlvaTare - Ora NEWS\" src=\"http:\/\/www.visit-ulcinj.com\/blog\/wp-content\/uploads\/2011\/11\/Shqiptaret-e-Malit-te-Zi-Tonight-IlvaTare-Ora-NEWS.jpg\" alt=\"\" width=\"495\" height=\"274\" srcset=\"https:\/\/www.visit-ulcinj.com\/blog\/wp-content\/uploads\/2011\/11\/Shqiptaret-e-Malit-te-Zi-Tonight-IlvaTare-Ora-NEWS.jpg 495w, https:\/\/www.visit-ulcinj.com\/blog\/wp-content\/uploads\/2011\/11\/Shqiptaret-e-Malit-te-Zi-Tonight-IlvaTare-Ora-NEWS-300x166.jpg 300w\" sizes=\"(max-width: 495px) 100vw, 495px\" \/><\/a>Nj\u00eb emision nga Ilva Tare te Ora NEWS t\u00eb kushtuar shqiptreve n\u00eb Mal t\u00eb Zi.Ju d\u00ebshirojm\u00eb shikim t\u00eb k\u00ebnshem.<br \/>\n<iframe loading=\"lazy\" src=\"http:\/\/www.youtube.com\/embed\/dYsTIfmcnLA\" frameborder=\"0\" width=\"508\" height=\"360\"><\/iframe><\/p>\n","protected":false},"excerpt":{"rendered":"<p>Nj\u00eb emision nga Ilva Tare te Ora NEWS t\u00eb kushtuar shqiptreve n\u00eb Mal t\u00eb Zi.Ju d\u00ebshirojm\u00eb shikim t\u00eb k\u00ebnshem.<\/p>\n","protected":false},"author":1,"featured_media":0,"comment_status":"open","ping_status":"closed","sticky":false,"template":"","format":"standard","meta":{"spay_email":"","jetpack_publicize_message":"","jetpack_is_tweetstorm":false,"jetpack_publicize_feature_enabled":true},"categories":[5,1],"tags":[212,17828,17834,18370,17811,17831,18362,14353,17808,14354,12340,17840,17839,18363,17835,17814,17810,17816,17071,17807,3516,14652,17837,17827,14358,222,17802,17812,17803,17820,17825,17817,17805,305,17823,17832,3506,17818,214,17680,14362,14363,18371,3507,17800,498,3500,115,14364,17799,3327,17841,17826,15213,18236,3512,17806,11648,18289,17838,95,17813,17804,15141,19495,17836,14366,79,17073,18294,118,18368,18369,1653,1909,14367,17801,18360,17822,14368,14369,17824,14370,18291,2083,3231,14371,41,3617,3722,14372,17844,17821,18372,17830,17077,18295,14375,17833,17829,899,200,18,17819,17809,4265,14376],"jetpack_publicize_connections":[],"yoast_head":"<!-- This site is optimized with the Yoast SEO plugin v19.1 - https:\/\/yoast.com\/wordpress\/plugins\/seo\/ -->\n<title>Shqiptaret e Malit te Zi - Tonight IlvaTare - Ora NEWS - Lajme nga Ulqini<\/title>\n<meta name=\"description\" content=\"Nj\u00eb emision nga Ilva Tare te Ora NEWS t\u00eb kushtuar shqiptreve n\u00eb Mal t\u00eb Zi.Ju d\u00ebshirojm\u00eb shikim t\u00eb k\u00ebnshem.\" \/>\n<meta name=\"robots\" content=\"index, follow, max-snippet:-1, max-image-preview:large, max-video-preview:-1\" \/>\n<link rel=\"canonical\" href=\"https:\/\/www.visit-ulcinj.com\/blog\/2011\/11\/24\/shqiptaret-e-malit-te-zi-tonight-ilvatare-ora-news\/\" \/>\n<meta property=\"og:locale\" content=\"en_US\" \/>\n<meta property=\"og:type\" content=\"article\" \/>\n<meta property=\"og:title\" content=\"Shqiptaret e Malit te Zi - Tonight IlvaTare - Ora NEWS - Lajme nga Ulqini\" \/>\n<meta property=\"og:description\" content=\"Nj\u00eb emision nga Ilva Tare te Ora NEWS t\u00eb kushtuar shqiptreve n\u00eb Mal t\u00eb Zi.Ju d\u00ebshirojm\u00eb shikim t\u00eb k\u00ebnshem.\" \/>\n<meta property=\"og:url\" content=\"https:\/\/www.visit-ulcinj.com\/blog\/2011\/11\/24\/shqiptaret-e-malit-te-zi-tonight-ilvatare-ora-news\/\" \/>\n<meta property=\"og:site_name\" content=\"Lajme nga Ulqini\" \/>\n<meta property=\"article:published_time\" content=\"2011-11-24T17:14:57+00:00\" \/>\n<meta property=\"article:modified_time\" content=\"2011-11-26T21:12:11+00:00\" \/>\n<meta property=\"og:image\" content=\"http:\/\/www.visit-ulcinj.com\/blog\/wp-content\/uploads\/2011\/11\/Shqiptaret-e-Malit-te-Zi-Tonight-IlvaTare-Ora-NEWS.jpg\" \/>\n<meta name=\"twitter:label1\" content=\"Written by\" \/>\n\t<meta name=\"twitter:data1\" content=\"ulqini\" \/>\n<script type=\"application\/ld+json\" class=\"yoast-schema-graph\">{\"@context\":\"https:\/\/schema.org\",\"@graph\":[{\"@type\":\"WebSite\",\"@id\":\"https:\/\/www.visit-ulcinj.com\/blog\/#website\",\"url\":\"https:\/\/www.visit-ulcinj.com\/blog\/\",\"name\":\"Lajme nga Ulqini\",\"description\":\"Lajme,Vijesti,Ulqini,Ulqin,Crna Gora,Mali i Zi\",\"potentialAction\":[{\"@type\":\"SearchAction\",\"target\":{\"@type\":\"EntryPoint\",\"urlTemplate\":\"https:\/\/www.visit-ulcinj.com\/blog\/?s={search_term_string}\"},\"query-input\":\"required name=search_term_string\"}],\"inLanguage\":\"en-US\"},{\"@type\":\"ImageObject\",\"inLanguage\":\"en-US\",\"@id\":\"https:\/\/www.visit-ulcinj.com\/blog\/2011\/11\/24\/shqiptaret-e-malit-te-zi-tonight-ilvatare-ora-news\/#primaryimage\",\"url\":\"https:\/\/www.visit-ulcinj.com\/blog\/wp-content\/uploads\/2011\/11\/Shqiptaret-e-Malit-te-Zi-Tonight-IlvaTare-Ora-NEWS.jpg\",\"contentUrl\":\"https:\/\/www.visit-ulcinj.com\/blog\/wp-content\/uploads\/2011\/11\/Shqiptaret-e-Malit-te-Zi-Tonight-IlvaTare-Ora-NEWS.jpg\",\"width\":\"495\",\"height\":\"274\"},{\"@type\":\"WebPage\",\"@id\":\"https:\/\/www.visit-ulcinj.com\/blog\/2011\/11\/24\/shqiptaret-e-malit-te-zi-tonight-ilvatare-ora-news\/#webpage\",\"url\":\"https:\/\/www.visit-ulcinj.com\/blog\/2011\/11\/24\/shqiptaret-e-malit-te-zi-tonight-ilvatare-ora-news\/\",\"name\":\"Shqiptaret e Malit te Zi - Tonight IlvaTare - Ora NEWS - Lajme nga Ulqini\",\"isPartOf\":{\"@id\":\"https:\/\/www.visit-ulcinj.com\/blog\/#website\"},\"primaryImageOfPage\":{\"@id\":\"https:\/\/www.visit-ulcinj.com\/blog\/2011\/11\/24\/shqiptaret-e-malit-te-zi-tonight-ilvatare-ora-news\/#primaryimage\"},\"datePublished\":\"2011-11-24T17:14:57+00:00\",\"dateModified\":\"2011-11-26T21:12:11+00:00\",\"author\":{\"@id\":\"https:\/\/www.visit-ulcinj.com\/blog\/#\/schema\/person\/dcab619c614d3038751c63bc2aadc06d\"},\"description\":\"Nj\u00eb emision nga Ilva Tare te Ora NEWS t\u00eb kushtuar shqiptreve n\u00eb Mal t\u00eb Zi.Ju d\u00ebshirojm\u00eb shikim t\u00eb k\u00ebnshem.\",\"breadcrumb\":{\"@id\":\"https:\/\/www.visit-ulcinj.com\/blog\/2011\/11\/24\/shqiptaret-e-malit-te-zi-tonight-ilvatare-ora-news\/#breadcrumb\"},\"inLanguage\":\"en-US\",\"potentialAction\":[{\"@type\":\"ReadAction\",\"target\":[\"https:\/\/www.visit-ulcinj.com\/blog\/2011\/11\/24\/shqiptaret-e-malit-te-zi-tonight-ilvatare-ora-news\/\"]}]},{\"@type\":\"BreadcrumbList\",\"@id\":\"https:\/\/www.visit-ulcinj.com\/blog\/2011\/11\/24\/shqiptaret-e-malit-te-zi-tonight-ilvatare-ora-news\/#breadcrumb\",\"itemListElement\":[{\"@type\":\"ListItem\",\"position\":1,\"name\":\"Shqiptaret e Malit te Zi &#8211; Tonight IlvaTare &#8211; Ora NEWS\"}]},{\"@type\":\"Person\",\"@id\":\"https:\/\/www.visit-ulcinj.com\/blog\/#\/schema\/person\/dcab619c614d3038751c63bc2aadc06d\",\"name\":\"ulqini\",\"sameAs\":[\"http:\/\/www.visit-ulcinj.com\"],\"url\":\"https:\/\/www.visit-ulcinj.com\/blog\/author\/admin\/\"}]}<\/script>\n<!-- \/ Yoast SEO plugin. -->","yoast_head_json":{"title":"Shqiptaret e Malit te Zi - Tonight IlvaTare - Ora NEWS - Lajme nga Ulqini","description":"Nj\u00eb emision nga Ilva Tare te Ora NEWS t\u00eb kushtuar shqiptreve n\u00eb Mal t\u00eb Zi.Ju d\u00ebshirojm\u00eb shikim t\u00eb k\u00ebnshem.","robots":{"index":"index","follow":"follow","max-snippet":"max-snippet:-1","max-image-preview":"max-image-preview:large","max-video-preview":"max-video-preview:-1"},"canonical":"https:\/\/www.visit-ulcinj.com\/blog\/2011\/11\/24\/shqiptaret-e-malit-te-zi-tonight-ilvatare-ora-news\/","og_locale":"en_US","og_type":"article","og_title":"Shqiptaret e Malit te Zi - Tonight IlvaTare - Ora NEWS - Lajme nga Ulqini","og_description":"Nj\u00eb emision nga Ilva Tare te Ora NEWS t\u00eb kushtuar shqiptreve n\u00eb Mal t\u00eb Zi.Ju d\u00ebshirojm\u00eb shikim t\u00eb k\u00ebnshem.","og_url":"https:\/\/www.visit-ulcinj.com\/blog\/2011\/11\/24\/shqiptaret-e-malit-te-zi-tonight-ilvatare-ora-news\/","og_site_name":"Lajme nga Ulqini","article_published_time":"2011-11-24T17:14:57+00:00","article_modified_time":"2011-11-26T21:12:11+00:00","og_image":[{"url":"http:\/\/www.visit-ulcinj.com\/blog\/wp-content\/uploads\/2011\/11\/Shqiptaret-e-Malit-te-Zi-Tonight-IlvaTare-Ora-NEWS.jpg"}],"twitter_misc":{"Written by":"ulqini"},"schema":{"@context":"https:\/\/schema.org","@graph":[{"@type":"WebSite","@id":"https:\/\/www.visit-ulcinj.com\/blog\/#website","url":"https:\/\/www.visit-ulcinj.com\/blog\/","name":"Lajme nga Ulqini","description":"Lajme,Vijesti,Ulqini,Ulqin,Crna Gora,Mali i Zi","potentialAction":[{"@type":"SearchAction","target":{"@type":"EntryPoint","urlTemplate":"https:\/\/www.visit-ulcinj.com\/blog\/?s={search_term_string}"},"query-input":"required name=search_term_string"}],"inLanguage":"en-US"},{"@type":"ImageObject","inLanguage":"en-US","@id":"https:\/\/www.visit-ulcinj.com\/blog\/2011\/11\/24\/shqiptaret-e-malit-te-zi-tonight-ilvatare-ora-news\/#primaryimage","url":"https:\/\/www.visit-ulcinj.com\/blog\/wp-content\/uploads\/2011\/11\/Shqiptaret-e-Malit-te-Zi-Tonight-IlvaTare-Ora-NEWS.jpg","contentUrl":"https:\/\/www.visit-ulcinj.com\/blog\/wp-content\/uploads\/2011\/11\/Shqiptaret-e-Malit-te-Zi-Tonight-IlvaTare-Ora-NEWS.jpg","width":"495","height":"274"},{"@type":"WebPage","@id":"https:\/\/www.visit-ulcinj.com\/blog\/2011\/11\/24\/shqiptaret-e-malit-te-zi-tonight-ilvatare-ora-news\/#webpage","url":"https:\/\/www.visit-ulcinj.com\/blog\/2011\/11\/24\/shqiptaret-e-malit-te-zi-tonight-ilvatare-ora-news\/","name":"Shqiptaret e Malit te Zi - Tonight IlvaTare - Ora NEWS - Lajme nga Ulqini","isPartOf":{"@id":"https:\/\/www.visit-ulcinj.com\/blog\/#website"},"primaryImageOfPage":{"@id":"https:\/\/www.visit-ulcinj.com\/blog\/2011\/11\/24\/shqiptaret-e-malit-te-zi-tonight-ilvatare-ora-news\/#primaryimage"},"datePublished":"2011-11-24T17:14:57+00:00","dateModified":"2011-11-26T21:12:11+00:00","author":{"@id":"https:\/\/www.visit-ulcinj.com\/blog\/#\/schema\/person\/dcab619c614d3038751c63bc2aadc06d"},"description":"Nj\u00eb emision nga Ilva Tare te Ora NEWS t\u00eb kushtuar shqiptreve n\u00eb Mal t\u00eb Zi.Ju d\u00ebshirojm\u00eb shikim t\u00eb k\u00ebnshem.","breadcrumb":{"@id":"https:\/\/www.visit-ulcinj.com\/blog\/2011\/11\/24\/shqiptaret-e-malit-te-zi-tonight-ilvatare-ora-news\/#breadcrumb"},"inLanguage":"en-US","potentialAction":[{"@type":"ReadAction","target":["https:\/\/www.visit-ulcinj.com\/blog\/2011\/11\/24\/shqiptaret-e-malit-te-zi-tonight-ilvatare-ora-news\/"]}]},{"@type":"BreadcrumbList","@id":"https:\/\/www.visit-ulcinj.com\/blog\/2011\/11\/24\/shqiptaret-e-malit-te-zi-tonight-ilvatare-ora-news\/#breadcrumb","itemListElement":[{"@type":"ListItem","position":1,"name":"Shqiptaret e Malit te Zi &#8211; Tonight IlvaTare &#8211; Ora NEWS"}]},{"@type":"Person","@id":"https:\/\/www.visit-ulcinj.com\/blog\/#\/schema\/person\/dcab619c614d3038751c63bc2aadc06d","name":"ulqini","sameAs":["http:\/\/www.visit-ulcinj.com"],"url":"https:\/\/www.visit-ulcinj.com\/blog\/author\/admin\/"}]}},"jetpack_featured_media_url":"","jetpack_sharing_enabled":true,"jetpack_shortlink":"https:\/\/wp.me\/pe6lTn-dXj","_links":{"self":[{"href":"https:\/\/www.visit-ulcinj.com\/blog\/wp-json\/wp\/v2\/posts\/53649"}],"collection":[{"href":"https:\/\/www.visit-ulcinj.com\/blog\/wp-json\/wp\/v2\/posts"}],"about":[{"href":"https:\/\/www.visit-ulcinj.com\/blog\/wp-json\/wp\/v2\/types\/post"}],"author":[{"embeddable":true,"href":"https:\/\/www.visit-ulcinj.com\/blog\/wp-json\/wp\/v2\/users\/1"}],"replies":[{"embeddable":true,"href":"https:\/\/www.visit-ulcinj.com\/blog\/wp-json\/wp\/v2\/comments?post=53649"}],"version-history":[{"count":2,"href":"https:\/\/www.visit-ulcinj.com\/blog\/wp-json\/wp\/v2\/posts\/53649\/revisions"}],"predecessor-version":[{"id":53702,"href":"https:\/\/www.visit-ulcinj.com\/blog\/wp-json\/wp\/v2\/posts\/53649\/revisions\/53702"}],"wp:attachment":[{"href":"https:\/\/www.visit-ulcinj.com\/blog\/wp-json\/wp\/v2\/media?parent=53649"}],"wp:term":[{"taxonomy":"category","embeddable":true,"href":"https:\/\/www.visit-ulcinj.com\/blog\/wp-json\/wp\/v2\/categories?post=53649"},{"taxonomy":"post_tag","embeddable":true,"href":"https:\/\/www.visit-ulcinj.com\/blog\/wp-json\/wp\/v2\/tags?post=53649"}],"curies":[{"name":"wp","href":"https:\/\/api.w.org\/{rel}","templated":true}]}}