{"id":53663,"date":"2011-11-24T19:32:26","date_gmt":"2011-11-24T18:32:26","guid":{"rendered":"http:\/\/www.visit-ulcinj.com\/blog\/?p=53663"},"modified":"2011-11-24T19:32:26","modified_gmt":"2011-11-24T18:32:26","slug":"anketa-nvo-%e2%80%9cnovi-horizonti%e2%80%9d-pokazala","status":"publish","type":"post","link":"https:\/\/www.visit-ulcinj.com\/blog\/2011\/11\/24\/anketa-nvo-%e2%80%9cnovi-horizonti%e2%80%9d-pokazala\/","title":{"rendered":"Anketa NVO \u201cNovi horizonti\u201d pokazala"},"content":{"rendered":"<p><strong><a href=\"http:\/\/www.visit-ulcinj.com\/blog\/wp-content\/uploads\/2011\/11\/Anketa-NVO-Novi-horizonti_Ulcinj-pokazala.jpg\"><img loading=\"lazy\" class=\"alignleft size-full wp-image-53664\" title=\"Anketa NVO Novi horizonti_Ulcinj pokazala\" src=\"http:\/\/www.visit-ulcinj.com\/blog\/wp-content\/uploads\/2011\/11\/Anketa-NVO-Novi-horizonti_Ulcinj-pokazala.jpg\" alt=\"\" width=\"508\" height=\"380\" srcset=\"https:\/\/www.visit-ulcinj.com\/blog\/wp-content\/uploads\/2011\/11\/Anketa-NVO-Novi-horizonti_Ulcinj-pokazala.jpg 1040w, https:\/\/www.visit-ulcinj.com\/blog\/wp-content\/uploads\/2011\/11\/Anketa-NVO-Novi-horizonti_Ulcinj-pokazala-300x224.jpg 300w, https:\/\/www.visit-ulcinj.com\/blog\/wp-content\/uploads\/2011\/11\/Anketa-NVO-Novi-horizonti_Ulcinj-pokazala-1024x768.jpg 1024w\" sizes=\"(max-width: 508px) 100vw, 508px\" \/><\/a>Ulcinjani su neinformisani o radu lokalne samouprave<\/strong><\/p>\n<p>Zanimljivo je da je jedan ispitanik koji je u\u010destvovao u anketi kazao da ne \u017eeli da ga vlast konsultuje za bilo \u0161to<\/p>\n<p>Ulcinjanima je potrebno raznovrsnije i kvalitetnije informisanje o radu lokalne samouprave i u tom pravcu organizovanje timova za razgovor sa gra\u0111anima, \u201cotvorenih vrata\u201d i \u201cjavnih sastanaka\u201d, pokazala je nedavna anketa \u201dU\u010de\u0161\u0107e gra\u0111ana u ostvarivanju lokalne samouprave\u201d, koju je, uz podr\u0161ku Balkanskog fonda za demokratiju, sprovela lokalna NVO \u201cNovi horizonti\u201d.<\/p>\n<p>U preporukama lokalnim vlastima, radni tim je naveo da je neophodna tje\u0161nja saradnja izme\u0111u NVO sektora i lokalnih vlasti zbog \u010dega je potrebno obu\u010diti predstavnike lokalne uprave putem edukativnih seminara u cilju promovisanja gra\u0111anske participacije i o\u017eivljavanja rada mjesnih zajednica<\/p>\n<p>\u201cIstovremeno, gradu je potreban savjet, odnosno forum koji bi artikulisao uticaj gra\u0111ana na razvoj i za\u0161titu lokalne samouprave\u201d, isti\u010de se u preporukama koje je na konferenciji za novinare obrazlo\u017eio \u010dlan radnog tima, mr Dritan Abazovi\u0107.<\/p>\n<p>Anketa je potvrdila da su gra\u0111ani uglavnom neobavije\u0161teni o aktivnostima Op\u0161tine &#8211; 54 odsto njih odgovorilo je da je potpuno ili uglavnom neobavije\u0161teno o radu lokalnih vlasti, dok je 73 odsto anketiranih veoma ili uglavnom zainteresovano za ono \u0161to se de\u0161ava u Op\u0161tini.<\/p>\n<p>Tri \u010detvrtine ispitanika odgovorilo je da nije obavije\u0161teno o radu lokalnih vlasti zbog nedostupnih informacija.<\/p>\n<p>Ipak, 27 odsto gra\u0111ana se o radu Op\u0161tine informi\u0161e preko lokalne televizije, 20 odsto preko interneta a 17 odsto putem dnevne \u0161tampe.<br \/>\n<a href=\"http:\/\/www.visit-ulcinj.com\/blog\/wp-content\/uploads\/2011\/11\/Anketa-NVO-Novi-horizonti_Ulcinj-pokazala.1_.jpg\"><img loading=\"lazy\" class=\"alignleft size-full wp-image-53665\" title=\"Anketa NVO Novi horizonti_Ulcinj pokazala.1_\" src=\"http:\/\/www.visit-ulcinj.com\/blog\/wp-content\/uploads\/2011\/11\/Anketa-NVO-Novi-horizonti_Ulcinj-pokazala.1_.jpg\" alt=\"\" width=\"508\" height=\"330\" \/><\/a><\/p>\n<p><strong>Ekonomski problemi su prioritet<\/strong><\/p>\n<p>Kao prioritete nove vlasti, gra\u0111ani, njih 27 odsto, istakli su rje\u0161avanje ekonomskih problema, 15 odsto se opredijelilo za komunalne probleme, 11 odsto za unapre\u0111enje poljoprivrede, dok je 20 odsto ispitanika navelo problem mladih.<\/p>\n<p>Dvadeset pet odsto anketiranih \u017eeljelo bi da ih vlast konsultuje u rje\u0161avanju komunalnih problema, 22 odsto za probleme vezane za infrastrukturu, dok je 23 odsto njih zabrinuto za probleme koji mu\u010de mlade.<\/p>\n<p>Zanimljivo je da je jedan ispitanik odgovorio da ne \u017eeli da ga vlast konsultuje za bilo \u0161ta.<\/p>\n<p>\u201cCilj ankete je da gra\u0111anstvo o\u017eivi, da aktivni gra\u0111anin bude jo\u0161 aktivniji i da gra\u0111ani do\u017eive sebe dijelom sistema\u201d, kazao je Abazovi\u0107.<\/p>\n<p>Osim njega, o rezultatima ankete govorili su i Nazif Veli\u0107 i Almir \u010cau\u0161evi\u0107.<\/p>\n<p><a href=\"http:\/\/www.vijesti.me\/vijesti\/ulcinjani-su-neinformisani-radu-lokalne-samouprave-clanak-48554\" target=\"_blank\"><strong>Samir Adrovi\u0107<br \/>\nVijesti<br \/>\n<\/strong><\/a><\/p>\n\n\t\t<style type=\"text\/css\">\n\t\t\t#gallery-1 {\n\t\t\t\tmargin: auto;\n\t\t\t}\n\t\t\t#gallery-1 .gallery-item {\n\t\t\t\tfloat: left;\n\t\t\t\tmargin-top: 10px;\n\t\t\t\ttext-align: center;\n\t\t\t\twidth: 33%;\n\t\t\t}\n\t\t\t#gallery-1 img {\n\t\t\t\tborder: 2px solid #cfcfcf;\n\t\t\t}\n\t\t\t#gallery-1 .gallery-caption {\n\t\t\t\tmargin-left: 0;\n\t\t\t}\n\t\t\t\/* see gallery_shortcode() in wp-includes\/media.php *\/\n\t\t<\/style>\n\t\t<div id='gallery-1' class='gallery galleryid-53663 gallery-columns-3 gallery-size-thumbnail'><dl class='gallery-item'>\n\t\t\t<dt class='gallery-icon landscape'>\n\t\t\t\t<a href='https:\/\/www.visit-ulcinj.com\/blog\/wp-content\/uploads\/2011\/11\/Anketa-NVO-Novi-horizonti_Ulcinj-pokazala.jpg'><img width=\"150\" height=\"150\" src=\"https:\/\/www.visit-ulcinj.com\/blog\/wp-content\/uploads\/2011\/11\/Anketa-NVO-Novi-horizonti_Ulcinj-pokazala-150x150.jpg\" class=\"attachment-thumbnail size-thumbnail\" alt=\"\" loading=\"lazy\" \/><\/a>\n\t\t\t<\/dt><\/dl><dl class='gallery-item'>\n\t\t\t<dt class='gallery-icon landscape'>\n\t\t\t\t<a href='https:\/\/www.visit-ulcinj.com\/blog\/wp-content\/uploads\/2011\/11\/Anketa-NVO-Novi-horizonti_Ulcinj-pokazala.1_.jpg'><img width=\"150\" height=\"150\" src=\"https:\/\/www.visit-ulcinj.com\/blog\/wp-content\/uploads\/2011\/11\/Anketa-NVO-Novi-horizonti_Ulcinj-pokazala.1_-150x150.jpg\" class=\"attachment-thumbnail size-thumbnail\" alt=\"\" loading=\"lazy\" \/><\/a>\n\t\t\t<\/dt><\/dl><dl class='gallery-item'>\n\t\t\t<dt class='gallery-icon landscape'>\n\t\t\t\t<a href='https:\/\/www.visit-ulcinj.com\/blog\/wp-content\/uploads\/2011\/11\/Anketa-NVO-Novi-horizonti_Ulcinj-pokazala.1.jpg'><img width=\"150\" height=\"150\" src=\"https:\/\/www.visit-ulcinj.com\/blog\/wp-content\/uploads\/2011\/11\/Anketa-NVO-Novi-horizonti_Ulcinj-pokazala.1-150x150.jpg\" class=\"attachment-thumbnail size-thumbnail\" alt=\"\" loading=\"lazy\" \/><\/a>\n\t\t\t<\/dt><\/dl><br style=\"clear: both\" \/>\n\t\t<\/div>\n\n<p><strong><\/strong><\/p>\n","protected":false},"excerpt":{"rendered":"<p>Ulcinjani su neinformisani o radu lokalne samouprave Zanimljivo je da je jedan ispitanik koji je u\u010destvovao u anketi kazao da ne \u017eeli da ga vlast konsultuje za bilo \u0161to Ulcinjanima je potrebno raznovrsnije i kvalitetnije informisanje o radu lokalne samouprave i u tom pravcu organizovanje timova za razgovor sa gra\u0111anima, \u201cotvorenih vrata\u201d i \u201cjavnih sastanaka\u201d, [&hellip;]<\/p>\n","protected":false},"author":1,"featured_media":0,"comment_status":"open","ping_status":"closed","sticky":false,"template":"","format":"standard","meta":{"spay_email":"","jetpack_publicize_message":"","jetpack_is_tweetstorm":false,"jetpack_publicize_feature_enabled":true},"categories":[8337],"tags":[19496,19],"jetpack_publicize_connections":[],"yoast_head":"<!-- This site is optimized with the Yoast SEO plugin v19.1 - https:\/\/yoast.com\/wordpress\/plugins\/seo\/ -->\n<title>Anketa NVO \u201cNovi horizonti\u201d pokazala - Lajme nga Ulqini<\/title>\n<meta name=\"description\" content=\"Ulcinjani su neinformisani o radu lokalne samouprave Zanimljivo je da je jedan ispitanik koji je u\u010destvovao u anketi kazao da ne \u017eeli da ga vlast\" \/>\n<meta name=\"robots\" content=\"index, follow, max-snippet:-1, max-image-preview:large, max-video-preview:-1\" \/>\n<link rel=\"canonical\" href=\"https:\/\/www.visit-ulcinj.com\/blog\/2011\/11\/24\/anketa-nvo-\u201cnovi-horizonti\u201d-pokazala\/\" \/>\n<meta property=\"og:locale\" content=\"en_US\" \/>\n<meta property=\"og:type\" content=\"article\" \/>\n<meta property=\"og:title\" content=\"Anketa NVO \u201cNovi horizonti\u201d pokazala - Lajme nga Ulqini\" \/>\n<meta property=\"og:description\" content=\"Ulcinjani su neinformisani o radu lokalne samouprave Zanimljivo je da je jedan ispitanik koji je u\u010destvovao u anketi kazao da ne \u017eeli da ga vlast\" \/>\n<meta property=\"og:url\" content=\"https:\/\/www.visit-ulcinj.com\/blog\/2011\/11\/24\/anketa-nvo-\u201cnovi-horizonti\u201d-pokazala\/\" \/>\n<meta property=\"og:site_name\" content=\"Lajme nga Ulqini\" \/>\n<meta property=\"article:published_time\" content=\"2011-11-24T18:32:26+00:00\" \/>\n<meta property=\"og:image\" content=\"https:\/\/www.visit-ulcinj.com\/blog\/wp-content\/uploads\/2011\/11\/Anketa-NVO-Novi-horizonti_Ulcinj-pokazala-150x150.jpg\" \/>\n<meta name=\"twitter:label1\" content=\"Written by\" \/>\n\t<meta name=\"twitter:data1\" content=\"ulqini\" \/>\n\t<meta name=\"twitter:label2\" content=\"Est. reading time\" \/>\n\t<meta name=\"twitter:data2\" content=\"2 minutes\" \/>\n<script type=\"application\/ld+json\" class=\"yoast-schema-graph\">{\"@context\":\"https:\/\/schema.org\",\"@graph\":[{\"@type\":\"WebSite\",\"@id\":\"https:\/\/www.visit-ulcinj.com\/blog\/#website\",\"url\":\"https:\/\/www.visit-ulcinj.com\/blog\/\",\"name\":\"Lajme nga Ulqini\",\"description\":\"Lajme,Vijesti,Ulqini,Ulqin,Crna Gora,Mali i Zi\",\"potentialAction\":[{\"@type\":\"SearchAction\",\"target\":{\"@type\":\"EntryPoint\",\"urlTemplate\":\"https:\/\/www.visit-ulcinj.com\/blog\/?s={search_term_string}\"},\"query-input\":\"required name=search_term_string\"}],\"inLanguage\":\"en-US\"},{\"@type\":\"ImageObject\",\"inLanguage\":\"en-US\",\"@id\":\"https:\/\/www.visit-ulcinj.com\/blog\/2011\/11\/24\/anketa-nvo-%e2%80%9cnovi-horizonti%e2%80%9d-pokazala\/#primaryimage\",\"url\":\"https:\/\/www.visit-ulcinj.com\/blog\/wp-content\/uploads\/2011\/11\/Anketa-NVO-Novi-horizonti_Ulcinj-pokazala.jpg\",\"contentUrl\":\"https:\/\/www.visit-ulcinj.com\/blog\/wp-content\/uploads\/2011\/11\/Anketa-NVO-Novi-horizonti_Ulcinj-pokazala.jpg\",\"width\":\"1040\",\"height\":\"780\"},{\"@type\":\"WebPage\",\"@id\":\"https:\/\/www.visit-ulcinj.com\/blog\/2011\/11\/24\/anketa-nvo-%e2%80%9cnovi-horizonti%e2%80%9d-pokazala\/#webpage\",\"url\":\"https:\/\/www.visit-ulcinj.com\/blog\/2011\/11\/24\/anketa-nvo-%e2%80%9cnovi-horizonti%e2%80%9d-pokazala\/\",\"name\":\"Anketa NVO \u201cNovi horizonti\u201d pokazala - Lajme nga Ulqini\",\"isPartOf\":{\"@id\":\"https:\/\/www.visit-ulcinj.com\/blog\/#website\"},\"primaryImageOfPage\":{\"@id\":\"https:\/\/www.visit-ulcinj.com\/blog\/2011\/11\/24\/anketa-nvo-%e2%80%9cnovi-horizonti%e2%80%9d-pokazala\/#primaryimage\"},\"datePublished\":\"2011-11-24T18:32:26+00:00\",\"dateModified\":\"2011-11-24T18:32:26+00:00\",\"author\":{\"@id\":\"https:\/\/www.visit-ulcinj.com\/blog\/#\/schema\/person\/dcab619c614d3038751c63bc2aadc06d\"},\"description\":\"Ulcinjani su neinformisani o radu lokalne samouprave Zanimljivo je da je jedan ispitanik koji je u\u010destvovao u anketi kazao da ne \u017eeli da ga vlast\",\"breadcrumb\":{\"@id\":\"https:\/\/www.visit-ulcinj.com\/blog\/2011\/11\/24\/anketa-nvo-%e2%80%9cnovi-horizonti%e2%80%9d-pokazala\/#breadcrumb\"},\"inLanguage\":\"en-US\",\"potentialAction\":[{\"@type\":\"ReadAction\",\"target\":[\"https:\/\/www.visit-ulcinj.com\/blog\/2011\/11\/24\/anketa-nvo-%e2%80%9cnovi-horizonti%e2%80%9d-pokazala\/\"]}]},{\"@type\":\"BreadcrumbList\",\"@id\":\"https:\/\/www.visit-ulcinj.com\/blog\/2011\/11\/24\/anketa-nvo-%e2%80%9cnovi-horizonti%e2%80%9d-pokazala\/#breadcrumb\",\"itemListElement\":[{\"@type\":\"ListItem\",\"position\":1,\"name\":\"Anketa NVO \u201cNovi horizonti\u201d pokazala\"}]},{\"@type\":\"Person\",\"@id\":\"https:\/\/www.visit-ulcinj.com\/blog\/#\/schema\/person\/dcab619c614d3038751c63bc2aadc06d\",\"name\":\"ulqini\",\"sameAs\":[\"http:\/\/www.visit-ulcinj.com\"],\"url\":\"https:\/\/www.visit-ulcinj.com\/blog\/author\/admin\/\"}]}<\/script>\n<!-- \/ Yoast SEO plugin. -->","yoast_head_json":{"title":"Anketa NVO \u201cNovi horizonti\u201d pokazala - Lajme nga Ulqini","description":"Ulcinjani su neinformisani o radu lokalne samouprave Zanimljivo je da je jedan ispitanik koji je u\u010destvovao u anketi kazao da ne \u017eeli da ga vlast","robots":{"index":"index","follow":"follow","max-snippet":"max-snippet:-1","max-image-preview":"max-image-preview:large","max-video-preview":"max-video-preview:-1"},"canonical":"https:\/\/www.visit-ulcinj.com\/blog\/2011\/11\/24\/anketa-nvo-\u201cnovi-horizonti\u201d-pokazala\/","og_locale":"en_US","og_type":"article","og_title":"Anketa NVO \u201cNovi horizonti\u201d pokazala - Lajme nga Ulqini","og_description":"Ulcinjani su neinformisani o radu lokalne samouprave Zanimljivo je da je jedan ispitanik koji je u\u010destvovao u anketi kazao da ne \u017eeli da ga vlast","og_url":"https:\/\/www.visit-ulcinj.com\/blog\/2011\/11\/24\/anketa-nvo-\u201cnovi-horizonti\u201d-pokazala\/","og_site_name":"Lajme nga Ulqini","article_published_time":"2011-11-24T18:32:26+00:00","og_image":[{"url":"https:\/\/www.visit-ulcinj.com\/blog\/wp-content\/uploads\/2011\/11\/Anketa-NVO-Novi-horizonti_Ulcinj-pokazala-150x150.jpg"}],"twitter_misc":{"Written by":"ulqini","Est. reading time":"2 minutes"},"schema":{"@context":"https:\/\/schema.org","@graph":[{"@type":"WebSite","@id":"https:\/\/www.visit-ulcinj.com\/blog\/#website","url":"https:\/\/www.visit-ulcinj.com\/blog\/","name":"Lajme nga Ulqini","description":"Lajme,Vijesti,Ulqini,Ulqin,Crna Gora,Mali i Zi","potentialAction":[{"@type":"SearchAction","target":{"@type":"EntryPoint","urlTemplate":"https:\/\/www.visit-ulcinj.com\/blog\/?s={search_term_string}"},"query-input":"required name=search_term_string"}],"inLanguage":"en-US"},{"@type":"ImageObject","inLanguage":"en-US","@id":"https:\/\/www.visit-ulcinj.com\/blog\/2011\/11\/24\/anketa-nvo-%e2%80%9cnovi-horizonti%e2%80%9d-pokazala\/#primaryimage","url":"https:\/\/www.visit-ulcinj.com\/blog\/wp-content\/uploads\/2011\/11\/Anketa-NVO-Novi-horizonti_Ulcinj-pokazala.jpg","contentUrl":"https:\/\/www.visit-ulcinj.com\/blog\/wp-content\/uploads\/2011\/11\/Anketa-NVO-Novi-horizonti_Ulcinj-pokazala.jpg","width":"1040","height":"780"},{"@type":"WebPage","@id":"https:\/\/www.visit-ulcinj.com\/blog\/2011\/11\/24\/anketa-nvo-%e2%80%9cnovi-horizonti%e2%80%9d-pokazala\/#webpage","url":"https:\/\/www.visit-ulcinj.com\/blog\/2011\/11\/24\/anketa-nvo-%e2%80%9cnovi-horizonti%e2%80%9d-pokazala\/","name":"Anketa NVO \u201cNovi horizonti\u201d pokazala - Lajme nga Ulqini","isPartOf":{"@id":"https:\/\/www.visit-ulcinj.com\/blog\/#website"},"primaryImageOfPage":{"@id":"https:\/\/www.visit-ulcinj.com\/blog\/2011\/11\/24\/anketa-nvo-%e2%80%9cnovi-horizonti%e2%80%9d-pokazala\/#primaryimage"},"datePublished":"2011-11-24T18:32:26+00:00","dateModified":"2011-11-24T18:32:26+00:00","author":{"@id":"https:\/\/www.visit-ulcinj.com\/blog\/#\/schema\/person\/dcab619c614d3038751c63bc2aadc06d"},"description":"Ulcinjani su neinformisani o radu lokalne samouprave Zanimljivo je da je jedan ispitanik koji je u\u010destvovao u anketi kazao da ne \u017eeli da ga vlast","breadcrumb":{"@id":"https:\/\/www.visit-ulcinj.com\/blog\/2011\/11\/24\/anketa-nvo-%e2%80%9cnovi-horizonti%e2%80%9d-pokazala\/#breadcrumb"},"inLanguage":"en-US","potentialAction":[{"@type":"ReadAction","target":["https:\/\/www.visit-ulcinj.com\/blog\/2011\/11\/24\/anketa-nvo-%e2%80%9cnovi-horizonti%e2%80%9d-pokazala\/"]}]},{"@type":"BreadcrumbList","@id":"https:\/\/www.visit-ulcinj.com\/blog\/2011\/11\/24\/anketa-nvo-%e2%80%9cnovi-horizonti%e2%80%9d-pokazala\/#breadcrumb","itemListElement":[{"@type":"ListItem","position":1,"name":"Anketa NVO \u201cNovi horizonti\u201d pokazala"}]},{"@type":"Person","@id":"https:\/\/www.visit-ulcinj.com\/blog\/#\/schema\/person\/dcab619c614d3038751c63bc2aadc06d","name":"ulqini","sameAs":["http:\/\/www.visit-ulcinj.com"],"url":"https:\/\/www.visit-ulcinj.com\/blog\/author\/admin\/"}]}},"jetpack_featured_media_url":"","jetpack_sharing_enabled":true,"jetpack_shortlink":"https:\/\/wp.me\/pe6lTn-dXx","_links":{"self":[{"href":"https:\/\/www.visit-ulcinj.com\/blog\/wp-json\/wp\/v2\/posts\/53663"}],"collection":[{"href":"https:\/\/www.visit-ulcinj.com\/blog\/wp-json\/wp\/v2\/posts"}],"about":[{"href":"https:\/\/www.visit-ulcinj.com\/blog\/wp-json\/wp\/v2\/types\/post"}],"author":[{"embeddable":true,"href":"https:\/\/www.visit-ulcinj.com\/blog\/wp-json\/wp\/v2\/users\/1"}],"replies":[{"embeddable":true,"href":"https:\/\/www.visit-ulcinj.com\/blog\/wp-json\/wp\/v2\/comments?post=53663"}],"version-history":[{"count":1,"href":"https:\/\/www.visit-ulcinj.com\/blog\/wp-json\/wp\/v2\/posts\/53663\/revisions"}],"predecessor-version":[{"id":53667,"href":"https:\/\/www.visit-ulcinj.com\/blog\/wp-json\/wp\/v2\/posts\/53663\/revisions\/53667"}],"wp:attachment":[{"href":"https:\/\/www.visit-ulcinj.com\/blog\/wp-json\/wp\/v2\/media?parent=53663"}],"wp:term":[{"taxonomy":"category","embeddable":true,"href":"https:\/\/www.visit-ulcinj.com\/blog\/wp-json\/wp\/v2\/categories?post=53663"},{"taxonomy":"post_tag","embeddable":true,"href":"https:\/\/www.visit-ulcinj.com\/blog\/wp-json\/wp\/v2\/tags?post=53663"}],"curies":[{"name":"wp","href":"https:\/\/api.w.org\/{rel}","templated":true}]}}