{"id":53668,"date":"2011-11-24T19:49:24","date_gmt":"2011-11-24T18:49:24","guid":{"rendered":"http:\/\/www.visit-ulcinj.com\/blog\/?p=53668"},"modified":"2011-11-24T19:49:24","modified_gmt":"2011-11-24T18:49:24","slug":"bardhiju-prijeti-prekrsajna-prijava","status":"publish","type":"post","link":"https:\/\/www.visit-ulcinj.com\/blog\/2011\/11\/24\/bardhiju-prijeti-prekrsajna-prijava\/","title":{"rendered":"Bardhiju prijeti prekr\u0161ajna prijava"},"content":{"rendered":"<p><strong><a href=\"http:\/\/www.visit-ulcinj.com\/blog\/wp-content\/uploads\/2011\/11\/MEHMET-BARDHI_ULQIN_ULCINJ.jpg\"><img loading=\"lazy\" class=\"alignleft size-full wp-image-53669\" title=\"MEHMET BARDHI_ULQIN_ULCINJ\" src=\"http:\/\/www.visit-ulcinj.com\/blog\/wp-content\/uploads\/2011\/11\/MEHMET-BARDHI_ULQIN_ULCINJ.jpg\" alt=\"\" width=\"350\" height=\"420\" \/><\/a>Poslanik demokratskog saveza mora\u0107e da napusti upravni odbor fonda za manjine<\/strong><br \/>\nPoslaniku Demokratskog saveza Mehmetu Bardhiju prijeti prijava za prekr\u0161aj ukoliko ne napusti funkciju \u010dlana Upravnog odbora Fonda za manjine. To je za \u201eDan\u201d saop\u0161tio predsjednik Komisije za spre\u010davanje sukoba interesa Slobodan Lekovi\u0107. On je podvukao da je zakon jasan i da nijedan poslanik od 1. novembra vi\u0161e ne mo\u017ee biti u upravnim odborima, bez obzira da li se radi o javnom preduze\u0107u ili fondu.<br \/>\n\u2013Komisija je dobila inicijativu Gra\u0111anske alijanse i u skladu sa zakonom dostavili smo je poslaniku Mehmetu Bardhiju i Fondu za manjine da se o njoj izjasne. Rok za izja\u0161njavanje je 15 dana, nakon toga \u0107e ovla\u0161\u0107eni slu\u017ebenik predlo\u017eiti odluku komisiji. Ukoliko komisija odlu\u010di da poslanik kr\u0161i zakon, on \u0107e se suo\u010diti sa prekr\u0161ajnom prijavom \u2013 najavio je Lekovi\u0107.<br \/>\nOn nagla\u0161ava da ne \u017eeli da prejudicira ishod procedure odlu\u010divanja, ali da u zakonu decidno pi\u0161e da poslanici vi\u0161e ne mogu biti u upravnim odborima.<br \/>\nDa Bardhi mora, u skladu sa Zakonom o spre\u010davanju sukoba interesa da napusti poziciju \u010dlana Upravnog odbora Fonda za manjine, ocijenjeno je i iz Mre\u017ee za afirmaciju nevladinog sektora (MANS).<br \/>\n\u2013 Poslanik Bardhi svakako nezakonito obavlja funkciju \u010dlana Upravnog odbora Fonda za manjine. Ne samo on, ve\u0107 i bilo koji drugi poslanik ukoliko se nakon stupanja na snagu odredbi Zakona o spre\u010davanju sukoba interesa nalazi u upravnom odboru bilo kojeg subjekta, bilo da se radi o preduze\u0107ima ili drugim institucijama u sklopu dr\u017eavne uprave \u2013 rekao je direktor MANS-ovog monitoring programa Vuk Mara\u0161.<br \/>\nBardhi je jedini preostali poslanik u UO Fonda za manjine. Ostalim \u010dlanovima iz reda parlamentaraca Skup\u0161tina je nedavno konstatovala ostavke koje su morali da podnesu najkasnije do 1. novembra. Bardhi je odbio da podnese ostavku, tvrde\u0107i da se zakonska norma odnosi isklju\u010divo na upravne odbore javnih preduze\u0107a.<br \/>\nMara\u0161 isti\u010de da ima razumijevanja za Bardhijevu ljutnju, imaju\u0107i u vidu da ga je Skup\u0161tina delegirala da u Upravnom odboru Fonda za manjine zastupa interese odre\u0111ene grupacije. Problem je, po njegovoj ocjeni, sistematsko uru\u0161avanje pravnog sistema Crne Gore, jer su poslanici vladaju\u0107ih partija kroz upravne odbore sebi otvarali dodatna radna mjesta i visoke honorare.<br \/>\n\u2013 Vjerujem da je bolje da Bardhi podnese ostavku nego da Lekovi\u0107 dokazuje snagu Komisije za spre\u010davanje sukoba na njegovom primjeru. Lekovi\u0107 poku\u0161ava da sprije\u010di sukob interesa samo kod funkcionera na ni\u017eem nivou, kao \u0161to su odbornici i predstavnici opozicije. One koji su na vlasti, a naj\u010de\u0161\u0107e kr\u0161e Zakon o spre\u010davanju sukoba interesa ne smije ni da takne i u tom slu\u010daju ne \u017eeli da radi svoj posao \u2013zaklju\u010dio je Mara\u0161.<\/p>\n<p><a href=\"http:\/\/www.dan.co.me\/?nivo=3&amp;rubrika=Politika&amp;clanak=308048&amp;datum=2011-11-24\" target=\"_blank\"><strong>V.R.<\/strong><br \/>\n<strong> Izvor: DAN<\/strong><\/a><\/p>\n","protected":false},"excerpt":{"rendered":"<p>Poslanik demokratskog saveza mora\u0107e da napusti upravni odbor fonda za manjine Poslaniku Demokratskog saveza Mehmetu Bardhiju prijeti prijava za prekr\u0161aj ukoliko ne napusti funkciju \u010dlana Upravnog odbora Fonda za manjine. To je za \u201eDan\u201d saop\u0161tio predsjednik Komisije za spre\u010davanje sukoba interesa Slobodan Lekovi\u0107. On je podvukao da je zakon jasan i da nijedan poslanik od [&hellip;]<\/p>\n","protected":false},"author":1,"featured_media":0,"comment_status":"open","ping_status":"closed","sticky":false,"template":"","format":"standard","meta":{"spay_email":"","jetpack_publicize_message":"","jetpack_is_tweetstorm":false,"jetpack_publicize_feature_enabled":true},"categories":[8337],"tags":[347,19],"jetpack_publicize_connections":[],"yoast_head":"<!-- This site is optimized with the Yoast SEO plugin v19.1 - https:\/\/yoast.com\/wordpress\/plugins\/seo\/ -->\n<title>Bardhiju prijeti prekr\u0161ajna prijava - Lajme nga Ulqini<\/title>\n<meta name=\"description\" content=\"Poslanik demokratskog saveza mora\u0107e da napusti upravni odbor fonda za manjine Poslaniku Demokratskog saveza Mehmetu Bardhiju prijeti prijava za prekr\u0161aj\" \/>\n<meta name=\"robots\" content=\"index, follow, max-snippet:-1, max-image-preview:large, max-video-preview:-1\" \/>\n<link rel=\"canonical\" href=\"https:\/\/www.visit-ulcinj.com\/blog\/2011\/11\/24\/bardhiju-prijeti-prekrsajna-prijava\/\" \/>\n<meta property=\"og:locale\" content=\"en_US\" \/>\n<meta property=\"og:type\" content=\"article\" \/>\n<meta property=\"og:title\" content=\"Bardhiju prijeti prekr\u0161ajna prijava - Lajme nga Ulqini\" \/>\n<meta property=\"og:description\" content=\"Poslanik demokratskog saveza mora\u0107e da napusti upravni odbor fonda za manjine Poslaniku Demokratskog saveza Mehmetu Bardhiju prijeti prijava za prekr\u0161aj\" \/>\n<meta property=\"og:url\" content=\"https:\/\/www.visit-ulcinj.com\/blog\/2011\/11\/24\/bardhiju-prijeti-prekrsajna-prijava\/\" \/>\n<meta property=\"og:site_name\" content=\"Lajme nga Ulqini\" \/>\n<meta property=\"article:published_time\" content=\"2011-11-24T18:49:24+00:00\" \/>\n<meta property=\"og:image\" content=\"http:\/\/www.visit-ulcinj.com\/blog\/wp-content\/uploads\/2011\/11\/MEHMET-BARDHI_ULQIN_ULCINJ.jpg\" \/>\n<meta name=\"twitter:label1\" content=\"Written by\" \/>\n\t<meta name=\"twitter:data1\" content=\"ulqini\" \/>\n\t<meta name=\"twitter:label2\" content=\"Est. reading time\" \/>\n\t<meta name=\"twitter:data2\" content=\"2 minutes\" \/>\n<script type=\"application\/ld+json\" class=\"yoast-schema-graph\">{\"@context\":\"https:\/\/schema.org\",\"@graph\":[{\"@type\":\"WebSite\",\"@id\":\"https:\/\/www.visit-ulcinj.com\/blog\/#website\",\"url\":\"https:\/\/www.visit-ulcinj.com\/blog\/\",\"name\":\"Lajme nga Ulqini\",\"description\":\"Lajme,Vijesti,Ulqini,Ulqin,Crna Gora,Mali i Zi\",\"potentialAction\":[{\"@type\":\"SearchAction\",\"target\":{\"@type\":\"EntryPoint\",\"urlTemplate\":\"https:\/\/www.visit-ulcinj.com\/blog\/?s={search_term_string}\"},\"query-input\":\"required name=search_term_string\"}],\"inLanguage\":\"en-US\"},{\"@type\":\"ImageObject\",\"inLanguage\":\"en-US\",\"@id\":\"https:\/\/www.visit-ulcinj.com\/blog\/2011\/11\/24\/bardhiju-prijeti-prekrsajna-prijava\/#primaryimage\",\"url\":\"https:\/\/www.visit-ulcinj.com\/blog\/wp-content\/uploads\/2011\/11\/MEHMET-BARDHI_ULQIN_ULCINJ.jpg\",\"contentUrl\":\"https:\/\/www.visit-ulcinj.com\/blog\/wp-content\/uploads\/2011\/11\/MEHMET-BARDHI_ULQIN_ULCINJ.jpg\",\"width\":\"557\",\"height\":\"696\"},{\"@type\":\"WebPage\",\"@id\":\"https:\/\/www.visit-ulcinj.com\/blog\/2011\/11\/24\/bardhiju-prijeti-prekrsajna-prijava\/#webpage\",\"url\":\"https:\/\/www.visit-ulcinj.com\/blog\/2011\/11\/24\/bardhiju-prijeti-prekrsajna-prijava\/\",\"name\":\"Bardhiju prijeti prekr\u0161ajna prijava - Lajme nga Ulqini\",\"isPartOf\":{\"@id\":\"https:\/\/www.visit-ulcinj.com\/blog\/#website\"},\"primaryImageOfPage\":{\"@id\":\"https:\/\/www.visit-ulcinj.com\/blog\/2011\/11\/24\/bardhiju-prijeti-prekrsajna-prijava\/#primaryimage\"},\"datePublished\":\"2011-11-24T18:49:24+00:00\",\"dateModified\":\"2011-11-24T18:49:24+00:00\",\"author\":{\"@id\":\"https:\/\/www.visit-ulcinj.com\/blog\/#\/schema\/person\/dcab619c614d3038751c63bc2aadc06d\"},\"description\":\"Poslanik demokratskog saveza mora\u0107e da napusti upravni odbor fonda za manjine Poslaniku Demokratskog saveza Mehmetu Bardhiju prijeti prijava za prekr\u0161aj\",\"breadcrumb\":{\"@id\":\"https:\/\/www.visit-ulcinj.com\/blog\/2011\/11\/24\/bardhiju-prijeti-prekrsajna-prijava\/#breadcrumb\"},\"inLanguage\":\"en-US\",\"potentialAction\":[{\"@type\":\"ReadAction\",\"target\":[\"https:\/\/www.visit-ulcinj.com\/blog\/2011\/11\/24\/bardhiju-prijeti-prekrsajna-prijava\/\"]}]},{\"@type\":\"BreadcrumbList\",\"@id\":\"https:\/\/www.visit-ulcinj.com\/blog\/2011\/11\/24\/bardhiju-prijeti-prekrsajna-prijava\/#breadcrumb\",\"itemListElement\":[{\"@type\":\"ListItem\",\"position\":1,\"name\":\"Bardhiju prijeti prekr\u0161ajna prijava\"}]},{\"@type\":\"Person\",\"@id\":\"https:\/\/www.visit-ulcinj.com\/blog\/#\/schema\/person\/dcab619c614d3038751c63bc2aadc06d\",\"name\":\"ulqini\",\"sameAs\":[\"http:\/\/www.visit-ulcinj.com\"],\"url\":\"https:\/\/www.visit-ulcinj.com\/blog\/author\/admin\/\"}]}<\/script>\n<!-- \/ Yoast SEO plugin. -->","yoast_head_json":{"title":"Bardhiju prijeti prekr\u0161ajna prijava - Lajme nga Ulqini","description":"Poslanik demokratskog saveza mora\u0107e da napusti upravni odbor fonda za manjine Poslaniku Demokratskog saveza Mehmetu Bardhiju prijeti prijava za prekr\u0161aj","robots":{"index":"index","follow":"follow","max-snippet":"max-snippet:-1","max-image-preview":"max-image-preview:large","max-video-preview":"max-video-preview:-1"},"canonical":"https:\/\/www.visit-ulcinj.com\/blog\/2011\/11\/24\/bardhiju-prijeti-prekrsajna-prijava\/","og_locale":"en_US","og_type":"article","og_title":"Bardhiju prijeti prekr\u0161ajna prijava - Lajme nga Ulqini","og_description":"Poslanik demokratskog saveza mora\u0107e da napusti upravni odbor fonda za manjine Poslaniku Demokratskog saveza Mehmetu Bardhiju prijeti prijava za prekr\u0161aj","og_url":"https:\/\/www.visit-ulcinj.com\/blog\/2011\/11\/24\/bardhiju-prijeti-prekrsajna-prijava\/","og_site_name":"Lajme nga Ulqini","article_published_time":"2011-11-24T18:49:24+00:00","og_image":[{"url":"http:\/\/www.visit-ulcinj.com\/blog\/wp-content\/uploads\/2011\/11\/MEHMET-BARDHI_ULQIN_ULCINJ.jpg"}],"twitter_misc":{"Written by":"ulqini","Est. reading time":"2 minutes"},"schema":{"@context":"https:\/\/schema.org","@graph":[{"@type":"WebSite","@id":"https:\/\/www.visit-ulcinj.com\/blog\/#website","url":"https:\/\/www.visit-ulcinj.com\/blog\/","name":"Lajme nga Ulqini","description":"Lajme,Vijesti,Ulqini,Ulqin,Crna Gora,Mali i Zi","potentialAction":[{"@type":"SearchAction","target":{"@type":"EntryPoint","urlTemplate":"https:\/\/www.visit-ulcinj.com\/blog\/?s={search_term_string}"},"query-input":"required name=search_term_string"}],"inLanguage":"en-US"},{"@type":"ImageObject","inLanguage":"en-US","@id":"https:\/\/www.visit-ulcinj.com\/blog\/2011\/11\/24\/bardhiju-prijeti-prekrsajna-prijava\/#primaryimage","url":"https:\/\/www.visit-ulcinj.com\/blog\/wp-content\/uploads\/2011\/11\/MEHMET-BARDHI_ULQIN_ULCINJ.jpg","contentUrl":"https:\/\/www.visit-ulcinj.com\/blog\/wp-content\/uploads\/2011\/11\/MEHMET-BARDHI_ULQIN_ULCINJ.jpg","width":"557","height":"696"},{"@type":"WebPage","@id":"https:\/\/www.visit-ulcinj.com\/blog\/2011\/11\/24\/bardhiju-prijeti-prekrsajna-prijava\/#webpage","url":"https:\/\/www.visit-ulcinj.com\/blog\/2011\/11\/24\/bardhiju-prijeti-prekrsajna-prijava\/","name":"Bardhiju prijeti prekr\u0161ajna prijava - Lajme nga Ulqini","isPartOf":{"@id":"https:\/\/www.visit-ulcinj.com\/blog\/#website"},"primaryImageOfPage":{"@id":"https:\/\/www.visit-ulcinj.com\/blog\/2011\/11\/24\/bardhiju-prijeti-prekrsajna-prijava\/#primaryimage"},"datePublished":"2011-11-24T18:49:24+00:00","dateModified":"2011-11-24T18:49:24+00:00","author":{"@id":"https:\/\/www.visit-ulcinj.com\/blog\/#\/schema\/person\/dcab619c614d3038751c63bc2aadc06d"},"description":"Poslanik demokratskog saveza mora\u0107e da napusti upravni odbor fonda za manjine Poslaniku Demokratskog saveza Mehmetu Bardhiju prijeti prijava za prekr\u0161aj","breadcrumb":{"@id":"https:\/\/www.visit-ulcinj.com\/blog\/2011\/11\/24\/bardhiju-prijeti-prekrsajna-prijava\/#breadcrumb"},"inLanguage":"en-US","potentialAction":[{"@type":"ReadAction","target":["https:\/\/www.visit-ulcinj.com\/blog\/2011\/11\/24\/bardhiju-prijeti-prekrsajna-prijava\/"]}]},{"@type":"BreadcrumbList","@id":"https:\/\/www.visit-ulcinj.com\/blog\/2011\/11\/24\/bardhiju-prijeti-prekrsajna-prijava\/#breadcrumb","itemListElement":[{"@type":"ListItem","position":1,"name":"Bardhiju prijeti prekr\u0161ajna prijava"}]},{"@type":"Person","@id":"https:\/\/www.visit-ulcinj.com\/blog\/#\/schema\/person\/dcab619c614d3038751c63bc2aadc06d","name":"ulqini","sameAs":["http:\/\/www.visit-ulcinj.com"],"url":"https:\/\/www.visit-ulcinj.com\/blog\/author\/admin\/"}]}},"jetpack_featured_media_url":"","jetpack_sharing_enabled":true,"jetpack_shortlink":"https:\/\/wp.me\/pe6lTn-dXC","_links":{"self":[{"href":"https:\/\/www.visit-ulcinj.com\/blog\/wp-json\/wp\/v2\/posts\/53668"}],"collection":[{"href":"https:\/\/www.visit-ulcinj.com\/blog\/wp-json\/wp\/v2\/posts"}],"about":[{"href":"https:\/\/www.visit-ulcinj.com\/blog\/wp-json\/wp\/v2\/types\/post"}],"author":[{"embeddable":true,"href":"https:\/\/www.visit-ulcinj.com\/blog\/wp-json\/wp\/v2\/users\/1"}],"replies":[{"embeddable":true,"href":"https:\/\/www.visit-ulcinj.com\/blog\/wp-json\/wp\/v2\/comments?post=53668"}],"version-history":[{"count":1,"href":"https:\/\/www.visit-ulcinj.com\/blog\/wp-json\/wp\/v2\/posts\/53668\/revisions"}],"predecessor-version":[{"id":53670,"href":"https:\/\/www.visit-ulcinj.com\/blog\/wp-json\/wp\/v2\/posts\/53668\/revisions\/53670"}],"wp:attachment":[{"href":"https:\/\/www.visit-ulcinj.com\/blog\/wp-json\/wp\/v2\/media?parent=53668"}],"wp:term":[{"taxonomy":"category","embeddable":true,"href":"https:\/\/www.visit-ulcinj.com\/blog\/wp-json\/wp\/v2\/categories?post=53668"},{"taxonomy":"post_tag","embeddable":true,"href":"https:\/\/www.visit-ulcinj.com\/blog\/wp-json\/wp\/v2\/tags?post=53668"}],"curies":[{"name":"wp","href":"https:\/\/api.w.org\/{rel}","templated":true}]}}