{"id":53680,"date":"2011-11-25T17:36:59","date_gmt":"2011-11-25T16:36:59","guid":{"rendered":"http:\/\/www.visit-ulcinj.com\/blog\/?p=53680"},"modified":"2011-11-27T20:36:08","modified_gmt":"2011-11-27T19:36:08","slug":"nrekic-na-celu-ulcinjskog-dps-a","status":"publish","type":"post","link":"https:\/\/www.visit-ulcinj.com\/blog\/2011\/11\/25\/nrekic-na-celu-ulcinjskog-dps-a\/","title":{"rendered":"Nreki\u0107 na \u010delu ulcinjskog DPS-a"},"content":{"rendered":"<p><a href=\"http:\/\/www.visit-ulcinj.com\/blog\/wp-content\/uploads\/2011\/11\/izabran-Ljoro-Nrekic_DPS-Ulcinj.jpg\"><img loading=\"lazy\" class=\"alignleft size-full wp-image-53681\" title=\"izabran Ljoro Nrekic_DPS Ulcinj\" src=\"http:\/\/www.visit-ulcinj.com\/blog\/wp-content\/uploads\/2011\/11\/izabran-Ljoro-Nrekic_DPS-Ulcinj.jpg\" alt=\"\" width=\"508\" height=\"380\" \/><\/a>Za predsjednika Op\u0161tinskog odbora DPS Ulcinja jednoglasno je izabran Ljoro Nreki\u0107, \u010dlan Glavnog odbora partije, predsjednik kluba odbornika u lokalnom parlamentu i direktor Elektrodistribucije u Ulcinju, saop\u0161teno je iz stranke.<\/p>\n<p>Nreki\u0107 je na toj funkciji zamijenio poslanika DPS-a Lui\u0111a \u0160krelju, koji je bio predsjednik OO DPS-a u proteklih 10 godina.<\/p>\n<p>Nreki\u0107 je poru\u010dio da se DPS u narednom periodu mora posvetiti ja\u010dem pozicioniranju partije u Ulcinju.<\/p>\n<p>&#8220;Vjerujem i bolje rezultate DPS-a jer smo mi jedina gra\u0111anska partija, koja uva\u017eava sve gra\u0111ane i ba\u0161tini vrijednosti multieti\u010dnosti, multikonfesionalnosti i multikulturarlnosti. U Ulcinju mo\u017ee vladati bez DPS-a, ali svima treba da bude jasno da nema ubrzanog razvoja Ulcinja i Crne Gore bez DPS-a&#8221;, poru\u010dio je Nreki\u0107.<br \/>\n<a href=\"http:\/\/www.visit-ulcinj.com\/blog\/wp-content\/uploads\/2011\/11\/Loro-Nrekic-na-celu-ulcinjskog-DPS-a.jpg\"><img loading=\"lazy\" class=\"alignleft size-full wp-image-53765\" title=\"Loro Nrekic na celu ulcinjskog DPS-a\" src=\"http:\/\/www.visit-ulcinj.com\/blog\/wp-content\/uploads\/2011\/11\/Loro-Nrekic-na-celu-ulcinjskog-DPS-a.jpg\" alt=\"\" width=\"508\" height=\"330\" \/><\/a><\/p>\n<p>Novoizabranom predsjedniku OO DPS-a , prvi je \u010destitao dosada\u0161nji predsjednik \u0160krelja.\u201e<\/p>\n<p>\u010cast je biti predsjednik OO DPS-aa, ali je i \u010dast kada odlazi\u0161 sa te funkcije jer zna\u0161 da tu ulogu preuzima izuzetno kvalitetan \u010dovjek, prijatelj i uva\u017eeni gra\u0111anin Ulcinja Ljoro Nreki\u0107\u201c\u00a0 kazao je, izme\u0111u ostalog,\u00a0 dosada\u0161nji predsjednik ulcinjskog DPS-a Ljubo \u0160krelja.Koordinator DPS-a Sanja Vlahovi\u0107 posebno je istakla zna\u010daj i ulogu koju je imao dosada\u0161nji predsjednik OO DPS Ulcinja, kao i svi gra\u0111ani Ulcinja, kada su 21. maja 2006. nedvosmisleno\u00a0 postavili kamen temeljac i glasali za obnovu crnogorske dr\u017eavnosti.&#8221;Predsjedni\u0161tvo partije uva\u017eava te izuzetne rezultate i posve\u0107eno je daljoj modernizaciji partije u cilju njenog kvalitetnijeg pozicioniranja koje mora rezultirati boljim izbornim rezultatom na prvim slede\u0107im izborima u Ulcinju, kako bi DPS ponovo vr\u0161ila vlast u Ulcinju u cilju br\u017eeg razvoja na\u0161e najju\u017enije op\u0161tine i boljeg i kvalitetnijeg \u017eivora svih gra\u0111ana Ulcinja&#8221;, poru\u010dila je Vlahovi\u0107.<\/p>\n<p><a href=\"http:\/\/www.cafemontenegro.com\/index.php?group=23&amp;news=213534\" target=\"_blank\"><strong>Izvor: CDM<\/strong><\/a><br \/>\n\n\t\t<style type=\"text\/css\">\n\t\t\t#gallery-1 {\n\t\t\t\tmargin: auto;\n\t\t\t}\n\t\t\t#gallery-1 .gallery-item {\n\t\t\t\tfloat: left;\n\t\t\t\tmargin-top: 10px;\n\t\t\t\ttext-align: center;\n\t\t\t\twidth: 33%;\n\t\t\t}\n\t\t\t#gallery-1 img {\n\t\t\t\tborder: 2px solid #cfcfcf;\n\t\t\t}\n\t\t\t#gallery-1 .gallery-caption {\n\t\t\t\tmargin-left: 0;\n\t\t\t}\n\t\t\t\/* see gallery_shortcode() in wp-includes\/media.php *\/\n\t\t<\/style>\n\t\t<div id='gallery-1' class='gallery galleryid-53680 gallery-columns-3 gallery-size-thumbnail'><dl class='gallery-item'>\n\t\t\t<dt class='gallery-icon landscape'>\n\t\t\t\t<a href='https:\/\/www.visit-ulcinj.com\/blog\/wp-content\/uploads\/2011\/11\/izabran-Ljoro-Nrekic_DPS-Ulcinj.jpg'><img width=\"150\" height=\"150\" src=\"https:\/\/www.visit-ulcinj.com\/blog\/wp-content\/uploads\/2011\/11\/izabran-Ljoro-Nrekic_DPS-Ulcinj-150x150.jpg\" class=\"attachment-thumbnail size-thumbnail\" alt=\"\" loading=\"lazy\" \/><\/a>\n\t\t\t<\/dt><\/dl><dl class='gallery-item'>\n\t\t\t<dt class='gallery-icon landscape'>\n\t\t\t\t<a href='https:\/\/www.visit-ulcinj.com\/blog\/wp-content\/uploads\/2011\/11\/Loro-Nrekic-na-celu-ulcinjskog-DPS-a.jpg'><img width=\"150\" height=\"150\" src=\"https:\/\/www.visit-ulcinj.com\/blog\/wp-content\/uploads\/2011\/11\/Loro-Nrekic-na-celu-ulcinjskog-DPS-a-150x150.jpg\" class=\"attachment-thumbnail size-thumbnail\" alt=\"\" loading=\"lazy\" \/><\/a>\n\t\t\t<\/dt><\/dl><dl class='gallery-item'>\n\t\t\t<dt class='gallery-icon landscape'>\n\t\t\t\t<a href='https:\/\/www.visit-ulcinj.com\/blog\/wp-content\/uploads\/2011\/11\/Loro-Nrekic-na-celu-ulcinjskog-DPS-a.1.jpg'><img width=\"150\" height=\"150\" src=\"https:\/\/www.visit-ulcinj.com\/blog\/wp-content\/uploads\/2011\/11\/Loro-Nrekic-na-celu-ulcinjskog-DPS-a.1-150x150.jpg\" class=\"attachment-thumbnail size-thumbnail\" alt=\"\" loading=\"lazy\" \/><\/a>\n\t\t\t<\/dt><\/dl><br style=\"clear: both\" \/><dl class='gallery-item'>\n\t\t\t<dt class='gallery-icon landscape'>\n\t\t\t\t<a href='https:\/\/www.visit-ulcinj.com\/blog\/wp-content\/uploads\/2011\/11\/Loro-Nrekic-na-celu-ulcinjskog-DPS-a.2.jpg'><img width=\"150\" height=\"150\" src=\"https:\/\/www.visit-ulcinj.com\/blog\/wp-content\/uploads\/2011\/11\/Loro-Nrekic-na-celu-ulcinjskog-DPS-a.2-150x150.jpg\" class=\"attachment-thumbnail size-thumbnail\" alt=\"\" loading=\"lazy\" \/><\/a>\n\t\t\t<\/dt><\/dl><dl class='gallery-item'>\n\t\t\t<dt class='gallery-icon landscape'>\n\t\t\t\t<a href='https:\/\/www.visit-ulcinj.com\/blog\/wp-content\/uploads\/2011\/11\/Loro-Nrekic-na-celu-ulcinjskog-DPS-a.3.jpg'><img width=\"150\" height=\"150\" src=\"https:\/\/www.visit-ulcinj.com\/blog\/wp-content\/uploads\/2011\/11\/Loro-Nrekic-na-celu-ulcinjskog-DPS-a.3-150x150.jpg\" class=\"attachment-thumbnail size-thumbnail\" alt=\"\" loading=\"lazy\" \/><\/a>\n\t\t\t<\/dt><\/dl>\n\t\t\t<br style='clear: both' \/>\n\t\t<\/div>\n<\/p>\n","protected":false},"excerpt":{"rendered":"<p>Za predsjednika Op\u0161tinskog odbora DPS Ulcinja jednoglasno je izabran Ljoro Nreki\u0107, \u010dlan Glavnog odbora partije, predsjednik kluba odbornika u lokalnom parlamentu i direktor Elektrodistribucije u Ulcinju, saop\u0161teno je iz stranke. Nreki\u0107 je na toj funkciji zamijenio poslanika DPS-a Lui\u0111a \u0160krelju, koji je bio predsjednik OO DPS-a u proteklih 10 godina. Nreki\u0107 je poru\u010dio da se [&hellip;]<\/p>\n","protected":false},"author":1,"featured_media":0,"comment_status":"open","ping_status":"closed","sticky":false,"template":"","format":"standard","meta":{"spay_email":"","jetpack_publicize_message":"","jetpack_is_tweetstorm":false,"jetpack_publicize_feature_enabled":true},"categories":[8337],"tags":[14736,19498,4568],"jetpack_publicize_connections":[],"yoast_head":"<!-- This site is optimized with the Yoast SEO plugin v19.1 - https:\/\/yoast.com\/wordpress\/plugins\/seo\/ -->\n<title>Nreki\u0107 na \u010delu ulcinjskog DPS-a - Lajme nga Ulqini<\/title>\n<meta name=\"description\" content=\"Za predsjednika Op\u0161tinskog odbora DPS Ulcinja jednoglasno je izabran Ljoro Nreki\u0107, \u010dlan Glavnog odbora partije, predsjednik kluba odbornika u lokalnom\" \/>\n<meta name=\"robots\" content=\"index, follow, max-snippet:-1, max-image-preview:large, max-video-preview:-1\" \/>\n<link rel=\"canonical\" href=\"https:\/\/www.visit-ulcinj.com\/blog\/2011\/11\/25\/nrekic-na-celu-ulcinjskog-dps-a\/\" \/>\n<meta property=\"og:locale\" content=\"en_US\" \/>\n<meta property=\"og:type\" content=\"article\" \/>\n<meta property=\"og:title\" content=\"Nreki\u0107 na \u010delu ulcinjskog DPS-a - Lajme nga Ulqini\" \/>\n<meta property=\"og:description\" content=\"Za predsjednika Op\u0161tinskog odbora DPS Ulcinja jednoglasno je izabran Ljoro Nreki\u0107, \u010dlan Glavnog odbora partije, predsjednik kluba odbornika u lokalnom\" \/>\n<meta property=\"og:url\" content=\"https:\/\/www.visit-ulcinj.com\/blog\/2011\/11\/25\/nrekic-na-celu-ulcinjskog-dps-a\/\" \/>\n<meta property=\"og:site_name\" content=\"Lajme nga Ulqini\" \/>\n<meta property=\"article:published_time\" content=\"2011-11-25T16:36:59+00:00\" \/>\n<meta property=\"article:modified_time\" content=\"2011-11-27T19:36:08+00:00\" \/>\n<meta property=\"og:image\" content=\"https:\/\/www.visit-ulcinj.com\/blog\/wp-content\/uploads\/2011\/11\/izabran-Ljoro-Nrekic_DPS-Ulcinj-150x150.jpg\" \/>\n<meta name=\"twitter:label1\" content=\"Written by\" \/>\n\t<meta name=\"twitter:data1\" content=\"ulqini\" \/>\n\t<meta name=\"twitter:label2\" content=\"Est. reading time\" \/>\n\t<meta name=\"twitter:data2\" content=\"1 minute\" \/>\n<script type=\"application\/ld+json\" class=\"yoast-schema-graph\">{\"@context\":\"https:\/\/schema.org\",\"@graph\":[{\"@type\":\"WebSite\",\"@id\":\"https:\/\/www.visit-ulcinj.com\/blog\/#website\",\"url\":\"https:\/\/www.visit-ulcinj.com\/blog\/\",\"name\":\"Lajme nga Ulqini\",\"description\":\"Lajme,Vijesti,Ulqini,Ulqin,Crna Gora,Mali i Zi\",\"potentialAction\":[{\"@type\":\"SearchAction\",\"target\":{\"@type\":\"EntryPoint\",\"urlTemplate\":\"https:\/\/www.visit-ulcinj.com\/blog\/?s={search_term_string}\"},\"query-input\":\"required name=search_term_string\"}],\"inLanguage\":\"en-US\"},{\"@type\":\"ImageObject\",\"inLanguage\":\"en-US\",\"@id\":\"https:\/\/www.visit-ulcinj.com\/blog\/2011\/11\/25\/nrekic-na-celu-ulcinjskog-dps-a\/#primaryimage\",\"url\":\"https:\/\/www.visit-ulcinj.com\/blog\/wp-content\/uploads\/2011\/11\/izabran-Ljoro-Nrekic_DPS-Ulcinj.jpg\",\"contentUrl\":\"https:\/\/www.visit-ulcinj.com\/blog\/wp-content\/uploads\/2011\/11\/izabran-Ljoro-Nrekic_DPS-Ulcinj.jpg\",\"width\":\"720\",\"height\":\"480\"},{\"@type\":\"WebPage\",\"@id\":\"https:\/\/www.visit-ulcinj.com\/blog\/2011\/11\/25\/nrekic-na-celu-ulcinjskog-dps-a\/#webpage\",\"url\":\"https:\/\/www.visit-ulcinj.com\/blog\/2011\/11\/25\/nrekic-na-celu-ulcinjskog-dps-a\/\",\"name\":\"Nreki\u0107 na \u010delu ulcinjskog DPS-a - Lajme nga Ulqini\",\"isPartOf\":{\"@id\":\"https:\/\/www.visit-ulcinj.com\/blog\/#website\"},\"primaryImageOfPage\":{\"@id\":\"https:\/\/www.visit-ulcinj.com\/blog\/2011\/11\/25\/nrekic-na-celu-ulcinjskog-dps-a\/#primaryimage\"},\"datePublished\":\"2011-11-25T16:36:59+00:00\",\"dateModified\":\"2011-11-27T19:36:08+00:00\",\"author\":{\"@id\":\"https:\/\/www.visit-ulcinj.com\/blog\/#\/schema\/person\/dcab619c614d3038751c63bc2aadc06d\"},\"description\":\"Za predsjednika Op\u0161tinskog odbora DPS Ulcinja jednoglasno je izabran Ljoro Nreki\u0107, \u010dlan Glavnog odbora partije, predsjednik kluba odbornika u lokalnom\",\"breadcrumb\":{\"@id\":\"https:\/\/www.visit-ulcinj.com\/blog\/2011\/11\/25\/nrekic-na-celu-ulcinjskog-dps-a\/#breadcrumb\"},\"inLanguage\":\"en-US\",\"potentialAction\":[{\"@type\":\"ReadAction\",\"target\":[\"https:\/\/www.visit-ulcinj.com\/blog\/2011\/11\/25\/nrekic-na-celu-ulcinjskog-dps-a\/\"]}]},{\"@type\":\"BreadcrumbList\",\"@id\":\"https:\/\/www.visit-ulcinj.com\/blog\/2011\/11\/25\/nrekic-na-celu-ulcinjskog-dps-a\/#breadcrumb\",\"itemListElement\":[{\"@type\":\"ListItem\",\"position\":1,\"name\":\"Nreki\u0107 na \u010delu ulcinjskog DPS-a\"}]},{\"@type\":\"Person\",\"@id\":\"https:\/\/www.visit-ulcinj.com\/blog\/#\/schema\/person\/dcab619c614d3038751c63bc2aadc06d\",\"name\":\"ulqini\",\"sameAs\":[\"http:\/\/www.visit-ulcinj.com\"],\"url\":\"https:\/\/www.visit-ulcinj.com\/blog\/author\/admin\/\"}]}<\/script>\n<!-- \/ Yoast SEO plugin. -->","yoast_head_json":{"title":"Nreki\u0107 na \u010delu ulcinjskog DPS-a - Lajme nga Ulqini","description":"Za predsjednika Op\u0161tinskog odbora DPS Ulcinja jednoglasno je izabran Ljoro Nreki\u0107, \u010dlan Glavnog odbora partije, predsjednik kluba odbornika u lokalnom","robots":{"index":"index","follow":"follow","max-snippet":"max-snippet:-1","max-image-preview":"max-image-preview:large","max-video-preview":"max-video-preview:-1"},"canonical":"https:\/\/www.visit-ulcinj.com\/blog\/2011\/11\/25\/nrekic-na-celu-ulcinjskog-dps-a\/","og_locale":"en_US","og_type":"article","og_title":"Nreki\u0107 na \u010delu ulcinjskog DPS-a - Lajme nga Ulqini","og_description":"Za predsjednika Op\u0161tinskog odbora DPS Ulcinja jednoglasno je izabran Ljoro Nreki\u0107, \u010dlan Glavnog odbora partije, predsjednik kluba odbornika u lokalnom","og_url":"https:\/\/www.visit-ulcinj.com\/blog\/2011\/11\/25\/nrekic-na-celu-ulcinjskog-dps-a\/","og_site_name":"Lajme nga Ulqini","article_published_time":"2011-11-25T16:36:59+00:00","article_modified_time":"2011-11-27T19:36:08+00:00","og_image":[{"url":"https:\/\/www.visit-ulcinj.com\/blog\/wp-content\/uploads\/2011\/11\/izabran-Ljoro-Nrekic_DPS-Ulcinj-150x150.jpg"}],"twitter_misc":{"Written by":"ulqini","Est. reading time":"1 minute"},"schema":{"@context":"https:\/\/schema.org","@graph":[{"@type":"WebSite","@id":"https:\/\/www.visit-ulcinj.com\/blog\/#website","url":"https:\/\/www.visit-ulcinj.com\/blog\/","name":"Lajme nga Ulqini","description":"Lajme,Vijesti,Ulqini,Ulqin,Crna Gora,Mali i Zi","potentialAction":[{"@type":"SearchAction","target":{"@type":"EntryPoint","urlTemplate":"https:\/\/www.visit-ulcinj.com\/blog\/?s={search_term_string}"},"query-input":"required name=search_term_string"}],"inLanguage":"en-US"},{"@type":"ImageObject","inLanguage":"en-US","@id":"https:\/\/www.visit-ulcinj.com\/blog\/2011\/11\/25\/nrekic-na-celu-ulcinjskog-dps-a\/#primaryimage","url":"https:\/\/www.visit-ulcinj.com\/blog\/wp-content\/uploads\/2011\/11\/izabran-Ljoro-Nrekic_DPS-Ulcinj.jpg","contentUrl":"https:\/\/www.visit-ulcinj.com\/blog\/wp-content\/uploads\/2011\/11\/izabran-Ljoro-Nrekic_DPS-Ulcinj.jpg","width":"720","height":"480"},{"@type":"WebPage","@id":"https:\/\/www.visit-ulcinj.com\/blog\/2011\/11\/25\/nrekic-na-celu-ulcinjskog-dps-a\/#webpage","url":"https:\/\/www.visit-ulcinj.com\/blog\/2011\/11\/25\/nrekic-na-celu-ulcinjskog-dps-a\/","name":"Nreki\u0107 na \u010delu ulcinjskog DPS-a - Lajme nga Ulqini","isPartOf":{"@id":"https:\/\/www.visit-ulcinj.com\/blog\/#website"},"primaryImageOfPage":{"@id":"https:\/\/www.visit-ulcinj.com\/blog\/2011\/11\/25\/nrekic-na-celu-ulcinjskog-dps-a\/#primaryimage"},"datePublished":"2011-11-25T16:36:59+00:00","dateModified":"2011-11-27T19:36:08+00:00","author":{"@id":"https:\/\/www.visit-ulcinj.com\/blog\/#\/schema\/person\/dcab619c614d3038751c63bc2aadc06d"},"description":"Za predsjednika Op\u0161tinskog odbora DPS Ulcinja jednoglasno je izabran Ljoro Nreki\u0107, \u010dlan Glavnog odbora partije, predsjednik kluba odbornika u lokalnom","breadcrumb":{"@id":"https:\/\/www.visit-ulcinj.com\/blog\/2011\/11\/25\/nrekic-na-celu-ulcinjskog-dps-a\/#breadcrumb"},"inLanguage":"en-US","potentialAction":[{"@type":"ReadAction","target":["https:\/\/www.visit-ulcinj.com\/blog\/2011\/11\/25\/nrekic-na-celu-ulcinjskog-dps-a\/"]}]},{"@type":"BreadcrumbList","@id":"https:\/\/www.visit-ulcinj.com\/blog\/2011\/11\/25\/nrekic-na-celu-ulcinjskog-dps-a\/#breadcrumb","itemListElement":[{"@type":"ListItem","position":1,"name":"Nreki\u0107 na \u010delu ulcinjskog DPS-a"}]},{"@type":"Person","@id":"https:\/\/www.visit-ulcinj.com\/blog\/#\/schema\/person\/dcab619c614d3038751c63bc2aadc06d","name":"ulqini","sameAs":["http:\/\/www.visit-ulcinj.com"],"url":"https:\/\/www.visit-ulcinj.com\/blog\/author\/admin\/"}]}},"jetpack_featured_media_url":"","jetpack_sharing_enabled":true,"jetpack_shortlink":"https:\/\/wp.me\/pe6lTn-dXO","_links":{"self":[{"href":"https:\/\/www.visit-ulcinj.com\/blog\/wp-json\/wp\/v2\/posts\/53680"}],"collection":[{"href":"https:\/\/www.visit-ulcinj.com\/blog\/wp-json\/wp\/v2\/posts"}],"about":[{"href":"https:\/\/www.visit-ulcinj.com\/blog\/wp-json\/wp\/v2\/types\/post"}],"author":[{"embeddable":true,"href":"https:\/\/www.visit-ulcinj.com\/blog\/wp-json\/wp\/v2\/users\/1"}],"replies":[{"embeddable":true,"href":"https:\/\/www.visit-ulcinj.com\/blog\/wp-json\/wp\/v2\/comments?post=53680"}],"version-history":[{"count":4,"href":"https:\/\/www.visit-ulcinj.com\/blog\/wp-json\/wp\/v2\/posts\/53680\/revisions"}],"predecessor-version":[{"id":53766,"href":"https:\/\/www.visit-ulcinj.com\/blog\/wp-json\/wp\/v2\/posts\/53680\/revisions\/53766"}],"wp:attachment":[{"href":"https:\/\/www.visit-ulcinj.com\/blog\/wp-json\/wp\/v2\/media?parent=53680"}],"wp:term":[{"taxonomy":"category","embeddable":true,"href":"https:\/\/www.visit-ulcinj.com\/blog\/wp-json\/wp\/v2\/categories?post=53680"},{"taxonomy":"post_tag","embeddable":true,"href":"https:\/\/www.visit-ulcinj.com\/blog\/wp-json\/wp\/v2\/tags?post=53680"}],"curies":[{"name":"wp","href":"https:\/\/api.w.org\/{rel}","templated":true}]}}