{"id":53693,"date":"2011-11-26T22:06:16","date_gmt":"2011-11-26T21:06:16","guid":{"rendered":"http:\/\/www.visit-ulcinj.com\/blog\/?p=53693"},"modified":"2011-11-28T19:50:43","modified_gmt":"2011-11-28T18:50:43","slug":"interviste-ekskluzive-me-kryetarin-e-komunes-se-ulqinitnazif-cungun","status":"publish","type":"post","link":"https:\/\/www.visit-ulcinj.com\/blog\/2011\/11\/26\/interviste-ekskluzive-me-kryetarin-e-komunes-se-ulqinitnazif-cungun\/","title":{"rendered":"Intervist\u00eb Ekskluzive me kryetarin e Komun\u00ebs s\u00eb Ulqinit,Nazif Cungun"},"content":{"rendered":"<p><a href=\"http:\/\/www.visit-ulcinj.com\/blog\/wp-content\/uploads\/2011\/11\/Intervist%C3%AB-Ekskluzive-me-kryetarin-e-Komun%C3%ABs-s%C3%AB-UlqinitNazif-Cungun.jpg\"><img loading=\"lazy\" class=\"alignleft size-full wp-image-53694\" title=\"Intervist\u00eb Ekskluzive me kryetarin e Komun\u00ebs s\u00eb Ulqinit,Nazif Cungun\" src=\"http:\/\/www.visit-ulcinj.com\/blog\/wp-content\/uploads\/2011\/11\/Intervist%C3%AB-Ekskluzive-me-kryetarin-e-Komun%C3%ABs-s%C3%AB-UlqinitNazif-Cungun.jpg\" alt=\"\" width=\"509\" height=\"365\" \/><\/a>Kryetari i Komun\u00ebs s\u00eb Ulqinit, Nazif Cungu \u00a0n\u00eb intervist\u00eb p\u00ebr Mozaikun nga Haxhi Shabani, ka folur p\u00ebr situat\u00ebn aktuale n\u00eb t\u00eb cil\u00ebn e ka gjetur komun\u00ebn. Pas marrjes s\u00eb mandatit, me 22 shtator, kryetari\u00a0 Nazif Cungu \u00a0tha se ka formuar komision p\u00ebr t\u00eb verifikuar gjendjen faktike materiale dhe financiare t\u00eb komun\u00ebs s\u00eb Ulqinit<br \/>\nNazif Cungu \u00a0akuzon kryetar\u00ebt e m\u00ebparshem p\u00ebr borxhin 20 milion eurosh q\u00eb ia kan l\u00ebn\u00eb komun\u00ebs s\u00eb Ulqinit gjat\u00eb qeverisjes s\u00eb tyre.<\/p>\n<p>Ai theksoi se me k\u00ebt\u00eb situat\u00eb ka qen\u00eb i njoftuar edhe m\u00eb her\u00ebt,pa ardh\u00eb ende ne funkcion t\u00eb kryetarit, por jo deri n\u00eb k\u00ebt\u00eb shkall\u00eb katastrofale dhe alarmuse.<\/p>\n<p>Edhe pse i gjetur p\u00ebrball\u00eb nj\u00eb situate t\u00eb k\u00ebtill\u00eb, kryetari i ri i Komun\u00ebs s\u00eb Ulqinit, i cili vjen nga radh\u00ebt e Forc\u00ebs, \u00ebsht\u00eb optimist se do t\u00eb mund t\u00eb dal\u00eb nga kjo situat\u00eb.<\/p>\n<p>Optimizmin e tij mb\u00ebshtet n\u00eb p\u00ebrkrahjen q\u00eb pret nga \u00a0gjith\u00eb qytetar\u00ebt e Ulqinit.Duke qen\u00eb n\u00eb dijeni se nga kjo situat\u00eb m\u00eb s\u00eb shumti p\u00ebsojn\u00eb qytetar\u00ebt, ai theksoi se qytetar\u00ebt e Komun\u00ebs s\u00eb Ulqinit nuk e meritojn\u00eb nj\u00eb gj\u00eb t\u00eb till\u00eb dhe k\u00ebrkoi nga ata mir\u00ebkuptim p\u00ebr nj\u00eb periudh\u00eb prej s\u00eb paku gjasht\u00eb muaj. Ai paralajm\u00ebroi se n\u00eb nj\u00eb intervist\u00eb t\u00eb ardhshme do t&#8217;i informoj\u00eb p\u00ebr hapat e m\u00ebtutjesh\u00ebm&#8221;.<\/p>\n<p>Nga ana e tij, kryetari i komun\u00ebs Nazif Cungu ka theksuar se p\u00ebrkund\u00ebr t\u00eb gjitha v\u00ebshtir\u00ebsive buxhetore, \u2019Do t\u00eb l\u00ebshohet ne pun\u00eb ura e Port Milen\u00ebs, do t\u00eb p\u00ebrfundoj uj\u00ebsjell\u00ebsi rajonal, do t\u00eb filloj\u00eb t\u00eb funksionoj\u00eb deponia rajonale dhe do t\u00eb p\u00ebrfundojm\u00eb 6,2 km t\u00eb rrug\u00ebs nga Sukubina.<\/p>\n<p>Po n\u00eb lidhje me rrug\u00ebn\u00a0 Sukubin\u00eb \u2013 Ulqin, kryetari I komun\u00ebs s\u00eb Ulqinit Nazif Cungu u shpreh se rikonstruktimi i saj do t\u00eb kaloj\u00eb n\u00ebp\u00ebr tri faza.<br \/>\n\u2018\u2019Faza e par\u00eb, q\u00eb do filloj\u00eb brenda 10 dit\u00ebve , do t\u00eb rikonstruktoj\u00eb pjesen Sukubin\u00eb \u2013 Kat\u00ebrkoll\u00eb, faza e dyt\u00eb i takon segmentit Kat\u00ebrkoll\u00eb \u2013 Krythe q\u00eb parashihet t\u00eb p\u00ebrfundoj\u00eb gjat\u00eb vitit 2012 dhe faza e tret\u00eb I p\u00ebrket segmentit Krythe \u2013 Ulqin\u00a0 qe planifikohet t\u00eb realizohet brenda vitit 2013\u2019\u2019, u shpreh Cungu.<br \/>\nRruga Sukubin\u00eb &#8211; Ulqin ka qene rruga m\u00eb problematike p\u00ebr\u00a0 t\u00eb cil\u00ebn banoret e zones kan\u00eb shprehur shqetsimin e tyre por edhe mysafir\u00ebt q\u00eb gjat\u00eb sezonit turistik vizitojn\u00eb Ulqinin n\u00ebp\u00ebrmes k\u00ebtij aksi.<\/p>\n<p><strong>P\u00ebr m\u00eb tep\u00ebr ju ftojm\u00eb te ndjekni videon.<br \/>\n<!--YouTube Error: bad URL entered--><br \/>\n<\/strong><\/p>\n","protected":false},"excerpt":{"rendered":"<p>Kryetari i Komun\u00ebs s\u00eb Ulqinit, Nazif Cungu \u00a0n\u00eb intervist\u00eb p\u00ebr Mozaikun nga Haxhi Shabani, ka folur p\u00ebr situat\u00ebn aktuale n\u00eb t\u00eb cil\u00ebn e ka gjetur komun\u00ebn. Pas marrjes s\u00eb mandatit, me 22 shtator, kryetari\u00a0 Nazif Cungu \u00a0tha se ka formuar komision p\u00ebr t\u00eb verifikuar gjendjen faktike materiale dhe financiare t\u00eb komun\u00ebs s\u00eb Ulqinit Nazif Cungu [&hellip;]<\/p>\n","protected":false},"author":1,"featured_media":0,"comment_status":"open","ping_status":"closed","sticky":false,"template":"","format":"standard","meta":{"spay_email":"","jetpack_publicize_message":"","jetpack_is_tweetstorm":false,"jetpack_publicize_feature_enabled":true},"categories":[1,13],"tags":[17828,17834,18370,17811,17831,18362,14353,17808,14354,12340,17840,17839,18363,17835,17814,17810,17816,17071,17807,3516,14652,17837,17827,14358,222,17802,17812,17803,17820,17825,17817,17805,22011,305,17823,17832,3506,17818,214,17680,14362,14363,18371,19501,3507,17800,498,3500,115,14364,19500,17799,3327,17841,17826,15213,18236,3512,17806,11648,18289,17838,95,17813,17804,15141,17836,14366,79,17073,18294,118,18368,18369,1653,1909,14367,17801,18360,17822,14368,14369,17824,14370,18291,2083,3231,14371,41,3617,14372,17844,17821,18372,17830,17077,18295,14375,17833,17829,200,18,17819,17809,14376],"jetpack_publicize_connections":[],"yoast_head":"<!-- This site is optimized with the Yoast SEO plugin v19.1 - https:\/\/yoast.com\/wordpress\/plugins\/seo\/ -->\n<title>Intervist\u00eb Ekskluzive me kryetarin e Komun\u00ebs s\u00eb Ulqinit,Nazif Cungun - Lajme nga Ulqini<\/title>\n<meta name=\"description\" content=\"Kryetari i Komun\u00ebs s\u00eb Ulqinit, Nazif Cungu \u00a0n\u00eb intervist\u00eb p\u00ebr Mozaikun nga Haxhi Shabani, ka folur p\u00ebr situat\u00ebn aktuale n\u00eb t\u00eb cil\u00ebn e ka gjetur komun\u00ebn.\" \/>\n<meta name=\"robots\" content=\"index, follow, max-snippet:-1, max-image-preview:large, max-video-preview:-1\" \/>\n<link rel=\"canonical\" href=\"https:\/\/www.visit-ulcinj.com\/blog\/2011\/11\/26\/interviste-ekskluzive-me-kryetarin-e-komunes-se-ulqinitnazif-cungun\/\" \/>\n<meta property=\"og:locale\" content=\"en_US\" \/>\n<meta property=\"og:type\" content=\"article\" \/>\n<meta property=\"og:title\" content=\"Intervist\u00eb Ekskluzive me kryetarin e Komun\u00ebs s\u00eb Ulqinit,Nazif Cungun - Lajme nga Ulqini\" \/>\n<meta property=\"og:description\" content=\"Kryetari i Komun\u00ebs s\u00eb Ulqinit, Nazif Cungu \u00a0n\u00eb intervist\u00eb p\u00ebr Mozaikun nga Haxhi Shabani, ka folur p\u00ebr situat\u00ebn aktuale n\u00eb t\u00eb cil\u00ebn e ka gjetur komun\u00ebn.\" \/>\n<meta property=\"og:url\" content=\"https:\/\/www.visit-ulcinj.com\/blog\/2011\/11\/26\/interviste-ekskluzive-me-kryetarin-e-komunes-se-ulqinitnazif-cungun\/\" \/>\n<meta property=\"og:site_name\" content=\"Lajme nga Ulqini\" \/>\n<meta property=\"article:published_time\" content=\"2011-11-26T21:06:16+00:00\" \/>\n<meta property=\"article:modified_time\" content=\"2011-11-28T18:50:43+00:00\" \/>\n<meta property=\"og:image\" content=\"http:\/\/www.visit-ulcinj.com\/blog\/wp-content\/uploads\/2011\/11\/Intervist%C3%AB-Ekskluzive-me-kryetarin-e-Komun%C3%ABs-s%C3%AB-UlqinitNazif-Cungun.jpg\" \/>\n<meta name=\"twitter:label1\" content=\"Written by\" \/>\n\t<meta name=\"twitter:data1\" content=\"ulqini\" \/>\n\t<meta name=\"twitter:label2\" content=\"Est. reading time\" \/>\n\t<meta name=\"twitter:data2\" content=\"2 minutes\" \/>\n<script type=\"application\/ld+json\" class=\"yoast-schema-graph\">{\"@context\":\"https:\/\/schema.org\",\"@graph\":[{\"@type\":\"WebSite\",\"@id\":\"https:\/\/www.visit-ulcinj.com\/blog\/#website\",\"url\":\"https:\/\/www.visit-ulcinj.com\/blog\/\",\"name\":\"Lajme nga Ulqini\",\"description\":\"Lajme,Vijesti,Ulqini,Ulqin,Crna Gora,Mali i Zi\",\"potentialAction\":[{\"@type\":\"SearchAction\",\"target\":{\"@type\":\"EntryPoint\",\"urlTemplate\":\"https:\/\/www.visit-ulcinj.com\/blog\/?s={search_term_string}\"},\"query-input\":\"required name=search_term_string\"}],\"inLanguage\":\"en-US\"},{\"@type\":\"ImageObject\",\"inLanguage\":\"en-US\",\"@id\":\"https:\/\/www.visit-ulcinj.com\/blog\/2011\/11\/26\/interviste-ekskluzive-me-kryetarin-e-komunes-se-ulqinitnazif-cungun\/#primaryimage\",\"url\":\"http:\/\/www.visit-ulcinj.com\/blog\/wp-content\/uploads\/2011\/11\/Intervist%C3%AB-Ekskluzive-me-kryetarin-e-Komun%C3%ABs-s%C3%AB-UlqinitNazif-Cungun.jpg\",\"contentUrl\":\"http:\/\/www.visit-ulcinj.com\/blog\/wp-content\/uploads\/2011\/11\/Intervist%C3%AB-Ekskluzive-me-kryetarin-e-Komun%C3%ABs-s%C3%AB-UlqinitNazif-Cungun.jpg\"},{\"@type\":\"WebPage\",\"@id\":\"https:\/\/www.visit-ulcinj.com\/blog\/2011\/11\/26\/interviste-ekskluzive-me-kryetarin-e-komunes-se-ulqinitnazif-cungun\/#webpage\",\"url\":\"https:\/\/www.visit-ulcinj.com\/blog\/2011\/11\/26\/interviste-ekskluzive-me-kryetarin-e-komunes-se-ulqinitnazif-cungun\/\",\"name\":\"Intervist\u00eb Ekskluzive me kryetarin e Komun\u00ebs s\u00eb Ulqinit,Nazif Cungun - Lajme nga Ulqini\",\"isPartOf\":{\"@id\":\"https:\/\/www.visit-ulcinj.com\/blog\/#website\"},\"primaryImageOfPage\":{\"@id\":\"https:\/\/www.visit-ulcinj.com\/blog\/2011\/11\/26\/interviste-ekskluzive-me-kryetarin-e-komunes-se-ulqinitnazif-cungun\/#primaryimage\"},\"datePublished\":\"2011-11-26T21:06:16+00:00\",\"dateModified\":\"2011-11-28T18:50:43+00:00\",\"author\":{\"@id\":\"https:\/\/www.visit-ulcinj.com\/blog\/#\/schema\/person\/dcab619c614d3038751c63bc2aadc06d\"},\"description\":\"Kryetari i Komun\u00ebs s\u00eb Ulqinit, Nazif Cungu \u00a0n\u00eb intervist\u00eb p\u00ebr Mozaikun nga Haxhi Shabani, ka folur p\u00ebr situat\u00ebn aktuale n\u00eb t\u00eb cil\u00ebn e ka gjetur komun\u00ebn.\",\"breadcrumb\":{\"@id\":\"https:\/\/www.visit-ulcinj.com\/blog\/2011\/11\/26\/interviste-ekskluzive-me-kryetarin-e-komunes-se-ulqinitnazif-cungun\/#breadcrumb\"},\"inLanguage\":\"en-US\",\"potentialAction\":[{\"@type\":\"ReadAction\",\"target\":[\"https:\/\/www.visit-ulcinj.com\/blog\/2011\/11\/26\/interviste-ekskluzive-me-kryetarin-e-komunes-se-ulqinitnazif-cungun\/\"]}]},{\"@type\":\"BreadcrumbList\",\"@id\":\"https:\/\/www.visit-ulcinj.com\/blog\/2011\/11\/26\/interviste-ekskluzive-me-kryetarin-e-komunes-se-ulqinitnazif-cungun\/#breadcrumb\",\"itemListElement\":[{\"@type\":\"ListItem\",\"position\":1,\"name\":\"Intervist\u00eb Ekskluzive me kryetarin e Komun\u00ebs s\u00eb Ulqinit,Nazif Cungun\"}]},{\"@type\":\"Person\",\"@id\":\"https:\/\/www.visit-ulcinj.com\/blog\/#\/schema\/person\/dcab619c614d3038751c63bc2aadc06d\",\"name\":\"ulqini\",\"sameAs\":[\"http:\/\/www.visit-ulcinj.com\"],\"url\":\"https:\/\/www.visit-ulcinj.com\/blog\/author\/admin\/\"}]}<\/script>\n<!-- \/ Yoast SEO plugin. -->","yoast_head_json":{"title":"Intervist\u00eb Ekskluzive me kryetarin e Komun\u00ebs s\u00eb Ulqinit,Nazif Cungun - Lajme nga Ulqini","description":"Kryetari i Komun\u00ebs s\u00eb Ulqinit, Nazif Cungu \u00a0n\u00eb intervist\u00eb p\u00ebr Mozaikun nga Haxhi Shabani, ka folur p\u00ebr situat\u00ebn aktuale n\u00eb t\u00eb cil\u00ebn e ka gjetur komun\u00ebn.","robots":{"index":"index","follow":"follow","max-snippet":"max-snippet:-1","max-image-preview":"max-image-preview:large","max-video-preview":"max-video-preview:-1"},"canonical":"https:\/\/www.visit-ulcinj.com\/blog\/2011\/11\/26\/interviste-ekskluzive-me-kryetarin-e-komunes-se-ulqinitnazif-cungun\/","og_locale":"en_US","og_type":"article","og_title":"Intervist\u00eb Ekskluzive me kryetarin e Komun\u00ebs s\u00eb Ulqinit,Nazif Cungun - Lajme nga Ulqini","og_description":"Kryetari i Komun\u00ebs s\u00eb Ulqinit, Nazif Cungu \u00a0n\u00eb intervist\u00eb p\u00ebr Mozaikun nga Haxhi Shabani, ka folur p\u00ebr situat\u00ebn aktuale n\u00eb t\u00eb cil\u00ebn e ka gjetur komun\u00ebn.","og_url":"https:\/\/www.visit-ulcinj.com\/blog\/2011\/11\/26\/interviste-ekskluzive-me-kryetarin-e-komunes-se-ulqinitnazif-cungun\/","og_site_name":"Lajme nga Ulqini","article_published_time":"2011-11-26T21:06:16+00:00","article_modified_time":"2011-11-28T18:50:43+00:00","og_image":[{"url":"http:\/\/www.visit-ulcinj.com\/blog\/wp-content\/uploads\/2011\/11\/Intervist%C3%AB-Ekskluzive-me-kryetarin-e-Komun%C3%ABs-s%C3%AB-UlqinitNazif-Cungun.jpg"}],"twitter_misc":{"Written by":"ulqini","Est. reading time":"2 minutes"},"schema":{"@context":"https:\/\/schema.org","@graph":[{"@type":"WebSite","@id":"https:\/\/www.visit-ulcinj.com\/blog\/#website","url":"https:\/\/www.visit-ulcinj.com\/blog\/","name":"Lajme nga Ulqini","description":"Lajme,Vijesti,Ulqini,Ulqin,Crna Gora,Mali i Zi","potentialAction":[{"@type":"SearchAction","target":{"@type":"EntryPoint","urlTemplate":"https:\/\/www.visit-ulcinj.com\/blog\/?s={search_term_string}"},"query-input":"required name=search_term_string"}],"inLanguage":"en-US"},{"@type":"ImageObject","inLanguage":"en-US","@id":"https:\/\/www.visit-ulcinj.com\/blog\/2011\/11\/26\/interviste-ekskluzive-me-kryetarin-e-komunes-se-ulqinitnazif-cungun\/#primaryimage","url":"http:\/\/www.visit-ulcinj.com\/blog\/wp-content\/uploads\/2011\/11\/Intervist%C3%AB-Ekskluzive-me-kryetarin-e-Komun%C3%ABs-s%C3%AB-UlqinitNazif-Cungun.jpg","contentUrl":"http:\/\/www.visit-ulcinj.com\/blog\/wp-content\/uploads\/2011\/11\/Intervist%C3%AB-Ekskluzive-me-kryetarin-e-Komun%C3%ABs-s%C3%AB-UlqinitNazif-Cungun.jpg"},{"@type":"WebPage","@id":"https:\/\/www.visit-ulcinj.com\/blog\/2011\/11\/26\/interviste-ekskluzive-me-kryetarin-e-komunes-se-ulqinitnazif-cungun\/#webpage","url":"https:\/\/www.visit-ulcinj.com\/blog\/2011\/11\/26\/interviste-ekskluzive-me-kryetarin-e-komunes-se-ulqinitnazif-cungun\/","name":"Intervist\u00eb Ekskluzive me kryetarin e Komun\u00ebs s\u00eb Ulqinit,Nazif Cungun - Lajme nga Ulqini","isPartOf":{"@id":"https:\/\/www.visit-ulcinj.com\/blog\/#website"},"primaryImageOfPage":{"@id":"https:\/\/www.visit-ulcinj.com\/blog\/2011\/11\/26\/interviste-ekskluzive-me-kryetarin-e-komunes-se-ulqinitnazif-cungun\/#primaryimage"},"datePublished":"2011-11-26T21:06:16+00:00","dateModified":"2011-11-28T18:50:43+00:00","author":{"@id":"https:\/\/www.visit-ulcinj.com\/blog\/#\/schema\/person\/dcab619c614d3038751c63bc2aadc06d"},"description":"Kryetari i Komun\u00ebs s\u00eb Ulqinit, Nazif Cungu \u00a0n\u00eb intervist\u00eb p\u00ebr Mozaikun nga Haxhi Shabani, ka folur p\u00ebr situat\u00ebn aktuale n\u00eb t\u00eb cil\u00ebn e ka gjetur komun\u00ebn.","breadcrumb":{"@id":"https:\/\/www.visit-ulcinj.com\/blog\/2011\/11\/26\/interviste-ekskluzive-me-kryetarin-e-komunes-se-ulqinitnazif-cungun\/#breadcrumb"},"inLanguage":"en-US","potentialAction":[{"@type":"ReadAction","target":["https:\/\/www.visit-ulcinj.com\/blog\/2011\/11\/26\/interviste-ekskluzive-me-kryetarin-e-komunes-se-ulqinitnazif-cungun\/"]}]},{"@type":"BreadcrumbList","@id":"https:\/\/www.visit-ulcinj.com\/blog\/2011\/11\/26\/interviste-ekskluzive-me-kryetarin-e-komunes-se-ulqinitnazif-cungun\/#breadcrumb","itemListElement":[{"@type":"ListItem","position":1,"name":"Intervist\u00eb Ekskluzive me kryetarin e Komun\u00ebs s\u00eb Ulqinit,Nazif Cungun"}]},{"@type":"Person","@id":"https:\/\/www.visit-ulcinj.com\/blog\/#\/schema\/person\/dcab619c614d3038751c63bc2aadc06d","name":"ulqini","sameAs":["http:\/\/www.visit-ulcinj.com"],"url":"https:\/\/www.visit-ulcinj.com\/blog\/author\/admin\/"}]}},"jetpack_featured_media_url":"","jetpack_sharing_enabled":true,"jetpack_shortlink":"https:\/\/wp.me\/pe6lTn-dY1","_links":{"self":[{"href":"https:\/\/www.visit-ulcinj.com\/blog\/wp-json\/wp\/v2\/posts\/53693"}],"collection":[{"href":"https:\/\/www.visit-ulcinj.com\/blog\/wp-json\/wp\/v2\/posts"}],"about":[{"href":"https:\/\/www.visit-ulcinj.com\/blog\/wp-json\/wp\/v2\/types\/post"}],"author":[{"embeddable":true,"href":"https:\/\/www.visit-ulcinj.com\/blog\/wp-json\/wp\/v2\/users\/1"}],"replies":[{"embeddable":true,"href":"https:\/\/www.visit-ulcinj.com\/blog\/wp-json\/wp\/v2\/comments?post=53693"}],"version-history":[{"count":5,"href":"https:\/\/www.visit-ulcinj.com\/blog\/wp-json\/wp\/v2\/posts\/53693\/revisions"}],"predecessor-version":[{"id":53772,"href":"https:\/\/www.visit-ulcinj.com\/blog\/wp-json\/wp\/v2\/posts\/53693\/revisions\/53772"}],"wp:attachment":[{"href":"https:\/\/www.visit-ulcinj.com\/blog\/wp-json\/wp\/v2\/media?parent=53693"}],"wp:term":[{"taxonomy":"category","embeddable":true,"href":"https:\/\/www.visit-ulcinj.com\/blog\/wp-json\/wp\/v2\/categories?post=53693"},{"taxonomy":"post_tag","embeddable":true,"href":"https:\/\/www.visit-ulcinj.com\/blog\/wp-json\/wp\/v2\/tags?post=53693"}],"curies":[{"name":"wp","href":"https:\/\/api.w.org\/{rel}","templated":true}]}}