{"id":53696,"date":"2011-11-26T20:46:06","date_gmt":"2011-11-26T19:46:06","guid":{"rendered":"http:\/\/www.visit-ulcinj.com\/blog\/?p=53696"},"modified":"2011-11-28T18:11:22","modified_gmt":"2011-11-28T17:11:22","slug":"mehmet-zenka-ne-vend-te-ferhat-dinoshes","status":"publish","type":"post","link":"https:\/\/www.visit-ulcinj.com\/blog\/2011\/11\/26\/mehmet-zenka-ne-vend-te-ferhat-dinoshes\/","title":{"rendered":"Mehmet Zenka n\u00eb  vend t\u00eb Ferhat Dinosh\u00ebs"},"content":{"rendered":"<p><strong><a href=\"http:\/\/www.visit-ulcinj.com\/blog\/wp-content\/uploads\/2011\/11\/Mehmet-Zenka-n%C3%AB-vend-t%C3%AB-Ferhat-Dinosh%C3%ABs.jpg\"><img loading=\"lazy\" class=\"alignleft size-full wp-image-53697\" title=\"Mehmet Zenka n\u00eb  vend t\u00eb Ferhat Dinosh\u00ebs\" src=\"http:\/\/www.visit-ulcinj.com\/blog\/wp-content\/uploads\/2011\/11\/Mehmet-Zenka-n%C3%AB-vend-t%C3%AB-Ferhat-Dinosh%C3%ABs.jpg\" alt=\"\" width=\"301\" height=\"256\" \/><\/a>Nga Hatixhe Nelaj<\/strong><\/p>\n<p>N\u00eb Mbledhjen e K\u00ebshillit drejtues t\u00eb Unionit Demokratik t\u00eb Shqiptar\u00ebve sot p\u00ebr ushtrues detyre t\u00eb kryetarit t\u00eb UDSHs\u00eb-deri n\u00eb kuvendin zgjedhor i cili parashikohet t\u00eb mbahet n\u00eb fillim t\u00eb vitit t\u00eb ardhsh\u00ebm , nj\u00eb z\u00ebri u zgjodh Mehmet Zenka.Z.Zenka deri tani ka mbuluar postin e n\u00ebnkryetarit t\u00eb partis\u00eb n\u00eb fjal\u00eb dhe \u00ebsht\u00eb deputet n\u00eb Parlamentin Republikan.<\/p>\n<p>\u201eP\u00ebr shkak t\u00eb angazhimit tim n\u00eb diplomaci sot kam dh\u00ebn\u00eb dor\u00ebheqje nga posti i kryetarit t\u00eb Unionit Demokratik t\u00eb Shqiptar\u00ebve\u201c,deklaroi \u00a0pas p\u00ebrfundimit t\u00eb mbledhjes Ferhat Dinosha ,lideri i deri tash\u00ebm i UDSH-s\u00eb.P\u00ebrndryshe Z. Dinosha n\u00eb krye t\u00eb k\u00ebsaj parti ishte dy mandate,timonin t\u00eb drejtoi me parti e muarr\u00a0 n\u00eb qershor t\u00eb\u00a0 vitit 2004.P\u00ebr z.Zenk\u00ebn votuan an\u00ebtar\u00ebt e t\u00eb gjith\u00eb degave t\u00eb Unionit nj\u00eb z\u00ebri,dega e Plav\u00ebs,Mal\u00ebsis\u00eb,Rozhaj\u00ebs dhe Ulqinit.<\/p>\n","protected":false},"excerpt":{"rendered":"<p>Nga Hatixhe Nelaj N\u00eb Mbledhjen e K\u00ebshillit drejtues t\u00eb Unionit Demokratik t\u00eb Shqiptar\u00ebve sot p\u00ebr ushtrues detyre t\u00eb kryetarit t\u00eb UDSHs\u00eb-deri n\u00eb kuvendin zgjedhor i cili parashikohet t\u00eb mbahet n\u00eb fillim t\u00eb vitit t\u00eb ardhsh\u00ebm , nj\u00eb z\u00ebri u zgjodh Mehmet Zenka.Z.Zenka deri tani ka mbuluar postin e n\u00ebnkryetarit t\u00eb partis\u00eb n\u00eb fjal\u00eb dhe \u00ebsht\u00eb [&hellip;]<\/p>\n","protected":false},"author":1,"featured_media":0,"comment_status":"open","ping_status":"closed","sticky":false,"template":"","format":"standard","meta":{"spay_email":"","jetpack_publicize_message":"","jetpack_is_tweetstorm":false,"jetpack_publicize_feature_enabled":true},"categories":[6,12],"tags":[97,2825,3371,200,18],"jetpack_publicize_connections":[],"yoast_head":"<!-- This site is optimized with the Yoast SEO plugin v19.1 - https:\/\/yoast.com\/wordpress\/plugins\/seo\/ -->\n<title>Mehmet Zenka n\u00eb vend t\u00eb Ferhat Dinosh\u00ebs - Lajme nga Ulqini<\/title>\n<meta name=\"description\" content=\"Nga Hatixhe Nelaj N\u00eb Mbledhjen e K\u00ebshillit drejtues t\u00eb Unionit Demokratik t\u00eb Shqiptar\u00ebve sot p\u00ebr ushtrues detyre t\u00eb kryetarit t\u00eb UDSHs\u00eb-deri n\u00eb kuvendin\" \/>\n<meta name=\"robots\" content=\"index, follow, max-snippet:-1, max-image-preview:large, max-video-preview:-1\" \/>\n<link rel=\"canonical\" href=\"https:\/\/www.visit-ulcinj.com\/blog\/2011\/11\/26\/mehmet-zenka-ne-vend-te-ferhat-dinoshes\/\" \/>\n<meta property=\"og:locale\" content=\"en_US\" \/>\n<meta property=\"og:type\" content=\"article\" \/>\n<meta property=\"og:title\" content=\"Mehmet Zenka n\u00eb vend t\u00eb Ferhat Dinosh\u00ebs - Lajme nga Ulqini\" \/>\n<meta property=\"og:description\" content=\"Nga Hatixhe Nelaj N\u00eb Mbledhjen e K\u00ebshillit drejtues t\u00eb Unionit Demokratik t\u00eb Shqiptar\u00ebve sot p\u00ebr ushtrues detyre t\u00eb kryetarit t\u00eb UDSHs\u00eb-deri n\u00eb kuvendin\" \/>\n<meta property=\"og:url\" content=\"https:\/\/www.visit-ulcinj.com\/blog\/2011\/11\/26\/mehmet-zenka-ne-vend-te-ferhat-dinoshes\/\" \/>\n<meta property=\"og:site_name\" content=\"Lajme nga Ulqini\" \/>\n<meta property=\"article:published_time\" content=\"2011-11-26T19:46:06+00:00\" \/>\n<meta property=\"article:modified_time\" content=\"2011-11-28T17:11:22+00:00\" \/>\n<meta property=\"og:image\" content=\"http:\/\/www.visit-ulcinj.com\/blog\/wp-content\/uploads\/2011\/11\/Mehmet-Zenka-n%C3%AB-vend-t%C3%AB-Ferhat-Dinosh%C3%ABs.jpg\" \/>\n<meta name=\"twitter:label1\" content=\"Written by\" \/>\n\t<meta name=\"twitter:data1\" content=\"ulqini\" \/>\n\t<meta name=\"twitter:label2\" content=\"Est. reading time\" \/>\n\t<meta name=\"twitter:data2\" content=\"1 minute\" \/>\n<script type=\"application\/ld+json\" class=\"yoast-schema-graph\">{\"@context\":\"https:\/\/schema.org\",\"@graph\":[{\"@type\":\"WebSite\",\"@id\":\"https:\/\/www.visit-ulcinj.com\/blog\/#website\",\"url\":\"https:\/\/www.visit-ulcinj.com\/blog\/\",\"name\":\"Lajme nga Ulqini\",\"description\":\"Lajme,Vijesti,Ulqini,Ulqin,Crna Gora,Mali i Zi\",\"potentialAction\":[{\"@type\":\"SearchAction\",\"target\":{\"@type\":\"EntryPoint\",\"urlTemplate\":\"https:\/\/www.visit-ulcinj.com\/blog\/?s={search_term_string}\"},\"query-input\":\"required name=search_term_string\"}],\"inLanguage\":\"en-US\"},{\"@type\":\"ImageObject\",\"inLanguage\":\"en-US\",\"@id\":\"https:\/\/www.visit-ulcinj.com\/blog\/2011\/11\/26\/mehmet-zenka-ne-vend-te-ferhat-dinoshes\/#primaryimage\",\"url\":\"http:\/\/www.visit-ulcinj.com\/blog\/wp-content\/uploads\/2011\/11\/Mehmet-Zenka-n%C3%AB-vend-t%C3%AB-Ferhat-Dinosh%C3%ABs.jpg\",\"contentUrl\":\"http:\/\/www.visit-ulcinj.com\/blog\/wp-content\/uploads\/2011\/11\/Mehmet-Zenka-n%C3%AB-vend-t%C3%AB-Ferhat-Dinosh%C3%ABs.jpg\"},{\"@type\":\"WebPage\",\"@id\":\"https:\/\/www.visit-ulcinj.com\/blog\/2011\/11\/26\/mehmet-zenka-ne-vend-te-ferhat-dinoshes\/#webpage\",\"url\":\"https:\/\/www.visit-ulcinj.com\/blog\/2011\/11\/26\/mehmet-zenka-ne-vend-te-ferhat-dinoshes\/\",\"name\":\"Mehmet Zenka n\u00eb vend t\u00eb Ferhat Dinosh\u00ebs - Lajme nga Ulqini\",\"isPartOf\":{\"@id\":\"https:\/\/www.visit-ulcinj.com\/blog\/#website\"},\"primaryImageOfPage\":{\"@id\":\"https:\/\/www.visit-ulcinj.com\/blog\/2011\/11\/26\/mehmet-zenka-ne-vend-te-ferhat-dinoshes\/#primaryimage\"},\"datePublished\":\"2011-11-26T19:46:06+00:00\",\"dateModified\":\"2011-11-28T17:11:22+00:00\",\"author\":{\"@id\":\"https:\/\/www.visit-ulcinj.com\/blog\/#\/schema\/person\/dcab619c614d3038751c63bc2aadc06d\"},\"description\":\"Nga Hatixhe Nelaj N\u00eb Mbledhjen e K\u00ebshillit drejtues t\u00eb Unionit Demokratik t\u00eb Shqiptar\u00ebve sot p\u00ebr ushtrues detyre t\u00eb kryetarit t\u00eb UDSHs\u00eb-deri n\u00eb kuvendin\",\"breadcrumb\":{\"@id\":\"https:\/\/www.visit-ulcinj.com\/blog\/2011\/11\/26\/mehmet-zenka-ne-vend-te-ferhat-dinoshes\/#breadcrumb\"},\"inLanguage\":\"en-US\",\"potentialAction\":[{\"@type\":\"ReadAction\",\"target\":[\"https:\/\/www.visit-ulcinj.com\/blog\/2011\/11\/26\/mehmet-zenka-ne-vend-te-ferhat-dinoshes\/\"]}]},{\"@type\":\"BreadcrumbList\",\"@id\":\"https:\/\/www.visit-ulcinj.com\/blog\/2011\/11\/26\/mehmet-zenka-ne-vend-te-ferhat-dinoshes\/#breadcrumb\",\"itemListElement\":[{\"@type\":\"ListItem\",\"position\":1,\"name\":\"Mehmet Zenka n\u00eb vend t\u00eb Ferhat Dinosh\u00ebs\"}]},{\"@type\":\"Person\",\"@id\":\"https:\/\/www.visit-ulcinj.com\/blog\/#\/schema\/person\/dcab619c614d3038751c63bc2aadc06d\",\"name\":\"ulqini\",\"sameAs\":[\"http:\/\/www.visit-ulcinj.com\"],\"url\":\"https:\/\/www.visit-ulcinj.com\/blog\/author\/admin\/\"}]}<\/script>\n<!-- \/ Yoast SEO plugin. -->","yoast_head_json":{"title":"Mehmet Zenka n\u00eb vend t\u00eb Ferhat Dinosh\u00ebs - Lajme nga Ulqini","description":"Nga Hatixhe Nelaj N\u00eb Mbledhjen e K\u00ebshillit drejtues t\u00eb Unionit Demokratik t\u00eb Shqiptar\u00ebve sot p\u00ebr ushtrues detyre t\u00eb kryetarit t\u00eb UDSHs\u00eb-deri n\u00eb kuvendin","robots":{"index":"index","follow":"follow","max-snippet":"max-snippet:-1","max-image-preview":"max-image-preview:large","max-video-preview":"max-video-preview:-1"},"canonical":"https:\/\/www.visit-ulcinj.com\/blog\/2011\/11\/26\/mehmet-zenka-ne-vend-te-ferhat-dinoshes\/","og_locale":"en_US","og_type":"article","og_title":"Mehmet Zenka n\u00eb vend t\u00eb Ferhat Dinosh\u00ebs - Lajme nga Ulqini","og_description":"Nga Hatixhe Nelaj N\u00eb Mbledhjen e K\u00ebshillit drejtues t\u00eb Unionit Demokratik t\u00eb Shqiptar\u00ebve sot p\u00ebr ushtrues detyre t\u00eb kryetarit t\u00eb UDSHs\u00eb-deri n\u00eb kuvendin","og_url":"https:\/\/www.visit-ulcinj.com\/blog\/2011\/11\/26\/mehmet-zenka-ne-vend-te-ferhat-dinoshes\/","og_site_name":"Lajme nga Ulqini","article_published_time":"2011-11-26T19:46:06+00:00","article_modified_time":"2011-11-28T17:11:22+00:00","og_image":[{"url":"http:\/\/www.visit-ulcinj.com\/blog\/wp-content\/uploads\/2011\/11\/Mehmet-Zenka-n%C3%AB-vend-t%C3%AB-Ferhat-Dinosh%C3%ABs.jpg"}],"twitter_misc":{"Written by":"ulqini","Est. reading time":"1 minute"},"schema":{"@context":"https:\/\/schema.org","@graph":[{"@type":"WebSite","@id":"https:\/\/www.visit-ulcinj.com\/blog\/#website","url":"https:\/\/www.visit-ulcinj.com\/blog\/","name":"Lajme nga Ulqini","description":"Lajme,Vijesti,Ulqini,Ulqin,Crna Gora,Mali i Zi","potentialAction":[{"@type":"SearchAction","target":{"@type":"EntryPoint","urlTemplate":"https:\/\/www.visit-ulcinj.com\/blog\/?s={search_term_string}"},"query-input":"required name=search_term_string"}],"inLanguage":"en-US"},{"@type":"ImageObject","inLanguage":"en-US","@id":"https:\/\/www.visit-ulcinj.com\/blog\/2011\/11\/26\/mehmet-zenka-ne-vend-te-ferhat-dinoshes\/#primaryimage","url":"http:\/\/www.visit-ulcinj.com\/blog\/wp-content\/uploads\/2011\/11\/Mehmet-Zenka-n%C3%AB-vend-t%C3%AB-Ferhat-Dinosh%C3%ABs.jpg","contentUrl":"http:\/\/www.visit-ulcinj.com\/blog\/wp-content\/uploads\/2011\/11\/Mehmet-Zenka-n%C3%AB-vend-t%C3%AB-Ferhat-Dinosh%C3%ABs.jpg"},{"@type":"WebPage","@id":"https:\/\/www.visit-ulcinj.com\/blog\/2011\/11\/26\/mehmet-zenka-ne-vend-te-ferhat-dinoshes\/#webpage","url":"https:\/\/www.visit-ulcinj.com\/blog\/2011\/11\/26\/mehmet-zenka-ne-vend-te-ferhat-dinoshes\/","name":"Mehmet Zenka n\u00eb vend t\u00eb Ferhat Dinosh\u00ebs - Lajme nga Ulqini","isPartOf":{"@id":"https:\/\/www.visit-ulcinj.com\/blog\/#website"},"primaryImageOfPage":{"@id":"https:\/\/www.visit-ulcinj.com\/blog\/2011\/11\/26\/mehmet-zenka-ne-vend-te-ferhat-dinoshes\/#primaryimage"},"datePublished":"2011-11-26T19:46:06+00:00","dateModified":"2011-11-28T17:11:22+00:00","author":{"@id":"https:\/\/www.visit-ulcinj.com\/blog\/#\/schema\/person\/dcab619c614d3038751c63bc2aadc06d"},"description":"Nga Hatixhe Nelaj N\u00eb Mbledhjen e K\u00ebshillit drejtues t\u00eb Unionit Demokratik t\u00eb Shqiptar\u00ebve sot p\u00ebr ushtrues detyre t\u00eb kryetarit t\u00eb UDSHs\u00eb-deri n\u00eb kuvendin","breadcrumb":{"@id":"https:\/\/www.visit-ulcinj.com\/blog\/2011\/11\/26\/mehmet-zenka-ne-vend-te-ferhat-dinoshes\/#breadcrumb"},"inLanguage":"en-US","potentialAction":[{"@type":"ReadAction","target":["https:\/\/www.visit-ulcinj.com\/blog\/2011\/11\/26\/mehmet-zenka-ne-vend-te-ferhat-dinoshes\/"]}]},{"@type":"BreadcrumbList","@id":"https:\/\/www.visit-ulcinj.com\/blog\/2011\/11\/26\/mehmet-zenka-ne-vend-te-ferhat-dinoshes\/#breadcrumb","itemListElement":[{"@type":"ListItem","position":1,"name":"Mehmet Zenka n\u00eb vend t\u00eb Ferhat Dinosh\u00ebs"}]},{"@type":"Person","@id":"https:\/\/www.visit-ulcinj.com\/blog\/#\/schema\/person\/dcab619c614d3038751c63bc2aadc06d","name":"ulqini","sameAs":["http:\/\/www.visit-ulcinj.com"],"url":"https:\/\/www.visit-ulcinj.com\/blog\/author\/admin\/"}]}},"jetpack_featured_media_url":"","jetpack_sharing_enabled":true,"jetpack_shortlink":"https:\/\/wp.me\/pe6lTn-dY4","_links":{"self":[{"href":"https:\/\/www.visit-ulcinj.com\/blog\/wp-json\/wp\/v2\/posts\/53696"}],"collection":[{"href":"https:\/\/www.visit-ulcinj.com\/blog\/wp-json\/wp\/v2\/posts"}],"about":[{"href":"https:\/\/www.visit-ulcinj.com\/blog\/wp-json\/wp\/v2\/types\/post"}],"author":[{"embeddable":true,"href":"https:\/\/www.visit-ulcinj.com\/blog\/wp-json\/wp\/v2\/users\/1"}],"replies":[{"embeddable":true,"href":"https:\/\/www.visit-ulcinj.com\/blog\/wp-json\/wp\/v2\/comments?post=53696"}],"version-history":[{"count":2,"href":"https:\/\/www.visit-ulcinj.com\/blog\/wp-json\/wp\/v2\/posts\/53696\/revisions"}],"predecessor-version":[{"id":53818,"href":"https:\/\/www.visit-ulcinj.com\/blog\/wp-json\/wp\/v2\/posts\/53696\/revisions\/53818"}],"wp:attachment":[{"href":"https:\/\/www.visit-ulcinj.com\/blog\/wp-json\/wp\/v2\/media?parent=53696"}],"wp:term":[{"taxonomy":"category","embeddable":true,"href":"https:\/\/www.visit-ulcinj.com\/blog\/wp-json\/wp\/v2\/categories?post=53696"},{"taxonomy":"post_tag","embeddable":true,"href":"https:\/\/www.visit-ulcinj.com\/blog\/wp-json\/wp\/v2\/tags?post=53696"}],"curies":[{"name":"wp","href":"https:\/\/api.w.org\/{rel}","templated":true}]}}