{"id":53731,"date":"2011-11-27T17:30:09","date_gmt":"2011-11-27T16:30:09","guid":{"rendered":"http:\/\/www.visit-ulcinj.com\/blog\/?p=53731"},"modified":"2011-11-27T17:30:09","modified_gmt":"2011-11-27T16:30:09","slug":"seldi-kapet-mat-me-adelina-tahirin","status":"publish","type":"post","link":"https:\/\/www.visit-ulcinj.com\/blog\/2011\/11\/27\/seldi-kapet-mat-me-adelina-tahirin\/","title":{"rendered":"Seldi kapet mat me Adelina Tahirin"},"content":{"rendered":"<p><a href=\"http:\/\/www.visit-ulcinj.com\/blog\/wp-content\/uploads\/2011\/11\/Seldi-kapet-mat-me-Adelina-Tahirin.jpg\"><img loading=\"lazy\" class=\"alignleft size-full wp-image-53732\" title=\"Seldi kapet mat me Adelina Tahirin\" src=\"http:\/\/www.visit-ulcinj.com\/blog\/wp-content\/uploads\/2011\/11\/Seldi-kapet-mat-me-Adelina-Tahirin.jpg\" alt=\"\" width=\"350\" height=\"254\" \/><\/a>E kush nuk do t\u00eb donte ta kishte sa m\u00eb af\u00ebr siren\u00ebn e bukur t\u00eb \u201cK\u00ebng\u00ebs Magjike\u201d! Nj\u00eb k\u00ebng\u00eb shum\u00eb e ndier, nj\u00eb interpretim prek\u00ebs ku k\u00ebng\u00ebtarja nuk kurseu as lot\u00ebt dhe n\u00eb fund transformimi nga siren\u00eb n\u00eb nj\u00eb fem\u00ebr super seksi, m\u00eb shum\u00eb e zhveshur se e veshur.<\/p>\n<p>Kushedi sa meshkuj ka b\u00ebr\u00eb t\u00eb \u00ebnd\u00ebrroj\u00eb at\u00eb nat\u00eb Adelina, teksa k\u00ebndonte dhe p\u00ebrlotej p\u00ebr nj\u00eb dashuri t\u00eb humbur! Kushedi sa meshkuj do t\u00eb kishin dashur t\u00eb ishin aty p\u00ebr t\u2019i th\u00ebn\u00eb se ajo nuk ka pse qan p\u00ebr nj\u00eb dashuri, t\u00eb tjer\u00ebt po, le t\u00eb torturohen e t\u00eb han\u00eb veten me dh\u00ebmb\u00eb duke \u00ebnd\u00ebrruar t\u00eb jen\u00eb af\u00ebr saj.<\/p>\n<p>Por ishte nj\u00ebri, shum\u00eb m\u00eb fatlum se t\u00eb tjer\u00ebt, i cili pati fatin ta ket\u00eb Adelin\u00ebn jo af\u00ebr, por ngjitur fare! Dhe kush ishte ky? Seldi, mo Seldi! Nuk e dim\u00eb se sa koh\u00eb kan\u00eb q\u00eb njihen, dim\u00eb q\u00eb n\u00eb k\u00ebt\u00eb festival i bashkonte kompozitori i p\u00ebrbashk\u00ebt, por marr\u00ebdh\u00ebnia mes tyre me sa duket qenka shum\u00eb m\u00eb e af\u00ebrt nga sa mund t\u00eb mendohej.<\/p>\n<p>N\u00eb paskuinta, Seldi as q\u00eb donte t\u2019ia dinte se nuk kishte arritur t\u00eb shkonte n\u00eb finale, pa\u00e7ka se e synonte. Aty ishte Adelina dhe ai mund ta puthte e ta prekte si t\u2019i donte qejfi! Ky po q\u00eb \u00ebsht\u00eb fat!<\/p>\n<p><strong>Panorama Plus<\/strong><\/p>\n<!--YouTube Error: bad URL entered-->\n","protected":false},"excerpt":{"rendered":"<p>E kush nuk do t\u00eb donte ta kishte sa m\u00eb af\u00ebr siren\u00ebn e bukur t\u00eb \u201cK\u00ebng\u00ebs Magjike\u201d! Nj\u00eb k\u00ebng\u00eb shum\u00eb e ndier, nj\u00eb interpretim prek\u00ebs ku k\u00ebng\u00ebtarja nuk kurseu as lot\u00ebt dhe n\u00eb fund transformimi nga siren\u00eb n\u00eb nj\u00eb fem\u00ebr super seksi, m\u00eb shum\u00eb e zhveshur se e veshur. Kushedi sa meshkuj ka b\u00ebr\u00eb t\u00eb [&hellip;]<\/p>\n","protected":false},"author":1,"featured_media":0,"comment_status":"open","ping_status":"closed","sticky":false,"template":"","format":"standard","meta":{"spay_email":"","jetpack_publicize_message":"","jetpack_is_tweetstorm":false,"jetpack_publicize_feature_enabled":true},"categories":[1],"tags":[6597,5057,16036,19511,19459,16060,6693,19460],"jetpack_publicize_connections":[],"yoast_head":"<!-- This site is optimized with the Yoast SEO plugin v19.1 - https:\/\/yoast.com\/wordpress\/plugins\/seo\/ -->\n<title>Seldi kapet mat me Adelina Tahirin - Lajme nga Ulqini<\/title>\n<meta name=\"description\" content=\"E kush nuk do t\u00eb donte ta kishte sa m\u00eb af\u00ebr siren\u00ebn e bukur t\u00eb \u201cK\u00ebng\u00ebs Magjike\u201d! Nj\u00eb k\u00ebng\u00eb shum\u00eb e ndier, nj\u00eb interpretim prek\u00ebs ku k\u00ebng\u00ebtarja nuk kurseu\" \/>\n<meta name=\"robots\" content=\"index, follow, max-snippet:-1, max-image-preview:large, max-video-preview:-1\" \/>\n<link rel=\"canonical\" href=\"https:\/\/www.visit-ulcinj.com\/blog\/2011\/11\/27\/seldi-kapet-mat-me-adelina-tahirin\/\" \/>\n<meta property=\"og:locale\" content=\"en_US\" \/>\n<meta property=\"og:type\" content=\"article\" \/>\n<meta property=\"og:title\" content=\"Seldi kapet mat me Adelina Tahirin - Lajme nga Ulqini\" \/>\n<meta property=\"og:description\" content=\"E kush nuk do t\u00eb donte ta kishte sa m\u00eb af\u00ebr siren\u00ebn e bukur t\u00eb \u201cK\u00ebng\u00ebs Magjike\u201d! Nj\u00eb k\u00ebng\u00eb shum\u00eb e ndier, nj\u00eb interpretim prek\u00ebs ku k\u00ebng\u00ebtarja nuk kurseu\" \/>\n<meta property=\"og:url\" content=\"https:\/\/www.visit-ulcinj.com\/blog\/2011\/11\/27\/seldi-kapet-mat-me-adelina-tahirin\/\" \/>\n<meta property=\"og:site_name\" content=\"Lajme nga Ulqini\" \/>\n<meta property=\"article:published_time\" content=\"2011-11-27T16:30:09+00:00\" \/>\n<meta property=\"og:image\" content=\"http:\/\/www.visit-ulcinj.com\/blog\/wp-content\/uploads\/2011\/11\/Seldi-kapet-mat-me-Adelina-Tahirin.jpg\" \/>\n<meta name=\"twitter:label1\" content=\"Written by\" \/>\n\t<meta name=\"twitter:data1\" content=\"ulqini\" \/>\n\t<meta name=\"twitter:label2\" content=\"Est. reading time\" \/>\n\t<meta name=\"twitter:data2\" content=\"1 minute\" \/>\n<script type=\"application\/ld+json\" class=\"yoast-schema-graph\">{\"@context\":\"https:\/\/schema.org\",\"@graph\":[{\"@type\":\"WebSite\",\"@id\":\"https:\/\/www.visit-ulcinj.com\/blog\/#website\",\"url\":\"https:\/\/www.visit-ulcinj.com\/blog\/\",\"name\":\"Lajme nga Ulqini\",\"description\":\"Lajme,Vijesti,Ulqini,Ulqin,Crna Gora,Mali i Zi\",\"potentialAction\":[{\"@type\":\"SearchAction\",\"target\":{\"@type\":\"EntryPoint\",\"urlTemplate\":\"https:\/\/www.visit-ulcinj.com\/blog\/?s={search_term_string}\"},\"query-input\":\"required name=search_term_string\"}],\"inLanguage\":\"en-US\"},{\"@type\":\"ImageObject\",\"inLanguage\":\"en-US\",\"@id\":\"https:\/\/www.visit-ulcinj.com\/blog\/2011\/11\/27\/seldi-kapet-mat-me-adelina-tahirin\/#primaryimage\",\"url\":\"http:\/\/www.visit-ulcinj.com\/blog\/wp-content\/uploads\/2011\/11\/Seldi-kapet-mat-me-Adelina-Tahirin.jpg\",\"contentUrl\":\"http:\/\/www.visit-ulcinj.com\/blog\/wp-content\/uploads\/2011\/11\/Seldi-kapet-mat-me-Adelina-Tahirin.jpg\"},{\"@type\":\"WebPage\",\"@id\":\"https:\/\/www.visit-ulcinj.com\/blog\/2011\/11\/27\/seldi-kapet-mat-me-adelina-tahirin\/#webpage\",\"url\":\"https:\/\/www.visit-ulcinj.com\/blog\/2011\/11\/27\/seldi-kapet-mat-me-adelina-tahirin\/\",\"name\":\"Seldi kapet mat me Adelina Tahirin - Lajme nga Ulqini\",\"isPartOf\":{\"@id\":\"https:\/\/www.visit-ulcinj.com\/blog\/#website\"},\"primaryImageOfPage\":{\"@id\":\"https:\/\/www.visit-ulcinj.com\/blog\/2011\/11\/27\/seldi-kapet-mat-me-adelina-tahirin\/#primaryimage\"},\"datePublished\":\"2011-11-27T16:30:09+00:00\",\"dateModified\":\"2011-11-27T16:30:09+00:00\",\"author\":{\"@id\":\"https:\/\/www.visit-ulcinj.com\/blog\/#\/schema\/person\/dcab619c614d3038751c63bc2aadc06d\"},\"description\":\"E kush nuk do t\u00eb donte ta kishte sa m\u00eb af\u00ebr siren\u00ebn e bukur t\u00eb \u201cK\u00ebng\u00ebs Magjike\u201d! Nj\u00eb k\u00ebng\u00eb shum\u00eb e ndier, nj\u00eb interpretim prek\u00ebs ku k\u00ebng\u00ebtarja nuk kurseu\",\"breadcrumb\":{\"@id\":\"https:\/\/www.visit-ulcinj.com\/blog\/2011\/11\/27\/seldi-kapet-mat-me-adelina-tahirin\/#breadcrumb\"},\"inLanguage\":\"en-US\",\"potentialAction\":[{\"@type\":\"ReadAction\",\"target\":[\"https:\/\/www.visit-ulcinj.com\/blog\/2011\/11\/27\/seldi-kapet-mat-me-adelina-tahirin\/\"]}]},{\"@type\":\"BreadcrumbList\",\"@id\":\"https:\/\/www.visit-ulcinj.com\/blog\/2011\/11\/27\/seldi-kapet-mat-me-adelina-tahirin\/#breadcrumb\",\"itemListElement\":[{\"@type\":\"ListItem\",\"position\":1,\"name\":\"Seldi kapet mat me Adelina Tahirin\"}]},{\"@type\":\"Person\",\"@id\":\"https:\/\/www.visit-ulcinj.com\/blog\/#\/schema\/person\/dcab619c614d3038751c63bc2aadc06d\",\"name\":\"ulqini\",\"sameAs\":[\"http:\/\/www.visit-ulcinj.com\"],\"url\":\"https:\/\/www.visit-ulcinj.com\/blog\/author\/admin\/\"}]}<\/script>\n<!-- \/ Yoast SEO plugin. -->","yoast_head_json":{"title":"Seldi kapet mat me Adelina Tahirin - Lajme nga Ulqini","description":"E kush nuk do t\u00eb donte ta kishte sa m\u00eb af\u00ebr siren\u00ebn e bukur t\u00eb \u201cK\u00ebng\u00ebs Magjike\u201d! Nj\u00eb k\u00ebng\u00eb shum\u00eb e ndier, nj\u00eb interpretim prek\u00ebs ku k\u00ebng\u00ebtarja nuk kurseu","robots":{"index":"index","follow":"follow","max-snippet":"max-snippet:-1","max-image-preview":"max-image-preview:large","max-video-preview":"max-video-preview:-1"},"canonical":"https:\/\/www.visit-ulcinj.com\/blog\/2011\/11\/27\/seldi-kapet-mat-me-adelina-tahirin\/","og_locale":"en_US","og_type":"article","og_title":"Seldi kapet mat me Adelina Tahirin - Lajme nga Ulqini","og_description":"E kush nuk do t\u00eb donte ta kishte sa m\u00eb af\u00ebr siren\u00ebn e bukur t\u00eb \u201cK\u00ebng\u00ebs Magjike\u201d! Nj\u00eb k\u00ebng\u00eb shum\u00eb e ndier, nj\u00eb interpretim prek\u00ebs ku k\u00ebng\u00ebtarja nuk kurseu","og_url":"https:\/\/www.visit-ulcinj.com\/blog\/2011\/11\/27\/seldi-kapet-mat-me-adelina-tahirin\/","og_site_name":"Lajme nga Ulqini","article_published_time":"2011-11-27T16:30:09+00:00","og_image":[{"url":"http:\/\/www.visit-ulcinj.com\/blog\/wp-content\/uploads\/2011\/11\/Seldi-kapet-mat-me-Adelina-Tahirin.jpg"}],"twitter_misc":{"Written by":"ulqini","Est. reading time":"1 minute"},"schema":{"@context":"https:\/\/schema.org","@graph":[{"@type":"WebSite","@id":"https:\/\/www.visit-ulcinj.com\/blog\/#website","url":"https:\/\/www.visit-ulcinj.com\/blog\/","name":"Lajme nga Ulqini","description":"Lajme,Vijesti,Ulqini,Ulqin,Crna Gora,Mali i Zi","potentialAction":[{"@type":"SearchAction","target":{"@type":"EntryPoint","urlTemplate":"https:\/\/www.visit-ulcinj.com\/blog\/?s={search_term_string}"},"query-input":"required name=search_term_string"}],"inLanguage":"en-US"},{"@type":"ImageObject","inLanguage":"en-US","@id":"https:\/\/www.visit-ulcinj.com\/blog\/2011\/11\/27\/seldi-kapet-mat-me-adelina-tahirin\/#primaryimage","url":"http:\/\/www.visit-ulcinj.com\/blog\/wp-content\/uploads\/2011\/11\/Seldi-kapet-mat-me-Adelina-Tahirin.jpg","contentUrl":"http:\/\/www.visit-ulcinj.com\/blog\/wp-content\/uploads\/2011\/11\/Seldi-kapet-mat-me-Adelina-Tahirin.jpg"},{"@type":"WebPage","@id":"https:\/\/www.visit-ulcinj.com\/blog\/2011\/11\/27\/seldi-kapet-mat-me-adelina-tahirin\/#webpage","url":"https:\/\/www.visit-ulcinj.com\/blog\/2011\/11\/27\/seldi-kapet-mat-me-adelina-tahirin\/","name":"Seldi kapet mat me Adelina Tahirin - Lajme nga Ulqini","isPartOf":{"@id":"https:\/\/www.visit-ulcinj.com\/blog\/#website"},"primaryImageOfPage":{"@id":"https:\/\/www.visit-ulcinj.com\/blog\/2011\/11\/27\/seldi-kapet-mat-me-adelina-tahirin\/#primaryimage"},"datePublished":"2011-11-27T16:30:09+00:00","dateModified":"2011-11-27T16:30:09+00:00","author":{"@id":"https:\/\/www.visit-ulcinj.com\/blog\/#\/schema\/person\/dcab619c614d3038751c63bc2aadc06d"},"description":"E kush nuk do t\u00eb donte ta kishte sa m\u00eb af\u00ebr siren\u00ebn e bukur t\u00eb \u201cK\u00ebng\u00ebs Magjike\u201d! Nj\u00eb k\u00ebng\u00eb shum\u00eb e ndier, nj\u00eb interpretim prek\u00ebs ku k\u00ebng\u00ebtarja nuk kurseu","breadcrumb":{"@id":"https:\/\/www.visit-ulcinj.com\/blog\/2011\/11\/27\/seldi-kapet-mat-me-adelina-tahirin\/#breadcrumb"},"inLanguage":"en-US","potentialAction":[{"@type":"ReadAction","target":["https:\/\/www.visit-ulcinj.com\/blog\/2011\/11\/27\/seldi-kapet-mat-me-adelina-tahirin\/"]}]},{"@type":"BreadcrumbList","@id":"https:\/\/www.visit-ulcinj.com\/blog\/2011\/11\/27\/seldi-kapet-mat-me-adelina-tahirin\/#breadcrumb","itemListElement":[{"@type":"ListItem","position":1,"name":"Seldi kapet mat me Adelina Tahirin"}]},{"@type":"Person","@id":"https:\/\/www.visit-ulcinj.com\/blog\/#\/schema\/person\/dcab619c614d3038751c63bc2aadc06d","name":"ulqini","sameAs":["http:\/\/www.visit-ulcinj.com"],"url":"https:\/\/www.visit-ulcinj.com\/blog\/author\/admin\/"}]}},"jetpack_featured_media_url":"","jetpack_sharing_enabled":true,"jetpack_shortlink":"https:\/\/wp.me\/pe6lTn-dYD","_links":{"self":[{"href":"https:\/\/www.visit-ulcinj.com\/blog\/wp-json\/wp\/v2\/posts\/53731"}],"collection":[{"href":"https:\/\/www.visit-ulcinj.com\/blog\/wp-json\/wp\/v2\/posts"}],"about":[{"href":"https:\/\/www.visit-ulcinj.com\/blog\/wp-json\/wp\/v2\/types\/post"}],"author":[{"embeddable":true,"href":"https:\/\/www.visit-ulcinj.com\/blog\/wp-json\/wp\/v2\/users\/1"}],"replies":[{"embeddable":true,"href":"https:\/\/www.visit-ulcinj.com\/blog\/wp-json\/wp\/v2\/comments?post=53731"}],"version-history":[{"count":2,"href":"https:\/\/www.visit-ulcinj.com\/blog\/wp-json\/wp\/v2\/posts\/53731\/revisions"}],"predecessor-version":[{"id":53734,"href":"https:\/\/www.visit-ulcinj.com\/blog\/wp-json\/wp\/v2\/posts\/53731\/revisions\/53734"}],"wp:attachment":[{"href":"https:\/\/www.visit-ulcinj.com\/blog\/wp-json\/wp\/v2\/media?parent=53731"}],"wp:term":[{"taxonomy":"category","embeddable":true,"href":"https:\/\/www.visit-ulcinj.com\/blog\/wp-json\/wp\/v2\/categories?post=53731"},{"taxonomy":"post_tag","embeddable":true,"href":"https:\/\/www.visit-ulcinj.com\/blog\/wp-json\/wp\/v2\/tags?post=53731"}],"curies":[{"name":"wp","href":"https:\/\/api.w.org\/{rel}","templated":true}]}}