{"id":53735,"date":"2011-11-27T17:48:17","date_gmt":"2011-11-27T16:48:17","guid":{"rendered":"http:\/\/www.visit-ulcinj.com\/blog\/?p=53735"},"modified":"2011-11-27T17:48:17","modified_gmt":"2011-11-27T16:48:17","slug":"aurela-gace-femija-eshte-%e2%80%9cmrekulli-e-mrekullive%e2%80%9d","status":"publish","type":"post","link":"https:\/\/www.visit-ulcinj.com\/blog\/2011\/11\/27\/aurela-gace-femija-eshte-%e2%80%9cmrekulli-e-mrekullive%e2%80%9d\/","title":{"rendered":"Aurela Ga\u00e7e: F\u00ebmija \u00ebsht\u00eb \u201cmrekulli e mrekullive\u201d"},"content":{"rendered":"<p><a href=\"http:\/\/www.visit-ulcinj.com\/blog\/wp-content\/uploads\/2011\/11\/Aurela-Ga%C3%A7e_-dhe-e-bija.jpg\"><img loading=\"lazy\" class=\"alignleft size-full wp-image-53737\" title=\"Aurela Ga\u00e7e_ dhe e bija\" src=\"http:\/\/www.visit-ulcinj.com\/blog\/wp-content\/uploads\/2011\/11\/Aurela-Ga%C3%A7e_-dhe-e-bija.jpg\" alt=\"\" width=\"350\" height=\"215\" \/><\/a>E bija, Grace (Grejs) ka vet\u00ebm pak dit\u00eb q\u00eb ka ardhur n\u00eb jet\u00eb, por sakaq e ka zbukuruar kaq shum\u00eb jet\u00ebn e k\u00ebng\u00ebtares s\u00eb shum\u00eb hiteve, aq sa ajo me zor arrin ta artikuloj\u00eb me fjal\u00eb. T\u00eb gjitha ndjesit\u00eb e \u00ebmbla, ato p\u00ebrqafimet e ngrohta dhe emocionin e shikimit n\u00eb sy me foshnj\u00ebn e saj, Aurela i rr\u00ebfen m\u00eb posht\u00eb, ama pa d\u00ebshir\u00ebn p\u00ebr ta ekspozuar t\u00eb bij\u00ebn n\u00eb media\u2026<\/p>\n<p>Edhe kur i themi se \u201cGrace n\u00ebse i ngjan s\u00eb \u00ebm\u00ebs, s\u2019ka nga t\u00eb shkoj\u00eb, do t\u00eb b\u00ebhet k\u00ebng\u00ebtare se s\u2019b\u00ebn\u201d, mamaja moderne shprehet me rezerva: \u201cGrejsi do ta zgjedh\u00eb vet\u00eb dhe duke qen\u00eb se jan\u00eb bashkuar dy gene, t\u00eb miat dhe t\u00eb Skerdit, ndoshta ajo do doj\u00eb t\u00eb q\u00ebndroj\u00eb e qet\u00eb n\u00eb jet\u00ebn e saj, si i ati\u2026\u201d N\u00eb fakt, teksa zhvillojm\u00eb intervist\u00ebn, Grace po q\u00ebndron aq qet\u00eb sa nuk dim\u00eb t\u00eb themi n\u00ebse nga e qara melodioze e ka trash\u00ebguar talentin e s\u00eb \u00ebm\u00ebs\u2026 Vet\u00eb Aurela e ka th\u00ebn\u00eb edhe m\u00eb her\u00ebt se lajmi i \u00ebmb\u00ebl i m\u00ebm\u00ebsis\u00eb, q\u00eb e m\u00ebsoi nd\u00ebrsa p\u00ebrgatitej p\u00ebr \u201cEurosong 2011\u201d e ka \u00e7uar n\u00eb qiellin e shtat\u00eb! \u201cGjat\u00eb gjith\u00eb koh\u00ebs kam d\u00ebshiruar t\u00eb jem n\u00ebn\u00eb. Por, sikurse e thash\u00eb edhe m\u00eb sip\u00ebr, nuk do t\u00eb doja t\u00eb tregohesha egoiste dhe t\u00eb mendoja vet\u00ebm p\u00ebr vete duke sjell\u00eb n\u00eb jet\u00eb nj\u00eb f\u00ebmij\u00eb, n\u00ebse nuk do t\u00eb ishte babai i duhur\u201d, \u2013 tregon ajo, duke k\u00ebshilluar t\u00eb gjitha femrat t\u00eb b\u00ebhen n\u00ebna, sepse \u00ebsht\u00eb nj\u00eb ndjesi e mrekullueshme!<\/p>\n<p><strong>Aurela, ke fare pak dit\u00eb q\u00eb ke lindur, si ndjehesh kur mban vajz\u00ebn t\u00ebnde n\u00eb krah\u00eb?<\/strong><\/p>\n<p>E kisha pritur kaq shum\u00eb k\u00ebt\u00eb moment, t\u00eb kisha engj\u00ebllin tim n\u00eb duar, saq\u00eb tani nuk di si ta shpreh lumturin\u00eb. E doja shum\u00eb, vet\u00ebm se nuk e kisha gjetur ende personin e duhur p\u00ebr ta realizuar k\u00ebt\u00eb gj\u00eb (Qesh). Pik\u00ebrisht p\u00ebr k\u00ebt\u00eb arsye prita kaq gjat\u00eb dhe bashk\u00eb me partnerin tim, Skerdin, jemi m\u00eb shum\u00eb se t\u00eb lumtur, nuk dim\u00eb si ta shprehim g\u00ebzimin. T\u00eb kesh f\u00ebmij\u00ebn t\u00ebnd paska qen\u00eb mrekullia m\u00eb e bukur n\u00eb bot\u00eb, mrekulli e mrekullive, nuk e imagjinoni dot. S\u2019kam provuar kurr\u00eb m\u00eb par\u00eb nj\u00eb ndjesi t\u00eb till\u00eb, nga t\u00eb gjitha gj\u00ebrat q\u00eb kam b\u00ebr\u00eb!<\/p>\n<p><strong>Instinkti i n\u00ebn\u00ebs u shfaq krejt natyrsh\u00ebm apo jo, sepse shohim q\u00eb e mban vog\u00eblushen sikur t\u00eb ishit p\u00ebrkujdesur prej shum\u00eb koh\u00ebsh p\u00ebr t\u00eb (natyrisht jo n\u00eb bark)\u2026<\/strong><\/p>\n<p>N\u00eb fakt, gjat\u00eb gjith\u00eb koh\u00ebs instinkti i n\u00ebn\u00ebs ka qen\u00eb me mua. Gjat\u00eb gjith\u00eb koh\u00ebs kam d\u00ebshiruar t\u00eb jem n\u00ebn\u00eb. Por, sikurse e thash\u00eb edhe m\u00eb sip\u00ebr, nuk do t\u00eb\u00a0 doja t\u00eb tregohesha egoiste dhe t\u00eb mendoja vet\u00ebm p\u00ebr vete duke sjell\u00eb n\u00eb jet\u00eb nj\u00eb f\u00ebmij\u00eb, n\u00ebse nuk do t\u00eb ishte babai i duhur.<\/p>\n<p><strong>Si shkoi procesi i lindjes, sepse e solle n\u00eb jet\u00eb vajz\u00ebn p\u00ebrmes nj\u00eb nd\u00ebrhyrjeje cezariane. A kishe frik\u00eb?<\/strong><\/p>\n<p>Mendoj se \u00e7do gj\u00eb ndodhi bukur, erdhi krejt bukur dhe pavar\u00ebsisht frik\u00ebs sime t\u00eb madhe, sepse un\u00eb, edhe pse dukem e fort\u00eb, jam shum\u00eb frikacake. Ky proces shkoi mrekullisht mir\u00eb. Natyrisht, kjo edhe fal\u00eb mb\u00ebshtetjes dhe inkurajimit t\u00eb stafit dhe profesor Nikit\u00ebs, i cili gjithashtu ka ndjekur hap pas hapi shtatz\u00ebnin\u00eb time. Vet\u00ebm profesor Nikita m\u00eb ka par\u00eb dhe \u00ebsht\u00eb d\u00ebshmitar sesa jam dridhur (hahaha). Fatmir\u00ebsisht, qet\u00ebsuesit b\u00ebn\u00eb t\u00eb vet\u00ebn\u2026<\/p>\n<p><strong>Kush t\u00eb ka q\u00ebndruar pran\u00eb gjat\u00eb k\u00ebtyre dit\u00ebve?<\/strong><\/p>\n<p>Sigurisht q\u00eb m\u00eb t\u00eb dashurit e mi, ndaj me k\u00ebt\u00eb rast dua t\u00eb fal\u00ebnderoj shum\u00eb prind\u00ebrit e mi, mamin e Skerdit dhe sidomos Skerdin, i cili m\u00eb ka q\u00ebndruar gjat\u00eb gjith\u00eb koh\u00ebs pran\u00eb. Nuk mund t\u00eb l\u00eb pa p\u00ebrmendur fansat e mi, t\u00eb cil\u00ebt gjat\u00eb gjith\u00eb koh\u00ebs jo vet\u00ebm m\u00eb kan\u00eb p\u00ebrkrahur dhe m\u00eb kan\u00eb dh\u00ebn\u00eb dashuri, por edhe kan\u00eb qen\u00eb kurioz\u00eb p\u00ebr emrin e bebit, baban\u00eb e vajz\u00ebs etj. Ndaj e ndiej edhe si detyrim moral q\u00eb t\u00eb flas p\u00ebr ta, sepse jan\u00eb ata q\u00eb m\u00eb mb\u00ebshtesin n\u00eb \u00e7do hap timin.<\/p>\n<p><strong>P\u00ebrse zgjodhe t\u00eb lindje n\u00eb Shqip\u00ebri?<\/strong><\/p>\n<p>E kam th\u00ebn\u00eb edhe n\u00eb nj\u00eb intervist\u00eb m\u00eb t\u00eb hershme t\u00eb realizuar para lindjes se e kisha vendosur q\u00eb n\u00eb muajt e par\u00eb t\u00eb shtatz\u00ebnis\u00eb se do t\u00eb lindja k\u00ebtu, se do ta sillja n\u00eb jet\u00eb engj\u00ebllin tim t\u00eb vog\u00ebl n\u00eb Shqip\u00ebri. Kam ardhur ta kryej k\u00ebt\u00eb sh\u00ebrbim k\u00ebtu, sepse jam n\u00eb sht\u00ebpi, edhe pse prej shum\u00eb vitesh ndaj jet\u00ebn mes Amerik\u00ebs dhe Shqip\u00ebris\u00eb. Por, k\u00ebtu kam njer\u00ebzit e dashur, kam familjen time, t\u00eb gjith\u00eb ata q\u00eb m\u00eb mb\u00ebshtesin, ndaj nuk d\u00ebshiroja t\u00eb lindja n\u00eb SHBA. P\u00ebr m\u00eb tep\u00ebr q\u00eb isha e sigurt q\u00eb gjith\u00e7ka do t\u00eb shkonte kaq mir\u00eb sa edhe shkoi.<\/p>\n<p><strong>Emri i vajz\u00ebs \u00ebsht\u00eb Grace (n\u00eb shqip Grejs). P\u00ebrse ky em\u00ebr, q\u00eb n\u00eb anglisht do t\u00eb thot\u00eb \u201chiri i Zotit\u201d?<\/strong><\/p>\n<p>Po, do t\u00eb thot\u00eb \u201cHiri i Per\u00ebndis\u00eb\u201d dhe n\u00eb fakt f\u00ebmija ashtu \u00ebsht\u00eb, hir nga Zoti, nj\u00eb bekim dhe lumturi p\u00ebr k\u00ebdo.<\/p>\n<p><strong>E kishe menduar q\u00eb m\u00eb par\u00eb k\u00ebt\u00eb em\u00ebr?!<\/strong><\/p>\n<p>E di si ndodhi?! N\u00eb Amerik\u00eb, ngaq\u00eb kan\u00eb v\u00ebshtir\u00ebsi n\u00eb prononcimin e emrit tim, Aurela Ga\u00e7e, shpesh kur lexonin ftesat e koncerteve t\u00eb mia ma prononconin \u201cAurela Grace (Grejs)\u201d. K\u00ebshtu q\u00eb m\u00eb mbeti n\u00eb mendje \u201cHiri i Per\u00ebndis\u00eb\u201d dhe pse jo, mendova q\u00eb me k\u00ebt\u00eb em\u00ebr t\u00eb pag\u00ebzoja vajz\u00ebn time. Dhe ja ku jam tani \u201cAurela e Grace\u201d-it. (Qesh)<\/p>\n<p><strong>P\u00ebr fat, keni k\u00ebnduar s\u00eb bashku n\u00eb duet q\u00eb kur Grace ishte n\u00eb barkun t\u00ebnd\u2026<\/strong><\/p>\n<p>S\u00eb pari, Grejs ka k\u00ebnduar me mamin q\u00eb n\u00eb sken\u00ebn e Eurosong-ut, q\u00eb u mbajt k\u00ebt\u00eb vit n\u00eb Gjermani. Aty ishte performanca e par\u00eb skenike me t\u00eb, pasi kam qen\u00eb rreth dymuajshe e gjysm\u00eb shtatz\u00ebn\u00eb.<\/p>\n<p><strong>Mbajm\u00eb mend q\u00eb nuk respektuat edhe rregulloren madje? (Qesh)<\/strong><\/p>\n<p>(Qesh). Po, \u00ebsht\u00eb e v\u00ebrtet\u00eb, sepse n\u00eb sken\u00ebn e Festivalit Evropian lejoheshin nga \u00e7do shtet deri n\u00eb 6 persona, nd\u00ebrkoh\u00eb q\u00eb ne s\u00eb bashku me Gracen ishim 7 persona. Nd\u00ebrkoh\u00eb, edhe nj\u00eb jav\u00eb para lindjes un\u00eb kam marr\u00eb pjes\u00eb n\u00eb spektaklin me f\u00ebmij\u00ebt n\u00eb Top-Channel \u201c1000 e 1 pse\u201d, nd\u00ebrsa pak dit\u00eb m\u00eb her\u00ebt k\u00ebndova n\u00eb kuartet te \u201cK\u00ebng\u00ebt e Shekullit\u201d s\u00eb bashku me Vikena Kamenic\u00ebn dhe vajz\u00ebn e saj n\u00eb bark\u2026 Ju them se ky \u00ebsht\u00eb viti i \u00e7udirave! (Qesh)<\/p>\n<p><strong>N\u00ebse princesha jote do t\u00eb marr\u00eb nga genet e tua, nuk ka nga t\u00eb shkoj\u00eb, do t\u00eb b\u00ebhet medoemos k\u00ebng\u00ebtare apo jo?<\/strong><\/p>\n<p>Nuk di t\u00eb them. Grejsi do ta zgjedh\u00eb vet\u00eb dhe duke qen\u00eb se jan\u00eb bashkuar dy gene, t\u00eb miat dhe t\u00eb Skerdit, ndoshta ajo do doj\u00eb t\u00eb q\u00ebndroj\u00eb e qet\u00eb n\u00eb jet\u00ebn e saj, si i ati\u2026<\/p>\n<p><strong>Do t\u00eb thuash disi n\u00eb hije?<\/strong><\/p>\n<p>Jo n\u00eb hije, por n\u00eb qet\u00ebsin\u00eb e saj!<\/p>\n<p>&nbsp;<\/p>\n<p><strong>Dhe s\u00eb fundmi, nj\u00eb p\u00ebrsh\u00ebndetje p\u00ebr fansat e tu\u2026<\/strong><\/p>\n<p>Un\u00eb do t\u00eb doja t\u2019u uroja t\u00eb gjitha femrave, natyrisht atyre q\u00eb d\u00ebshirojn\u00eb t\u00eb b\u00ebhen n\u00ebna, q\u00eb ta realizojn\u00eb k\u00ebt\u00eb sa m\u00eb par\u00eb q\u00eb \u00ebsht\u00eb e mundur, sepse \u00ebsht\u00eb nj\u00eb ndjesi e mrekullueshme.<\/p>\n<p><strong>Gazeta Standard<br \/>\n<!--YouTube Error: bad URL entered--><br \/>\n<\/strong><\/p>\n","protected":false},"excerpt":{"rendered":"<p>E bija, Grace (Grejs) ka vet\u00ebm pak dit\u00eb q\u00eb ka ardhur n\u00eb jet\u00eb, por sakaq e ka zbukuruar kaq shum\u00eb jet\u00ebn e k\u00ebng\u00ebtares s\u00eb shum\u00eb hiteve, aq sa ajo me zor arrin ta artikuloj\u00eb me fjal\u00eb. T\u00eb gjitha ndjesit\u00eb e \u00ebmbla, ato p\u00ebrqafimet e ngrohta dhe emocionin e shikimit n\u00eb sy me foshnj\u00ebn e saj, [&hellip;]<\/p>\n","protected":false},"author":1,"featured_media":0,"comment_status":"open","ping_status":"closed","sticky":false,"template":"","format":"standard","meta":{"spay_email":"","jetpack_publicize_message":"","jetpack_is_tweetstorm":false,"jetpack_publicize_feature_enabled":true},"categories":[1],"tags":[5088,16036,8966,19511,19459,19460],"jetpack_publicize_connections":[],"yoast_head":"<!-- This site is optimized with the Yoast SEO plugin v19.1 - https:\/\/yoast.com\/wordpress\/plugins\/seo\/ -->\n<title>Aurela Ga\u00e7e: F\u00ebmija \u00ebsht\u00eb \u201cmrekulli e mrekullive\u201d - Lajme nga Ulqini<\/title>\n<meta name=\"description\" content=\"E bija, Grace (Grejs) ka vet\u00ebm pak dit\u00eb q\u00eb ka ardhur n\u00eb jet\u00eb, por sakaq e ka zbukuruar kaq shum\u00eb jet\u00ebn e k\u00ebng\u00ebtares s\u00eb shum\u00eb hiteve, aq sa ajo me zor\" \/>\n<meta name=\"robots\" content=\"index, follow, max-snippet:-1, max-image-preview:large, max-video-preview:-1\" \/>\n<link rel=\"canonical\" href=\"https:\/\/www.visit-ulcinj.com\/blog\/2011\/11\/27\/aurela-gace-femija-eshte-\u201cmrekulli-e-mrekullive\u201d\/\" \/>\n<meta property=\"og:locale\" content=\"en_US\" \/>\n<meta property=\"og:type\" content=\"article\" \/>\n<meta property=\"og:title\" content=\"Aurela Ga\u00e7e: F\u00ebmija \u00ebsht\u00eb \u201cmrekulli e mrekullive\u201d - Lajme nga Ulqini\" \/>\n<meta property=\"og:description\" content=\"E bija, Grace (Grejs) ka vet\u00ebm pak dit\u00eb q\u00eb ka ardhur n\u00eb jet\u00eb, por sakaq e ka zbukuruar kaq shum\u00eb jet\u00ebn e k\u00ebng\u00ebtares s\u00eb shum\u00eb hiteve, aq sa ajo me zor\" \/>\n<meta property=\"og:url\" content=\"https:\/\/www.visit-ulcinj.com\/blog\/2011\/11\/27\/aurela-gace-femija-eshte-\u201cmrekulli-e-mrekullive\u201d\/\" \/>\n<meta property=\"og:site_name\" content=\"Lajme nga Ulqini\" \/>\n<meta property=\"article:published_time\" content=\"2011-11-27T16:48:17+00:00\" \/>\n<meta property=\"og:image\" content=\"http:\/\/www.visit-ulcinj.com\/blog\/wp-content\/uploads\/2011\/11\/Aurela-Ga%C3%A7e_-dhe-e-bija.jpg\" \/>\n<meta name=\"twitter:label1\" content=\"Written by\" \/>\n\t<meta name=\"twitter:data1\" content=\"ulqini\" \/>\n\t<meta name=\"twitter:label2\" content=\"Est. reading time\" \/>\n\t<meta name=\"twitter:data2\" content=\"6 minutes\" \/>\n<script type=\"application\/ld+json\" class=\"yoast-schema-graph\">{\"@context\":\"https:\/\/schema.org\",\"@graph\":[{\"@type\":\"WebSite\",\"@id\":\"https:\/\/www.visit-ulcinj.com\/blog\/#website\",\"url\":\"https:\/\/www.visit-ulcinj.com\/blog\/\",\"name\":\"Lajme nga Ulqini\",\"description\":\"Lajme,Vijesti,Ulqini,Ulqin,Crna Gora,Mali i Zi\",\"potentialAction\":[{\"@type\":\"SearchAction\",\"target\":{\"@type\":\"EntryPoint\",\"urlTemplate\":\"https:\/\/www.visit-ulcinj.com\/blog\/?s={search_term_string}\"},\"query-input\":\"required name=search_term_string\"}],\"inLanguage\":\"en-US\"},{\"@type\":\"ImageObject\",\"inLanguage\":\"en-US\",\"@id\":\"https:\/\/www.visit-ulcinj.com\/blog\/2011\/11\/27\/aurela-gace-femija-eshte-%e2%80%9cmrekulli-e-mrekullive%e2%80%9d\/#primaryimage\",\"url\":\"http:\/\/www.visit-ulcinj.com\/blog\/wp-content\/uploads\/2011\/11\/Aurela-Ga%C3%A7e_-dhe-e-bija.jpg\",\"contentUrl\":\"http:\/\/www.visit-ulcinj.com\/blog\/wp-content\/uploads\/2011\/11\/Aurela-Ga%C3%A7e_-dhe-e-bija.jpg\"},{\"@type\":\"WebPage\",\"@id\":\"https:\/\/www.visit-ulcinj.com\/blog\/2011\/11\/27\/aurela-gace-femija-eshte-%e2%80%9cmrekulli-e-mrekullive%e2%80%9d\/#webpage\",\"url\":\"https:\/\/www.visit-ulcinj.com\/blog\/2011\/11\/27\/aurela-gace-femija-eshte-%e2%80%9cmrekulli-e-mrekullive%e2%80%9d\/\",\"name\":\"Aurela Ga\u00e7e: F\u00ebmija \u00ebsht\u00eb \u201cmrekulli e mrekullive\u201d - Lajme nga Ulqini\",\"isPartOf\":{\"@id\":\"https:\/\/www.visit-ulcinj.com\/blog\/#website\"},\"primaryImageOfPage\":{\"@id\":\"https:\/\/www.visit-ulcinj.com\/blog\/2011\/11\/27\/aurela-gace-femija-eshte-%e2%80%9cmrekulli-e-mrekullive%e2%80%9d\/#primaryimage\"},\"datePublished\":\"2011-11-27T16:48:17+00:00\",\"dateModified\":\"2011-11-27T16:48:17+00:00\",\"author\":{\"@id\":\"https:\/\/www.visit-ulcinj.com\/blog\/#\/schema\/person\/dcab619c614d3038751c63bc2aadc06d\"},\"description\":\"E bija, Grace (Grejs) ka vet\u00ebm pak dit\u00eb q\u00eb ka ardhur n\u00eb jet\u00eb, por sakaq e ka zbukuruar kaq shum\u00eb jet\u00ebn e k\u00ebng\u00ebtares s\u00eb shum\u00eb hiteve, aq sa ajo me zor\",\"breadcrumb\":{\"@id\":\"https:\/\/www.visit-ulcinj.com\/blog\/2011\/11\/27\/aurela-gace-femija-eshte-%e2%80%9cmrekulli-e-mrekullive%e2%80%9d\/#breadcrumb\"},\"inLanguage\":\"en-US\",\"potentialAction\":[{\"@type\":\"ReadAction\",\"target\":[\"https:\/\/www.visit-ulcinj.com\/blog\/2011\/11\/27\/aurela-gace-femija-eshte-%e2%80%9cmrekulli-e-mrekullive%e2%80%9d\/\"]}]},{\"@type\":\"BreadcrumbList\",\"@id\":\"https:\/\/www.visit-ulcinj.com\/blog\/2011\/11\/27\/aurela-gace-femija-eshte-%e2%80%9cmrekulli-e-mrekullive%e2%80%9d\/#breadcrumb\",\"itemListElement\":[{\"@type\":\"ListItem\",\"position\":1,\"name\":\"Aurela Ga\u00e7e: F\u00ebmija \u00ebsht\u00eb \u201cmrekulli e mrekullive\u201d\"}]},{\"@type\":\"Person\",\"@id\":\"https:\/\/www.visit-ulcinj.com\/blog\/#\/schema\/person\/dcab619c614d3038751c63bc2aadc06d\",\"name\":\"ulqini\",\"sameAs\":[\"http:\/\/www.visit-ulcinj.com\"],\"url\":\"https:\/\/www.visit-ulcinj.com\/blog\/author\/admin\/\"}]}<\/script>\n<!-- \/ Yoast SEO plugin. -->","yoast_head_json":{"title":"Aurela Ga\u00e7e: F\u00ebmija \u00ebsht\u00eb \u201cmrekulli e mrekullive\u201d - Lajme nga Ulqini","description":"E bija, Grace (Grejs) ka vet\u00ebm pak dit\u00eb q\u00eb ka ardhur n\u00eb jet\u00eb, por sakaq e ka zbukuruar kaq shum\u00eb jet\u00ebn e k\u00ebng\u00ebtares s\u00eb shum\u00eb hiteve, aq sa ajo me zor","robots":{"index":"index","follow":"follow","max-snippet":"max-snippet:-1","max-image-preview":"max-image-preview:large","max-video-preview":"max-video-preview:-1"},"canonical":"https:\/\/www.visit-ulcinj.com\/blog\/2011\/11\/27\/aurela-gace-femija-eshte-\u201cmrekulli-e-mrekullive\u201d\/","og_locale":"en_US","og_type":"article","og_title":"Aurela Ga\u00e7e: F\u00ebmija \u00ebsht\u00eb \u201cmrekulli e mrekullive\u201d - Lajme nga Ulqini","og_description":"E bija, Grace (Grejs) ka vet\u00ebm pak dit\u00eb q\u00eb ka ardhur n\u00eb jet\u00eb, por sakaq e ka zbukuruar kaq shum\u00eb jet\u00ebn e k\u00ebng\u00ebtares s\u00eb shum\u00eb hiteve, aq sa ajo me zor","og_url":"https:\/\/www.visit-ulcinj.com\/blog\/2011\/11\/27\/aurela-gace-femija-eshte-\u201cmrekulli-e-mrekullive\u201d\/","og_site_name":"Lajme nga Ulqini","article_published_time":"2011-11-27T16:48:17+00:00","og_image":[{"url":"http:\/\/www.visit-ulcinj.com\/blog\/wp-content\/uploads\/2011\/11\/Aurela-Ga%C3%A7e_-dhe-e-bija.jpg"}],"twitter_misc":{"Written by":"ulqini","Est. reading time":"6 minutes"},"schema":{"@context":"https:\/\/schema.org","@graph":[{"@type":"WebSite","@id":"https:\/\/www.visit-ulcinj.com\/blog\/#website","url":"https:\/\/www.visit-ulcinj.com\/blog\/","name":"Lajme nga Ulqini","description":"Lajme,Vijesti,Ulqini,Ulqin,Crna Gora,Mali i Zi","potentialAction":[{"@type":"SearchAction","target":{"@type":"EntryPoint","urlTemplate":"https:\/\/www.visit-ulcinj.com\/blog\/?s={search_term_string}"},"query-input":"required name=search_term_string"}],"inLanguage":"en-US"},{"@type":"ImageObject","inLanguage":"en-US","@id":"https:\/\/www.visit-ulcinj.com\/blog\/2011\/11\/27\/aurela-gace-femija-eshte-%e2%80%9cmrekulli-e-mrekullive%e2%80%9d\/#primaryimage","url":"http:\/\/www.visit-ulcinj.com\/blog\/wp-content\/uploads\/2011\/11\/Aurela-Ga%C3%A7e_-dhe-e-bija.jpg","contentUrl":"http:\/\/www.visit-ulcinj.com\/blog\/wp-content\/uploads\/2011\/11\/Aurela-Ga%C3%A7e_-dhe-e-bija.jpg"},{"@type":"WebPage","@id":"https:\/\/www.visit-ulcinj.com\/blog\/2011\/11\/27\/aurela-gace-femija-eshte-%e2%80%9cmrekulli-e-mrekullive%e2%80%9d\/#webpage","url":"https:\/\/www.visit-ulcinj.com\/blog\/2011\/11\/27\/aurela-gace-femija-eshte-%e2%80%9cmrekulli-e-mrekullive%e2%80%9d\/","name":"Aurela Ga\u00e7e: F\u00ebmija \u00ebsht\u00eb \u201cmrekulli e mrekullive\u201d - Lajme nga Ulqini","isPartOf":{"@id":"https:\/\/www.visit-ulcinj.com\/blog\/#website"},"primaryImageOfPage":{"@id":"https:\/\/www.visit-ulcinj.com\/blog\/2011\/11\/27\/aurela-gace-femija-eshte-%e2%80%9cmrekulli-e-mrekullive%e2%80%9d\/#primaryimage"},"datePublished":"2011-11-27T16:48:17+00:00","dateModified":"2011-11-27T16:48:17+00:00","author":{"@id":"https:\/\/www.visit-ulcinj.com\/blog\/#\/schema\/person\/dcab619c614d3038751c63bc2aadc06d"},"description":"E bija, Grace (Grejs) ka vet\u00ebm pak dit\u00eb q\u00eb ka ardhur n\u00eb jet\u00eb, por sakaq e ka zbukuruar kaq shum\u00eb jet\u00ebn e k\u00ebng\u00ebtares s\u00eb shum\u00eb hiteve, aq sa ajo me zor","breadcrumb":{"@id":"https:\/\/www.visit-ulcinj.com\/blog\/2011\/11\/27\/aurela-gace-femija-eshte-%e2%80%9cmrekulli-e-mrekullive%e2%80%9d\/#breadcrumb"},"inLanguage":"en-US","potentialAction":[{"@type":"ReadAction","target":["https:\/\/www.visit-ulcinj.com\/blog\/2011\/11\/27\/aurela-gace-femija-eshte-%e2%80%9cmrekulli-e-mrekullive%e2%80%9d\/"]}]},{"@type":"BreadcrumbList","@id":"https:\/\/www.visit-ulcinj.com\/blog\/2011\/11\/27\/aurela-gace-femija-eshte-%e2%80%9cmrekulli-e-mrekullive%e2%80%9d\/#breadcrumb","itemListElement":[{"@type":"ListItem","position":1,"name":"Aurela Ga\u00e7e: F\u00ebmija \u00ebsht\u00eb \u201cmrekulli e mrekullive\u201d"}]},{"@type":"Person","@id":"https:\/\/www.visit-ulcinj.com\/blog\/#\/schema\/person\/dcab619c614d3038751c63bc2aadc06d","name":"ulqini","sameAs":["http:\/\/www.visit-ulcinj.com"],"url":"https:\/\/www.visit-ulcinj.com\/blog\/author\/admin\/"}]}},"jetpack_featured_media_url":"","jetpack_sharing_enabled":true,"jetpack_shortlink":"https:\/\/wp.me\/pe6lTn-dYH","_links":{"self":[{"href":"https:\/\/www.visit-ulcinj.com\/blog\/wp-json\/wp\/v2\/posts\/53735"}],"collection":[{"href":"https:\/\/www.visit-ulcinj.com\/blog\/wp-json\/wp\/v2\/posts"}],"about":[{"href":"https:\/\/www.visit-ulcinj.com\/blog\/wp-json\/wp\/v2\/types\/post"}],"author":[{"embeddable":true,"href":"https:\/\/www.visit-ulcinj.com\/blog\/wp-json\/wp\/v2\/users\/1"}],"replies":[{"embeddable":true,"href":"https:\/\/www.visit-ulcinj.com\/blog\/wp-json\/wp\/v2\/comments?post=53735"}],"version-history":[{"count":2,"href":"https:\/\/www.visit-ulcinj.com\/blog\/wp-json\/wp\/v2\/posts\/53735\/revisions"}],"predecessor-version":[{"id":53739,"href":"https:\/\/www.visit-ulcinj.com\/blog\/wp-json\/wp\/v2\/posts\/53735\/revisions\/53739"}],"wp:attachment":[{"href":"https:\/\/www.visit-ulcinj.com\/blog\/wp-json\/wp\/v2\/media?parent=53735"}],"wp:term":[{"taxonomy":"category","embeddable":true,"href":"https:\/\/www.visit-ulcinj.com\/blog\/wp-json\/wp\/v2\/categories?post=53735"},{"taxonomy":"post_tag","embeddable":true,"href":"https:\/\/www.visit-ulcinj.com\/blog\/wp-json\/wp\/v2\/tags?post=53735"}],"curies":[{"name":"wp","href":"https:\/\/api.w.org\/{rel}","templated":true}]}}