{"id":53743,"date":"2011-11-27T18:04:06","date_gmt":"2011-11-27T17:04:06","guid":{"rendered":"http:\/\/www.visit-ulcinj.com\/blog\/?p=53743"},"modified":"2011-11-27T18:05:12","modified_gmt":"2011-11-27T17:05:12","slug":"dafina-i-rikthehet-bleros","status":"publish","type":"post","link":"https:\/\/www.visit-ulcinj.com\/blog\/2011\/11\/27\/dafina-i-rikthehet-bleros\/","title":{"rendered":"Dafina i rikthehet Bleros"},"content":{"rendered":"<p><a href=\"http:\/\/www.visit-ulcinj.com\/blog\/wp-content\/uploads\/2011\/11\/dafina-zeqiri-_blero.jpg\"><img loading=\"lazy\" class=\"alignleft size-full wp-image-53744\" title=\"dafina-zeqiri-_blero\" src=\"http:\/\/www.visit-ulcinj.com\/blog\/wp-content\/uploads\/2011\/11\/dafina-zeqiri-_blero.jpg\" alt=\"\" width=\"350\" height=\"350\" \/><\/a>Pas ndarjes nga pothuajse t\u00eb gjith\u00eb bashk\u00ebpun\u00ebtor\u00ebt e saj, madje edhe nga i dashuri i saj, Dafina Zeqiri ka vendosur t\u00eb bashk\u00ebpunoj\u00eb p\u00ebrs\u00ebri me k\u00ebng\u00ebtarin Blero.<br \/>\nSipas portalit telegrafi, k\u00ebng\u00ebtarja do t\u00eb b\u00ebj\u00eb nj\u00eb bashk\u00ebpunim me Bleron, sakt\u00ebsisht me kompanin\u00eb q\u00eb drejtohet nga Blero dhe \u00c7eki\u00e7 \u201cStr8Dope\u201d.<\/p>\n<p>Ndryshe, Dafina kishte pasur nj\u00eb sukses t\u00eb konsideruesh\u00ebm me Bleron, kur kishte realizuar k\u00ebng\u00ebn \u201cLa Vida Loca\u201d n\u00eb vitin 2009.<\/p>\n<p><strong>Vipat.info<\/strong><\/p>\n<!--YouTube Error: bad URL entered-->\n","protected":false},"excerpt":{"rendered":"<p>Pas ndarjes nga pothuajse t\u00eb gjith\u00eb bashk\u00ebpun\u00ebtor\u00ebt e saj, madje edhe nga i dashuri i saj, Dafina Zeqiri ka vendosur t\u00eb bashk\u00ebpunoj\u00eb p\u00ebrs\u00ebri me k\u00ebng\u00ebtarin Blero. Sipas portalit telegrafi, k\u00ebng\u00ebtarja do t\u00eb b\u00ebj\u00eb nj\u00eb bashk\u00ebpunim me Bleron, sakt\u00ebsisht me kompanin\u00eb q\u00eb drejtohet nga Blero dhe \u00c7eki\u00e7 \u201cStr8Dope\u201d. Ndryshe, Dafina kishte pasur nj\u00eb sukses t\u00eb konsideruesh\u00ebm [&hellip;]<\/p>\n","protected":false},"author":1,"featured_media":0,"comment_status":"open","ping_status":"closed","sticky":false,"template":"","format":"standard","meta":{"spay_email":"","jetpack_publicize_message":"","jetpack_is_tweetstorm":false,"jetpack_publicize_feature_enabled":true},"categories":[1],"tags":[3978,4926,16036,19511,19459,19513,6693,19460],"jetpack_publicize_connections":[],"yoast_head":"<!-- This site is optimized with the Yoast SEO plugin v19.1 - https:\/\/yoast.com\/wordpress\/plugins\/seo\/ -->\n<title>Dafina i rikthehet Bleros - Lajme nga Ulqini<\/title>\n<meta name=\"description\" content=\"Pas ndarjes nga pothuajse t\u00eb gjith\u00eb bashk\u00ebpun\u00ebtor\u00ebt e saj, madje edhe nga i dashuri i saj, Dafina Zeqiri ka vendosur t\u00eb bashk\u00ebpunoj\u00eb p\u00ebrs\u00ebri me k\u00ebng\u00ebtarin\" \/>\n<meta name=\"robots\" content=\"index, follow, max-snippet:-1, max-image-preview:large, max-video-preview:-1\" \/>\n<link rel=\"canonical\" href=\"https:\/\/www.visit-ulcinj.com\/blog\/2011\/11\/27\/dafina-i-rikthehet-bleros\/\" \/>\n<meta property=\"og:locale\" content=\"en_US\" \/>\n<meta property=\"og:type\" content=\"article\" \/>\n<meta property=\"og:title\" content=\"Dafina i rikthehet Bleros - Lajme nga Ulqini\" \/>\n<meta property=\"og:description\" content=\"Pas ndarjes nga pothuajse t\u00eb gjith\u00eb bashk\u00ebpun\u00ebtor\u00ebt e saj, madje edhe nga i dashuri i saj, Dafina Zeqiri ka vendosur t\u00eb bashk\u00ebpunoj\u00eb p\u00ebrs\u00ebri me k\u00ebng\u00ebtarin\" \/>\n<meta property=\"og:url\" content=\"https:\/\/www.visit-ulcinj.com\/blog\/2011\/11\/27\/dafina-i-rikthehet-bleros\/\" \/>\n<meta property=\"og:site_name\" content=\"Lajme nga Ulqini\" \/>\n<meta property=\"article:published_time\" content=\"2011-11-27T17:04:06+00:00\" \/>\n<meta property=\"article:modified_time\" content=\"2011-11-27T17:05:12+00:00\" \/>\n<meta property=\"og:image\" content=\"http:\/\/www.visit-ulcinj.com\/blog\/wp-content\/uploads\/2011\/11\/dafina-zeqiri-_blero.jpg\" \/>\n<meta name=\"twitter:label1\" content=\"Written by\" \/>\n\t<meta name=\"twitter:data1\" content=\"ulqini\" \/>\n<script type=\"application\/ld+json\" class=\"yoast-schema-graph\">{\"@context\":\"https:\/\/schema.org\",\"@graph\":[{\"@type\":\"WebSite\",\"@id\":\"https:\/\/www.visit-ulcinj.com\/blog\/#website\",\"url\":\"https:\/\/www.visit-ulcinj.com\/blog\/\",\"name\":\"Lajme nga Ulqini\",\"description\":\"Lajme,Vijesti,Ulqini,Ulqin,Crna Gora,Mali i Zi\",\"potentialAction\":[{\"@type\":\"SearchAction\",\"target\":{\"@type\":\"EntryPoint\",\"urlTemplate\":\"https:\/\/www.visit-ulcinj.com\/blog\/?s={search_term_string}\"},\"query-input\":\"required name=search_term_string\"}],\"inLanguage\":\"en-US\"},{\"@type\":\"ImageObject\",\"inLanguage\":\"en-US\",\"@id\":\"https:\/\/www.visit-ulcinj.com\/blog\/2011\/11\/27\/dafina-i-rikthehet-bleros\/#primaryimage\",\"url\":\"http:\/\/www.visit-ulcinj.com\/blog\/wp-content\/uploads\/2011\/11\/dafina-zeqiri-_blero.jpg\",\"contentUrl\":\"http:\/\/www.visit-ulcinj.com\/blog\/wp-content\/uploads\/2011\/11\/dafina-zeqiri-_blero.jpg\"},{\"@type\":\"WebPage\",\"@id\":\"https:\/\/www.visit-ulcinj.com\/blog\/2011\/11\/27\/dafina-i-rikthehet-bleros\/#webpage\",\"url\":\"https:\/\/www.visit-ulcinj.com\/blog\/2011\/11\/27\/dafina-i-rikthehet-bleros\/\",\"name\":\"Dafina i rikthehet Bleros - Lajme nga Ulqini\",\"isPartOf\":{\"@id\":\"https:\/\/www.visit-ulcinj.com\/blog\/#website\"},\"primaryImageOfPage\":{\"@id\":\"https:\/\/www.visit-ulcinj.com\/blog\/2011\/11\/27\/dafina-i-rikthehet-bleros\/#primaryimage\"},\"datePublished\":\"2011-11-27T17:04:06+00:00\",\"dateModified\":\"2011-11-27T17:05:12+00:00\",\"author\":{\"@id\":\"https:\/\/www.visit-ulcinj.com\/blog\/#\/schema\/person\/dcab619c614d3038751c63bc2aadc06d\"},\"description\":\"Pas ndarjes nga pothuajse t\u00eb gjith\u00eb bashk\u00ebpun\u00ebtor\u00ebt e saj, madje edhe nga i dashuri i saj, Dafina Zeqiri ka vendosur t\u00eb bashk\u00ebpunoj\u00eb p\u00ebrs\u00ebri me k\u00ebng\u00ebtarin\",\"breadcrumb\":{\"@id\":\"https:\/\/www.visit-ulcinj.com\/blog\/2011\/11\/27\/dafina-i-rikthehet-bleros\/#breadcrumb\"},\"inLanguage\":\"en-US\",\"potentialAction\":[{\"@type\":\"ReadAction\",\"target\":[\"https:\/\/www.visit-ulcinj.com\/blog\/2011\/11\/27\/dafina-i-rikthehet-bleros\/\"]}]},{\"@type\":\"BreadcrumbList\",\"@id\":\"https:\/\/www.visit-ulcinj.com\/blog\/2011\/11\/27\/dafina-i-rikthehet-bleros\/#breadcrumb\",\"itemListElement\":[{\"@type\":\"ListItem\",\"position\":1,\"name\":\"Dafina i rikthehet Bleros\"}]},{\"@type\":\"Person\",\"@id\":\"https:\/\/www.visit-ulcinj.com\/blog\/#\/schema\/person\/dcab619c614d3038751c63bc2aadc06d\",\"name\":\"ulqini\",\"sameAs\":[\"http:\/\/www.visit-ulcinj.com\"],\"url\":\"https:\/\/www.visit-ulcinj.com\/blog\/author\/admin\/\"}]}<\/script>\n<!-- \/ Yoast SEO plugin. -->","yoast_head_json":{"title":"Dafina i rikthehet Bleros - Lajme nga Ulqini","description":"Pas ndarjes nga pothuajse t\u00eb gjith\u00eb bashk\u00ebpun\u00ebtor\u00ebt e saj, madje edhe nga i dashuri i saj, Dafina Zeqiri ka vendosur t\u00eb bashk\u00ebpunoj\u00eb p\u00ebrs\u00ebri me k\u00ebng\u00ebtarin","robots":{"index":"index","follow":"follow","max-snippet":"max-snippet:-1","max-image-preview":"max-image-preview:large","max-video-preview":"max-video-preview:-1"},"canonical":"https:\/\/www.visit-ulcinj.com\/blog\/2011\/11\/27\/dafina-i-rikthehet-bleros\/","og_locale":"en_US","og_type":"article","og_title":"Dafina i rikthehet Bleros - Lajme nga Ulqini","og_description":"Pas ndarjes nga pothuajse t\u00eb gjith\u00eb bashk\u00ebpun\u00ebtor\u00ebt e saj, madje edhe nga i dashuri i saj, Dafina Zeqiri ka vendosur t\u00eb bashk\u00ebpunoj\u00eb p\u00ebrs\u00ebri me k\u00ebng\u00ebtarin","og_url":"https:\/\/www.visit-ulcinj.com\/blog\/2011\/11\/27\/dafina-i-rikthehet-bleros\/","og_site_name":"Lajme nga Ulqini","article_published_time":"2011-11-27T17:04:06+00:00","article_modified_time":"2011-11-27T17:05:12+00:00","og_image":[{"url":"http:\/\/www.visit-ulcinj.com\/blog\/wp-content\/uploads\/2011\/11\/dafina-zeqiri-_blero.jpg"}],"twitter_misc":{"Written by":"ulqini"},"schema":{"@context":"https:\/\/schema.org","@graph":[{"@type":"WebSite","@id":"https:\/\/www.visit-ulcinj.com\/blog\/#website","url":"https:\/\/www.visit-ulcinj.com\/blog\/","name":"Lajme nga Ulqini","description":"Lajme,Vijesti,Ulqini,Ulqin,Crna Gora,Mali i Zi","potentialAction":[{"@type":"SearchAction","target":{"@type":"EntryPoint","urlTemplate":"https:\/\/www.visit-ulcinj.com\/blog\/?s={search_term_string}"},"query-input":"required name=search_term_string"}],"inLanguage":"en-US"},{"@type":"ImageObject","inLanguage":"en-US","@id":"https:\/\/www.visit-ulcinj.com\/blog\/2011\/11\/27\/dafina-i-rikthehet-bleros\/#primaryimage","url":"http:\/\/www.visit-ulcinj.com\/blog\/wp-content\/uploads\/2011\/11\/dafina-zeqiri-_blero.jpg","contentUrl":"http:\/\/www.visit-ulcinj.com\/blog\/wp-content\/uploads\/2011\/11\/dafina-zeqiri-_blero.jpg"},{"@type":"WebPage","@id":"https:\/\/www.visit-ulcinj.com\/blog\/2011\/11\/27\/dafina-i-rikthehet-bleros\/#webpage","url":"https:\/\/www.visit-ulcinj.com\/blog\/2011\/11\/27\/dafina-i-rikthehet-bleros\/","name":"Dafina i rikthehet Bleros - Lajme nga Ulqini","isPartOf":{"@id":"https:\/\/www.visit-ulcinj.com\/blog\/#website"},"primaryImageOfPage":{"@id":"https:\/\/www.visit-ulcinj.com\/blog\/2011\/11\/27\/dafina-i-rikthehet-bleros\/#primaryimage"},"datePublished":"2011-11-27T17:04:06+00:00","dateModified":"2011-11-27T17:05:12+00:00","author":{"@id":"https:\/\/www.visit-ulcinj.com\/blog\/#\/schema\/person\/dcab619c614d3038751c63bc2aadc06d"},"description":"Pas ndarjes nga pothuajse t\u00eb gjith\u00eb bashk\u00ebpun\u00ebtor\u00ebt e saj, madje edhe nga i dashuri i saj, Dafina Zeqiri ka vendosur t\u00eb bashk\u00ebpunoj\u00eb p\u00ebrs\u00ebri me k\u00ebng\u00ebtarin","breadcrumb":{"@id":"https:\/\/www.visit-ulcinj.com\/blog\/2011\/11\/27\/dafina-i-rikthehet-bleros\/#breadcrumb"},"inLanguage":"en-US","potentialAction":[{"@type":"ReadAction","target":["https:\/\/www.visit-ulcinj.com\/blog\/2011\/11\/27\/dafina-i-rikthehet-bleros\/"]}]},{"@type":"BreadcrumbList","@id":"https:\/\/www.visit-ulcinj.com\/blog\/2011\/11\/27\/dafina-i-rikthehet-bleros\/#breadcrumb","itemListElement":[{"@type":"ListItem","position":1,"name":"Dafina i rikthehet Bleros"}]},{"@type":"Person","@id":"https:\/\/www.visit-ulcinj.com\/blog\/#\/schema\/person\/dcab619c614d3038751c63bc2aadc06d","name":"ulqini","sameAs":["http:\/\/www.visit-ulcinj.com"],"url":"https:\/\/www.visit-ulcinj.com\/blog\/author\/admin\/"}]}},"jetpack_featured_media_url":"","jetpack_sharing_enabled":true,"jetpack_shortlink":"https:\/\/wp.me\/pe6lTn-dYP","_links":{"self":[{"href":"https:\/\/www.visit-ulcinj.com\/blog\/wp-json\/wp\/v2\/posts\/53743"}],"collection":[{"href":"https:\/\/www.visit-ulcinj.com\/blog\/wp-json\/wp\/v2\/posts"}],"about":[{"href":"https:\/\/www.visit-ulcinj.com\/blog\/wp-json\/wp\/v2\/types\/post"}],"author":[{"embeddable":true,"href":"https:\/\/www.visit-ulcinj.com\/blog\/wp-json\/wp\/v2\/users\/1"}],"replies":[{"embeddable":true,"href":"https:\/\/www.visit-ulcinj.com\/blog\/wp-json\/wp\/v2\/comments?post=53743"}],"version-history":[{"count":2,"href":"https:\/\/www.visit-ulcinj.com\/blog\/wp-json\/wp\/v2\/posts\/53743\/revisions"}],"predecessor-version":[{"id":53746,"href":"https:\/\/www.visit-ulcinj.com\/blog\/wp-json\/wp\/v2\/posts\/53743\/revisions\/53746"}],"wp:attachment":[{"href":"https:\/\/www.visit-ulcinj.com\/blog\/wp-json\/wp\/v2\/media?parent=53743"}],"wp:term":[{"taxonomy":"category","embeddable":true,"href":"https:\/\/www.visit-ulcinj.com\/blog\/wp-json\/wp\/v2\/categories?post=53743"},{"taxonomy":"post_tag","embeddable":true,"href":"https:\/\/www.visit-ulcinj.com\/blog\/wp-json\/wp\/v2\/tags?post=53743"}],"curies":[{"name":"wp","href":"https:\/\/api.w.org\/{rel}","templated":true}]}}