{"id":53747,"date":"2011-11-27T18:15:25","date_gmt":"2011-11-27T17:15:25","guid":{"rendered":"http:\/\/www.visit-ulcinj.com\/blog\/?p=53747"},"modified":"2011-11-27T18:15:25","modified_gmt":"2011-11-27T17:15:25","slug":"fansat-ankohen-per-ciljeten-%e2%80%9cte-duam-ne-festivale%e2%80%9d","status":"publish","type":"post","link":"https:\/\/www.visit-ulcinj.com\/blog\/2011\/11\/27\/fansat-ankohen-per-ciljeten-%e2%80%9cte-duam-ne-festivale%e2%80%9d\/","title":{"rendered":"Fansat ankohen p\u00ebr \u00c7iljet\u00ebn: \u201cT\u00eb duam n\u00eb festivale\u201d"},"content":{"rendered":"<p><a href=\"http:\/\/www.visit-ulcinj.com\/blog\/wp-content\/uploads\/2011\/11\/Ciljeta-Xhilaga.jpg\"><img loading=\"lazy\" class=\"alignleft size-full wp-image-53748\" title=\"Ciljeta Xhilaga\" src=\"http:\/\/www.visit-ulcinj.com\/blog\/wp-content\/uploads\/2011\/11\/Ciljeta-Xhilaga.jpg\" alt=\"\" width=\"508\" height=\"400\" \/><\/a>Nuk ka kaluar shum\u00eb koh\u00eb q\u00eb k\u00ebng\u00ebtarja e njohur, \u00c7iljeta Xhilaga, ka qen\u00eb pjes\u00eb e festivaleve shqiptare, por si\u00e7 duket, fansat e saj e shohin dhe e ndiejn\u00eb shum\u00eb munges\u00ebn e k\u00ebng\u00ebtares n\u00eb k\u00ebto evenimente.<\/p>\n<p>Madje shum\u00eb prej tyre tashm\u00eb kan\u00eb filluar t\u2019i shkruajn\u00eb n\u00eb Facebook, duke e kritikuar se pse nuk merr pjes\u00eb \u00e7do vit n\u00eb k\u00ebto festivale. Ndoshta nga mungesa e spektaklit t\u00eb mir\u00ebfillt\u00eb, ata d\u00ebshirojn\u00eb t\u00eb shohin \u00c7ilin n\u00eb k\u00ebto skena, pasi me paraqitjen e saj ajo krijon m\u00eb shum\u00eb atmosfer\u00eb.<\/p>\n<p>Tani q\u00eb festivali \u201cK\u00ebnga Magjike\u201d tashm\u00eb ka mbaruar, fansat e k\u00ebng\u00ebtares jan\u00eb hedhur menj\u00ebher\u00eb n\u00eb \u201csulm\u201d, duke i k\u00ebrkuar q\u00eb vitin e ardhsh\u00ebm t\u00eb paraqitet n\u00eb k\u00ebto festivale. \u201cNa duket si bosh \u2018K\u00ebnga Magjike\u2019, as \u2018K\u00ebnga Magjike\u2019 as \u2018Top Fest\u2019, ke humb fare \u00c7ili\u201d, jan\u00eb disa nga komentet t\u00eb cilat i drejtohen vet\u00eb k\u00ebng\u00ebtares, e cila mundohet t\u00eb justifikohet me faktin se nuk mund t\u00eb jet\u00eb prezente n\u00eb ndonj\u00eb festival dhe \u00e7do vit me radh\u00eb.<\/p>\n<p>\u201cEpo s\u2019do rri p\u00ebr vit un\u00eb te \u201cK\u00ebnga Magjike\u201d, nj\u00eb vit po nj\u00eb vit jo, vitin tjet\u00ebr pooo\u201d, thekson k\u00ebng\u00ebtarja, nd\u00ebrsa e pyetur n\u00ebse do t\u00eb jet\u00eb prezente n\u00eb \u201cTop Fest\u201d, ajo p\u00ebrgjigjet: \u201cJam \u00e7do t\u00eb diel te Top Channel, po ka mund\u00ebsi t\u00eb jem, 90% po, t\u00eb shoh se si do m\u00eb dal\u00eb k\u00ebnga\u201d, tregon \u00c7iljeta.<\/p>\n<p>Por k\u00ebtyre justifikimeve se ajo nuk mund t\u00eb jet\u00eb prezente n\u00eb ndonj\u00eb festival, i p\u00ebrgjigjet nj\u00eb fanse, duke i th\u00ebn\u00eb se edhe sikur t\u00eb paraqitet \u00e7do vit, nuk i ha buk\u00ebn asnjeriu, por ato e kan\u00eb nder q\u00eb \u00c7iljeta t\u00eb jet\u00eb e pranishme. \u201cEdhe \u00e7ka po shkove \u00e7do vit? Sikur po i ha buk\u00ebn njeriu! Nder i b\u00ebn t\u00eb t\u00eb ken\u00eb aty, mos mungo m\u00eb\u201d, thuhet m\u00eb tej n\u00eb komentet e dh\u00ebna nga fansat.<\/p>\n<p><strong>Panorama Plus<br \/>\n<!--YouTube Error: bad URL entered--><br \/>\n<\/strong><\/p>\n","protected":false},"excerpt":{"rendered":"<p>Nuk ka kaluar shum\u00eb koh\u00eb q\u00eb k\u00ebng\u00ebtarja e njohur, \u00c7iljeta Xhilaga, ka qen\u00eb pjes\u00eb e festivaleve shqiptare, por si\u00e7 duket, fansat e saj e shohin dhe e ndiejn\u00eb shum\u00eb munges\u00ebn e k\u00ebng\u00ebtares n\u00eb k\u00ebto evenimente. Madje shum\u00eb prej tyre tashm\u00eb kan\u00eb filluar t\u2019i shkruajn\u00eb n\u00eb Facebook, duke e kritikuar se pse nuk merr pjes\u00eb \u00e7do [&hellip;]<\/p>\n","protected":false},"author":1,"featured_media":0,"comment_status":"open","ping_status":"closed","sticky":false,"template":"","format":"standard","meta":{"spay_email":"","jetpack_publicize_message":"","jetpack_is_tweetstorm":false,"jetpack_publicize_feature_enabled":true},"categories":[1],"tags":[5456,16036,19514,19511,19459,6693,19460],"jetpack_publicize_connections":[],"yoast_head":"<!-- This site is optimized with the Yoast SEO plugin v19.1 - https:\/\/yoast.com\/wordpress\/plugins\/seo\/ -->\n<title>Fansat ankohen p\u00ebr \u00c7iljet\u00ebn: \u201cT\u00eb duam n\u00eb festivale\u201d - Lajme nga Ulqini<\/title>\n<meta name=\"description\" content=\"Nuk ka kaluar shum\u00eb koh\u00eb q\u00eb k\u00ebng\u00ebtarja e njohur, \u00c7iljeta Xhilaga, ka qen\u00eb pjes\u00eb e festivaleve shqiptare, por si\u00e7 duket, fansat e saj e shohin dhe e\" \/>\n<meta name=\"robots\" content=\"index, follow, max-snippet:-1, max-image-preview:large, max-video-preview:-1\" \/>\n<link rel=\"canonical\" href=\"https:\/\/www.visit-ulcinj.com\/blog\/2011\/11\/27\/fansat-ankohen-per-ciljeten-\u201cte-duam-ne-festivale\u201d\/\" \/>\n<meta property=\"og:locale\" content=\"en_US\" \/>\n<meta property=\"og:type\" content=\"article\" \/>\n<meta property=\"og:title\" content=\"Fansat ankohen p\u00ebr \u00c7iljet\u00ebn: \u201cT\u00eb duam n\u00eb festivale\u201d - Lajme nga Ulqini\" \/>\n<meta property=\"og:description\" content=\"Nuk ka kaluar shum\u00eb koh\u00eb q\u00eb k\u00ebng\u00ebtarja e njohur, \u00c7iljeta Xhilaga, ka qen\u00eb pjes\u00eb e festivaleve shqiptare, por si\u00e7 duket, fansat e saj e shohin dhe e\" \/>\n<meta property=\"og:url\" content=\"https:\/\/www.visit-ulcinj.com\/blog\/2011\/11\/27\/fansat-ankohen-per-ciljeten-\u201cte-duam-ne-festivale\u201d\/\" \/>\n<meta property=\"og:site_name\" content=\"Lajme nga Ulqini\" \/>\n<meta property=\"article:published_time\" content=\"2011-11-27T17:15:25+00:00\" \/>\n<meta property=\"og:image\" content=\"http:\/\/www.visit-ulcinj.com\/blog\/wp-content\/uploads\/2011\/11\/Ciljeta-Xhilaga.jpg\" \/>\n<meta name=\"twitter:label1\" content=\"Written by\" \/>\n\t<meta name=\"twitter:data1\" content=\"ulqini\" \/>\n\t<meta name=\"twitter:label2\" content=\"Est. reading time\" \/>\n\t<meta name=\"twitter:data2\" content=\"2 minutes\" \/>\n<script type=\"application\/ld+json\" class=\"yoast-schema-graph\">{\"@context\":\"https:\/\/schema.org\",\"@graph\":[{\"@type\":\"WebSite\",\"@id\":\"https:\/\/www.visit-ulcinj.com\/blog\/#website\",\"url\":\"https:\/\/www.visit-ulcinj.com\/blog\/\",\"name\":\"Lajme nga Ulqini\",\"description\":\"Lajme,Vijesti,Ulqini,Ulqin,Crna Gora,Mali i Zi\",\"potentialAction\":[{\"@type\":\"SearchAction\",\"target\":{\"@type\":\"EntryPoint\",\"urlTemplate\":\"https:\/\/www.visit-ulcinj.com\/blog\/?s={search_term_string}\"},\"query-input\":\"required name=search_term_string\"}],\"inLanguage\":\"en-US\"},{\"@type\":\"ImageObject\",\"inLanguage\":\"en-US\",\"@id\":\"https:\/\/www.visit-ulcinj.com\/blog\/2011\/11\/27\/fansat-ankohen-per-ciljeten-%e2%80%9cte-duam-ne-festivale%e2%80%9d\/#primaryimage\",\"url\":\"http:\/\/www.visit-ulcinj.com\/blog\/wp-content\/uploads\/2011\/11\/Ciljeta-Xhilaga.jpg\",\"contentUrl\":\"http:\/\/www.visit-ulcinj.com\/blog\/wp-content\/uploads\/2011\/11\/Ciljeta-Xhilaga.jpg\"},{\"@type\":\"WebPage\",\"@id\":\"https:\/\/www.visit-ulcinj.com\/blog\/2011\/11\/27\/fansat-ankohen-per-ciljeten-%e2%80%9cte-duam-ne-festivale%e2%80%9d\/#webpage\",\"url\":\"https:\/\/www.visit-ulcinj.com\/blog\/2011\/11\/27\/fansat-ankohen-per-ciljeten-%e2%80%9cte-duam-ne-festivale%e2%80%9d\/\",\"name\":\"Fansat ankohen p\u00ebr \u00c7iljet\u00ebn: \u201cT\u00eb duam n\u00eb festivale\u201d - Lajme nga Ulqini\",\"isPartOf\":{\"@id\":\"https:\/\/www.visit-ulcinj.com\/blog\/#website\"},\"primaryImageOfPage\":{\"@id\":\"https:\/\/www.visit-ulcinj.com\/blog\/2011\/11\/27\/fansat-ankohen-per-ciljeten-%e2%80%9cte-duam-ne-festivale%e2%80%9d\/#primaryimage\"},\"datePublished\":\"2011-11-27T17:15:25+00:00\",\"dateModified\":\"2011-11-27T17:15:25+00:00\",\"author\":{\"@id\":\"https:\/\/www.visit-ulcinj.com\/blog\/#\/schema\/person\/dcab619c614d3038751c63bc2aadc06d\"},\"description\":\"Nuk ka kaluar shum\u00eb koh\u00eb q\u00eb k\u00ebng\u00ebtarja e njohur, \u00c7iljeta Xhilaga, ka qen\u00eb pjes\u00eb e festivaleve shqiptare, por si\u00e7 duket, fansat e saj e shohin dhe e\",\"breadcrumb\":{\"@id\":\"https:\/\/www.visit-ulcinj.com\/blog\/2011\/11\/27\/fansat-ankohen-per-ciljeten-%e2%80%9cte-duam-ne-festivale%e2%80%9d\/#breadcrumb\"},\"inLanguage\":\"en-US\",\"potentialAction\":[{\"@type\":\"ReadAction\",\"target\":[\"https:\/\/www.visit-ulcinj.com\/blog\/2011\/11\/27\/fansat-ankohen-per-ciljeten-%e2%80%9cte-duam-ne-festivale%e2%80%9d\/\"]}]},{\"@type\":\"BreadcrumbList\",\"@id\":\"https:\/\/www.visit-ulcinj.com\/blog\/2011\/11\/27\/fansat-ankohen-per-ciljeten-%e2%80%9cte-duam-ne-festivale%e2%80%9d\/#breadcrumb\",\"itemListElement\":[{\"@type\":\"ListItem\",\"position\":1,\"name\":\"Fansat ankohen p\u00ebr \u00c7iljet\u00ebn: \u201cT\u00eb duam n\u00eb festivale\u201d\"}]},{\"@type\":\"Person\",\"@id\":\"https:\/\/www.visit-ulcinj.com\/blog\/#\/schema\/person\/dcab619c614d3038751c63bc2aadc06d\",\"name\":\"ulqini\",\"sameAs\":[\"http:\/\/www.visit-ulcinj.com\"],\"url\":\"https:\/\/www.visit-ulcinj.com\/blog\/author\/admin\/\"}]}<\/script>\n<!-- \/ Yoast SEO plugin. -->","yoast_head_json":{"title":"Fansat ankohen p\u00ebr \u00c7iljet\u00ebn: \u201cT\u00eb duam n\u00eb festivale\u201d - Lajme nga Ulqini","description":"Nuk ka kaluar shum\u00eb koh\u00eb q\u00eb k\u00ebng\u00ebtarja e njohur, \u00c7iljeta Xhilaga, ka qen\u00eb pjes\u00eb e festivaleve shqiptare, por si\u00e7 duket, fansat e saj e shohin dhe e","robots":{"index":"index","follow":"follow","max-snippet":"max-snippet:-1","max-image-preview":"max-image-preview:large","max-video-preview":"max-video-preview:-1"},"canonical":"https:\/\/www.visit-ulcinj.com\/blog\/2011\/11\/27\/fansat-ankohen-per-ciljeten-\u201cte-duam-ne-festivale\u201d\/","og_locale":"en_US","og_type":"article","og_title":"Fansat ankohen p\u00ebr \u00c7iljet\u00ebn: \u201cT\u00eb duam n\u00eb festivale\u201d - Lajme nga Ulqini","og_description":"Nuk ka kaluar shum\u00eb koh\u00eb q\u00eb k\u00ebng\u00ebtarja e njohur, \u00c7iljeta Xhilaga, ka qen\u00eb pjes\u00eb e festivaleve shqiptare, por si\u00e7 duket, fansat e saj e shohin dhe e","og_url":"https:\/\/www.visit-ulcinj.com\/blog\/2011\/11\/27\/fansat-ankohen-per-ciljeten-\u201cte-duam-ne-festivale\u201d\/","og_site_name":"Lajme nga Ulqini","article_published_time":"2011-11-27T17:15:25+00:00","og_image":[{"url":"http:\/\/www.visit-ulcinj.com\/blog\/wp-content\/uploads\/2011\/11\/Ciljeta-Xhilaga.jpg"}],"twitter_misc":{"Written by":"ulqini","Est. reading time":"2 minutes"},"schema":{"@context":"https:\/\/schema.org","@graph":[{"@type":"WebSite","@id":"https:\/\/www.visit-ulcinj.com\/blog\/#website","url":"https:\/\/www.visit-ulcinj.com\/blog\/","name":"Lajme nga Ulqini","description":"Lajme,Vijesti,Ulqini,Ulqin,Crna Gora,Mali i Zi","potentialAction":[{"@type":"SearchAction","target":{"@type":"EntryPoint","urlTemplate":"https:\/\/www.visit-ulcinj.com\/blog\/?s={search_term_string}"},"query-input":"required name=search_term_string"}],"inLanguage":"en-US"},{"@type":"ImageObject","inLanguage":"en-US","@id":"https:\/\/www.visit-ulcinj.com\/blog\/2011\/11\/27\/fansat-ankohen-per-ciljeten-%e2%80%9cte-duam-ne-festivale%e2%80%9d\/#primaryimage","url":"http:\/\/www.visit-ulcinj.com\/blog\/wp-content\/uploads\/2011\/11\/Ciljeta-Xhilaga.jpg","contentUrl":"http:\/\/www.visit-ulcinj.com\/blog\/wp-content\/uploads\/2011\/11\/Ciljeta-Xhilaga.jpg"},{"@type":"WebPage","@id":"https:\/\/www.visit-ulcinj.com\/blog\/2011\/11\/27\/fansat-ankohen-per-ciljeten-%e2%80%9cte-duam-ne-festivale%e2%80%9d\/#webpage","url":"https:\/\/www.visit-ulcinj.com\/blog\/2011\/11\/27\/fansat-ankohen-per-ciljeten-%e2%80%9cte-duam-ne-festivale%e2%80%9d\/","name":"Fansat ankohen p\u00ebr \u00c7iljet\u00ebn: \u201cT\u00eb duam n\u00eb festivale\u201d - Lajme nga Ulqini","isPartOf":{"@id":"https:\/\/www.visit-ulcinj.com\/blog\/#website"},"primaryImageOfPage":{"@id":"https:\/\/www.visit-ulcinj.com\/blog\/2011\/11\/27\/fansat-ankohen-per-ciljeten-%e2%80%9cte-duam-ne-festivale%e2%80%9d\/#primaryimage"},"datePublished":"2011-11-27T17:15:25+00:00","dateModified":"2011-11-27T17:15:25+00:00","author":{"@id":"https:\/\/www.visit-ulcinj.com\/blog\/#\/schema\/person\/dcab619c614d3038751c63bc2aadc06d"},"description":"Nuk ka kaluar shum\u00eb koh\u00eb q\u00eb k\u00ebng\u00ebtarja e njohur, \u00c7iljeta Xhilaga, ka qen\u00eb pjes\u00eb e festivaleve shqiptare, por si\u00e7 duket, fansat e saj e shohin dhe e","breadcrumb":{"@id":"https:\/\/www.visit-ulcinj.com\/blog\/2011\/11\/27\/fansat-ankohen-per-ciljeten-%e2%80%9cte-duam-ne-festivale%e2%80%9d\/#breadcrumb"},"inLanguage":"en-US","potentialAction":[{"@type":"ReadAction","target":["https:\/\/www.visit-ulcinj.com\/blog\/2011\/11\/27\/fansat-ankohen-per-ciljeten-%e2%80%9cte-duam-ne-festivale%e2%80%9d\/"]}]},{"@type":"BreadcrumbList","@id":"https:\/\/www.visit-ulcinj.com\/blog\/2011\/11\/27\/fansat-ankohen-per-ciljeten-%e2%80%9cte-duam-ne-festivale%e2%80%9d\/#breadcrumb","itemListElement":[{"@type":"ListItem","position":1,"name":"Fansat ankohen p\u00ebr \u00c7iljet\u00ebn: \u201cT\u00eb duam n\u00eb festivale\u201d"}]},{"@type":"Person","@id":"https:\/\/www.visit-ulcinj.com\/blog\/#\/schema\/person\/dcab619c614d3038751c63bc2aadc06d","name":"ulqini","sameAs":["http:\/\/www.visit-ulcinj.com"],"url":"https:\/\/www.visit-ulcinj.com\/blog\/author\/admin\/"}]}},"jetpack_featured_media_url":"","jetpack_sharing_enabled":true,"jetpack_shortlink":"https:\/\/wp.me\/pe6lTn-dYT","_links":{"self":[{"href":"https:\/\/www.visit-ulcinj.com\/blog\/wp-json\/wp\/v2\/posts\/53747"}],"collection":[{"href":"https:\/\/www.visit-ulcinj.com\/blog\/wp-json\/wp\/v2\/posts"}],"about":[{"href":"https:\/\/www.visit-ulcinj.com\/blog\/wp-json\/wp\/v2\/types\/post"}],"author":[{"embeddable":true,"href":"https:\/\/www.visit-ulcinj.com\/blog\/wp-json\/wp\/v2\/users\/1"}],"replies":[{"embeddable":true,"href":"https:\/\/www.visit-ulcinj.com\/blog\/wp-json\/wp\/v2\/comments?post=53747"}],"version-history":[{"count":1,"href":"https:\/\/www.visit-ulcinj.com\/blog\/wp-json\/wp\/v2\/posts\/53747\/revisions"}],"predecessor-version":[{"id":53749,"href":"https:\/\/www.visit-ulcinj.com\/blog\/wp-json\/wp\/v2\/posts\/53747\/revisions\/53749"}],"wp:attachment":[{"href":"https:\/\/www.visit-ulcinj.com\/blog\/wp-json\/wp\/v2\/media?parent=53747"}],"wp:term":[{"taxonomy":"category","embeddable":true,"href":"https:\/\/www.visit-ulcinj.com\/blog\/wp-json\/wp\/v2\/categories?post=53747"},{"taxonomy":"post_tag","embeddable":true,"href":"https:\/\/www.visit-ulcinj.com\/blog\/wp-json\/wp\/v2\/tags?post=53747"}],"curies":[{"name":"wp","href":"https:\/\/api.w.org\/{rel}","templated":true}]}}