{"id":53751,"date":"2011-11-27T18:38:48","date_gmt":"2011-11-27T17:38:48","guid":{"rendered":"http:\/\/www.visit-ulcinj.com\/blog\/?p=53751"},"modified":"2011-11-27T18:38:48","modified_gmt":"2011-11-27T17:38:48","slug":"dinosa-podnio-ostavku-prelazi-u-diplomatiju","status":"publish","type":"post","link":"https:\/\/www.visit-ulcinj.com\/blog\/2011\/11\/27\/dinosa-podnio-ostavku-prelazi-u-diplomatiju\/","title":{"rendered":"Dino\u0161a podnio ostavku, prelazi u diplomatiju"},"content":{"rendered":"<p><a href=\"http:\/\/www.visit-ulcinj.com\/blog\/wp-content\/uploads\/2011\/11\/Ferhat-Dinosa-podnio-ostavku-prelazi-u-diplomatiju.jpg\"><img loading=\"lazy\" class=\"alignleft size-full wp-image-53752\" title=\"Ferhat Dinosa podnio ostavku, prelazi u diplomatiju\" src=\"http:\/\/www.visit-ulcinj.com\/blog\/wp-content\/uploads\/2011\/11\/Ferhat-Dinosa-podnio-ostavku-prelazi-u-diplomatiju.jpg\" alt=\"\" width=\"508\" height=\"380\" \/><\/a>Glavni odbor DUA imenovao je potpredsjednika Mehmeda Zenku za vr\u0161ioca du\u017enosti predsjednika stranke do partijskog kongresa.<br \/>\nPredsjednik Demokratske unije Albanaca (DUA) Ferhat Dino\u0161a podnio je ostavku na tu funkciju, nakon \u0161to ga je Vlada predlo\u017eila za poziciju crnogorskog ambasadora u Albaniji.<\/p>\n<p>Iz DUA su agenciji MINA rekli da su diplomatska i funkcija lidera partije nespojive, zbog \u010dega je Dino\u0161a podnio ostavku.<\/p>\n<p>Glavni odbor DUA imenovao je potpredsjednika Mehmeda Zenku za vr\u0161ioca du\u017enosti predsjednika stranke do partijskog kongresa, koji \u0107e biti odr\u017ean po\u010detkom sljede\u0107e godine.<\/p>\n<p>&#8220;Statutom DUA je predvi\u0111eno da jedan od tri potpredsjednika mo\u017ee do partijskog kongresa mijenjati predsjednika&#8221;, naveli su iz te stranke.<\/p>\n<p><a href=\"http:\/\/www.vijesti.me\/vijesti\/dinosa-podnio-ostavku-prelazi-diplomatiju-clanak-49009\" target=\"_blank\"><strong>Vijesti<\/strong><\/a><\/p>\n","protected":false},"excerpt":{"rendered":"<p>Glavni odbor DUA imenovao je potpredsjednika Mehmeda Zenku za vr\u0161ioca du\u017enosti predsjednika stranke do partijskog kongresa. Predsjednik Demokratske unije Albanaca (DUA) Ferhat Dino\u0161a podnio je ostavku na tu funkciju, nakon \u0161to ga je Vlada predlo\u017eila za poziciju crnogorskog ambasadora u Albaniji. Iz DUA su agenciji MINA rekli da su diplomatska i funkcija lidera partije nespojive, [&hellip;]<\/p>\n","protected":false},"author":1,"featured_media":0,"comment_status":"open","ping_status":"closed","sticky":false,"template":"","format":"standard","meta":{"spay_email":"","jetpack_publicize_message":"","jetpack_is_tweetstorm":false,"jetpack_publicize_feature_enabled":true},"categories":[8337],"tags":[88],"jetpack_publicize_connections":[],"yoast_head":"<!-- This site is optimized with the Yoast SEO plugin v19.1 - https:\/\/yoast.com\/wordpress\/plugins\/seo\/ -->\n<title>Dino\u0161a podnio ostavku, prelazi u diplomatiju - Lajme nga Ulqini<\/title>\n<meta name=\"description\" content=\"Glavni odbor DUA imenovao je potpredsjednika Mehmeda Zenku za vr\u0161ioca du\u017enosti predsjednika stranke do partijskog kongresa. Predsjednik Demokratske unije\" \/>\n<meta name=\"robots\" content=\"index, follow, max-snippet:-1, max-image-preview:large, max-video-preview:-1\" \/>\n<link rel=\"canonical\" href=\"https:\/\/www.visit-ulcinj.com\/blog\/2011\/11\/27\/dinosa-podnio-ostavku-prelazi-u-diplomatiju\/\" \/>\n<meta property=\"og:locale\" content=\"en_US\" \/>\n<meta property=\"og:type\" content=\"article\" \/>\n<meta property=\"og:title\" content=\"Dino\u0161a podnio ostavku, prelazi u diplomatiju - Lajme nga Ulqini\" \/>\n<meta property=\"og:description\" content=\"Glavni odbor DUA imenovao je potpredsjednika Mehmeda Zenku za vr\u0161ioca du\u017enosti predsjednika stranke do partijskog kongresa. Predsjednik Demokratske unije\" \/>\n<meta property=\"og:url\" content=\"https:\/\/www.visit-ulcinj.com\/blog\/2011\/11\/27\/dinosa-podnio-ostavku-prelazi-u-diplomatiju\/\" \/>\n<meta property=\"og:site_name\" content=\"Lajme nga Ulqini\" \/>\n<meta property=\"article:published_time\" content=\"2011-11-27T17:38:48+00:00\" \/>\n<meta property=\"og:image\" content=\"http:\/\/www.visit-ulcinj.com\/blog\/wp-content\/uploads\/2011\/11\/Ferhat-Dinosa-podnio-ostavku-prelazi-u-diplomatiju.jpg\" \/>\n<meta name=\"twitter:label1\" content=\"Written by\" \/>\n\t<meta name=\"twitter:data1\" content=\"ulqini\" \/>\n\t<meta name=\"twitter:label2\" content=\"Est. reading time\" \/>\n\t<meta name=\"twitter:data2\" content=\"1 minute\" \/>\n<script type=\"application\/ld+json\" class=\"yoast-schema-graph\">{\"@context\":\"https:\/\/schema.org\",\"@graph\":[{\"@type\":\"WebSite\",\"@id\":\"https:\/\/www.visit-ulcinj.com\/blog\/#website\",\"url\":\"https:\/\/www.visit-ulcinj.com\/blog\/\",\"name\":\"Lajme nga Ulqini\",\"description\":\"Lajme,Vijesti,Ulqini,Ulqin,Crna Gora,Mali i Zi\",\"potentialAction\":[{\"@type\":\"SearchAction\",\"target\":{\"@type\":\"EntryPoint\",\"urlTemplate\":\"https:\/\/www.visit-ulcinj.com\/blog\/?s={search_term_string}\"},\"query-input\":\"required name=search_term_string\"}],\"inLanguage\":\"en-US\"},{\"@type\":\"ImageObject\",\"inLanguage\":\"en-US\",\"@id\":\"https:\/\/www.visit-ulcinj.com\/blog\/2011\/11\/27\/dinosa-podnio-ostavku-prelazi-u-diplomatiju\/#primaryimage\",\"url\":\"https:\/\/www.visit-ulcinj.com\/blog\/wp-content\/uploads\/2011\/11\/Ferhat-Dinosa-podnio-ostavku-prelazi-u-diplomatiju.jpg\",\"contentUrl\":\"https:\/\/www.visit-ulcinj.com\/blog\/wp-content\/uploads\/2011\/11\/Ferhat-Dinosa-podnio-ostavku-prelazi-u-diplomatiju.jpg\",\"width\":\"998\",\"height\":\"750\"},{\"@type\":\"WebPage\",\"@id\":\"https:\/\/www.visit-ulcinj.com\/blog\/2011\/11\/27\/dinosa-podnio-ostavku-prelazi-u-diplomatiju\/#webpage\",\"url\":\"https:\/\/www.visit-ulcinj.com\/blog\/2011\/11\/27\/dinosa-podnio-ostavku-prelazi-u-diplomatiju\/\",\"name\":\"Dino\u0161a podnio ostavku, prelazi u diplomatiju - Lajme nga Ulqini\",\"isPartOf\":{\"@id\":\"https:\/\/www.visit-ulcinj.com\/blog\/#website\"},\"primaryImageOfPage\":{\"@id\":\"https:\/\/www.visit-ulcinj.com\/blog\/2011\/11\/27\/dinosa-podnio-ostavku-prelazi-u-diplomatiju\/#primaryimage\"},\"datePublished\":\"2011-11-27T17:38:48+00:00\",\"dateModified\":\"2011-11-27T17:38:48+00:00\",\"author\":{\"@id\":\"https:\/\/www.visit-ulcinj.com\/blog\/#\/schema\/person\/dcab619c614d3038751c63bc2aadc06d\"},\"description\":\"Glavni odbor DUA imenovao je potpredsjednika Mehmeda Zenku za vr\u0161ioca du\u017enosti predsjednika stranke do partijskog kongresa. Predsjednik Demokratske unije\",\"breadcrumb\":{\"@id\":\"https:\/\/www.visit-ulcinj.com\/blog\/2011\/11\/27\/dinosa-podnio-ostavku-prelazi-u-diplomatiju\/#breadcrumb\"},\"inLanguage\":\"en-US\",\"potentialAction\":[{\"@type\":\"ReadAction\",\"target\":[\"https:\/\/www.visit-ulcinj.com\/blog\/2011\/11\/27\/dinosa-podnio-ostavku-prelazi-u-diplomatiju\/\"]}]},{\"@type\":\"BreadcrumbList\",\"@id\":\"https:\/\/www.visit-ulcinj.com\/blog\/2011\/11\/27\/dinosa-podnio-ostavku-prelazi-u-diplomatiju\/#breadcrumb\",\"itemListElement\":[{\"@type\":\"ListItem\",\"position\":1,\"name\":\"Dino\u0161a podnio ostavku, prelazi u diplomatiju\"}]},{\"@type\":\"Person\",\"@id\":\"https:\/\/www.visit-ulcinj.com\/blog\/#\/schema\/person\/dcab619c614d3038751c63bc2aadc06d\",\"name\":\"ulqini\",\"sameAs\":[\"http:\/\/www.visit-ulcinj.com\"],\"url\":\"https:\/\/www.visit-ulcinj.com\/blog\/author\/admin\/\"}]}<\/script>\n<!-- \/ Yoast SEO plugin. -->","yoast_head_json":{"title":"Dino\u0161a podnio ostavku, prelazi u diplomatiju - Lajme nga Ulqini","description":"Glavni odbor DUA imenovao je potpredsjednika Mehmeda Zenku za vr\u0161ioca du\u017enosti predsjednika stranke do partijskog kongresa. Predsjednik Demokratske unije","robots":{"index":"index","follow":"follow","max-snippet":"max-snippet:-1","max-image-preview":"max-image-preview:large","max-video-preview":"max-video-preview:-1"},"canonical":"https:\/\/www.visit-ulcinj.com\/blog\/2011\/11\/27\/dinosa-podnio-ostavku-prelazi-u-diplomatiju\/","og_locale":"en_US","og_type":"article","og_title":"Dino\u0161a podnio ostavku, prelazi u diplomatiju - Lajme nga Ulqini","og_description":"Glavni odbor DUA imenovao je potpredsjednika Mehmeda Zenku za vr\u0161ioca du\u017enosti predsjednika stranke do partijskog kongresa. Predsjednik Demokratske unije","og_url":"https:\/\/www.visit-ulcinj.com\/blog\/2011\/11\/27\/dinosa-podnio-ostavku-prelazi-u-diplomatiju\/","og_site_name":"Lajme nga Ulqini","article_published_time":"2011-11-27T17:38:48+00:00","og_image":[{"url":"http:\/\/www.visit-ulcinj.com\/blog\/wp-content\/uploads\/2011\/11\/Ferhat-Dinosa-podnio-ostavku-prelazi-u-diplomatiju.jpg"}],"twitter_misc":{"Written by":"ulqini","Est. reading time":"1 minute"},"schema":{"@context":"https:\/\/schema.org","@graph":[{"@type":"WebSite","@id":"https:\/\/www.visit-ulcinj.com\/blog\/#website","url":"https:\/\/www.visit-ulcinj.com\/blog\/","name":"Lajme nga Ulqini","description":"Lajme,Vijesti,Ulqini,Ulqin,Crna Gora,Mali i Zi","potentialAction":[{"@type":"SearchAction","target":{"@type":"EntryPoint","urlTemplate":"https:\/\/www.visit-ulcinj.com\/blog\/?s={search_term_string}"},"query-input":"required name=search_term_string"}],"inLanguage":"en-US"},{"@type":"ImageObject","inLanguage":"en-US","@id":"https:\/\/www.visit-ulcinj.com\/blog\/2011\/11\/27\/dinosa-podnio-ostavku-prelazi-u-diplomatiju\/#primaryimage","url":"https:\/\/www.visit-ulcinj.com\/blog\/wp-content\/uploads\/2011\/11\/Ferhat-Dinosa-podnio-ostavku-prelazi-u-diplomatiju.jpg","contentUrl":"https:\/\/www.visit-ulcinj.com\/blog\/wp-content\/uploads\/2011\/11\/Ferhat-Dinosa-podnio-ostavku-prelazi-u-diplomatiju.jpg","width":"998","height":"750"},{"@type":"WebPage","@id":"https:\/\/www.visit-ulcinj.com\/blog\/2011\/11\/27\/dinosa-podnio-ostavku-prelazi-u-diplomatiju\/#webpage","url":"https:\/\/www.visit-ulcinj.com\/blog\/2011\/11\/27\/dinosa-podnio-ostavku-prelazi-u-diplomatiju\/","name":"Dino\u0161a podnio ostavku, prelazi u diplomatiju - Lajme nga Ulqini","isPartOf":{"@id":"https:\/\/www.visit-ulcinj.com\/blog\/#website"},"primaryImageOfPage":{"@id":"https:\/\/www.visit-ulcinj.com\/blog\/2011\/11\/27\/dinosa-podnio-ostavku-prelazi-u-diplomatiju\/#primaryimage"},"datePublished":"2011-11-27T17:38:48+00:00","dateModified":"2011-11-27T17:38:48+00:00","author":{"@id":"https:\/\/www.visit-ulcinj.com\/blog\/#\/schema\/person\/dcab619c614d3038751c63bc2aadc06d"},"description":"Glavni odbor DUA imenovao je potpredsjednika Mehmeda Zenku za vr\u0161ioca du\u017enosti predsjednika stranke do partijskog kongresa. Predsjednik Demokratske unije","breadcrumb":{"@id":"https:\/\/www.visit-ulcinj.com\/blog\/2011\/11\/27\/dinosa-podnio-ostavku-prelazi-u-diplomatiju\/#breadcrumb"},"inLanguage":"en-US","potentialAction":[{"@type":"ReadAction","target":["https:\/\/www.visit-ulcinj.com\/blog\/2011\/11\/27\/dinosa-podnio-ostavku-prelazi-u-diplomatiju\/"]}]},{"@type":"BreadcrumbList","@id":"https:\/\/www.visit-ulcinj.com\/blog\/2011\/11\/27\/dinosa-podnio-ostavku-prelazi-u-diplomatiju\/#breadcrumb","itemListElement":[{"@type":"ListItem","position":1,"name":"Dino\u0161a podnio ostavku, prelazi u diplomatiju"}]},{"@type":"Person","@id":"https:\/\/www.visit-ulcinj.com\/blog\/#\/schema\/person\/dcab619c614d3038751c63bc2aadc06d","name":"ulqini","sameAs":["http:\/\/www.visit-ulcinj.com"],"url":"https:\/\/www.visit-ulcinj.com\/blog\/author\/admin\/"}]}},"jetpack_featured_media_url":"","jetpack_sharing_enabled":true,"jetpack_shortlink":"https:\/\/wp.me\/pe6lTn-dYX","_links":{"self":[{"href":"https:\/\/www.visit-ulcinj.com\/blog\/wp-json\/wp\/v2\/posts\/53751"}],"collection":[{"href":"https:\/\/www.visit-ulcinj.com\/blog\/wp-json\/wp\/v2\/posts"}],"about":[{"href":"https:\/\/www.visit-ulcinj.com\/blog\/wp-json\/wp\/v2\/types\/post"}],"author":[{"embeddable":true,"href":"https:\/\/www.visit-ulcinj.com\/blog\/wp-json\/wp\/v2\/users\/1"}],"replies":[{"embeddable":true,"href":"https:\/\/www.visit-ulcinj.com\/blog\/wp-json\/wp\/v2\/comments?post=53751"}],"version-history":[{"count":1,"href":"https:\/\/www.visit-ulcinj.com\/blog\/wp-json\/wp\/v2\/posts\/53751\/revisions"}],"predecessor-version":[{"id":53753,"href":"https:\/\/www.visit-ulcinj.com\/blog\/wp-json\/wp\/v2\/posts\/53751\/revisions\/53753"}],"wp:attachment":[{"href":"https:\/\/www.visit-ulcinj.com\/blog\/wp-json\/wp\/v2\/media?parent=53751"}],"wp:term":[{"taxonomy":"category","embeddable":true,"href":"https:\/\/www.visit-ulcinj.com\/blog\/wp-json\/wp\/v2\/categories?post=53751"},{"taxonomy":"post_tag","embeddable":true,"href":"https:\/\/www.visit-ulcinj.com\/blog\/wp-json\/wp\/v2\/tags?post=53751"}],"curies":[{"name":"wp","href":"https:\/\/api.w.org\/{rel}","templated":true}]}}