{"id":53757,"date":"2011-11-27T20:02:28","date_gmt":"2011-11-27T19:02:28","guid":{"rendered":"http:\/\/www.visit-ulcinj.com\/blog\/?p=53757"},"modified":"2011-11-27T20:02:28","modified_gmt":"2011-11-27T19:02:28","slug":"port-milena-sot-imazhi-i-pakendshem","status":"publish","type":"post","link":"https:\/\/www.visit-ulcinj.com\/blog\/2011\/11\/27\/port-milena-sot-imazhi-i-pakendshem\/","title":{"rendered":"Port Milena sot &#8211; Imazhi i pak\u00ebndsh\u00ebm"},"content":{"rendered":"<p><strong><a href=\"http:\/\/www.visit-ulcinj.com\/blog\/wp-content\/uploads\/2011\/11\/Port-Milena-Ulqin_Ulcinj.1.jpg\"><img loading=\"lazy\" class=\"alignleft size-full wp-image-53758\" title=\"Port Milena Ulqin_Ulcinj.1\" src=\"http:\/\/www.visit-ulcinj.com\/blog\/wp-content\/uploads\/2011\/11\/Port-Milena-Ulqin_Ulcinj.1.jpg\" alt=\"\" width=\"509\" height=\"400\" \/><\/a>Enver Mollabeqiri &#8211; Eno<\/strong><br \/>\nDuke sh\u00ebtitur trotuareve t\u00eb Plazhit t\u00eb Shtojit n\u00eb Ulqin dhe duke iu afruar ur\u00ebs s\u00eb vjet\u00ebr mbi Port Milen\u00eb, t\u00eb z\u00eb frym\u00ebn era e r\u00ebnd\u00eb e mbeturinave q\u00eb kan\u00eb v\u00ebrshuar k\u00ebt\u00eb pjes\u00eb dikur piktoreske, me sht\u00ebpiza t\u00eb vogla peshkatar\u00ebsh dhe me kalimerat karakteristike. Tani gjith\u00e7ka ka ndryshuar. Sht\u00ebpizat dhe kalimerat jan\u00eb t\u00eb rr\u00ebnuara dhe krejt peizazhi \u00ebsht\u00eb nj\u00eb pellg i ndyr\u00eb, i mbushur me mbeturina, me pak apo aspak gjallesa. Krejt kjo ndodh n\u00eb zem\u00ebr t\u00eb Plazhit t\u00eb Shtojit, n\u00eb qendr\u00ebn turistike t\u00eb Ulqinit. Pak \u00ebsht\u00eb t\u00eb themi q\u00eb kjo \u00ebsht\u00eb me t\u00eb v\u00ebrtet\u00eb nj\u00eb bomb\u00eb ekologjike. \u00cbsht\u00eb m\u00eb tep\u00ebr se kaq. \u00cbsht\u00eb nj\u00eb fatkeq\u00ebsi e cila e ka katandisur fillimin e Plazhit t\u00eb Shtojit n\u00eb nj\u00eb vend sa t\u00eb k\u00ebndsh\u00ebm p\u00ebr t\u2019u rrezitur dhe p\u00ebr t\u2019u lar\u00eb n\u00eb nj\u00ebr\u00ebn an\u00eb, aq edhe t\u00eb pap\u00ebrshtatsh\u00ebm dhe jokomod n\u00eb aspektin ekologjik p\u00ebr t\u00eb kaluar pushimet, n\u00eb an\u00ebn tjet\u00ebr. K\u00ebt\u00eb e b\u00ebn era e pak\u00ebndshme e cila p\u00ebrhapet n\u00eb t\u00ebr\u00eb k\u00ebt\u00eb pjes\u00eb t\u00eb Ulqinit, deri n\u00eb breg t\u00eb detit. \u00cbsht\u00eb e papranueshme dhe e paimagjinueshme \u00e7far\u00eb mund t\u00eb b\u00ebj\u00eb pap\u00ebrgjegjshm\u00ebria, mosinteresimi dhe mosnd\u00ebrmarrja e aksioneve adekuate p\u00ebr sanimin e k\u00ebtij problemi shum\u00eb t\u00eb madh, jo vet\u00ebm ekologjik, por edhe ekzistencial p\u00ebr k\u00ebt\u00eb pjes\u00eb t\u00eb Ulqinit, e pse jo edhe t\u00eb krejt Ulqinit.<\/p>\n<p><a href=\"http:\/\/www.visit-ulcinj.com\/blog\/wp-content\/uploads\/2011\/11\/Port-Milena-Ulqin_Ulcinj.2.jpg\"><img loading=\"lazy\" class=\"alignleft size-full wp-image-53759\" title=\"Port Milena Ulqin_Ulcinj.2\" src=\"http:\/\/www.visit-ulcinj.com\/blog\/wp-content\/uploads\/2011\/11\/Port-Milena-Ulqin_Ulcinj.2.jpg\" alt=\"\" width=\"491\" height=\"560\" \/><\/a><\/p>\n<p>Pap\u00ebrgjegjshm\u00ebria njer\u00ebzore ka b\u00ebr\u00eb q\u00eb vite me radh\u00eb t\u00eb derdhen dhe t\u00eb hidhen mbeturinat n\u00eb k\u00ebt\u00eb pjes\u00eb dikur aq piktoreske t\u00eb Plazhit t\u00eb Shtojit. Mosinteresimi dhe joshja p\u00ebr vjeljen sa m\u00eb t\u00eb madhe t\u00eb mjeteve financiare ka krijuar kushtet q\u00eb kjo t\u00eb ndodh\u00eb buz\u00eb nesh, sikur kjo pjes\u00eb e Ulqinit t\u00eb ishte nj\u00eb pjes\u00eb e humbur e Afrik\u00ebs lindore. Mosnd\u00ebrmarrja e aksioneve adekuate p\u00ebr pengimin apo p\u00ebr sanimin e k\u00ebsaj gjendjeje, ka b\u00ebr\u00eb q\u00eb kjo t\u00eb zgjas\u00eb tep\u00ebr gjat\u00eb dhe t\u00eb mb\u00ebrrij\u00eb n\u00eb k\u00ebt\u00eb shkall\u00eb si\u00e7 \u00ebsht\u00eb sot, kur duhet nd\u00ebrmarr\u00eb veprime m\u00eb radikale, me mjete shum\u00eb m\u00eb t\u00eb m\u00ebdha financiare dhe medoemos me veprime m\u00eb t\u00eb dhunshme p\u00ebr t\u00eb gjith\u00eb ne. Kjo duhet b\u00ebr\u00eb dhe nuk duhet pritur asnj\u00eb \u00e7ast, pasi q\u00eb ka t\u00eb b\u00ebj\u00eb me t\u00eb ardhmen ekologjike dhe sh\u00ebndetin publik t\u00eb banor\u00ebve t\u00eb Ulqinit dhe me t\u00eb sotmen dhe t\u00eb ardhmen turistike t\u00eb Plazhit t\u00eb Shtojit dhe t\u00eb Ulqinit. Imazhet q\u00eb shihen sot aty jan\u00eb me siguri jo t\u00eb bukura dhe t\u00eb pak\u00ebndshme p\u00ebr secilin nga vizitor\u00ebt e shumt\u00eb t\u00eb Ulqinit. Por, duhet th\u00ebn\u00eb q\u00eb ata nuk jan\u00eb vet\u00ebm thjesht vizitor\u00eb t\u00eb Ulqinit apo vet\u00ebm turist\u00eb, por ata jan\u00eb dashamir\u00ebs dhe adhurues t\u00eb Ulqinit, t\u00eb cil\u00ebt p\u00ebrkund\u00ebr k\u00ebtyre imazheve, e duan dhe e kan\u00eb n\u00eb zem\u00ebr Ulqinin. Ata p\u00ebrkund\u00ebr mosp\u00ebrfilljes dhe javashll\u00ebkut ton\u00eb, vijn\u00eb vit p\u00ebr vit n\u00eb Ulqin p\u00ebr t\u00eb shijuar diellin e zjarrt\u00eb, detin e past\u00ebr dhe bregdetin e mahnitsh\u00ebm t\u00eb Ulqinit. Andaj, p\u00ebr shkak t\u00eb tyre, p\u00ebr shkak t\u00eb Ulqinit dhe vetes, duhet t\u00eb nd\u00ebrmerren veprime serioze p\u00ebr t\u2019u pastruar Port Milena dhe t\u00eb largohet nj\u00ebher\u00eb e p\u00ebrgjithmon\u00eb era e pak\u00ebndshme nga fillimi i Plazhit t\u00eb Shtojit. K\u00ebt\u00eb ia kemi borxh adhuruesve t\u00eb shumt\u00eb t\u00eb Ulqinit, brezave t\u00eb ardhsh\u00ebm dhe ardhm\u00ebris\u00eb s\u00eb Ulqinit, si destinacionit m\u00eb t\u00eb preferuar turistik vite me radh\u00eb.<\/p>\n<p><strong>Koha Javore<\/strong><br \/>\n<!--YouTube Error: bad URL entered--><\/p>\n","protected":false},"excerpt":{"rendered":"<p>Enver Mollabeqiri &#8211; Eno Duke sh\u00ebtitur trotuareve t\u00eb Plazhit t\u00eb Shtojit n\u00eb Ulqin dhe duke iu afruar ur\u00ebs s\u00eb vjet\u00ebr mbi Port Milen\u00eb, t\u00eb z\u00eb frym\u00ebn era e r\u00ebnd\u00eb e mbeturinave q\u00eb kan\u00eb v\u00ebrshuar k\u00ebt\u00eb pjes\u00eb dikur piktoreske, me sht\u00ebpiza t\u00eb vogla peshkatar\u00ebsh dhe me kalimerat karakteristike. Tani gjith\u00e7ka ka ndryshuar. Sht\u00ebpizat dhe kalimerat jan\u00eb [&hellip;]<\/p>\n","protected":false},"author":1,"featured_media":0,"comment_status":"open","ping_status":"closed","sticky":false,"template":"","format":"standard","meta":{"spay_email":"","jetpack_publicize_message":"","jetpack_is_tweetstorm":false,"jetpack_publicize_feature_enabled":true},"categories":[14249],"tags":[295,200,18],"jetpack_publicize_connections":[],"yoast_head":"<!-- This site is optimized with the Yoast SEO plugin v19.1 - https:\/\/yoast.com\/wordpress\/plugins\/seo\/ -->\n<title>Port Milena sot - Imazhi i pak\u00ebndsh\u00ebm - Lajme nga Ulqini<\/title>\n<meta name=\"description\" content=\"Enver Mollabeqiri - Eno Duke sh\u00ebtitur trotuareve t\u00eb Plazhit t\u00eb Shtojit n\u00eb Ulqin dhe duke iu afruar ur\u00ebs s\u00eb vjet\u00ebr mbi Port Milen\u00eb, t\u00eb z\u00eb frym\u00ebn era e\" \/>\n<meta name=\"robots\" content=\"index, follow, max-snippet:-1, max-image-preview:large, max-video-preview:-1\" \/>\n<link rel=\"canonical\" href=\"https:\/\/www.visit-ulcinj.com\/blog\/2011\/11\/27\/port-milena-sot-imazhi-i-pakendshem\/\" \/>\n<meta property=\"og:locale\" content=\"en_US\" \/>\n<meta property=\"og:type\" content=\"article\" \/>\n<meta property=\"og:title\" content=\"Port Milena sot - Imazhi i pak\u00ebndsh\u00ebm - Lajme nga Ulqini\" \/>\n<meta property=\"og:description\" content=\"Enver Mollabeqiri - Eno Duke sh\u00ebtitur trotuareve t\u00eb Plazhit t\u00eb Shtojit n\u00eb Ulqin dhe duke iu afruar ur\u00ebs s\u00eb vjet\u00ebr mbi Port Milen\u00eb, t\u00eb z\u00eb frym\u00ebn era e\" \/>\n<meta property=\"og:url\" content=\"https:\/\/www.visit-ulcinj.com\/blog\/2011\/11\/27\/port-milena-sot-imazhi-i-pakendshem\/\" \/>\n<meta property=\"og:site_name\" content=\"Lajme nga Ulqini\" \/>\n<meta property=\"article:published_time\" content=\"2011-11-27T19:02:28+00:00\" \/>\n<meta property=\"og:image\" content=\"http:\/\/www.visit-ulcinj.com\/blog\/wp-content\/uploads\/2011\/11\/Port-Milena-Ulqin_Ulcinj.1.jpg\" \/>\n<meta name=\"twitter:label1\" content=\"Written by\" \/>\n\t<meta name=\"twitter:data1\" content=\"ulqini\" \/>\n\t<meta name=\"twitter:label2\" content=\"Est. reading time\" \/>\n\t<meta name=\"twitter:data2\" content=\"3 minutes\" \/>\n<script type=\"application\/ld+json\" class=\"yoast-schema-graph\">{\"@context\":\"https:\/\/schema.org\",\"@graph\":[{\"@type\":\"WebSite\",\"@id\":\"https:\/\/www.visit-ulcinj.com\/blog\/#website\",\"url\":\"https:\/\/www.visit-ulcinj.com\/blog\/\",\"name\":\"Lajme nga Ulqini\",\"description\":\"Lajme,Vijesti,Ulqini,Ulqin,Crna Gora,Mali i Zi\",\"potentialAction\":[{\"@type\":\"SearchAction\",\"target\":{\"@type\":\"EntryPoint\",\"urlTemplate\":\"https:\/\/www.visit-ulcinj.com\/blog\/?s={search_term_string}\"},\"query-input\":\"required name=search_term_string\"}],\"inLanguage\":\"en-US\"},{\"@type\":\"ImageObject\",\"inLanguage\":\"en-US\",\"@id\":\"https:\/\/www.visit-ulcinj.com\/blog\/2011\/11\/27\/port-milena-sot-imazhi-i-pakendshem\/#primaryimage\",\"url\":\"https:\/\/www.visit-ulcinj.com\/blog\/wp-content\/uploads\/2011\/11\/Port-Milena-Ulqin_Ulcinj.1.jpg\",\"contentUrl\":\"https:\/\/www.visit-ulcinj.com\/blog\/wp-content\/uploads\/2011\/11\/Port-Milena-Ulqin_Ulcinj.1.jpg\",\"width\":\"752\",\"height\":\"717\"},{\"@type\":\"WebPage\",\"@id\":\"https:\/\/www.visit-ulcinj.com\/blog\/2011\/11\/27\/port-milena-sot-imazhi-i-pakendshem\/#webpage\",\"url\":\"https:\/\/www.visit-ulcinj.com\/blog\/2011\/11\/27\/port-milena-sot-imazhi-i-pakendshem\/\",\"name\":\"Port Milena sot - Imazhi i pak\u00ebndsh\u00ebm - Lajme nga Ulqini\",\"isPartOf\":{\"@id\":\"https:\/\/www.visit-ulcinj.com\/blog\/#website\"},\"primaryImageOfPage\":{\"@id\":\"https:\/\/www.visit-ulcinj.com\/blog\/2011\/11\/27\/port-milena-sot-imazhi-i-pakendshem\/#primaryimage\"},\"datePublished\":\"2011-11-27T19:02:28+00:00\",\"dateModified\":\"2011-11-27T19:02:28+00:00\",\"author\":{\"@id\":\"https:\/\/www.visit-ulcinj.com\/blog\/#\/schema\/person\/dcab619c614d3038751c63bc2aadc06d\"},\"description\":\"Enver Mollabeqiri - Eno Duke sh\u00ebtitur trotuareve t\u00eb Plazhit t\u00eb Shtojit n\u00eb Ulqin dhe duke iu afruar ur\u00ebs s\u00eb vjet\u00ebr mbi Port Milen\u00eb, t\u00eb z\u00eb frym\u00ebn era e\",\"breadcrumb\":{\"@id\":\"https:\/\/www.visit-ulcinj.com\/blog\/2011\/11\/27\/port-milena-sot-imazhi-i-pakendshem\/#breadcrumb\"},\"inLanguage\":\"en-US\",\"potentialAction\":[{\"@type\":\"ReadAction\",\"target\":[\"https:\/\/www.visit-ulcinj.com\/blog\/2011\/11\/27\/port-milena-sot-imazhi-i-pakendshem\/\"]}]},{\"@type\":\"BreadcrumbList\",\"@id\":\"https:\/\/www.visit-ulcinj.com\/blog\/2011\/11\/27\/port-milena-sot-imazhi-i-pakendshem\/#breadcrumb\",\"itemListElement\":[{\"@type\":\"ListItem\",\"position\":1,\"name\":\"Port Milena sot &#8211; Imazhi i pak\u00ebndsh\u00ebm\"}]},{\"@type\":\"Person\",\"@id\":\"https:\/\/www.visit-ulcinj.com\/blog\/#\/schema\/person\/dcab619c614d3038751c63bc2aadc06d\",\"name\":\"ulqini\",\"sameAs\":[\"http:\/\/www.visit-ulcinj.com\"],\"url\":\"https:\/\/www.visit-ulcinj.com\/blog\/author\/admin\/\"}]}<\/script>\n<!-- \/ Yoast SEO plugin. -->","yoast_head_json":{"title":"Port Milena sot - Imazhi i pak\u00ebndsh\u00ebm - Lajme nga Ulqini","description":"Enver Mollabeqiri - Eno Duke sh\u00ebtitur trotuareve t\u00eb Plazhit t\u00eb Shtojit n\u00eb Ulqin dhe duke iu afruar ur\u00ebs s\u00eb vjet\u00ebr mbi Port Milen\u00eb, t\u00eb z\u00eb frym\u00ebn era e","robots":{"index":"index","follow":"follow","max-snippet":"max-snippet:-1","max-image-preview":"max-image-preview:large","max-video-preview":"max-video-preview:-1"},"canonical":"https:\/\/www.visit-ulcinj.com\/blog\/2011\/11\/27\/port-milena-sot-imazhi-i-pakendshem\/","og_locale":"en_US","og_type":"article","og_title":"Port Milena sot - Imazhi i pak\u00ebndsh\u00ebm - Lajme nga Ulqini","og_description":"Enver Mollabeqiri - Eno Duke sh\u00ebtitur trotuareve t\u00eb Plazhit t\u00eb Shtojit n\u00eb Ulqin dhe duke iu afruar ur\u00ebs s\u00eb vjet\u00ebr mbi Port Milen\u00eb, t\u00eb z\u00eb frym\u00ebn era e","og_url":"https:\/\/www.visit-ulcinj.com\/blog\/2011\/11\/27\/port-milena-sot-imazhi-i-pakendshem\/","og_site_name":"Lajme nga Ulqini","article_published_time":"2011-11-27T19:02:28+00:00","og_image":[{"url":"http:\/\/www.visit-ulcinj.com\/blog\/wp-content\/uploads\/2011\/11\/Port-Milena-Ulqin_Ulcinj.1.jpg"}],"twitter_misc":{"Written by":"ulqini","Est. reading time":"3 minutes"},"schema":{"@context":"https:\/\/schema.org","@graph":[{"@type":"WebSite","@id":"https:\/\/www.visit-ulcinj.com\/blog\/#website","url":"https:\/\/www.visit-ulcinj.com\/blog\/","name":"Lajme nga Ulqini","description":"Lajme,Vijesti,Ulqini,Ulqin,Crna Gora,Mali i Zi","potentialAction":[{"@type":"SearchAction","target":{"@type":"EntryPoint","urlTemplate":"https:\/\/www.visit-ulcinj.com\/blog\/?s={search_term_string}"},"query-input":"required name=search_term_string"}],"inLanguage":"en-US"},{"@type":"ImageObject","inLanguage":"en-US","@id":"https:\/\/www.visit-ulcinj.com\/blog\/2011\/11\/27\/port-milena-sot-imazhi-i-pakendshem\/#primaryimage","url":"https:\/\/www.visit-ulcinj.com\/blog\/wp-content\/uploads\/2011\/11\/Port-Milena-Ulqin_Ulcinj.1.jpg","contentUrl":"https:\/\/www.visit-ulcinj.com\/blog\/wp-content\/uploads\/2011\/11\/Port-Milena-Ulqin_Ulcinj.1.jpg","width":"752","height":"717"},{"@type":"WebPage","@id":"https:\/\/www.visit-ulcinj.com\/blog\/2011\/11\/27\/port-milena-sot-imazhi-i-pakendshem\/#webpage","url":"https:\/\/www.visit-ulcinj.com\/blog\/2011\/11\/27\/port-milena-sot-imazhi-i-pakendshem\/","name":"Port Milena sot - Imazhi i pak\u00ebndsh\u00ebm - Lajme nga Ulqini","isPartOf":{"@id":"https:\/\/www.visit-ulcinj.com\/blog\/#website"},"primaryImageOfPage":{"@id":"https:\/\/www.visit-ulcinj.com\/blog\/2011\/11\/27\/port-milena-sot-imazhi-i-pakendshem\/#primaryimage"},"datePublished":"2011-11-27T19:02:28+00:00","dateModified":"2011-11-27T19:02:28+00:00","author":{"@id":"https:\/\/www.visit-ulcinj.com\/blog\/#\/schema\/person\/dcab619c614d3038751c63bc2aadc06d"},"description":"Enver Mollabeqiri - Eno Duke sh\u00ebtitur trotuareve t\u00eb Plazhit t\u00eb Shtojit n\u00eb Ulqin dhe duke iu afruar ur\u00ebs s\u00eb vjet\u00ebr mbi Port Milen\u00eb, t\u00eb z\u00eb frym\u00ebn era e","breadcrumb":{"@id":"https:\/\/www.visit-ulcinj.com\/blog\/2011\/11\/27\/port-milena-sot-imazhi-i-pakendshem\/#breadcrumb"},"inLanguage":"en-US","potentialAction":[{"@type":"ReadAction","target":["https:\/\/www.visit-ulcinj.com\/blog\/2011\/11\/27\/port-milena-sot-imazhi-i-pakendshem\/"]}]},{"@type":"BreadcrumbList","@id":"https:\/\/www.visit-ulcinj.com\/blog\/2011\/11\/27\/port-milena-sot-imazhi-i-pakendshem\/#breadcrumb","itemListElement":[{"@type":"ListItem","position":1,"name":"Port Milena sot &#8211; Imazhi i pak\u00ebndsh\u00ebm"}]},{"@type":"Person","@id":"https:\/\/www.visit-ulcinj.com\/blog\/#\/schema\/person\/dcab619c614d3038751c63bc2aadc06d","name":"ulqini","sameAs":["http:\/\/www.visit-ulcinj.com"],"url":"https:\/\/www.visit-ulcinj.com\/blog\/author\/admin\/"}]}},"jetpack_featured_media_url":"","jetpack_sharing_enabled":true,"jetpack_shortlink":"https:\/\/wp.me\/pe6lTn-dZ3","_links":{"self":[{"href":"https:\/\/www.visit-ulcinj.com\/blog\/wp-json\/wp\/v2\/posts\/53757"}],"collection":[{"href":"https:\/\/www.visit-ulcinj.com\/blog\/wp-json\/wp\/v2\/posts"}],"about":[{"href":"https:\/\/www.visit-ulcinj.com\/blog\/wp-json\/wp\/v2\/types\/post"}],"author":[{"embeddable":true,"href":"https:\/\/www.visit-ulcinj.com\/blog\/wp-json\/wp\/v2\/users\/1"}],"replies":[{"embeddable":true,"href":"https:\/\/www.visit-ulcinj.com\/blog\/wp-json\/wp\/v2\/comments?post=53757"}],"version-history":[{"count":1,"href":"https:\/\/www.visit-ulcinj.com\/blog\/wp-json\/wp\/v2\/posts\/53757\/revisions"}],"predecessor-version":[{"id":53760,"href":"https:\/\/www.visit-ulcinj.com\/blog\/wp-json\/wp\/v2\/posts\/53757\/revisions\/53760"}],"wp:attachment":[{"href":"https:\/\/www.visit-ulcinj.com\/blog\/wp-json\/wp\/v2\/media?parent=53757"}],"wp:term":[{"taxonomy":"category","embeddable":true,"href":"https:\/\/www.visit-ulcinj.com\/blog\/wp-json\/wp\/v2\/categories?post=53757"},{"taxonomy":"post_tag","embeddable":true,"href":"https:\/\/www.visit-ulcinj.com\/blog\/wp-json\/wp\/v2\/tags?post=53757"}],"curies":[{"name":"wp","href":"https:\/\/api.w.org\/{rel}","templated":true}]}}