{"id":53784,"date":"2011-11-28T10:08:32","date_gmt":"2011-11-28T09:08:32","guid":{"rendered":"http:\/\/www.visit-ulcinj.com\/blog\/?p=53784"},"modified":"2011-11-28T10:15:47","modified_gmt":"2011-11-28T09:15:47","slug":"53784","status":"publish","type":"post","link":"https:\/\/www.visit-ulcinj.com\/blog\/2011\/11\/28\/53784\/","title":{"rendered":"Forca e Re Demokratike uron  fest\u00ebn e 28 N\u00ebntorit"},"content":{"rendered":"<p><strong><a href=\"http:\/\/www.visit-ulcinj.com\/blog\/wp-content\/uploads\/2011\/11\/URIME_28nentori_FORCA_ulqin..jpg\"><img loading=\"lazy\" class=\"alignleft size-full wp-image-53785\" title=\"URIME_28nentori_FORCA_ulqin.\" src=\"http:\/\/www.visit-ulcinj.com\/blog\/wp-content\/uploads\/2011\/11\/URIME_28nentori_FORCA_ulqin..jpg\" alt=\"\" width=\"508\" height=\"400\" \/><\/a>Me rastin e 28 N\u00ebntorit dit\u00ebs s\u00eb Flamurit Komb\u00ebtar\u00eb Shqiptar\u00eb, Forca e re demokratike, ua uron gjith\u00eb shqiptar\u00ebve Dit\u00ebn e Flamurit Komb\u00ebtar.<br \/>\n<!--YouTube Error: bad URL entered--><br \/>\n<\/strong><\/p>\n","protected":false},"excerpt":{"rendered":"<p>Me rastin e 28 N\u00ebntorit dit\u00ebs s\u00eb Flamurit Komb\u00ebtar\u00eb Shqiptar\u00eb, Forca e re demokratike, ua uron gjith\u00eb shqiptar\u00ebve Dit\u00ebn e Flamurit Komb\u00ebtar.<\/p>\n","protected":false},"author":1,"featured_media":0,"comment_status":"open","ping_status":"closed","sticky":false,"template":"","format":"standard","meta":{"spay_email":"","jetpack_publicize_message":"","jetpack_is_tweetstorm":false,"jetpack_publicize_feature_enabled":true},"categories":[6950],"tags":[874,19516,95,200,18,19515],"jetpack_publicize_connections":[],"yoast_head":"<!-- This site is optimized with the Yoast SEO plugin v19.1 - https:\/\/yoast.com\/wordpress\/plugins\/seo\/ -->\n<title>Forca e Re Demokratike uron fest\u00ebn e 28 N\u00ebntorit - Lajme nga Ulqini<\/title>\n<meta name=\"description\" content=\"Me rastin e 28 N\u00ebntorit dit\u00ebs s\u00eb Flamurit Komb\u00ebtar\u00eb Shqiptar\u00eb, Forca e re demokratike, ua uron gjith\u00eb shqiptar\u00ebve Dit\u00ebn e Flamurit Komb\u00ebtar.\" \/>\n<meta name=\"robots\" content=\"index, follow, max-snippet:-1, max-image-preview:large, max-video-preview:-1\" \/>\n<link rel=\"canonical\" href=\"https:\/\/www.visit-ulcinj.com\/blog\/2011\/11\/28\/53784\/\" \/>\n<meta property=\"og:locale\" content=\"en_US\" \/>\n<meta property=\"og:type\" content=\"article\" \/>\n<meta property=\"og:title\" content=\"Forca e Re Demokratike uron fest\u00ebn e 28 N\u00ebntorit - Lajme nga Ulqini\" \/>\n<meta property=\"og:description\" content=\"Me rastin e 28 N\u00ebntorit dit\u00ebs s\u00eb Flamurit Komb\u00ebtar\u00eb Shqiptar\u00eb, Forca e re demokratike, ua uron gjith\u00eb shqiptar\u00ebve Dit\u00ebn e Flamurit Komb\u00ebtar.\" \/>\n<meta property=\"og:url\" content=\"https:\/\/www.visit-ulcinj.com\/blog\/2011\/11\/28\/53784\/\" \/>\n<meta property=\"og:site_name\" content=\"Lajme nga Ulqini\" \/>\n<meta property=\"article:published_time\" content=\"2011-11-28T09:08:32+00:00\" \/>\n<meta property=\"article:modified_time\" content=\"2011-11-28T09:15:47+00:00\" \/>\n<meta property=\"og:image\" content=\"http:\/\/www.visit-ulcinj.com\/blog\/wp-content\/uploads\/2011\/11\/URIME_28nentori_FORCA_ulqin..jpg\" \/>\n<meta name=\"twitter:label1\" content=\"Written by\" \/>\n\t<meta name=\"twitter:data1\" content=\"ulqini\" \/>\n<script type=\"application\/ld+json\" class=\"yoast-schema-graph\">{\"@context\":\"https:\/\/schema.org\",\"@graph\":[{\"@type\":\"WebSite\",\"@id\":\"https:\/\/www.visit-ulcinj.com\/blog\/#website\",\"url\":\"https:\/\/www.visit-ulcinj.com\/blog\/\",\"name\":\"Lajme nga Ulqini\",\"description\":\"Lajme,Vijesti,Ulqini,Ulqin,Crna Gora,Mali i Zi\",\"potentialAction\":[{\"@type\":\"SearchAction\",\"target\":{\"@type\":\"EntryPoint\",\"urlTemplate\":\"https:\/\/www.visit-ulcinj.com\/blog\/?s={search_term_string}\"},\"query-input\":\"required name=search_term_string\"}],\"inLanguage\":\"en-US\"},{\"@type\":\"ImageObject\",\"inLanguage\":\"en-US\",\"@id\":\"https:\/\/www.visit-ulcinj.com\/blog\/2011\/11\/28\/53784\/#primaryimage\",\"url\":\"https:\/\/www.visit-ulcinj.com\/blog\/wp-content\/uploads\/2011\/11\/URIME_28nentori_FORCA_ulqin..jpg\",\"contentUrl\":\"https:\/\/www.visit-ulcinj.com\/blog\/wp-content\/uploads\/2011\/11\/URIME_28nentori_FORCA_ulqin..jpg\",\"width\":\"720\",\"height\":\"576\"},{\"@type\":\"WebPage\",\"@id\":\"https:\/\/www.visit-ulcinj.com\/blog\/2011\/11\/28\/53784\/#webpage\",\"url\":\"https:\/\/www.visit-ulcinj.com\/blog\/2011\/11\/28\/53784\/\",\"name\":\"Forca e Re Demokratike uron fest\u00ebn e 28 N\u00ebntorit - Lajme nga Ulqini\",\"isPartOf\":{\"@id\":\"https:\/\/www.visit-ulcinj.com\/blog\/#website\"},\"primaryImageOfPage\":{\"@id\":\"https:\/\/www.visit-ulcinj.com\/blog\/2011\/11\/28\/53784\/#primaryimage\"},\"datePublished\":\"2011-11-28T09:08:32+00:00\",\"dateModified\":\"2011-11-28T09:15:47+00:00\",\"author\":{\"@id\":\"https:\/\/www.visit-ulcinj.com\/blog\/#\/schema\/person\/dcab619c614d3038751c63bc2aadc06d\"},\"description\":\"Me rastin e 28 N\u00ebntorit dit\u00ebs s\u00eb Flamurit Komb\u00ebtar\u00eb Shqiptar\u00eb, Forca e re demokratike, ua uron gjith\u00eb shqiptar\u00ebve Dit\u00ebn e Flamurit Komb\u00ebtar.\",\"breadcrumb\":{\"@id\":\"https:\/\/www.visit-ulcinj.com\/blog\/2011\/11\/28\/53784\/#breadcrumb\"},\"inLanguage\":\"en-US\",\"potentialAction\":[{\"@type\":\"ReadAction\",\"target\":[\"https:\/\/www.visit-ulcinj.com\/blog\/2011\/11\/28\/53784\/\"]}]},{\"@type\":\"BreadcrumbList\",\"@id\":\"https:\/\/www.visit-ulcinj.com\/blog\/2011\/11\/28\/53784\/#breadcrumb\",\"itemListElement\":[{\"@type\":\"ListItem\",\"position\":1,\"name\":\"Forca e Re Demokratike uron fest\u00ebn e 28 N\u00ebntorit\"}]},{\"@type\":\"Person\",\"@id\":\"https:\/\/www.visit-ulcinj.com\/blog\/#\/schema\/person\/dcab619c614d3038751c63bc2aadc06d\",\"name\":\"ulqini\",\"sameAs\":[\"http:\/\/www.visit-ulcinj.com\"],\"url\":\"https:\/\/www.visit-ulcinj.com\/blog\/author\/admin\/\"}]}<\/script>\n<!-- \/ Yoast SEO plugin. -->","yoast_head_json":{"title":"Forca e Re Demokratike uron fest\u00ebn e 28 N\u00ebntorit - Lajme nga Ulqini","description":"Me rastin e 28 N\u00ebntorit dit\u00ebs s\u00eb Flamurit Komb\u00ebtar\u00eb Shqiptar\u00eb, Forca e re demokratike, ua uron gjith\u00eb shqiptar\u00ebve Dit\u00ebn e Flamurit Komb\u00ebtar.","robots":{"index":"index","follow":"follow","max-snippet":"max-snippet:-1","max-image-preview":"max-image-preview:large","max-video-preview":"max-video-preview:-1"},"canonical":"https:\/\/www.visit-ulcinj.com\/blog\/2011\/11\/28\/53784\/","og_locale":"en_US","og_type":"article","og_title":"Forca e Re Demokratike uron fest\u00ebn e 28 N\u00ebntorit - Lajme nga Ulqini","og_description":"Me rastin e 28 N\u00ebntorit dit\u00ebs s\u00eb Flamurit Komb\u00ebtar\u00eb Shqiptar\u00eb, Forca e re demokratike, ua uron gjith\u00eb shqiptar\u00ebve Dit\u00ebn e Flamurit Komb\u00ebtar.","og_url":"https:\/\/www.visit-ulcinj.com\/blog\/2011\/11\/28\/53784\/","og_site_name":"Lajme nga Ulqini","article_published_time":"2011-11-28T09:08:32+00:00","article_modified_time":"2011-11-28T09:15:47+00:00","og_image":[{"url":"http:\/\/www.visit-ulcinj.com\/blog\/wp-content\/uploads\/2011\/11\/URIME_28nentori_FORCA_ulqin..jpg"}],"twitter_misc":{"Written by":"ulqini"},"schema":{"@context":"https:\/\/schema.org","@graph":[{"@type":"WebSite","@id":"https:\/\/www.visit-ulcinj.com\/blog\/#website","url":"https:\/\/www.visit-ulcinj.com\/blog\/","name":"Lajme nga Ulqini","description":"Lajme,Vijesti,Ulqini,Ulqin,Crna Gora,Mali i Zi","potentialAction":[{"@type":"SearchAction","target":{"@type":"EntryPoint","urlTemplate":"https:\/\/www.visit-ulcinj.com\/blog\/?s={search_term_string}"},"query-input":"required name=search_term_string"}],"inLanguage":"en-US"},{"@type":"ImageObject","inLanguage":"en-US","@id":"https:\/\/www.visit-ulcinj.com\/blog\/2011\/11\/28\/53784\/#primaryimage","url":"https:\/\/www.visit-ulcinj.com\/blog\/wp-content\/uploads\/2011\/11\/URIME_28nentori_FORCA_ulqin..jpg","contentUrl":"https:\/\/www.visit-ulcinj.com\/blog\/wp-content\/uploads\/2011\/11\/URIME_28nentori_FORCA_ulqin..jpg","width":"720","height":"576"},{"@type":"WebPage","@id":"https:\/\/www.visit-ulcinj.com\/blog\/2011\/11\/28\/53784\/#webpage","url":"https:\/\/www.visit-ulcinj.com\/blog\/2011\/11\/28\/53784\/","name":"Forca e Re Demokratike uron fest\u00ebn e 28 N\u00ebntorit - Lajme nga Ulqini","isPartOf":{"@id":"https:\/\/www.visit-ulcinj.com\/blog\/#website"},"primaryImageOfPage":{"@id":"https:\/\/www.visit-ulcinj.com\/blog\/2011\/11\/28\/53784\/#primaryimage"},"datePublished":"2011-11-28T09:08:32+00:00","dateModified":"2011-11-28T09:15:47+00:00","author":{"@id":"https:\/\/www.visit-ulcinj.com\/blog\/#\/schema\/person\/dcab619c614d3038751c63bc2aadc06d"},"description":"Me rastin e 28 N\u00ebntorit dit\u00ebs s\u00eb Flamurit Komb\u00ebtar\u00eb Shqiptar\u00eb, Forca e re demokratike, ua uron gjith\u00eb shqiptar\u00ebve Dit\u00ebn e Flamurit Komb\u00ebtar.","breadcrumb":{"@id":"https:\/\/www.visit-ulcinj.com\/blog\/2011\/11\/28\/53784\/#breadcrumb"},"inLanguage":"en-US","potentialAction":[{"@type":"ReadAction","target":["https:\/\/www.visit-ulcinj.com\/blog\/2011\/11\/28\/53784\/"]}]},{"@type":"BreadcrumbList","@id":"https:\/\/www.visit-ulcinj.com\/blog\/2011\/11\/28\/53784\/#breadcrumb","itemListElement":[{"@type":"ListItem","position":1,"name":"Forca e Re Demokratike uron fest\u00ebn e 28 N\u00ebntorit"}]},{"@type":"Person","@id":"https:\/\/www.visit-ulcinj.com\/blog\/#\/schema\/person\/dcab619c614d3038751c63bc2aadc06d","name":"ulqini","sameAs":["http:\/\/www.visit-ulcinj.com"],"url":"https:\/\/www.visit-ulcinj.com\/blog\/author\/admin\/"}]}},"jetpack_featured_media_url":"","jetpack_sharing_enabled":true,"jetpack_shortlink":"https:\/\/wp.me\/se6lTn-53784","_links":{"self":[{"href":"https:\/\/www.visit-ulcinj.com\/blog\/wp-json\/wp\/v2\/posts\/53784"}],"collection":[{"href":"https:\/\/www.visit-ulcinj.com\/blog\/wp-json\/wp\/v2\/posts"}],"about":[{"href":"https:\/\/www.visit-ulcinj.com\/blog\/wp-json\/wp\/v2\/types\/post"}],"author":[{"embeddable":true,"href":"https:\/\/www.visit-ulcinj.com\/blog\/wp-json\/wp\/v2\/users\/1"}],"replies":[{"embeddable":true,"href":"https:\/\/www.visit-ulcinj.com\/blog\/wp-json\/wp\/v2\/comments?post=53784"}],"version-history":[{"count":4,"href":"https:\/\/www.visit-ulcinj.com\/blog\/wp-json\/wp\/v2\/posts\/53784\/revisions"}],"predecessor-version":[{"id":53788,"href":"https:\/\/www.visit-ulcinj.com\/blog\/wp-json\/wp\/v2\/posts\/53784\/revisions\/53788"}],"wp:attachment":[{"href":"https:\/\/www.visit-ulcinj.com\/blog\/wp-json\/wp\/v2\/media?parent=53784"}],"wp:term":[{"taxonomy":"category","embeddable":true,"href":"https:\/\/www.visit-ulcinj.com\/blog\/wp-json\/wp\/v2\/categories?post=53784"},{"taxonomy":"post_tag","embeddable":true,"href":"https:\/\/www.visit-ulcinj.com\/blog\/wp-json\/wp\/v2\/tags?post=53784"}],"curies":[{"name":"wp","href":"https:\/\/api.w.org\/{rel}","templated":true}]}}