{"id":53798,"date":"2011-11-28T12:45:31","date_gmt":"2011-11-28T11:45:31","guid":{"rendered":"http:\/\/www.visit-ulcinj.com\/blog\/?p=53798"},"modified":"2011-11-28T18:10:57","modified_gmt":"2011-11-28T17:10:57","slug":"dinosha-jep-doreheqjeshkon-per-ambasador-ne-tirane","status":"publish","type":"post","link":"https:\/\/www.visit-ulcinj.com\/blog\/2011\/11\/28\/dinosha-jep-doreheqjeshkon-per-ambasador-ne-tirane\/","title":{"rendered":"Dinosha jep dor\u00ebheqje,shkon p\u00ebr ambasador n\u00eb Tiran\u00eb"},"content":{"rendered":"<p><a href=\"http:\/\/www.visit-ulcinj.com\/blog\/wp-content\/uploads\/2011\/11\/Ferhat-Dinosha_ambasador-ne-tiran.jpg\"><img loading=\"lazy\" class=\"alignleft size-full wp-image-53799\" title=\"Ferhat Dinosha_ambasador ne tiran\" src=\"http:\/\/www.visit-ulcinj.com\/blog\/wp-content\/uploads\/2011\/11\/Ferhat-Dinosha_ambasador-ne-tiran.jpg\" alt=\"\" width=\"508\" height=\"367\" \/><\/a>Kryetari i Unionit Demokratik t\u00eb Shqiptar\u00ebve (UDSH), Ferhat Dinosha ka dh\u00ebn\u00eb dor\u00ebheqje n\u00eb k\u00ebt\u00eb funksion, pas qeveria malaziase e propozoi at\u00eb p\u00ebr postin e ambasadorit n\u00eb Republik\u00ebn e Shqip\u00ebris\u00eb.<\/p>\n<p>Sipas agjencis\u00eb Srna, n\u00eb UDSH kan\u00eb th\u00ebn\u00eb se funksioni i ambasadorit dhe i liderit partiak jan\u00eb t\u00eb papajtuesh\u00ebm, p\u00ebr \u00e7\u2019arsye Dinosha ka dh\u00ebn\u00eb dor\u00ebheqje.<\/p>\n<p>K\u00ebshilli kryesor i k\u00ebsaj partie ka em\u00ebruar n\u00ebnkryetarin e deritash\u00ebm, Mehmet \u00a0Zenka p\u00ebr ushtrues detyre t\u00eb kryetarit t\u00eb partis\u00eb deri n\u00eb kongresin e\u00a0 ardhsh\u00ebm partiak, q\u00eb do t\u00eb mbahet n\u00eb fillim t\u00eb vitit t\u00eb ardhsh\u00ebm.<\/p>\n<p><strong>Koha net<\/strong><\/p>\n","protected":false},"excerpt":{"rendered":"<p>Kryetari i Unionit Demokratik t\u00eb Shqiptar\u00ebve (UDSH), Ferhat Dinosha ka dh\u00ebn\u00eb dor\u00ebheqje n\u00eb k\u00ebt\u00eb funksion, pas qeveria malaziase e propozoi at\u00eb p\u00ebr postin e ambasadorit n\u00eb Republik\u00ebn e Shqip\u00ebris\u00eb. Sipas agjencis\u00eb Srna, n\u00eb UDSH kan\u00eb th\u00ebn\u00eb se funksioni i ambasadorit dhe i liderit partiak jan\u00eb t\u00eb papajtuesh\u00ebm, p\u00ebr \u00e7\u2019arsye Dinosha ka dh\u00ebn\u00eb dor\u00ebheqje. K\u00ebshilli kryesor [&hellip;]<\/p>\n","protected":false},"author":1,"featured_media":0,"comment_status":"open","ping_status":"closed","sticky":false,"template":"","format":"standard","meta":{"spay_email":"","jetpack_publicize_message":"","jetpack_is_tweetstorm":false,"jetpack_publicize_feature_enabled":true},"categories":[14],"tags":[97],"jetpack_publicize_connections":[],"yoast_head":"<!-- This site is optimized with the Yoast SEO plugin v19.1 - https:\/\/yoast.com\/wordpress\/plugins\/seo\/ -->\n<title>Dinosha jep dor\u00ebheqje,shkon p\u00ebr ambasador n\u00eb Tiran\u00eb - Lajme nga Ulqini<\/title>\n<meta name=\"description\" content=\"Kryetari i Unionit Demokratik t\u00eb Shqiptar\u00ebve (UDSH), Ferhat Dinosha ka dh\u00ebn\u00eb dor\u00ebheqje n\u00eb k\u00ebt\u00eb funksion, pas qeveria malaziase e propozoi at\u00eb p\u00ebr postin e\" \/>\n<meta name=\"robots\" content=\"index, follow, max-snippet:-1, max-image-preview:large, max-video-preview:-1\" \/>\n<link rel=\"canonical\" href=\"https:\/\/www.visit-ulcinj.com\/blog\/2011\/11\/28\/dinosha-jep-doreheqjeshkon-per-ambasador-ne-tirane\/\" \/>\n<meta property=\"og:locale\" content=\"en_US\" \/>\n<meta property=\"og:type\" content=\"article\" \/>\n<meta property=\"og:title\" content=\"Dinosha jep dor\u00ebheqje,shkon p\u00ebr ambasador n\u00eb Tiran\u00eb - Lajme nga Ulqini\" \/>\n<meta property=\"og:description\" content=\"Kryetari i Unionit Demokratik t\u00eb Shqiptar\u00ebve (UDSH), Ferhat Dinosha ka dh\u00ebn\u00eb dor\u00ebheqje n\u00eb k\u00ebt\u00eb funksion, pas qeveria malaziase e propozoi at\u00eb p\u00ebr postin e\" \/>\n<meta property=\"og:url\" content=\"https:\/\/www.visit-ulcinj.com\/blog\/2011\/11\/28\/dinosha-jep-doreheqjeshkon-per-ambasador-ne-tirane\/\" \/>\n<meta property=\"og:site_name\" content=\"Lajme nga Ulqini\" \/>\n<meta property=\"article:published_time\" content=\"2011-11-28T11:45:31+00:00\" \/>\n<meta property=\"article:modified_time\" content=\"2011-11-28T17:10:57+00:00\" \/>\n<meta property=\"og:image\" content=\"http:\/\/www.visit-ulcinj.com\/blog\/wp-content\/uploads\/2011\/11\/Ferhat-Dinosha_ambasador-ne-tiran.jpg\" \/>\n<meta name=\"twitter:label1\" content=\"Written by\" \/>\n\t<meta name=\"twitter:data1\" content=\"ulqini\" \/>\n\t<meta name=\"twitter:label2\" content=\"Est. reading time\" \/>\n\t<meta name=\"twitter:data2\" content=\"1 minute\" \/>\n<script type=\"application\/ld+json\" class=\"yoast-schema-graph\">{\"@context\":\"https:\/\/schema.org\",\"@graph\":[{\"@type\":\"WebSite\",\"@id\":\"https:\/\/www.visit-ulcinj.com\/blog\/#website\",\"url\":\"https:\/\/www.visit-ulcinj.com\/blog\/\",\"name\":\"Lajme nga Ulqini\",\"description\":\"Lajme,Vijesti,Ulqini,Ulqin,Crna Gora,Mali i Zi\",\"potentialAction\":[{\"@type\":\"SearchAction\",\"target\":{\"@type\":\"EntryPoint\",\"urlTemplate\":\"https:\/\/www.visit-ulcinj.com\/blog\/?s={search_term_string}\"},\"query-input\":\"required name=search_term_string\"}],\"inLanguage\":\"en-US\"},{\"@type\":\"ImageObject\",\"inLanguage\":\"en-US\",\"@id\":\"https:\/\/www.visit-ulcinj.com\/blog\/2011\/11\/28\/dinosha-jep-doreheqjeshkon-per-ambasador-ne-tirane\/#primaryimage\",\"url\":\"https:\/\/www.visit-ulcinj.com\/blog\/wp-content\/uploads\/2011\/11\/Ferhat-Dinosha_ambasador-ne-tiran.jpg\",\"contentUrl\":\"https:\/\/www.visit-ulcinj.com\/blog\/wp-content\/uploads\/2011\/11\/Ferhat-Dinosha_ambasador-ne-tiran.jpg\",\"width\":\"629\",\"height\":\"367\"},{\"@type\":\"WebPage\",\"@id\":\"https:\/\/www.visit-ulcinj.com\/blog\/2011\/11\/28\/dinosha-jep-doreheqjeshkon-per-ambasador-ne-tirane\/#webpage\",\"url\":\"https:\/\/www.visit-ulcinj.com\/blog\/2011\/11\/28\/dinosha-jep-doreheqjeshkon-per-ambasador-ne-tirane\/\",\"name\":\"Dinosha jep dor\u00ebheqje,shkon p\u00ebr ambasador n\u00eb Tiran\u00eb - Lajme nga Ulqini\",\"isPartOf\":{\"@id\":\"https:\/\/www.visit-ulcinj.com\/blog\/#website\"},\"primaryImageOfPage\":{\"@id\":\"https:\/\/www.visit-ulcinj.com\/blog\/2011\/11\/28\/dinosha-jep-doreheqjeshkon-per-ambasador-ne-tirane\/#primaryimage\"},\"datePublished\":\"2011-11-28T11:45:31+00:00\",\"dateModified\":\"2011-11-28T17:10:57+00:00\",\"author\":{\"@id\":\"https:\/\/www.visit-ulcinj.com\/blog\/#\/schema\/person\/dcab619c614d3038751c63bc2aadc06d\"},\"description\":\"Kryetari i Unionit Demokratik t\u00eb Shqiptar\u00ebve (UDSH), Ferhat Dinosha ka dh\u00ebn\u00eb dor\u00ebheqje n\u00eb k\u00ebt\u00eb funksion, pas qeveria malaziase e propozoi at\u00eb p\u00ebr postin e\",\"breadcrumb\":{\"@id\":\"https:\/\/www.visit-ulcinj.com\/blog\/2011\/11\/28\/dinosha-jep-doreheqjeshkon-per-ambasador-ne-tirane\/#breadcrumb\"},\"inLanguage\":\"en-US\",\"potentialAction\":[{\"@type\":\"ReadAction\",\"target\":[\"https:\/\/www.visit-ulcinj.com\/blog\/2011\/11\/28\/dinosha-jep-doreheqjeshkon-per-ambasador-ne-tirane\/\"]}]},{\"@type\":\"BreadcrumbList\",\"@id\":\"https:\/\/www.visit-ulcinj.com\/blog\/2011\/11\/28\/dinosha-jep-doreheqjeshkon-per-ambasador-ne-tirane\/#breadcrumb\",\"itemListElement\":[{\"@type\":\"ListItem\",\"position\":1,\"name\":\"Dinosha jep dor\u00ebheqje,shkon p\u00ebr ambasador n\u00eb Tiran\u00eb\"}]},{\"@type\":\"Person\",\"@id\":\"https:\/\/www.visit-ulcinj.com\/blog\/#\/schema\/person\/dcab619c614d3038751c63bc2aadc06d\",\"name\":\"ulqini\",\"sameAs\":[\"http:\/\/www.visit-ulcinj.com\"],\"url\":\"https:\/\/www.visit-ulcinj.com\/blog\/author\/admin\/\"}]}<\/script>\n<!-- \/ Yoast SEO plugin. -->","yoast_head_json":{"title":"Dinosha jep dor\u00ebheqje,shkon p\u00ebr ambasador n\u00eb Tiran\u00eb - Lajme nga Ulqini","description":"Kryetari i Unionit Demokratik t\u00eb Shqiptar\u00ebve (UDSH), Ferhat Dinosha ka dh\u00ebn\u00eb dor\u00ebheqje n\u00eb k\u00ebt\u00eb funksion, pas qeveria malaziase e propozoi at\u00eb p\u00ebr postin e","robots":{"index":"index","follow":"follow","max-snippet":"max-snippet:-1","max-image-preview":"max-image-preview:large","max-video-preview":"max-video-preview:-1"},"canonical":"https:\/\/www.visit-ulcinj.com\/blog\/2011\/11\/28\/dinosha-jep-doreheqjeshkon-per-ambasador-ne-tirane\/","og_locale":"en_US","og_type":"article","og_title":"Dinosha jep dor\u00ebheqje,shkon p\u00ebr ambasador n\u00eb Tiran\u00eb - Lajme nga Ulqini","og_description":"Kryetari i Unionit Demokratik t\u00eb Shqiptar\u00ebve (UDSH), Ferhat Dinosha ka dh\u00ebn\u00eb dor\u00ebheqje n\u00eb k\u00ebt\u00eb funksion, pas qeveria malaziase e propozoi at\u00eb p\u00ebr postin e","og_url":"https:\/\/www.visit-ulcinj.com\/blog\/2011\/11\/28\/dinosha-jep-doreheqjeshkon-per-ambasador-ne-tirane\/","og_site_name":"Lajme nga Ulqini","article_published_time":"2011-11-28T11:45:31+00:00","article_modified_time":"2011-11-28T17:10:57+00:00","og_image":[{"url":"http:\/\/www.visit-ulcinj.com\/blog\/wp-content\/uploads\/2011\/11\/Ferhat-Dinosha_ambasador-ne-tiran.jpg"}],"twitter_misc":{"Written by":"ulqini","Est. reading time":"1 minute"},"schema":{"@context":"https:\/\/schema.org","@graph":[{"@type":"WebSite","@id":"https:\/\/www.visit-ulcinj.com\/blog\/#website","url":"https:\/\/www.visit-ulcinj.com\/blog\/","name":"Lajme nga Ulqini","description":"Lajme,Vijesti,Ulqini,Ulqin,Crna Gora,Mali i Zi","potentialAction":[{"@type":"SearchAction","target":{"@type":"EntryPoint","urlTemplate":"https:\/\/www.visit-ulcinj.com\/blog\/?s={search_term_string}"},"query-input":"required name=search_term_string"}],"inLanguage":"en-US"},{"@type":"ImageObject","inLanguage":"en-US","@id":"https:\/\/www.visit-ulcinj.com\/blog\/2011\/11\/28\/dinosha-jep-doreheqjeshkon-per-ambasador-ne-tirane\/#primaryimage","url":"https:\/\/www.visit-ulcinj.com\/blog\/wp-content\/uploads\/2011\/11\/Ferhat-Dinosha_ambasador-ne-tiran.jpg","contentUrl":"https:\/\/www.visit-ulcinj.com\/blog\/wp-content\/uploads\/2011\/11\/Ferhat-Dinosha_ambasador-ne-tiran.jpg","width":"629","height":"367"},{"@type":"WebPage","@id":"https:\/\/www.visit-ulcinj.com\/blog\/2011\/11\/28\/dinosha-jep-doreheqjeshkon-per-ambasador-ne-tirane\/#webpage","url":"https:\/\/www.visit-ulcinj.com\/blog\/2011\/11\/28\/dinosha-jep-doreheqjeshkon-per-ambasador-ne-tirane\/","name":"Dinosha jep dor\u00ebheqje,shkon p\u00ebr ambasador n\u00eb Tiran\u00eb - Lajme nga Ulqini","isPartOf":{"@id":"https:\/\/www.visit-ulcinj.com\/blog\/#website"},"primaryImageOfPage":{"@id":"https:\/\/www.visit-ulcinj.com\/blog\/2011\/11\/28\/dinosha-jep-doreheqjeshkon-per-ambasador-ne-tirane\/#primaryimage"},"datePublished":"2011-11-28T11:45:31+00:00","dateModified":"2011-11-28T17:10:57+00:00","author":{"@id":"https:\/\/www.visit-ulcinj.com\/blog\/#\/schema\/person\/dcab619c614d3038751c63bc2aadc06d"},"description":"Kryetari i Unionit Demokratik t\u00eb Shqiptar\u00ebve (UDSH), Ferhat Dinosha ka dh\u00ebn\u00eb dor\u00ebheqje n\u00eb k\u00ebt\u00eb funksion, pas qeveria malaziase e propozoi at\u00eb p\u00ebr postin e","breadcrumb":{"@id":"https:\/\/www.visit-ulcinj.com\/blog\/2011\/11\/28\/dinosha-jep-doreheqjeshkon-per-ambasador-ne-tirane\/#breadcrumb"},"inLanguage":"en-US","potentialAction":[{"@type":"ReadAction","target":["https:\/\/www.visit-ulcinj.com\/blog\/2011\/11\/28\/dinosha-jep-doreheqjeshkon-per-ambasador-ne-tirane\/"]}]},{"@type":"BreadcrumbList","@id":"https:\/\/www.visit-ulcinj.com\/blog\/2011\/11\/28\/dinosha-jep-doreheqjeshkon-per-ambasador-ne-tirane\/#breadcrumb","itemListElement":[{"@type":"ListItem","position":1,"name":"Dinosha jep dor\u00ebheqje,shkon p\u00ebr ambasador n\u00eb Tiran\u00eb"}]},{"@type":"Person","@id":"https:\/\/www.visit-ulcinj.com\/blog\/#\/schema\/person\/dcab619c614d3038751c63bc2aadc06d","name":"ulqini","sameAs":["http:\/\/www.visit-ulcinj.com"],"url":"https:\/\/www.visit-ulcinj.com\/blog\/author\/admin\/"}]}},"jetpack_featured_media_url":"","jetpack_sharing_enabled":true,"jetpack_shortlink":"https:\/\/wp.me\/pe6lTn-dZI","_links":{"self":[{"href":"https:\/\/www.visit-ulcinj.com\/blog\/wp-json\/wp\/v2\/posts\/53798"}],"collection":[{"href":"https:\/\/www.visit-ulcinj.com\/blog\/wp-json\/wp\/v2\/posts"}],"about":[{"href":"https:\/\/www.visit-ulcinj.com\/blog\/wp-json\/wp\/v2\/types\/post"}],"author":[{"embeddable":true,"href":"https:\/\/www.visit-ulcinj.com\/blog\/wp-json\/wp\/v2\/users\/1"}],"replies":[{"embeddable":true,"href":"https:\/\/www.visit-ulcinj.com\/blog\/wp-json\/wp\/v2\/comments?post=53798"}],"version-history":[{"count":3,"href":"https:\/\/www.visit-ulcinj.com\/blog\/wp-json\/wp\/v2\/posts\/53798\/revisions"}],"predecessor-version":[{"id":53817,"href":"https:\/\/www.visit-ulcinj.com\/blog\/wp-json\/wp\/v2\/posts\/53798\/revisions\/53817"}],"wp:attachment":[{"href":"https:\/\/www.visit-ulcinj.com\/blog\/wp-json\/wp\/v2\/media?parent=53798"}],"wp:term":[{"taxonomy":"category","embeddable":true,"href":"https:\/\/www.visit-ulcinj.com\/blog\/wp-json\/wp\/v2\/categories?post=53798"},{"taxonomy":"post_tag","embeddable":true,"href":"https:\/\/www.visit-ulcinj.com\/blog\/wp-json\/wp\/v2\/tags?post=53798"}],"curies":[{"name":"wp","href":"https:\/\/api.w.org\/{rel}","templated":true}]}}