{"id":538,"date":"2008-02-16T03:21:30","date_gmt":"2008-02-16T08:21:30","guid":{"rendered":"http:\/\/www.visit-ulcinj.com\/blog\/2008\/02\/16\/ferhat-dinosa-ceka-garantovane-mandate\/"},"modified":"2008-02-16T03:22:40","modified_gmt":"2008-02-16T08:22:40","slug":"ferhat-dinosa-ceka-garantovane-mandate","status":"publish","type":"post","link":"https:\/\/www.visit-ulcinj.com\/blog\/2008\/02\/16\/ferhat-dinosa-ceka-garantovane-mandate\/","title":{"rendered":"Ferhat Dino\u0161a ?eka garantovane mandate"},"content":{"rendered":"<p><a href=\"http:\/\/www.visit-ulcinj.com\/blog\/2008\/02\/16\/ferhat-dinosa-ceka-garantovane-mandate\/filipu-vujanovic_ferhat-dinosa\/\" rel=\"attachment wp-att-539\" title=\"Filipu Vujanovi?_Ferhat Dino\u0161a\"><img loading=\"lazy\" src=\"http:\/\/www.visit-ulcinj.com\/blog\/wp-content\/uploads\/2008\/02\/filipu-vujanovic_ferhat-dinosa.jpg\" alt=\"Filipu Vujanovi?_Ferhat Dino\u0161a\" align=\"left\" height=\"300\" width=\"336\" \/><\/a><strong>DUA po?ela pregovore o podr\u0161ci Filipu Vujanovi?u na izborima<\/strong><\/p>\n<p>PODGORICA \u2013 Predsjednik Demokratske unije Albanaca Ferhat Dino\u0161a saop\u0161tio je ju?e da je ta partija po?ela razgovore sa aktuelnim \u0161efom dr\u017eave Filipom Vujanovi?em radi podr\u0161ke njegovoj ponovnoj kandidaturi na predstoje?im izborima.<br \/>\nOn je saop\u0161tio da ?e zvani?na odluka uslijediti nakon jo\u0161 jednog razgovora sa Vujanovi?em, koji ?e biti odr\u017ean poslije konstituisanja novog Glavnog odbora stranke.<br \/>\n&#8211; Zvani?an stav ?e biti poznat nakon \u0161to ?ujemo odgovore Vujanovi?a na pitanja koja interesuju na\u0161e bira?ko tijelo, prije svega na njegovo mi\u0161ljenje o vra?anju garantovanih mandata. Pozitivno mi\u0161ljenje o tom pitanju ?e \u0161irom otvoriti vrata za podr\u0161ku Vujanovi?u &#8211; rekao je Dino\u0161a za Republiku.<br \/>\nOn je kao teme o kojima ?e se razgovarati sa Vujanovi?em biti i linija razgrani?enja Morskog dobra u Ulcinju, pitanje Valdanosa, sporenja izme?u Planta\u017ea i stanovnika Tuzi i razvoj podru?ja nastanjenih Albancima.<br \/>\nDino\u0161a je tako?e rekao da ?e od Vujanovi?a tra\u017eiti ubrzanje procesa protiv Albanaca uhap\u0161enih u policijskoj akciji Orlov let, kao i punu istinu o tom slu?aju ne samo u dijelu optu\u017ebi protiv pritvorenih Albanaca, ve? i kada je rije? o pona\u0161anju policije u toj akciji.<br \/>\n&#8211; To su pitanja koja su od interesa za na\u0161e bira?e na koja bi u slu?aju pozitivnog stava Vujanovi? mogao da ra?una na na\u0161u podr\u0161ku &#8211; rekao je Dino\u0161a.<br \/>\nOn je ipak naglasio da DUA na izborima mo\u017ee podr\u017eati jedino Vujanovi?a kao nekoga ko ima jasan odnos prema referendumskoj volji gra?ana za obnovu nezavisnosti i jasan stav prema rje\u0161enju finalnog statusa Kosova.<br \/>\nOn je isklju?io mogu?nost da njegova stranka podr\u017ei bilo koga od preostalih kandidata.<br \/>\n&#8211; Albancima treba da bude jasno da nemaju \u0161ta da tra\u017ee me?u kandidatima koji rje\u0161avanje statusa Kosova vide druga?ije od me?unarodne zajednice, kao i onima koji se nijesu mnogo trudili ili su bili protiv ve?inske volje gra?ana na referendumu za nezavisnu Crnu Goru &#8211; rekao je Dino\u0161a.<br \/>\nPredsjednik DUA o?ekuje da Vujanovi? potvrdi &#8221;dosada\u0161nji korektan i pragmati?an&#8221; stav Crne Gore u odnosu na kona?an status Kosova, podrazumijevaju?i da ?e zvani?na Podgorica slijediti politiku Evropske unije i Sjedinjenih Dr\u017eava po tom pitanju.<br \/>\n&#8211; Apsolutno ne o?ekujem da Crna Gora bude prva ili me?u prvim dr\u017eavama koja ?e priznati nezavisno Kosovo, ali o?ekujem da ?e Vujanovi? pokazati namjeru da, u skladu sa op\u0161tim interesom Crne Gore, slijedi politiku me?unarodne zajednice &#8211; rekao je Dino\u0161a.<br \/>\nOn je ocijenio da objektivno situacija na Kosovu ne treba da uti?e na predizbornu kampanju i predsjedni?ke izbore u Crnoj Gori, ali da je realno predvidjeti da ?e pojedini opozicioni kandidati poku\u0161ati da eksploati\u0161u kosovsku temu.<br \/>\n&#8211; Ne mislim da ?e na taj na?in u?initi uslugu ni sebi ni procesima u Crnoj Gori. Mi ?emo kao stranka sve uraditi da Crna Gora ne treba da se mije\u0161a tamo gdje nema ni uticaja ni vitalnog interesa, a ako bi se ?uli i tonovi koji bi zadirali u me?uetni?ku toleranciju u Crnoj Gori, mi ?emo odgovarati pozivima na stabilnost i o?uvanje mira i dobrih me?unacionalnih odnosa &#8211; smatra Dino\u0161a.<br \/>\n\u017d.Vj.<\/p>\n<p>Protiv referenduma u Tuzima<\/p>\n<p>Dino\u0161a je kazao da DUA ne?e podr\u017eati inicijativu za odr\u017eavanjem referenduma za samostalnu op\u0161tinu Tuzi, najavljenom od lokalne vlasti za 6. april. &#8211; Nema potrebe za nikakvom \u017eurbom. Na\u0161a stranka se zala\u017ee sa samostalnu op\u0161tinu, ali ne?emo da manipuli\u0161emo tim pitanjem. Niko nam nije dokazao da bi samostalna op\u0161tina obezbijedila vi\u0161e novca u odnosu na sada\u0161nje finansiranje iz bud\u017eeta Podgorice &#8211; rekao je Dino\u0161a, koji je pozvao albanske stranke da jo\u0161 jednom zajedno razmotre ovo pitanje. &#8211; Nije dobro da se politi?kom manipulacijom kontrira realnom interesu gra?ana Malesije &#8211; ocijenio je predsjednik DUA.<\/p>\n<p>http:\/\/www.republika.cg.yu\/<\/p>\n","protected":false},"excerpt":{"rendered":"<p><img loading=\"lazy\" src=\"http:\/\/www.visit-ulcinj.com\/blog\/wp-content\/uploads\/2008\/02\/filipu-vujanovic_ferhat-dinosa.jpg\" alt=\"Filipu Vujanovi?_Ferhat Dino\u0161a\" align=\"left\" height=\"140\" width=\"140\" \/><\/p>\n","protected":false},"author":1,"featured_media":0,"comment_status":"open","ping_status":"closed","sticky":false,"template":"","format":"standard","meta":{"spay_email":"","jetpack_publicize_message":"","jetpack_is_tweetstorm":false,"jetpack_publicize_feature_enabled":true},"categories":[6],"tags":[91,87,1339,1393,49,788,803,1404,1476,92,246,1395,201],"jetpack_publicize_connections":[],"yoast_head":"<!-- This site is optimized with the Yoast SEO plugin v19.1 - https:\/\/yoast.com\/wordpress\/plugins\/seo\/ -->\n<title>Ferhat Dino\u0161a ?eka garantovane mandate - Lajme nga Ulqini<\/title>\n<meta name=\"robots\" content=\"index, follow, max-snippet:-1, max-image-preview:large, max-video-preview:-1\" \/>\n<link rel=\"canonical\" href=\"https:\/\/www.visit-ulcinj.com\/blog\/2008\/02\/16\/ferhat-dinosa-ceka-garantovane-mandate\/\" \/>\n<meta property=\"og:locale\" content=\"en_US\" \/>\n<meta property=\"og:type\" content=\"article\" \/>\n<meta property=\"og:title\" content=\"Ferhat Dino\u0161a ?eka garantovane mandate - Lajme nga Ulqini\" \/>\n<meta property=\"og:url\" content=\"https:\/\/www.visit-ulcinj.com\/blog\/2008\/02\/16\/ferhat-dinosa-ceka-garantovane-mandate\/\" \/>\n<meta property=\"og:site_name\" content=\"Lajme nga Ulqini\" \/>\n<meta property=\"article:published_time\" content=\"2008-02-16T08:21:30+00:00\" \/>\n<meta property=\"article:modified_time\" content=\"2008-02-16T08:22:40+00:00\" \/>\n<meta property=\"og:image\" content=\"http:\/\/www.visit-ulcinj.com\/blog\/wp-content\/uploads\/2008\/02\/filipu-vujanovic_ferhat-dinosa.jpg\" \/>\n<meta name=\"twitter:label1\" content=\"Written by\" \/>\n\t<meta name=\"twitter:data1\" content=\"ulqini\" \/>\n\t<meta name=\"twitter:label2\" content=\"Est. reading time\" \/>\n\t<meta name=\"twitter:data2\" content=\"3 minutes\" \/>\n<script type=\"application\/ld+json\" class=\"yoast-schema-graph\">{\"@context\":\"https:\/\/schema.org\",\"@graph\":[{\"@type\":\"WebSite\",\"@id\":\"https:\/\/www.visit-ulcinj.com\/blog\/#website\",\"url\":\"https:\/\/www.visit-ulcinj.com\/blog\/\",\"name\":\"Lajme nga Ulqini\",\"description\":\"Lajme,Vijesti,Ulqini,Ulqin,Crna Gora,Mali i Zi\",\"potentialAction\":[{\"@type\":\"SearchAction\",\"target\":{\"@type\":\"EntryPoint\",\"urlTemplate\":\"https:\/\/www.visit-ulcinj.com\/blog\/?s={search_term_string}\"},\"query-input\":\"required name=search_term_string\"}],\"inLanguage\":\"en-US\"},{\"@type\":\"ImageObject\",\"inLanguage\":\"en-US\",\"@id\":\"https:\/\/www.visit-ulcinj.com\/blog\/2008\/02\/16\/ferhat-dinosa-ceka-garantovane-mandate\/#primaryimage\",\"url\":\"http:\/\/www.visit-ulcinj.com\/blog\/wp-content\/uploads\/2008\/02\/filipu-vujanovic_ferhat-dinosa.jpg\",\"contentUrl\":\"http:\/\/www.visit-ulcinj.com\/blog\/wp-content\/uploads\/2008\/02\/filipu-vujanovic_ferhat-dinosa.jpg\"},{\"@type\":\"WebPage\",\"@id\":\"https:\/\/www.visit-ulcinj.com\/blog\/2008\/02\/16\/ferhat-dinosa-ceka-garantovane-mandate\/#webpage\",\"url\":\"https:\/\/www.visit-ulcinj.com\/blog\/2008\/02\/16\/ferhat-dinosa-ceka-garantovane-mandate\/\",\"name\":\"Ferhat Dino\u0161a ?eka garantovane mandate - Lajme nga Ulqini\",\"isPartOf\":{\"@id\":\"https:\/\/www.visit-ulcinj.com\/blog\/#website\"},\"primaryImageOfPage\":{\"@id\":\"https:\/\/www.visit-ulcinj.com\/blog\/2008\/02\/16\/ferhat-dinosa-ceka-garantovane-mandate\/#primaryimage\"},\"datePublished\":\"2008-02-16T08:21:30+00:00\",\"dateModified\":\"2008-02-16T08:22:40+00:00\",\"author\":{\"@id\":\"https:\/\/www.visit-ulcinj.com\/blog\/#\/schema\/person\/dcab619c614d3038751c63bc2aadc06d\"},\"breadcrumb\":{\"@id\":\"https:\/\/www.visit-ulcinj.com\/blog\/2008\/02\/16\/ferhat-dinosa-ceka-garantovane-mandate\/#breadcrumb\"},\"inLanguage\":\"en-US\",\"potentialAction\":[{\"@type\":\"ReadAction\",\"target\":[\"https:\/\/www.visit-ulcinj.com\/blog\/2008\/02\/16\/ferhat-dinosa-ceka-garantovane-mandate\/\"]}]},{\"@type\":\"BreadcrumbList\",\"@id\":\"https:\/\/www.visit-ulcinj.com\/blog\/2008\/02\/16\/ferhat-dinosa-ceka-garantovane-mandate\/#breadcrumb\",\"itemListElement\":[{\"@type\":\"ListItem\",\"position\":1,\"name\":\"Ferhat Dino\u0161a ?eka garantovane mandate\"}]},{\"@type\":\"Person\",\"@id\":\"https:\/\/www.visit-ulcinj.com\/blog\/#\/schema\/person\/dcab619c614d3038751c63bc2aadc06d\",\"name\":\"ulqini\",\"sameAs\":[\"http:\/\/www.visit-ulcinj.com\"],\"url\":\"https:\/\/www.visit-ulcinj.com\/blog\/author\/admin\/\"}]}<\/script>\n<!-- \/ Yoast SEO plugin. -->","yoast_head_json":{"title":"Ferhat Dino\u0161a ?eka garantovane mandate - Lajme nga Ulqini","robots":{"index":"index","follow":"follow","max-snippet":"max-snippet:-1","max-image-preview":"max-image-preview:large","max-video-preview":"max-video-preview:-1"},"canonical":"https:\/\/www.visit-ulcinj.com\/blog\/2008\/02\/16\/ferhat-dinosa-ceka-garantovane-mandate\/","og_locale":"en_US","og_type":"article","og_title":"Ferhat Dino\u0161a ?eka garantovane mandate - Lajme nga Ulqini","og_url":"https:\/\/www.visit-ulcinj.com\/blog\/2008\/02\/16\/ferhat-dinosa-ceka-garantovane-mandate\/","og_site_name":"Lajme nga Ulqini","article_published_time":"2008-02-16T08:21:30+00:00","article_modified_time":"2008-02-16T08:22:40+00:00","og_image":[{"url":"http:\/\/www.visit-ulcinj.com\/blog\/wp-content\/uploads\/2008\/02\/filipu-vujanovic_ferhat-dinosa.jpg"}],"twitter_misc":{"Written by":"ulqini","Est. reading time":"3 minutes"},"schema":{"@context":"https:\/\/schema.org","@graph":[{"@type":"WebSite","@id":"https:\/\/www.visit-ulcinj.com\/blog\/#website","url":"https:\/\/www.visit-ulcinj.com\/blog\/","name":"Lajme nga Ulqini","description":"Lajme,Vijesti,Ulqini,Ulqin,Crna Gora,Mali i Zi","potentialAction":[{"@type":"SearchAction","target":{"@type":"EntryPoint","urlTemplate":"https:\/\/www.visit-ulcinj.com\/blog\/?s={search_term_string}"},"query-input":"required name=search_term_string"}],"inLanguage":"en-US"},{"@type":"ImageObject","inLanguage":"en-US","@id":"https:\/\/www.visit-ulcinj.com\/blog\/2008\/02\/16\/ferhat-dinosa-ceka-garantovane-mandate\/#primaryimage","url":"http:\/\/www.visit-ulcinj.com\/blog\/wp-content\/uploads\/2008\/02\/filipu-vujanovic_ferhat-dinosa.jpg","contentUrl":"http:\/\/www.visit-ulcinj.com\/blog\/wp-content\/uploads\/2008\/02\/filipu-vujanovic_ferhat-dinosa.jpg"},{"@type":"WebPage","@id":"https:\/\/www.visit-ulcinj.com\/blog\/2008\/02\/16\/ferhat-dinosa-ceka-garantovane-mandate\/#webpage","url":"https:\/\/www.visit-ulcinj.com\/blog\/2008\/02\/16\/ferhat-dinosa-ceka-garantovane-mandate\/","name":"Ferhat Dino\u0161a ?eka garantovane mandate - Lajme nga Ulqini","isPartOf":{"@id":"https:\/\/www.visit-ulcinj.com\/blog\/#website"},"primaryImageOfPage":{"@id":"https:\/\/www.visit-ulcinj.com\/blog\/2008\/02\/16\/ferhat-dinosa-ceka-garantovane-mandate\/#primaryimage"},"datePublished":"2008-02-16T08:21:30+00:00","dateModified":"2008-02-16T08:22:40+00:00","author":{"@id":"https:\/\/www.visit-ulcinj.com\/blog\/#\/schema\/person\/dcab619c614d3038751c63bc2aadc06d"},"breadcrumb":{"@id":"https:\/\/www.visit-ulcinj.com\/blog\/2008\/02\/16\/ferhat-dinosa-ceka-garantovane-mandate\/#breadcrumb"},"inLanguage":"en-US","potentialAction":[{"@type":"ReadAction","target":["https:\/\/www.visit-ulcinj.com\/blog\/2008\/02\/16\/ferhat-dinosa-ceka-garantovane-mandate\/"]}]},{"@type":"BreadcrumbList","@id":"https:\/\/www.visit-ulcinj.com\/blog\/2008\/02\/16\/ferhat-dinosa-ceka-garantovane-mandate\/#breadcrumb","itemListElement":[{"@type":"ListItem","position":1,"name":"Ferhat Dino\u0161a ?eka garantovane mandate"}]},{"@type":"Person","@id":"https:\/\/www.visit-ulcinj.com\/blog\/#\/schema\/person\/dcab619c614d3038751c63bc2aadc06d","name":"ulqini","sameAs":["http:\/\/www.visit-ulcinj.com"],"url":"https:\/\/www.visit-ulcinj.com\/blog\/author\/admin\/"}]}},"jetpack_featured_media_url":"","jetpack_sharing_enabled":true,"jetpack_shortlink":"https:\/\/wp.me\/pe6lTn-8G","_links":{"self":[{"href":"https:\/\/www.visit-ulcinj.com\/blog\/wp-json\/wp\/v2\/posts\/538"}],"collection":[{"href":"https:\/\/www.visit-ulcinj.com\/blog\/wp-json\/wp\/v2\/posts"}],"about":[{"href":"https:\/\/www.visit-ulcinj.com\/blog\/wp-json\/wp\/v2\/types\/post"}],"author":[{"embeddable":true,"href":"https:\/\/www.visit-ulcinj.com\/blog\/wp-json\/wp\/v2\/users\/1"}],"replies":[{"embeddable":true,"href":"https:\/\/www.visit-ulcinj.com\/blog\/wp-json\/wp\/v2\/comments?post=538"}],"version-history":[{"count":0,"href":"https:\/\/www.visit-ulcinj.com\/blog\/wp-json\/wp\/v2\/posts\/538\/revisions"}],"wp:attachment":[{"href":"https:\/\/www.visit-ulcinj.com\/blog\/wp-json\/wp\/v2\/media?parent=538"}],"wp:term":[{"taxonomy":"category","embeddable":true,"href":"https:\/\/www.visit-ulcinj.com\/blog\/wp-json\/wp\/v2\/categories?post=538"},{"taxonomy":"post_tag","embeddable":true,"href":"https:\/\/www.visit-ulcinj.com\/blog\/wp-json\/wp\/v2\/tags?post=538"}],"curies":[{"name":"wp","href":"https:\/\/api.w.org\/{rel}","templated":true}]}}