{"id":53809,"date":"2011-11-28T17:35:32","date_gmt":"2011-11-28T16:35:32","guid":{"rendered":"http:\/\/www.visit-ulcinj.com\/blog\/?p=53809"},"modified":"2011-11-28T17:35:32","modified_gmt":"2011-11-28T16:35:32","slug":"nje-njeri-i-kultures-dr-nail-draga","status":"publish","type":"post","link":"https:\/\/www.visit-ulcinj.com\/blog\/2011\/11\/28\/nje-njeri-i-kultures-dr-nail-draga\/","title":{"rendered":"Nj\u00eb njeri i kultur\u00ebs Dr.Nail Draga"},"content":{"rendered":"<p><strong><a href=\"http:\/\/www.visit-ulcinj.com\/blog\/wp-content\/uploads\/2011\/11\/Dr.Nail-Draga-drejtor-i-Qendres-per-Kultur_Ulqin.jpg\"><img loading=\"lazy\" class=\"alignleft size-full wp-image-53810\" title=\"Dr.Nail Draga drejtor i Qendres per Kultur_Ulqin\" src=\"http:\/\/www.visit-ulcinj.com\/blog\/wp-content\/uploads\/2011\/11\/Dr.Nail-Draga-drejtor-i-Qendres-per-Kultur_Ulqin.jpg\" alt=\"\" width=\"508\" height=\"381\" srcset=\"https:\/\/www.visit-ulcinj.com\/blog\/wp-content\/uploads\/2011\/11\/Dr.Nail-Draga-drejtor-i-Qendres-per-Kultur_Ulqin.jpg 508w, https:\/\/www.visit-ulcinj.com\/blog\/wp-content\/uploads\/2011\/11\/Dr.Nail-Draga-drejtor-i-Qendres-per-Kultur_Ulqin-300x224.jpg 300w\" sizes=\"(max-width: 508px) 100vw, 508px\" \/><\/a>M\u00eb n\u00eb fund n\u00eb &#8220;Qendr\u00ebn e kultur\u00ebs&#8221; t\u00eb Ulqinit nj\u00eb njeri i kultur\u00ebs dr.Nail Draga.<\/strong><br \/>\nDuke pasur parasysh &#8220;tmerrin&#8221; e dy dekadave t\u00eb kaluara, nga vitet e 90 e deri me sot, dhe ato, t\u00eb cil\u00ebt e kan\u00eb udh\u00ebheq\u00eb kultur\u00ebn e qytetit ton\u00eb, them\u00eb se dr. Nail Draga, \u00ebsht\u00eb nj\u00eb shpres\u00eb e madhe&#8230;<br \/>\nNj\u00eb shpres\u00eb p\u00ebr t\u00eb gjith\u00eb ato, t\u00eb cil\u00ebt vite me radh\u00eb kan\u00eb qen\u00eb t\u00eb l\u00ebn\u00ebn pas dore.. Por, edhe nj\u00eb shpres\u00eb p\u00ebr ato pun\u00ebtor\u00ebt e kultur\u00ebs mbrenda Qendr\u00ebs dhe jasht saj,&#8230;<br \/>\nNaili nuk ka sjell\u00eb me vehte &#8220;shkopin&#8221; magjik, por Naili \u00ebsht\u00eb entuzijast dhe njoh\u00ebs i kultur\u00ebs, dhe p\u00ebr te besoj se kultura e k\u00ebtij qyteti n\u00ebn udj\u00ebheqen e dr.Nail Drag\u00ebs do t\u00eb ngritet si nj\u00eb &#8220;fenix&#8221; n\u00eb qiellin e qytetit ton\u00eb.<br \/>\nNj\u00eb qytet me nj\u00eb kultur\u00eb 2500 vje\u00e7are, si\u00e7 \u00ebshr\u00eb Ulqini, me siguri meriton nj\u00eb kujdes\u00eb t\u00eb posa\u00e7\u00ebm nga t\u00eb gjit\u00eb faktoret relevant t\u00eb shtetit,.. E kemi shpres\u00ebn, se me ardhjen e pushtetit t\u00eb ri n\u00eb komun\u00ebn ton\u00eb, edhe politika e deri tashme \u00eb &#8220;shtetit&#8221; ndaj Ulqinit, dhe ndaj popullit ton\u00eb n\u00eb p\u00ebrgjith\u00ebsi, ka me pas ndryshime pozitive..Dr.Nail Draga \u00ebsht\u00eb nj\u00ebri nga ato, i cili me siguri do t\u00eb punojn n\u00eb avansimin dhe zhvillimin e qytetit \u00eb Ulqinit dhe popullit ton\u00eb, posa\u00e7\u00ebrisht n\u00eb ngritjen e kultur\u00ebs..Puna dhe vepra e deri tashme e dr.Nail Drag\u00ebs tregon, garanton dhe premton ndryshime&#8230;<\/p>\n<p data-ft=\"{&quot;type&quot;:1}\"><strong><a href=\"https:\/\/www.facebook.com\/profile.php?id=1359492972\" data-hovercardx=\"\/ajax\/hovercard\/user.php?id=1359492972\">Ismet Karamanaga Facebook<\/a><\/strong><br \/>\n\n\t\t<style type=\"text\/css\">\n\t\t\t#gallery-1 {\n\t\t\t\tmargin: auto;\n\t\t\t}\n\t\t\t#gallery-1 .gallery-item {\n\t\t\t\tfloat: left;\n\t\t\t\tmargin-top: 10px;\n\t\t\t\ttext-align: center;\n\t\t\t\twidth: 33%;\n\t\t\t}\n\t\t\t#gallery-1 img {\n\t\t\t\tborder: 2px solid #cfcfcf;\n\t\t\t}\n\t\t\t#gallery-1 .gallery-caption {\n\t\t\t\tmargin-left: 0;\n\t\t\t}\n\t\t\t\/* see gallery_shortcode() in wp-includes\/media.php *\/\n\t\t<\/style>\n\t\t<div id='gallery-1' class='gallery galleryid-53809 gallery-columns-3 gallery-size-thumbnail'><dl class='gallery-item'>\n\t\t\t<dt class='gallery-icon landscape'>\n\t\t\t\t<a href='https:\/\/www.visit-ulcinj.com\/blog\/wp-content\/uploads\/2011\/11\/Dr.Nail-Draga-drejtor-i-Qendres-per-Kultur_Ulqin.jpg'><img width=\"150\" height=\"150\" src=\"https:\/\/www.visit-ulcinj.com\/blog\/wp-content\/uploads\/2011\/11\/Dr.Nail-Draga-drejtor-i-Qendres-per-Kultur_Ulqin-150x150.jpg\" class=\"attachment-thumbnail size-thumbnail\" alt=\"\" loading=\"lazy\" \/><\/a>\n\t\t\t<\/dt><\/dl><dl class='gallery-item'>\n\t\t\t<dt class='gallery-icon landscape'>\n\t\t\t\t<a href='https:\/\/www.visit-ulcinj.com\/blog\/wp-content\/uploads\/2011\/11\/takim-kolegjial-ne-qendren-per-kultur-ulqin.1.jpg'><img width=\"150\" height=\"150\" src=\"https:\/\/www.visit-ulcinj.com\/blog\/wp-content\/uploads\/2011\/11\/takim-kolegjial-ne-qendren-per-kultur-ulqin.1-150x150.jpg\" class=\"attachment-thumbnail size-thumbnail\" alt=\"\" loading=\"lazy\" \/><\/a>\n\t\t\t<\/dt><\/dl><dl class='gallery-item'>\n\t\t\t<dt class='gallery-icon landscape'>\n\t\t\t\t<a href='https:\/\/www.visit-ulcinj.com\/blog\/wp-content\/uploads\/2011\/11\/takim-kolegjial-ne-qendren-per-kultur-ulqin.2.jpg'><img width=\"150\" height=\"150\" src=\"https:\/\/www.visit-ulcinj.com\/blog\/wp-content\/uploads\/2011\/11\/takim-kolegjial-ne-qendren-per-kultur-ulqin.2-150x150.jpg\" class=\"attachment-thumbnail size-thumbnail\" alt=\"\" loading=\"lazy\" \/><\/a>\n\t\t\t<\/dt><\/dl><br style=\"clear: both\" \/><dl class='gallery-item'>\n\t\t\t<dt class='gallery-icon landscape'>\n\t\t\t\t<a href='https:\/\/www.visit-ulcinj.com\/blog\/wp-content\/uploads\/2011\/11\/takim-kolegjial-ne-qendren-per-kultur-ulqin.3.jpg'><img width=\"150\" height=\"150\" src=\"https:\/\/www.visit-ulcinj.com\/blog\/wp-content\/uploads\/2011\/11\/takim-kolegjial-ne-qendren-per-kultur-ulqin.3-150x150.jpg\" class=\"attachment-thumbnail size-thumbnail\" alt=\"\" loading=\"lazy\" \/><\/a>\n\t\t\t<\/dt><\/dl><dl class='gallery-item'>\n\t\t\t<dt class='gallery-icon landscape'>\n\t\t\t\t<a href='https:\/\/www.visit-ulcinj.com\/blog\/wp-content\/uploads\/2011\/11\/takim-kolegjial-ne-qendren-per-kultur-ulqin.4.jpg'><img width=\"150\" height=\"150\" src=\"https:\/\/www.visit-ulcinj.com\/blog\/wp-content\/uploads\/2011\/11\/takim-kolegjial-ne-qendren-per-kultur-ulqin.4-150x150.jpg\" class=\"attachment-thumbnail size-thumbnail\" alt=\"\" loading=\"lazy\" \/><\/a>\n\t\t\t<\/dt><\/dl><dl class='gallery-item'>\n\t\t\t<dt class='gallery-icon landscape'>\n\t\t\t\t<a href='https:\/\/www.visit-ulcinj.com\/blog\/wp-content\/uploads\/2011\/11\/takim-kolegjial-ne-qendren-per-kultur-ulqin.jpg'><img width=\"150\" height=\"150\" src=\"https:\/\/www.visit-ulcinj.com\/blog\/wp-content\/uploads\/2011\/11\/takim-kolegjial-ne-qendren-per-kultur-ulqin-150x150.jpg\" class=\"attachment-thumbnail size-thumbnail\" alt=\"\" loading=\"lazy\" \/><\/a>\n\t\t\t<\/dt><\/dl><br style=\"clear: both\" \/>\n\t\t<\/div>\n<\/p>\n","protected":false},"excerpt":{"rendered":"<p>M\u00eb n\u00eb fund n\u00eb &#8220;Qendr\u00ebn e kultur\u00ebs&#8221; t\u00eb Ulqinit nj\u00eb njeri i kultur\u00ebs dr.Nail Draga. Duke pasur parasysh &#8220;tmerrin&#8221; e dy dekadave t\u00eb kaluara, nga vitet e 90 e deri me sot, dhe ato, t\u00eb cil\u00ebt e kan\u00eb udh\u00ebheq\u00eb kultur\u00ebn e qytetit ton\u00eb, them\u00eb se dr. Nail Draga, \u00ebsht\u00eb nj\u00eb shpres\u00eb e madhe&#8230; Nj\u00eb shpres\u00eb [&hellip;]<\/p>\n","protected":false},"author":1,"featured_media":0,"comment_status":"open","ping_status":"closed","sticky":false,"template":"","format":"standard","meta":{"spay_email":"","jetpack_publicize_message":"","jetpack_is_tweetstorm":false,"jetpack_publicize_feature_enabled":true},"categories":[14249],"tags":[2761,306,13884,200,18],"jetpack_publicize_connections":[],"yoast_head":"<!-- This site is optimized with the Yoast SEO plugin v19.1 - https:\/\/yoast.com\/wordpress\/plugins\/seo\/ -->\n<title>Nj\u00eb njeri i kultur\u00ebs Dr.Nail Draga - Lajme nga Ulqini<\/title>\n<meta name=\"description\" content=\"M\u00eb n\u00eb fund n\u00eb &quot;Qendr\u00ebn e kultur\u00ebs&quot; t\u00eb Ulqinit nj\u00eb njeri i kultur\u00ebs dr.Nail Draga. Duke pasur parasysh &quot;tmerrin&quot; e dy dekadave t\u00eb kaluara, nga vitet e 90 e\" \/>\n<meta name=\"robots\" content=\"index, follow, max-snippet:-1, max-image-preview:large, max-video-preview:-1\" \/>\n<link rel=\"canonical\" href=\"https:\/\/www.visit-ulcinj.com\/blog\/2011\/11\/28\/nje-njeri-i-kultures-dr-nail-draga\/\" \/>\n<meta property=\"og:locale\" content=\"en_US\" \/>\n<meta property=\"og:type\" content=\"article\" \/>\n<meta property=\"og:title\" content=\"Nj\u00eb njeri i kultur\u00ebs Dr.Nail Draga - Lajme nga Ulqini\" \/>\n<meta property=\"og:description\" content=\"M\u00eb n\u00eb fund n\u00eb &quot;Qendr\u00ebn e kultur\u00ebs&quot; t\u00eb Ulqinit nj\u00eb njeri i kultur\u00ebs dr.Nail Draga. Duke pasur parasysh &quot;tmerrin&quot; e dy dekadave t\u00eb kaluara, nga vitet e 90 e\" \/>\n<meta property=\"og:url\" content=\"https:\/\/www.visit-ulcinj.com\/blog\/2011\/11\/28\/nje-njeri-i-kultures-dr-nail-draga\/\" \/>\n<meta property=\"og:site_name\" content=\"Lajme nga Ulqini\" \/>\n<meta property=\"article:published_time\" content=\"2011-11-28T16:35:32+00:00\" \/>\n<meta property=\"og:image\" content=\"https:\/\/www.visit-ulcinj.com\/blog\/wp-content\/uploads\/2011\/11\/Dr.Nail-Draga-drejtor-i-Qendres-per-Kultur_Ulqin-150x150.jpg\" \/>\n<meta name=\"twitter:label1\" content=\"Written by\" \/>\n\t<meta name=\"twitter:data1\" content=\"ulqini\" \/>\n\t<meta name=\"twitter:label2\" content=\"Est. reading time\" \/>\n\t<meta name=\"twitter:data2\" content=\"1 minute\" \/>\n<script type=\"application\/ld+json\" class=\"yoast-schema-graph\">{\"@context\":\"https:\/\/schema.org\",\"@graph\":[{\"@type\":\"WebSite\",\"@id\":\"https:\/\/www.visit-ulcinj.com\/blog\/#website\",\"url\":\"https:\/\/www.visit-ulcinj.com\/blog\/\",\"name\":\"Lajme nga Ulqini\",\"description\":\"Lajme,Vijesti,Ulqini,Ulqin,Crna Gora,Mali i Zi\",\"potentialAction\":[{\"@type\":\"SearchAction\",\"target\":{\"@type\":\"EntryPoint\",\"urlTemplate\":\"https:\/\/www.visit-ulcinj.com\/blog\/?s={search_term_string}\"},\"query-input\":\"required name=search_term_string\"}],\"inLanguage\":\"en-US\"},{\"@type\":\"ImageObject\",\"inLanguage\":\"en-US\",\"@id\":\"https:\/\/www.visit-ulcinj.com\/blog\/2011\/11\/28\/nje-njeri-i-kultures-dr-nail-draga\/#primaryimage\",\"url\":\"https:\/\/www.visit-ulcinj.com\/blog\/wp-content\/uploads\/2011\/11\/Dr.Nail-Draga-drejtor-i-Qendres-per-Kultur_Ulqin.jpg\",\"contentUrl\":\"https:\/\/www.visit-ulcinj.com\/blog\/wp-content\/uploads\/2011\/11\/Dr.Nail-Draga-drejtor-i-Qendres-per-Kultur_Ulqin.jpg\",\"width\":\"508\",\"height\":\"381\"},{\"@type\":\"WebPage\",\"@id\":\"https:\/\/www.visit-ulcinj.com\/blog\/2011\/11\/28\/nje-njeri-i-kultures-dr-nail-draga\/#webpage\",\"url\":\"https:\/\/www.visit-ulcinj.com\/blog\/2011\/11\/28\/nje-njeri-i-kultures-dr-nail-draga\/\",\"name\":\"Nj\u00eb njeri i kultur\u00ebs Dr.Nail Draga - Lajme nga Ulqini\",\"isPartOf\":{\"@id\":\"https:\/\/www.visit-ulcinj.com\/blog\/#website\"},\"primaryImageOfPage\":{\"@id\":\"https:\/\/www.visit-ulcinj.com\/blog\/2011\/11\/28\/nje-njeri-i-kultures-dr-nail-draga\/#primaryimage\"},\"datePublished\":\"2011-11-28T16:35:32+00:00\",\"dateModified\":\"2011-11-28T16:35:32+00:00\",\"author\":{\"@id\":\"https:\/\/www.visit-ulcinj.com\/blog\/#\/schema\/person\/dcab619c614d3038751c63bc2aadc06d\"},\"description\":\"M\u00eb n\u00eb fund n\u00eb \\\"Qendr\u00ebn e kultur\u00ebs\\\" t\u00eb Ulqinit nj\u00eb njeri i kultur\u00ebs dr.Nail Draga. Duke pasur parasysh \\\"tmerrin\\\" e dy dekadave t\u00eb kaluara, nga vitet e 90 e\",\"breadcrumb\":{\"@id\":\"https:\/\/www.visit-ulcinj.com\/blog\/2011\/11\/28\/nje-njeri-i-kultures-dr-nail-draga\/#breadcrumb\"},\"inLanguage\":\"en-US\",\"potentialAction\":[{\"@type\":\"ReadAction\",\"target\":[\"https:\/\/www.visit-ulcinj.com\/blog\/2011\/11\/28\/nje-njeri-i-kultures-dr-nail-draga\/\"]}]},{\"@type\":\"BreadcrumbList\",\"@id\":\"https:\/\/www.visit-ulcinj.com\/blog\/2011\/11\/28\/nje-njeri-i-kultures-dr-nail-draga\/#breadcrumb\",\"itemListElement\":[{\"@type\":\"ListItem\",\"position\":1,\"name\":\"Nj\u00eb njeri i kultur\u00ebs Dr.Nail Draga\"}]},{\"@type\":\"Person\",\"@id\":\"https:\/\/www.visit-ulcinj.com\/blog\/#\/schema\/person\/dcab619c614d3038751c63bc2aadc06d\",\"name\":\"ulqini\",\"sameAs\":[\"http:\/\/www.visit-ulcinj.com\"],\"url\":\"https:\/\/www.visit-ulcinj.com\/blog\/author\/admin\/\"}]}<\/script>\n<!-- \/ Yoast SEO plugin. -->","yoast_head_json":{"title":"Nj\u00eb njeri i kultur\u00ebs Dr.Nail Draga - Lajme nga Ulqini","description":"M\u00eb n\u00eb fund n\u00eb \"Qendr\u00ebn e kultur\u00ebs\" t\u00eb Ulqinit nj\u00eb njeri i kultur\u00ebs dr.Nail Draga. Duke pasur parasysh \"tmerrin\" e dy dekadave t\u00eb kaluara, nga vitet e 90 e","robots":{"index":"index","follow":"follow","max-snippet":"max-snippet:-1","max-image-preview":"max-image-preview:large","max-video-preview":"max-video-preview:-1"},"canonical":"https:\/\/www.visit-ulcinj.com\/blog\/2011\/11\/28\/nje-njeri-i-kultures-dr-nail-draga\/","og_locale":"en_US","og_type":"article","og_title":"Nj\u00eb njeri i kultur\u00ebs Dr.Nail Draga - Lajme nga Ulqini","og_description":"M\u00eb n\u00eb fund n\u00eb \"Qendr\u00ebn e kultur\u00ebs\" t\u00eb Ulqinit nj\u00eb njeri i kultur\u00ebs dr.Nail Draga. Duke pasur parasysh \"tmerrin\" e dy dekadave t\u00eb kaluara, nga vitet e 90 e","og_url":"https:\/\/www.visit-ulcinj.com\/blog\/2011\/11\/28\/nje-njeri-i-kultures-dr-nail-draga\/","og_site_name":"Lajme nga Ulqini","article_published_time":"2011-11-28T16:35:32+00:00","og_image":[{"url":"https:\/\/www.visit-ulcinj.com\/blog\/wp-content\/uploads\/2011\/11\/Dr.Nail-Draga-drejtor-i-Qendres-per-Kultur_Ulqin-150x150.jpg"}],"twitter_misc":{"Written by":"ulqini","Est. reading time":"1 minute"},"schema":{"@context":"https:\/\/schema.org","@graph":[{"@type":"WebSite","@id":"https:\/\/www.visit-ulcinj.com\/blog\/#website","url":"https:\/\/www.visit-ulcinj.com\/blog\/","name":"Lajme nga Ulqini","description":"Lajme,Vijesti,Ulqini,Ulqin,Crna Gora,Mali i Zi","potentialAction":[{"@type":"SearchAction","target":{"@type":"EntryPoint","urlTemplate":"https:\/\/www.visit-ulcinj.com\/blog\/?s={search_term_string}"},"query-input":"required name=search_term_string"}],"inLanguage":"en-US"},{"@type":"ImageObject","inLanguage":"en-US","@id":"https:\/\/www.visit-ulcinj.com\/blog\/2011\/11\/28\/nje-njeri-i-kultures-dr-nail-draga\/#primaryimage","url":"https:\/\/www.visit-ulcinj.com\/blog\/wp-content\/uploads\/2011\/11\/Dr.Nail-Draga-drejtor-i-Qendres-per-Kultur_Ulqin.jpg","contentUrl":"https:\/\/www.visit-ulcinj.com\/blog\/wp-content\/uploads\/2011\/11\/Dr.Nail-Draga-drejtor-i-Qendres-per-Kultur_Ulqin.jpg","width":"508","height":"381"},{"@type":"WebPage","@id":"https:\/\/www.visit-ulcinj.com\/blog\/2011\/11\/28\/nje-njeri-i-kultures-dr-nail-draga\/#webpage","url":"https:\/\/www.visit-ulcinj.com\/blog\/2011\/11\/28\/nje-njeri-i-kultures-dr-nail-draga\/","name":"Nj\u00eb njeri i kultur\u00ebs Dr.Nail Draga - Lajme nga Ulqini","isPartOf":{"@id":"https:\/\/www.visit-ulcinj.com\/blog\/#website"},"primaryImageOfPage":{"@id":"https:\/\/www.visit-ulcinj.com\/blog\/2011\/11\/28\/nje-njeri-i-kultures-dr-nail-draga\/#primaryimage"},"datePublished":"2011-11-28T16:35:32+00:00","dateModified":"2011-11-28T16:35:32+00:00","author":{"@id":"https:\/\/www.visit-ulcinj.com\/blog\/#\/schema\/person\/dcab619c614d3038751c63bc2aadc06d"},"description":"M\u00eb n\u00eb fund n\u00eb \"Qendr\u00ebn e kultur\u00ebs\" t\u00eb Ulqinit nj\u00eb njeri i kultur\u00ebs dr.Nail Draga. Duke pasur parasysh \"tmerrin\" e dy dekadave t\u00eb kaluara, nga vitet e 90 e","breadcrumb":{"@id":"https:\/\/www.visit-ulcinj.com\/blog\/2011\/11\/28\/nje-njeri-i-kultures-dr-nail-draga\/#breadcrumb"},"inLanguage":"en-US","potentialAction":[{"@type":"ReadAction","target":["https:\/\/www.visit-ulcinj.com\/blog\/2011\/11\/28\/nje-njeri-i-kultures-dr-nail-draga\/"]}]},{"@type":"BreadcrumbList","@id":"https:\/\/www.visit-ulcinj.com\/blog\/2011\/11\/28\/nje-njeri-i-kultures-dr-nail-draga\/#breadcrumb","itemListElement":[{"@type":"ListItem","position":1,"name":"Nj\u00eb njeri i kultur\u00ebs Dr.Nail Draga"}]},{"@type":"Person","@id":"https:\/\/www.visit-ulcinj.com\/blog\/#\/schema\/person\/dcab619c614d3038751c63bc2aadc06d","name":"ulqini","sameAs":["http:\/\/www.visit-ulcinj.com"],"url":"https:\/\/www.visit-ulcinj.com\/blog\/author\/admin\/"}]}},"jetpack_featured_media_url":"","jetpack_sharing_enabled":true,"jetpack_shortlink":"https:\/\/wp.me\/pe6lTn-dZT","_links":{"self":[{"href":"https:\/\/www.visit-ulcinj.com\/blog\/wp-json\/wp\/v2\/posts\/53809"}],"collection":[{"href":"https:\/\/www.visit-ulcinj.com\/blog\/wp-json\/wp\/v2\/posts"}],"about":[{"href":"https:\/\/www.visit-ulcinj.com\/blog\/wp-json\/wp\/v2\/types\/post"}],"author":[{"embeddable":true,"href":"https:\/\/www.visit-ulcinj.com\/blog\/wp-json\/wp\/v2\/users\/1"}],"replies":[{"embeddable":true,"href":"https:\/\/www.visit-ulcinj.com\/blog\/wp-json\/wp\/v2\/comments?post=53809"}],"version-history":[{"count":1,"href":"https:\/\/www.visit-ulcinj.com\/blog\/wp-json\/wp\/v2\/posts\/53809\/revisions"}],"predecessor-version":[{"id":53816,"href":"https:\/\/www.visit-ulcinj.com\/blog\/wp-json\/wp\/v2\/posts\/53809\/revisions\/53816"}],"wp:attachment":[{"href":"https:\/\/www.visit-ulcinj.com\/blog\/wp-json\/wp\/v2\/media?parent=53809"}],"wp:term":[{"taxonomy":"category","embeddable":true,"href":"https:\/\/www.visit-ulcinj.com\/blog\/wp-json\/wp\/v2\/categories?post=53809"},{"taxonomy":"post_tag","embeddable":true,"href":"https:\/\/www.visit-ulcinj.com\/blog\/wp-json\/wp\/v2\/tags?post=53809"}],"curies":[{"name":"wp","href":"https:\/\/api.w.org\/{rel}","templated":true}]}}