{"id":53819,"date":"2011-11-28T19:50:06","date_gmt":"2011-11-28T18:50:06","guid":{"rendered":"http:\/\/www.visit-ulcinj.com\/blog\/?p=53819"},"modified":"2011-12-02T21:50:35","modified_gmt":"2011-12-02T20:50:35","slug":"%e2%80%9cambasador-per-paqen%e2%80%9d-edhe-ne-ulqin","status":"publish","type":"post","link":"https:\/\/www.visit-ulcinj.com\/blog\/2011\/11\/28\/%e2%80%9cambasador-per-paqen%e2%80%9d-edhe-ne-ulqin\/","title":{"rendered":"\u201cAMBASADOR P\u00cbR PAQEN\u201d edhe ne Ulqin"},"content":{"rendered":"<p><a href=\"http:\/\/www.visit-ulcinj.com\/blog\/wp-content\/uploads\/2011\/11\/AMBASSADOR-FOR-PEACE-IN-ULQIN-ULCINJ-MONTENEGRO.jpg\"><img loading=\"lazy\" class=\"alignleft size-full wp-image-53820\" title=\"AMBASSADOR FOR PEACE IN ULQIN-ULCINJ-MONTENEGRO,Me itullin Ambasador t\u00eb Paqes jan\u00eb dekoru: 1.Prof.dr.Ruzhdi Ushaku, 2.Prof.dr.Sim\u00eb Dobreci, 3.Nazif Cungu, 4.Shtjefen Ivezaj, 5.Vasel Sinishtaj, 6.Dr.Sadije Hollaj, 7.Dr.Sabina Osmanaj, 8.Bilal Alaj, 9.Mustafa Canka, 10.Xheladin Zeneli, 11.Fadil Pelinku 12.Ilirr Kurti\" src=\"http:\/\/www.visit-ulcinj.com\/blog\/wp-content\/uploads\/2011\/11\/AMBASSADOR-FOR-PEACE-IN-ULQIN-ULCINJ-MONTENEGRO.jpg\" alt=\"Me itullin Ambasador t\u00eb Paqes jan\u00eb dekoru: 1.Prof.dr.Ruzhdi Ushaku, 2.Prof.dr.Sim\u00eb Dobreci, 3.Nazif Cungu, 4.Shtjefen Ivezaj, 5.Vasel Sinishtaj, 6.Dr.Sadije Hollaj, 7.Dr.Sabina Osmanaj, 8.Bilal Alaj, 9.Mustafa Canka, 10.Xheladin Zeneli, 11.Fadil Pelinku 12.Ilirr Kurti\" width=\"508\" height=\"400\" \/><\/a>\u201cAMBASADOR P\u00cbR PAQEN\u201d \u2013 \u201cAMBASSADOR FOR PEACE\u201d nga organizata UPF, (Federata e Paqes Universale), nj\u00eb Organizat\u00eb me status t\u00eb ve\u00e7ant\u00eb n\u00eb K\u00ebshillin Ekonomik dhe Social t\u00eb Kombeve t\u00eb Bashkuara (OKB). Ky takim u organizua me rastin e punimeve t\u00eb Asambles\u00eb s\u00eb K\u00ebshillit Komb\u00ebtar t\u00eb Federat\u00ebs s\u00eb Paqes Universale n\u00eb Mal\u00eb t\u00eb Zi m\u00eb 26 n\u00ebntor 2011,n\u00eb hotel Mediteran n\u00eb Ulqin. Federata e Paqes Universale \u00ebsht\u00eb nj\u00eb aleanc\u00eb globale e udh\u00ebheq\u00ebsve t\u00eb jet\u00ebs politike, akademike, fetare, t\u00eb shoq\u00ebris\u00eb civile, individ\u00ebve dhe organizatave q\u00eb i dedikohen nd\u00ebrtimit t\u00eb nj\u00eb bote t\u00eb paqes n\u00eb t\u00eb cil\u00ebn t\u00eb gjith\u00eb mund t\u00eb jetojn\u00eb n\u00eb liri, harmoni, bashk\u00ebpunim dhe prosperitet t\u00eb p\u00ebrbashk\u00ebt. Federata e Paqes mb\u00ebshtet projekte edukimi q\u00eb synojn\u00eb zhvillimin e karakterit, dashurin\u00eb e past\u00ebr, t\u00eb forcoj\u00eb martes\u00ebn dhe familjen, parandalimin e SIDAs, zhvillimin e q\u00ebndruesh\u00ebm dhe arsimin, si edhe nj\u00eb program t\u00eb gjer\u00eb me projekte sh\u00ebrbimi dhe ndihme. P\u00ebrpjekjet p\u00ebr t\u00eb krijuar nj\u00eb qeverisje t\u00eb mir\u00eb p\u00ebrfshijn\u00eb mb\u00ebshtetjen e krijimit t\u00eb nj\u00eb K\u00ebshilli nd\u00ebr-religjioz pran\u00eb OKB-s\u00eb dhe nj\u00eb seri samitesh bot\u00ebrore me k\u00ebt\u00eb tematik\u00eb.<\/p>\n<p>Gjithashtu n\u00eb k\u00ebt\u00eb veprimtari mor\u00ebn pjes\u00eb shum\u00eb personalitete nga fusha t\u00eb ndryshme e jet\u00ebs politike e publike nga Mali i Zi, etj.<br \/>\n<a href=\"http:\/\/www.visit-ulcinj.com\/blog\/wp-content\/uploads\/2011\/11\/AMBASSADOR-FOR-PEACE-IN-ULQIN-ULCINJ-MONTENEGRO.6.jpg\"><img loading=\"lazy\" class=\"alignleft size-full wp-image-53821\" title=\"AMBASSADOR FOR PEACE IN ULQIN-ULCINJ-MONTENEGRO.6\" src=\"http:\/\/www.visit-ulcinj.com\/blog\/wp-content\/uploads\/2011\/11\/AMBASSADOR-FOR-PEACE-IN-ULQIN-ULCINJ-MONTENEGRO.6.jpg\" alt=\"\" width=\"508\" height=\"330\" \/><\/a><br \/>\nPunimet e k\u00ebsaj Konference i p\u00ebrsh\u00ebndeti z. Dr.Nail Draga ,zv.Kryetar i Federat\u00ebs s\u00eb Paqes p\u00ebr rajonin e Ballkanit, z.Jang Dug Bong \u2013 Drejtori i Federat\u00ebs s\u00eb Paqes p\u00ebr Rajonin e Ballkanit. Kryetari i Federat\u00ebs s\u00eb Paqes Universale, Dr. Yong Chel Song, pasi p\u00ebrsh\u00ebndeti t\u00eb pranishmit diskutoi n\u00eb tem\u00ebn: \u201cFederata e Paqes Universale dhe Vizioni i saj p\u00ebr Paqen Bot\u00ebrore. N\u00eb fund t\u00eb veprimtaris\u00eb u zhvillua ceremonia e em\u00ebrimit t\u00eb Ambasador\u00ebve t\u00eb Rinj t\u00eb Paqes.<br \/>\n<strong>Me itullin Ambasador t\u00eb Paqes jan\u00eb dekoru:<\/strong><br \/>\n<strong> 1.Prof.dr.Ruzhdi Ushaku,<\/strong><br \/>\n<strong> 2.Prof.dr.Sim\u00eb Dobreci,<\/strong><br \/>\n<strong> 3.Nazif Cungu,<\/strong><br \/>\n<strong> 4.Shtjefen Ivezaj,<\/strong><br \/>\n<strong> 5.Vasel Sinishtaj,<\/strong><br \/>\n<strong> 6.Dr.Sadije Hollaj,<\/strong><br \/>\n<strong> 7.Dr.Sabina Osmanaj,<\/strong><br \/>\n<strong> 8.Bilal Alaj,<\/strong><br \/>\n<strong> 9.Mustafa Canka,<\/strong><br \/>\n<strong> 10.Xheladin Zeneli,<\/strong><br \/>\n<strong> 11.Fadil Pelinku<\/strong><br \/>\n<strong>12.Ilirr Kurti <a href=\"http:\/\/www.visit-ulcinj.com\/blog\/wp-content\/uploads\/2011\/11\/AMBASSADOR-FOR-PEACE-IN-ULQIN-ULCINJ-MONTENEGRO.1.jpg\"><img loading=\"lazy\" class=\"alignleft size-full wp-image-53822\" title=\"AMBASSADOR FOR PEACE IN ULQIN-ULCINJ-MONTENEGRO.1,Me itullin Ambasador t\u00eb Paqes jan\u00eb dekoru: 1.Prof.dr.Ruzhdi Ushaku, 2.Prof.dr.Sim\u00eb Dobreci, 3.Nazif Cungu, 4.Shtjefen Ivezaj, 5.Vasel Sinishtaj, 6.Dr.Sadije Hollaj, 7.Dr.Sabina Osmanaj, 8.Bilal Alaj, 9.Mustafa Canka, 10.Xheladin Zeneli, 11.Fadil Pelinku 12.Ilirr Kurti\" src=\"http:\/\/www.visit-ulcinj.com\/blog\/wp-content\/uploads\/2011\/11\/AMBASSADOR-FOR-PEACE-IN-ULQIN-ULCINJ-MONTENEGRO.1.jpg\" alt=\"Me itullin Ambasador t\u00eb Paqes jan\u00eb dekoru: 1.Prof.dr.Ruzhdi Ushaku, 2.Prof.dr.Sim\u00eb Dobreci, 3.Nazif Cungu, 4.Shtjefen Ivezaj, 5.Vasel Sinishtaj, 6.Dr.Sadije Hollaj, 7.Dr.Sabina Osmanaj, 8.Bilal Alaj, 9.Mustafa Canka, 10.Xheladin Zeneli, 11.Fadil Pelinku 12.Ilirr Kurti\" width=\"508\" height=\"330\" \/><\/a><\/strong><\/p>\n<p>Titullin \u201cAmbasador p\u00ebr Paqe\u201d e marrin ata individ\u00eb, jeta e t\u00eb cil\u00ebve reflekton duksh\u00ebm idealin e t\u00eb jetuarit p\u00ebr hir t\u00eb t\u00eb tjer\u00ebve dhe q\u00eb i p\u00ebrkushtohen me pun\u00ebn e tyre promovimit t\u00eb vlerave morale universale, krijimit t\u00eb nj\u00eb familjeje t\u00eb fort\u00eb, bashk\u00ebpunimit nd\u00ebrfetar, harmonis\u00eb n\u00eb mar\u00ebdh\u00ebniet nd\u00ebrkomb\u00ebtare, rinovimit t\u00eb kultur\u00ebs politike deri n\u00eb nivelet m\u00eb t\u00eb larta komb\u00ebtare, rajonale dhe globale, p\u00ebr nj\u00eb masmedia t\u00eb p\u00ebrgjegjshme dhe vendosjen e nj\u00eb kulture globale t\u00eb Paqes. Duke kap\u00ebrcyer barrierat racore, komb\u00ebtare dhe fetare, Ambasador\u00ebt p\u00ebr Paqen japin kontributin e tyre n\u00eb krijimin e asaj q\u00eb p\u00ebr njer\u00ebzimin ka qen\u00eb dhe mbetet shpresa e t\u00eb gjitha koh\u00ebrave.<\/p>\n<p><strong>Lajme nga Ulqini<\/strong><\/p>\n<p><a href=\"https:\/\/www.facebook.com\/media\/set\/?set=a.250567538338722.65717.100001564340764&amp;type=1\" target=\"_blank\"><strong>Autor i fotografive Din Zeneli Facebook<\/strong><\/a><br \/>\n\n\t\t<style type=\"text\/css\">\n\t\t\t#gallery-1 {\n\t\t\t\tmargin: auto;\n\t\t\t}\n\t\t\t#gallery-1 .gallery-item {\n\t\t\t\tfloat: left;\n\t\t\t\tmargin-top: 10px;\n\t\t\t\ttext-align: center;\n\t\t\t\twidth: 33%;\n\t\t\t}\n\t\t\t#gallery-1 img {\n\t\t\t\tborder: 2px solid #cfcfcf;\n\t\t\t}\n\t\t\t#gallery-1 .gallery-caption {\n\t\t\t\tmargin-left: 0;\n\t\t\t}\n\t\t\t\/* see gallery_shortcode() in wp-includes\/media.php *\/\n\t\t<\/style>\n\t\t<div id='gallery-1' class='gallery galleryid-53819 gallery-columns-3 gallery-size-thumbnail'><dl class='gallery-item'>\n\t\t\t<dt class='gallery-icon landscape'>\n\t\t\t\t<a href='https:\/\/www.visit-ulcinj.com\/blog\/wp-content\/uploads\/2011\/11\/AMBASSADOR-FOR-PEACE-IN-ULQIN-ULCINJ-MONTENEGRO.jpg'><img width=\"150\" height=\"150\" src=\"https:\/\/www.visit-ulcinj.com\/blog\/wp-content\/uploads\/2011\/11\/AMBASSADOR-FOR-PEACE-IN-ULQIN-ULCINJ-MONTENEGRO-150x150.jpg\" class=\"attachment-thumbnail size-thumbnail\" alt=\"\" loading=\"lazy\" \/><\/a>\n\t\t\t<\/dt><\/dl><dl class='gallery-item'>\n\t\t\t<dt class='gallery-icon landscape'>\n\t\t\t\t<a href='https:\/\/www.visit-ulcinj.com\/blog\/wp-content\/uploads\/2011\/11\/AMBASSADOR-FOR-PEACE-IN-ULQIN-ULCINJ-MONTENEGRO.6.jpg'><img width=\"150\" height=\"150\" src=\"https:\/\/www.visit-ulcinj.com\/blog\/wp-content\/uploads\/2011\/11\/AMBASSADOR-FOR-PEACE-IN-ULQIN-ULCINJ-MONTENEGRO.6-150x150.jpg\" class=\"attachment-thumbnail size-thumbnail\" alt=\"\" loading=\"lazy\" \/><\/a>\n\t\t\t<\/dt><\/dl><dl class='gallery-item'>\n\t\t\t<dt class='gallery-icon landscape'>\n\t\t\t\t<a href='https:\/\/www.visit-ulcinj.com\/blog\/wp-content\/uploads\/2011\/11\/AMBASSADOR-FOR-PEACE-IN-ULQIN-ULCINJ-MONTENEGRO.1.jpg'><img width=\"150\" height=\"150\" src=\"https:\/\/www.visit-ulcinj.com\/blog\/wp-content\/uploads\/2011\/11\/AMBASSADOR-FOR-PEACE-IN-ULQIN-ULCINJ-MONTENEGRO.1-150x150.jpg\" class=\"attachment-thumbnail size-thumbnail\" alt=\"\" loading=\"lazy\" \/><\/a>\n\t\t\t<\/dt><\/dl><br style=\"clear: both\" \/><dl class='gallery-item'>\n\t\t\t<dt class='gallery-icon landscape'>\n\t\t\t\t<a href='https:\/\/www.visit-ulcinj.com\/blog\/wp-content\/uploads\/2011\/11\/AMBASSADOR-FOR-PEACE-IN-ULQIN-ULCINJ-MONTENEGRO.2.jpg'><img width=\"150\" height=\"150\" src=\"https:\/\/www.visit-ulcinj.com\/blog\/wp-content\/uploads\/2011\/11\/AMBASSADOR-FOR-PEACE-IN-ULQIN-ULCINJ-MONTENEGRO.2-150x150.jpg\" class=\"attachment-thumbnail size-thumbnail\" alt=\"\" loading=\"lazy\" \/><\/a>\n\t\t\t<\/dt><\/dl><dl class='gallery-item'>\n\t\t\t<dt class='gallery-icon landscape'>\n\t\t\t\t<a href='https:\/\/www.visit-ulcinj.com\/blog\/wp-content\/uploads\/2011\/11\/AMBASSADOR-FOR-PEACE-IN-ULQIN-ULCINJ-MONTENEGRO.5.jpg'><img width=\"150\" height=\"150\" src=\"https:\/\/www.visit-ulcinj.com\/blog\/wp-content\/uploads\/2011\/11\/AMBASSADOR-FOR-PEACE-IN-ULQIN-ULCINJ-MONTENEGRO.5-150x150.jpg\" class=\"attachment-thumbnail size-thumbnail\" alt=\"\" loading=\"lazy\" \/><\/a>\n\t\t\t<\/dt><\/dl><dl class='gallery-item'>\n\t\t\t<dt class='gallery-icon landscape'>\n\t\t\t\t<a href='https:\/\/www.visit-ulcinj.com\/blog\/wp-content\/uploads\/2011\/11\/AMBASSADOR-FOR-PEACE-IN-ULQIN-ULCINJ-MONTENEGRO.7.jpg'><img width=\"150\" height=\"150\" src=\"https:\/\/www.visit-ulcinj.com\/blog\/wp-content\/uploads\/2011\/11\/AMBASSADOR-FOR-PEACE-IN-ULQIN-ULCINJ-MONTENEGRO.7-150x150.jpg\" class=\"attachment-thumbnail size-thumbnail\" alt=\"\" loading=\"lazy\" \/><\/a>\n\t\t\t<\/dt><\/dl><br style=\"clear: both\" \/><dl class='gallery-item'>\n\t\t\t<dt class='gallery-icon landscape'>\n\t\t\t\t<a href='https:\/\/www.visit-ulcinj.com\/blog\/wp-content\/uploads\/2011\/11\/AMBASSADOR-FOR-PEACE-IN-ULQIN-ULCINJ-MONTENEGRO.8.jpg'><img width=\"150\" height=\"150\" src=\"https:\/\/www.visit-ulcinj.com\/blog\/wp-content\/uploads\/2011\/11\/AMBASSADOR-FOR-PEACE-IN-ULQIN-ULCINJ-MONTENEGRO.8-150x150.jpg\" class=\"attachment-thumbnail size-thumbnail\" alt=\"\" loading=\"lazy\" \/><\/a>\n\t\t\t<\/dt><\/dl><dl class='gallery-item'>\n\t\t\t<dt class='gallery-icon landscape'>\n\t\t\t\t<a href='https:\/\/www.visit-ulcinj.com\/blog\/wp-content\/uploads\/2011\/11\/AMBASSADOR-FOR-PEACE-IN-ULQIN-ULCINJ-MONTENEGRO.9.jpg'><img width=\"150\" height=\"150\" src=\"https:\/\/www.visit-ulcinj.com\/blog\/wp-content\/uploads\/2011\/11\/AMBASSADOR-FOR-PEACE-IN-ULQIN-ULCINJ-MONTENEGRO.9-150x150.jpg\" class=\"attachment-thumbnail size-thumbnail\" alt=\"\" loading=\"lazy\" \/><\/a>\n\t\t\t<\/dt><\/dl><dl class='gallery-item'>\n\t\t\t<dt class='gallery-icon landscape'>\n\t\t\t\t<a href='https:\/\/www.visit-ulcinj.com\/blog\/wp-content\/uploads\/2011\/11\/AMBASSADOR-FOR-PEACE-IN-ULQIN-ULCINJ-MONTENEGRO.10.jpg'><img width=\"150\" height=\"150\" src=\"https:\/\/www.visit-ulcinj.com\/blog\/wp-content\/uploads\/2011\/11\/AMBASSADOR-FOR-PEACE-IN-ULQIN-ULCINJ-MONTENEGRO.10-150x150.jpg\" class=\"attachment-thumbnail size-thumbnail\" alt=\"\" loading=\"lazy\" \/><\/a>\n\t\t\t<\/dt><\/dl><br style=\"clear: both\" \/><dl class='gallery-item'>\n\t\t\t<dt class='gallery-icon landscape'>\n\t\t\t\t<a href='https:\/\/www.visit-ulcinj.com\/blog\/wp-content\/uploads\/2011\/11\/AMBASSADOR-FOR-PEACE-IN-ULQIN-ULCINJ-MONTENEGRO.11.jpg'><img width=\"150\" height=\"150\" src=\"https:\/\/www.visit-ulcinj.com\/blog\/wp-content\/uploads\/2011\/11\/AMBASSADOR-FOR-PEACE-IN-ULQIN-ULCINJ-MONTENEGRO.11-150x150.jpg\" class=\"attachment-thumbnail size-thumbnail\" alt=\"\" loading=\"lazy\" \/><\/a>\n\t\t\t<\/dt><\/dl><dl class='gallery-item'>\n\t\t\t<dt class='gallery-icon landscape'>\n\t\t\t\t<a href='https:\/\/www.visit-ulcinj.com\/blog\/wp-content\/uploads\/2011\/11\/AMBASSADOR-FOR-PEACE-IN-ULQIN-ULCINJ-MONTENEGRO.12.jpg'><img width=\"150\" height=\"150\" src=\"https:\/\/www.visit-ulcinj.com\/blog\/wp-content\/uploads\/2011\/11\/AMBASSADOR-FOR-PEACE-IN-ULQIN-ULCINJ-MONTENEGRO.12-150x150.jpg\" class=\"attachment-thumbnail size-thumbnail\" alt=\"\" loading=\"lazy\" \/><\/a>\n\t\t\t<\/dt><\/dl><dl class='gallery-item'>\n\t\t\t<dt class='gallery-icon landscape'>\n\t\t\t\t<a href='https:\/\/www.visit-ulcinj.com\/blog\/wp-content\/uploads\/2011\/11\/AMBASSADOR-FOR-PEACE-IN-ULQIN-ULCINJ-MONTENEGRO.13.jpg'><img width=\"150\" height=\"150\" src=\"https:\/\/www.visit-ulcinj.com\/blog\/wp-content\/uploads\/2011\/11\/AMBASSADOR-FOR-PEACE-IN-ULQIN-ULCINJ-MONTENEGRO.13-150x150.jpg\" class=\"attachment-thumbnail size-thumbnail\" alt=\"\" loading=\"lazy\" \/><\/a>\n\t\t\t<\/dt><\/dl><br style=\"clear: both\" \/><dl class='gallery-item'>\n\t\t\t<dt class='gallery-icon landscape'>\n\t\t\t\t<a href='https:\/\/www.visit-ulcinj.com\/blog\/wp-content\/uploads\/2011\/11\/AMBASSADOR-FOR-PEACE-IN-ULQIN-ULCINJ-MONTENEGRO.14.jpg'><img width=\"150\" height=\"150\" src=\"https:\/\/www.visit-ulcinj.com\/blog\/wp-content\/uploads\/2011\/11\/AMBASSADOR-FOR-PEACE-IN-ULQIN-ULCINJ-MONTENEGRO.14-150x150.jpg\" class=\"attachment-thumbnail size-thumbnail\" alt=\"\" loading=\"lazy\" \/><\/a>\n\t\t\t<\/dt><\/dl><dl class='gallery-item'>\n\t\t\t<dt class='gallery-icon landscape'>\n\t\t\t\t<a href='https:\/\/www.visit-ulcinj.com\/blog\/wp-content\/uploads\/2011\/11\/AMBASSADOR-FOR-PEACE-IN-ULQIN-ULCINJ-MONTENEGRO.15.jpg'><img width=\"150\" height=\"150\" src=\"https:\/\/www.visit-ulcinj.com\/blog\/wp-content\/uploads\/2011\/11\/AMBASSADOR-FOR-PEACE-IN-ULQIN-ULCINJ-MONTENEGRO.15-150x150.jpg\" class=\"attachment-thumbnail size-thumbnail\" alt=\"\" loading=\"lazy\" \/><\/a>\n\t\t\t<\/dt><\/dl><dl class='gallery-item'>\n\t\t\t<dt class='gallery-icon landscape'>\n\t\t\t\t<a href='https:\/\/www.visit-ulcinj.com\/blog\/wp-content\/uploads\/2011\/11\/AMBASSADOR-FOR-PEACE-IN-ULQIN-ULCINJ-MONTENEGRO.16.jpg'><img width=\"150\" height=\"150\" src=\"https:\/\/www.visit-ulcinj.com\/blog\/wp-content\/uploads\/2011\/11\/AMBASSADOR-FOR-PEACE-IN-ULQIN-ULCINJ-MONTENEGRO.16-150x150.jpg\" class=\"attachment-thumbnail size-thumbnail\" alt=\"\" loading=\"lazy\" \/><\/a>\n\t\t\t<\/dt><\/dl><br style=\"clear: both\" \/>\n\t\t<\/div>\n<br \/>\n<!--YouTube Error: bad URL entered--><\/p>\n","protected":false},"excerpt":{"rendered":"<p>\u201cAMBASADOR P\u00cbR PAQEN\u201d \u2013 \u201cAMBASSADOR FOR PEACE\u201d nga organizata UPF, (Federata e Paqes Universale), nj\u00eb Organizat\u00eb me status t\u00eb ve\u00e7ant\u00eb n\u00eb K\u00ebshillin Ekonomik dhe Social t\u00eb Kombeve t\u00eb Bashkuara (OKB). Ky takim u organizua me rastin e punimeve t\u00eb Asambles\u00eb s\u00eb K\u00ebshillit Komb\u00ebtar t\u00eb Federat\u00ebs s\u00eb Paqes Universale n\u00eb Mal\u00eb t\u00eb Zi m\u00eb 26 n\u00ebntor [&hellip;]<\/p>\n","protected":false},"author":1,"featured_media":0,"comment_status":"open","ping_status":"closed","sticky":false,"template":"","format":"standard","meta":{"spay_email":"","jetpack_publicize_message":"","jetpack_is_tweetstorm":false,"jetpack_publicize_feature_enabled":true},"categories":[1,11],"tags":[19518,19519,95,79,19521,19520,19,18],"jetpack_publicize_connections":[],"yoast_head":"<!-- This site is optimized with the Yoast SEO plugin v19.1 - https:\/\/yoast.com\/wordpress\/plugins\/seo\/ -->\n<title>\u201cAMBASADOR P\u00cbR PAQEN\u201d edhe ne Ulqin - Lajme nga Ulqini<\/title>\n<meta name=\"description\" content=\"\u201cAMBASADOR P\u00cbR PAQEN\u201d \u2013 \u201cAMBASSADOR FOR PEACE\u201d nga organizata UPF, (Federata e Paqes Universale), nj\u00eb Organizat\u00eb me status t\u00eb ve\u00e7ant\u00eb n\u00eb K\u00ebshillin\" \/>\n<meta name=\"robots\" content=\"index, follow, max-snippet:-1, max-image-preview:large, max-video-preview:-1\" \/>\n<link rel=\"canonical\" href=\"https:\/\/www.visit-ulcinj.com\/blog\/2011\/11\/28\/\u201cambasador-per-paqen\u201d-edhe-ne-ulqin\/\" \/>\n<meta property=\"og:locale\" content=\"en_US\" \/>\n<meta property=\"og:type\" content=\"article\" \/>\n<meta property=\"og:title\" content=\"\u201cAMBASADOR P\u00cbR PAQEN\u201d edhe ne Ulqin - Lajme nga Ulqini\" \/>\n<meta property=\"og:description\" content=\"\u201cAMBASADOR P\u00cbR PAQEN\u201d \u2013 \u201cAMBASSADOR FOR PEACE\u201d nga organizata UPF, (Federata e Paqes Universale), nj\u00eb Organizat\u00eb me status t\u00eb ve\u00e7ant\u00eb n\u00eb K\u00ebshillin\" \/>\n<meta property=\"og:url\" content=\"https:\/\/www.visit-ulcinj.com\/blog\/2011\/11\/28\/\u201cambasador-per-paqen\u201d-edhe-ne-ulqin\/\" \/>\n<meta property=\"og:site_name\" content=\"Lajme nga Ulqini\" \/>\n<meta property=\"article:published_time\" content=\"2011-11-28T18:50:06+00:00\" \/>\n<meta property=\"article:modified_time\" content=\"2011-12-02T20:50:35+00:00\" \/>\n<meta property=\"og:image\" content=\"https:\/\/www.visit-ulcinj.com\/blog\/wp-content\/uploads\/2011\/11\/AMBASSADOR-FOR-PEACE-IN-ULQIN-ULCINJ-MONTENEGRO-150x150.jpg\" \/>\n<meta name=\"twitter:label1\" content=\"Written by\" \/>\n\t<meta name=\"twitter:data1\" content=\"ulqini\" \/>\n\t<meta name=\"twitter:label2\" content=\"Est. reading time\" \/>\n\t<meta name=\"twitter:data2\" content=\"3 minutes\" \/>\n<script type=\"application\/ld+json\" class=\"yoast-schema-graph\">{\"@context\":\"https:\/\/schema.org\",\"@graph\":[{\"@type\":\"WebSite\",\"@id\":\"https:\/\/www.visit-ulcinj.com\/blog\/#website\",\"url\":\"https:\/\/www.visit-ulcinj.com\/blog\/\",\"name\":\"Lajme nga Ulqini\",\"description\":\"Lajme,Vijesti,Ulqini,Ulqin,Crna Gora,Mali i Zi\",\"potentialAction\":[{\"@type\":\"SearchAction\",\"target\":{\"@type\":\"EntryPoint\",\"urlTemplate\":\"https:\/\/www.visit-ulcinj.com\/blog\/?s={search_term_string}\"},\"query-input\":\"required name=search_term_string\"}],\"inLanguage\":\"en-US\"},{\"@type\":\"ImageObject\",\"inLanguage\":\"en-US\",\"@id\":\"https:\/\/www.visit-ulcinj.com\/blog\/2011\/11\/28\/%e2%80%9cambasador-per-paqen%e2%80%9d-edhe-ne-ulqin\/#primaryimage\",\"url\":\"https:\/\/www.visit-ulcinj.com\/blog\/wp-content\/uploads\/2011\/11\/AMBASSADOR-FOR-PEACE-IN-ULQIN-ULCINJ-MONTENEGRO.jpg\",\"contentUrl\":\"https:\/\/www.visit-ulcinj.com\/blog\/wp-content\/uploads\/2011\/11\/AMBASSADOR-FOR-PEACE-IN-ULQIN-ULCINJ-MONTENEGRO.jpg\",\"width\":\"960\",\"height\":\"640\"},{\"@type\":\"WebPage\",\"@id\":\"https:\/\/www.visit-ulcinj.com\/blog\/2011\/11\/28\/%e2%80%9cambasador-per-paqen%e2%80%9d-edhe-ne-ulqin\/#webpage\",\"url\":\"https:\/\/www.visit-ulcinj.com\/blog\/2011\/11\/28\/%e2%80%9cambasador-per-paqen%e2%80%9d-edhe-ne-ulqin\/\",\"name\":\"\u201cAMBASADOR P\u00cbR PAQEN\u201d edhe ne Ulqin - Lajme nga Ulqini\",\"isPartOf\":{\"@id\":\"https:\/\/www.visit-ulcinj.com\/blog\/#website\"},\"primaryImageOfPage\":{\"@id\":\"https:\/\/www.visit-ulcinj.com\/blog\/2011\/11\/28\/%e2%80%9cambasador-per-paqen%e2%80%9d-edhe-ne-ulqin\/#primaryimage\"},\"datePublished\":\"2011-11-28T18:50:06+00:00\",\"dateModified\":\"2011-12-02T20:50:35+00:00\",\"author\":{\"@id\":\"https:\/\/www.visit-ulcinj.com\/blog\/#\/schema\/person\/dcab619c614d3038751c63bc2aadc06d\"},\"description\":\"\u201cAMBASADOR P\u00cbR PAQEN\u201d \u2013 \u201cAMBASSADOR FOR PEACE\u201d nga organizata UPF, (Federata e Paqes Universale), nj\u00eb Organizat\u00eb me status t\u00eb ve\u00e7ant\u00eb n\u00eb K\u00ebshillin\",\"breadcrumb\":{\"@id\":\"https:\/\/www.visit-ulcinj.com\/blog\/2011\/11\/28\/%e2%80%9cambasador-per-paqen%e2%80%9d-edhe-ne-ulqin\/#breadcrumb\"},\"inLanguage\":\"en-US\",\"potentialAction\":[{\"@type\":\"ReadAction\",\"target\":[\"https:\/\/www.visit-ulcinj.com\/blog\/2011\/11\/28\/%e2%80%9cambasador-per-paqen%e2%80%9d-edhe-ne-ulqin\/\"]}]},{\"@type\":\"BreadcrumbList\",\"@id\":\"https:\/\/www.visit-ulcinj.com\/blog\/2011\/11\/28\/%e2%80%9cambasador-per-paqen%e2%80%9d-edhe-ne-ulqin\/#breadcrumb\",\"itemListElement\":[{\"@type\":\"ListItem\",\"position\":1,\"name\":\"\u201cAMBASADOR P\u00cbR PAQEN\u201d edhe ne Ulqin\"}]},{\"@type\":\"Person\",\"@id\":\"https:\/\/www.visit-ulcinj.com\/blog\/#\/schema\/person\/dcab619c614d3038751c63bc2aadc06d\",\"name\":\"ulqini\",\"sameAs\":[\"http:\/\/www.visit-ulcinj.com\"],\"url\":\"https:\/\/www.visit-ulcinj.com\/blog\/author\/admin\/\"}]}<\/script>\n<!-- \/ Yoast SEO plugin. -->","yoast_head_json":{"title":"\u201cAMBASADOR P\u00cbR PAQEN\u201d edhe ne Ulqin - Lajme nga Ulqini","description":"\u201cAMBASADOR P\u00cbR PAQEN\u201d \u2013 \u201cAMBASSADOR FOR PEACE\u201d nga organizata UPF, (Federata e Paqes Universale), nj\u00eb Organizat\u00eb me status t\u00eb ve\u00e7ant\u00eb n\u00eb K\u00ebshillin","robots":{"index":"index","follow":"follow","max-snippet":"max-snippet:-1","max-image-preview":"max-image-preview:large","max-video-preview":"max-video-preview:-1"},"canonical":"https:\/\/www.visit-ulcinj.com\/blog\/2011\/11\/28\/\u201cambasador-per-paqen\u201d-edhe-ne-ulqin\/","og_locale":"en_US","og_type":"article","og_title":"\u201cAMBASADOR P\u00cbR PAQEN\u201d edhe ne Ulqin - Lajme nga Ulqini","og_description":"\u201cAMBASADOR P\u00cbR PAQEN\u201d \u2013 \u201cAMBASSADOR FOR PEACE\u201d nga organizata UPF, (Federata e Paqes Universale), nj\u00eb Organizat\u00eb me status t\u00eb ve\u00e7ant\u00eb n\u00eb K\u00ebshillin","og_url":"https:\/\/www.visit-ulcinj.com\/blog\/2011\/11\/28\/\u201cambasador-per-paqen\u201d-edhe-ne-ulqin\/","og_site_name":"Lajme nga Ulqini","article_published_time":"2011-11-28T18:50:06+00:00","article_modified_time":"2011-12-02T20:50:35+00:00","og_image":[{"url":"https:\/\/www.visit-ulcinj.com\/blog\/wp-content\/uploads\/2011\/11\/AMBASSADOR-FOR-PEACE-IN-ULQIN-ULCINJ-MONTENEGRO-150x150.jpg"}],"twitter_misc":{"Written by":"ulqini","Est. reading time":"3 minutes"},"schema":{"@context":"https:\/\/schema.org","@graph":[{"@type":"WebSite","@id":"https:\/\/www.visit-ulcinj.com\/blog\/#website","url":"https:\/\/www.visit-ulcinj.com\/blog\/","name":"Lajme nga Ulqini","description":"Lajme,Vijesti,Ulqini,Ulqin,Crna Gora,Mali i Zi","potentialAction":[{"@type":"SearchAction","target":{"@type":"EntryPoint","urlTemplate":"https:\/\/www.visit-ulcinj.com\/blog\/?s={search_term_string}"},"query-input":"required name=search_term_string"}],"inLanguage":"en-US"},{"@type":"ImageObject","inLanguage":"en-US","@id":"https:\/\/www.visit-ulcinj.com\/blog\/2011\/11\/28\/%e2%80%9cambasador-per-paqen%e2%80%9d-edhe-ne-ulqin\/#primaryimage","url":"https:\/\/www.visit-ulcinj.com\/blog\/wp-content\/uploads\/2011\/11\/AMBASSADOR-FOR-PEACE-IN-ULQIN-ULCINJ-MONTENEGRO.jpg","contentUrl":"https:\/\/www.visit-ulcinj.com\/blog\/wp-content\/uploads\/2011\/11\/AMBASSADOR-FOR-PEACE-IN-ULQIN-ULCINJ-MONTENEGRO.jpg","width":"960","height":"640"},{"@type":"WebPage","@id":"https:\/\/www.visit-ulcinj.com\/blog\/2011\/11\/28\/%e2%80%9cambasador-per-paqen%e2%80%9d-edhe-ne-ulqin\/#webpage","url":"https:\/\/www.visit-ulcinj.com\/blog\/2011\/11\/28\/%e2%80%9cambasador-per-paqen%e2%80%9d-edhe-ne-ulqin\/","name":"\u201cAMBASADOR P\u00cbR PAQEN\u201d edhe ne Ulqin - Lajme nga Ulqini","isPartOf":{"@id":"https:\/\/www.visit-ulcinj.com\/blog\/#website"},"primaryImageOfPage":{"@id":"https:\/\/www.visit-ulcinj.com\/blog\/2011\/11\/28\/%e2%80%9cambasador-per-paqen%e2%80%9d-edhe-ne-ulqin\/#primaryimage"},"datePublished":"2011-11-28T18:50:06+00:00","dateModified":"2011-12-02T20:50:35+00:00","author":{"@id":"https:\/\/www.visit-ulcinj.com\/blog\/#\/schema\/person\/dcab619c614d3038751c63bc2aadc06d"},"description":"\u201cAMBASADOR P\u00cbR PAQEN\u201d \u2013 \u201cAMBASSADOR FOR PEACE\u201d nga organizata UPF, (Federata e Paqes Universale), nj\u00eb Organizat\u00eb me status t\u00eb ve\u00e7ant\u00eb n\u00eb K\u00ebshillin","breadcrumb":{"@id":"https:\/\/www.visit-ulcinj.com\/blog\/2011\/11\/28\/%e2%80%9cambasador-per-paqen%e2%80%9d-edhe-ne-ulqin\/#breadcrumb"},"inLanguage":"en-US","potentialAction":[{"@type":"ReadAction","target":["https:\/\/www.visit-ulcinj.com\/blog\/2011\/11\/28\/%e2%80%9cambasador-per-paqen%e2%80%9d-edhe-ne-ulqin\/"]}]},{"@type":"BreadcrumbList","@id":"https:\/\/www.visit-ulcinj.com\/blog\/2011\/11\/28\/%e2%80%9cambasador-per-paqen%e2%80%9d-edhe-ne-ulqin\/#breadcrumb","itemListElement":[{"@type":"ListItem","position":1,"name":"\u201cAMBASADOR P\u00cbR PAQEN\u201d edhe ne Ulqin"}]},{"@type":"Person","@id":"https:\/\/www.visit-ulcinj.com\/blog\/#\/schema\/person\/dcab619c614d3038751c63bc2aadc06d","name":"ulqini","sameAs":["http:\/\/www.visit-ulcinj.com"],"url":"https:\/\/www.visit-ulcinj.com\/blog\/author\/admin\/"}]}},"jetpack_featured_media_url":"","jetpack_sharing_enabled":true,"jetpack_shortlink":"https:\/\/wp.me\/pe6lTn-e03","_links":{"self":[{"href":"https:\/\/www.visit-ulcinj.com\/blog\/wp-json\/wp\/v2\/posts\/53819"}],"collection":[{"href":"https:\/\/www.visit-ulcinj.com\/blog\/wp-json\/wp\/v2\/posts"}],"about":[{"href":"https:\/\/www.visit-ulcinj.com\/blog\/wp-json\/wp\/v2\/types\/post"}],"author":[{"embeddable":true,"href":"https:\/\/www.visit-ulcinj.com\/blog\/wp-json\/wp\/v2\/users\/1"}],"replies":[{"embeddable":true,"href":"https:\/\/www.visit-ulcinj.com\/blog\/wp-json\/wp\/v2\/comments?post=53819"}],"version-history":[{"count":7,"href":"https:\/\/www.visit-ulcinj.com\/blog\/wp-json\/wp\/v2\/posts\/53819\/revisions"}],"predecessor-version":[{"id":53955,"href":"https:\/\/www.visit-ulcinj.com\/blog\/wp-json\/wp\/v2\/posts\/53819\/revisions\/53955"}],"wp:attachment":[{"href":"https:\/\/www.visit-ulcinj.com\/blog\/wp-json\/wp\/v2\/media?parent=53819"}],"wp:term":[{"taxonomy":"category","embeddable":true,"href":"https:\/\/www.visit-ulcinj.com\/blog\/wp-json\/wp\/v2\/categories?post=53819"},{"taxonomy":"post_tag","embeddable":true,"href":"https:\/\/www.visit-ulcinj.com\/blog\/wp-json\/wp\/v2\/tags?post=53819"}],"curies":[{"name":"wp","href":"https:\/\/api.w.org\/{rel}","templated":true}]}}