{"id":5384,"date":"2008-11-03T16:05:45","date_gmt":"2008-11-03T21:05:45","guid":{"rendered":"http:\/\/www.visit-ulcinj.com\/blog\/?p=5384"},"modified":"2008-11-03T16:09:03","modified_gmt":"2008-11-03T21:09:03","slug":"soni-dhe-flori-serish-bashke","status":"publish","type":"post","link":"https:\/\/www.visit-ulcinj.com\/blog\/2008\/11\/03\/soni-dhe-flori-serish-bashke\/","title":{"rendered":"Soni dhe Flori s\u00ebrish bashk\u00eb"},"content":{"rendered":"<p><a href=\"http:\/\/www.visit-ulcinj.com\/blog\/wp-content\/uploads\/2008\/11\/soni-malaj-dhe-flori.jpg\"><img loading=\"lazy\" class=\"alignleft size-medium wp-image-5385\" title=\"soni-malaj-dhe-flori\" src=\"http:\/\/www.visit-ulcinj.com\/blog\/wp-content\/uploads\/2008\/11\/soni-malaj-dhe-flori.jpg\" alt=\"\" width=\"288\" height=\"300\" \/><\/a>Soni dhe Flori jan\u00eb bashkuar s\u00ebrish, por jo p\u00ebr ta rip\u00ebrt\u00ebrir\u00eb dashurin\u00eb e tyre, porse vet\u00ebm p\u00ebr bashk\u00ebpunim muzikor.<br \/>\nPas bashk\u00ebpunimit q\u00eb pat\u00ebn p\u00ebr k\u00ebng\u00ebn \u201cFluturimi 3470\u201d n\u00eb Festivalin e vitit t\u00eb kaluar \u201cK\u00ebnga Magjike\u201d, k\u00ebt\u00eb radh\u00eb ata do t\u00eb b\u00ebjn\u00eb nj\u00eb k\u00ebng\u00eb t\u00eb p\u00ebrbashk\u00ebt p\u00ebr t\u00eb konkurruar n\u00eb Festivalin n\u00eb RTSH.<br \/>\n\u201cK\u00ebnga \u00ebsht\u00eb nj\u00eb d\u00ebshmi e momenteve m\u00eb t\u00eb mira t\u00eb lidhjes son\u00eb\u201d, \u00ebsht\u00eb shprehur Soni.<br \/>\nK\u00ebnga \u00ebsht\u00eb e punuar nga Flori, me tekst t\u00eb Olti Currit dhe orkestrim t\u00eb Enis Preshev\u00ebs, nd\u00ebrkoh\u00eb q\u00eb ish-t\u00eb dashurit do t\u00eb konkurrojn\u00eb n\u00eb festival me shpres\u00ebn se po t\u00eb fitojn\u00eb do t\u00eb marrin pjes\u00eb n\u00eb Euovizionin e ardhsh\u00ebm.<br \/>\n\u201cIshte k\u00ebng\u00eb aq e bukur saq\u00eb menduam ta p\u00ebrfshinim n\u00eb albumin e ri, por pastaj vendos\u00ebm t\u00eb konkurrojm\u00eb n\u00eb festival me shpres\u00ebn se mund t\u00eb p\u00eblqehet dhe t\u00eb vler\u00ebsohet\u201d, ka shtuar Soni Malaj.<br \/>\n<strong>Lajmpress<\/strong><\/p>\n<!--YouTube Error: bad URL entered-->\n","protected":false},"excerpt":{"rendered":"<p>Soni dhe Flori jan\u00eb bashkuar s\u00ebrish, por jo p\u00ebr ta rip\u00ebrt\u00ebrir\u00eb dashurin\u00eb e tyre, porse vet\u00ebm p\u00ebr bashk\u00ebpunim muzikor. Pas bashk\u00ebpunimit q\u00eb pat\u00ebn p\u00ebr k\u00ebng\u00ebn \u201cFluturimi 3470\u201d n\u00eb Festivalin e vitit t\u00eb kaluar \u201cK\u00ebnga Magjike\u201d, k\u00ebt\u00eb radh\u00eb ata do t\u00eb b\u00ebjn\u00eb nj\u00eb k\u00ebng\u00eb t\u00eb p\u00ebrbashk\u00ebt p\u00ebr t\u00eb konkurruar n\u00eb Festivalin n\u00eb RTSH. \u201cK\u00ebnga \u00ebsht\u00eb nj\u00eb [&hellip;]<\/p>\n","protected":false},"author":1,"featured_media":0,"comment_status":"open","ping_status":"closed","sticky":false,"template":"","format":"standard","meta":{"spay_email":"","jetpack_publicize_message":"","jetpack_is_tweetstorm":false,"jetpack_publicize_feature_enabled":true},"categories":[1],"tags":[4905,4904],"jetpack_publicize_connections":[],"yoast_head":"<!-- This site is optimized with the Yoast SEO plugin v19.1 - https:\/\/yoast.com\/wordpress\/plugins\/seo\/ -->\n<title>Soni dhe Flori s\u00ebrish bashk\u00eb - Lajme nga Ulqini<\/title>\n<meta name=\"description\" content=\"Soni dhe Flori jan\u00eb bashkuar s\u00ebrish, por jo p\u00ebr ta rip\u00ebrt\u00ebrir\u00eb dashurin\u00eb e tyre, porse vet\u00ebm p\u00ebr bashk\u00ebpunim muzikor. Pas bashk\u00ebpunimit q\u00eb pat\u00ebn p\u00ebr\" \/>\n<meta name=\"robots\" content=\"index, follow, max-snippet:-1, max-image-preview:large, max-video-preview:-1\" \/>\n<link rel=\"canonical\" href=\"https:\/\/www.visit-ulcinj.com\/blog\/2008\/11\/03\/soni-dhe-flori-serish-bashke\/\" \/>\n<meta property=\"og:locale\" content=\"en_US\" \/>\n<meta property=\"og:type\" content=\"article\" \/>\n<meta property=\"og:title\" content=\"Soni dhe Flori s\u00ebrish bashk\u00eb - Lajme nga Ulqini\" \/>\n<meta property=\"og:description\" content=\"Soni dhe Flori jan\u00eb bashkuar s\u00ebrish, por jo p\u00ebr ta rip\u00ebrt\u00ebrir\u00eb dashurin\u00eb e tyre, porse vet\u00ebm p\u00ebr bashk\u00ebpunim muzikor. Pas bashk\u00ebpunimit q\u00eb pat\u00ebn p\u00ebr\" \/>\n<meta property=\"og:url\" content=\"https:\/\/www.visit-ulcinj.com\/blog\/2008\/11\/03\/soni-dhe-flori-serish-bashke\/\" \/>\n<meta property=\"og:site_name\" content=\"Lajme nga Ulqini\" \/>\n<meta property=\"article:published_time\" content=\"2008-11-03T21:05:45+00:00\" \/>\n<meta property=\"article:modified_time\" content=\"2008-11-03T21:09:03+00:00\" \/>\n<meta property=\"og:image\" content=\"http:\/\/www.visit-ulcinj.com\/blog\/wp-content\/uploads\/2008\/11\/soni-malaj-dhe-flori.jpg\" \/>\n<meta name=\"twitter:label1\" content=\"Written by\" \/>\n\t<meta name=\"twitter:data1\" content=\"ulqini\" \/>\n\t<meta name=\"twitter:label2\" content=\"Est. reading time\" \/>\n\t<meta name=\"twitter:data2\" content=\"1 minute\" \/>\n<script type=\"application\/ld+json\" class=\"yoast-schema-graph\">{\"@context\":\"https:\/\/schema.org\",\"@graph\":[{\"@type\":\"WebSite\",\"@id\":\"https:\/\/www.visit-ulcinj.com\/blog\/#website\",\"url\":\"https:\/\/www.visit-ulcinj.com\/blog\/\",\"name\":\"Lajme nga Ulqini\",\"description\":\"Lajme,Vijesti,Ulqini,Ulqin,Crna Gora,Mali i Zi\",\"potentialAction\":[{\"@type\":\"SearchAction\",\"target\":{\"@type\":\"EntryPoint\",\"urlTemplate\":\"https:\/\/www.visit-ulcinj.com\/blog\/?s={search_term_string}\"},\"query-input\":\"required name=search_term_string\"}],\"inLanguage\":\"en-US\"},{\"@type\":\"ImageObject\",\"inLanguage\":\"en-US\",\"@id\":\"https:\/\/www.visit-ulcinj.com\/blog\/2008\/11\/03\/soni-dhe-flori-serish-bashke\/#primaryimage\",\"url\":\"http:\/\/www.visit-ulcinj.com\/blog\/wp-content\/uploads\/2008\/11\/soni-malaj-dhe-flori.jpg\",\"contentUrl\":\"http:\/\/www.visit-ulcinj.com\/blog\/wp-content\/uploads\/2008\/11\/soni-malaj-dhe-flori.jpg\"},{\"@type\":\"WebPage\",\"@id\":\"https:\/\/www.visit-ulcinj.com\/blog\/2008\/11\/03\/soni-dhe-flori-serish-bashke\/#webpage\",\"url\":\"https:\/\/www.visit-ulcinj.com\/blog\/2008\/11\/03\/soni-dhe-flori-serish-bashke\/\",\"name\":\"Soni dhe Flori s\u00ebrish bashk\u00eb - Lajme nga Ulqini\",\"isPartOf\":{\"@id\":\"https:\/\/www.visit-ulcinj.com\/blog\/#website\"},\"primaryImageOfPage\":{\"@id\":\"https:\/\/www.visit-ulcinj.com\/blog\/2008\/11\/03\/soni-dhe-flori-serish-bashke\/#primaryimage\"},\"datePublished\":\"2008-11-03T21:05:45+00:00\",\"dateModified\":\"2008-11-03T21:09:03+00:00\",\"author\":{\"@id\":\"https:\/\/www.visit-ulcinj.com\/blog\/#\/schema\/person\/dcab619c614d3038751c63bc2aadc06d\"},\"description\":\"Soni dhe Flori jan\u00eb bashkuar s\u00ebrish, por jo p\u00ebr ta rip\u00ebrt\u00ebrir\u00eb dashurin\u00eb e tyre, porse vet\u00ebm p\u00ebr bashk\u00ebpunim muzikor. Pas bashk\u00ebpunimit q\u00eb pat\u00ebn p\u00ebr\",\"breadcrumb\":{\"@id\":\"https:\/\/www.visit-ulcinj.com\/blog\/2008\/11\/03\/soni-dhe-flori-serish-bashke\/#breadcrumb\"},\"inLanguage\":\"en-US\",\"potentialAction\":[{\"@type\":\"ReadAction\",\"target\":[\"https:\/\/www.visit-ulcinj.com\/blog\/2008\/11\/03\/soni-dhe-flori-serish-bashke\/\"]}]},{\"@type\":\"BreadcrumbList\",\"@id\":\"https:\/\/www.visit-ulcinj.com\/blog\/2008\/11\/03\/soni-dhe-flori-serish-bashke\/#breadcrumb\",\"itemListElement\":[{\"@type\":\"ListItem\",\"position\":1,\"name\":\"Soni dhe Flori s\u00ebrish bashk\u00eb\"}]},{\"@type\":\"Person\",\"@id\":\"https:\/\/www.visit-ulcinj.com\/blog\/#\/schema\/person\/dcab619c614d3038751c63bc2aadc06d\",\"name\":\"ulqini\",\"sameAs\":[\"http:\/\/www.visit-ulcinj.com\"],\"url\":\"https:\/\/www.visit-ulcinj.com\/blog\/author\/admin\/\"}]}<\/script>\n<!-- \/ Yoast SEO plugin. -->","yoast_head_json":{"title":"Soni dhe Flori s\u00ebrish bashk\u00eb - Lajme nga Ulqini","description":"Soni dhe Flori jan\u00eb bashkuar s\u00ebrish, por jo p\u00ebr ta rip\u00ebrt\u00ebrir\u00eb dashurin\u00eb e tyre, porse vet\u00ebm p\u00ebr bashk\u00ebpunim muzikor. Pas bashk\u00ebpunimit q\u00eb pat\u00ebn p\u00ebr","robots":{"index":"index","follow":"follow","max-snippet":"max-snippet:-1","max-image-preview":"max-image-preview:large","max-video-preview":"max-video-preview:-1"},"canonical":"https:\/\/www.visit-ulcinj.com\/blog\/2008\/11\/03\/soni-dhe-flori-serish-bashke\/","og_locale":"en_US","og_type":"article","og_title":"Soni dhe Flori s\u00ebrish bashk\u00eb - Lajme nga Ulqini","og_description":"Soni dhe Flori jan\u00eb bashkuar s\u00ebrish, por jo p\u00ebr ta rip\u00ebrt\u00ebrir\u00eb dashurin\u00eb e tyre, porse vet\u00ebm p\u00ebr bashk\u00ebpunim muzikor. Pas bashk\u00ebpunimit q\u00eb pat\u00ebn p\u00ebr","og_url":"https:\/\/www.visit-ulcinj.com\/blog\/2008\/11\/03\/soni-dhe-flori-serish-bashke\/","og_site_name":"Lajme nga Ulqini","article_published_time":"2008-11-03T21:05:45+00:00","article_modified_time":"2008-11-03T21:09:03+00:00","og_image":[{"url":"http:\/\/www.visit-ulcinj.com\/blog\/wp-content\/uploads\/2008\/11\/soni-malaj-dhe-flori.jpg"}],"twitter_misc":{"Written by":"ulqini","Est. reading time":"1 minute"},"schema":{"@context":"https:\/\/schema.org","@graph":[{"@type":"WebSite","@id":"https:\/\/www.visit-ulcinj.com\/blog\/#website","url":"https:\/\/www.visit-ulcinj.com\/blog\/","name":"Lajme nga Ulqini","description":"Lajme,Vijesti,Ulqini,Ulqin,Crna Gora,Mali i Zi","potentialAction":[{"@type":"SearchAction","target":{"@type":"EntryPoint","urlTemplate":"https:\/\/www.visit-ulcinj.com\/blog\/?s={search_term_string}"},"query-input":"required name=search_term_string"}],"inLanguage":"en-US"},{"@type":"ImageObject","inLanguage":"en-US","@id":"https:\/\/www.visit-ulcinj.com\/blog\/2008\/11\/03\/soni-dhe-flori-serish-bashke\/#primaryimage","url":"http:\/\/www.visit-ulcinj.com\/blog\/wp-content\/uploads\/2008\/11\/soni-malaj-dhe-flori.jpg","contentUrl":"http:\/\/www.visit-ulcinj.com\/blog\/wp-content\/uploads\/2008\/11\/soni-malaj-dhe-flori.jpg"},{"@type":"WebPage","@id":"https:\/\/www.visit-ulcinj.com\/blog\/2008\/11\/03\/soni-dhe-flori-serish-bashke\/#webpage","url":"https:\/\/www.visit-ulcinj.com\/blog\/2008\/11\/03\/soni-dhe-flori-serish-bashke\/","name":"Soni dhe Flori s\u00ebrish bashk\u00eb - Lajme nga Ulqini","isPartOf":{"@id":"https:\/\/www.visit-ulcinj.com\/blog\/#website"},"primaryImageOfPage":{"@id":"https:\/\/www.visit-ulcinj.com\/blog\/2008\/11\/03\/soni-dhe-flori-serish-bashke\/#primaryimage"},"datePublished":"2008-11-03T21:05:45+00:00","dateModified":"2008-11-03T21:09:03+00:00","author":{"@id":"https:\/\/www.visit-ulcinj.com\/blog\/#\/schema\/person\/dcab619c614d3038751c63bc2aadc06d"},"description":"Soni dhe Flori jan\u00eb bashkuar s\u00ebrish, por jo p\u00ebr ta rip\u00ebrt\u00ebrir\u00eb dashurin\u00eb e tyre, porse vet\u00ebm p\u00ebr bashk\u00ebpunim muzikor. Pas bashk\u00ebpunimit q\u00eb pat\u00ebn p\u00ebr","breadcrumb":{"@id":"https:\/\/www.visit-ulcinj.com\/blog\/2008\/11\/03\/soni-dhe-flori-serish-bashke\/#breadcrumb"},"inLanguage":"en-US","potentialAction":[{"@type":"ReadAction","target":["https:\/\/www.visit-ulcinj.com\/blog\/2008\/11\/03\/soni-dhe-flori-serish-bashke\/"]}]},{"@type":"BreadcrumbList","@id":"https:\/\/www.visit-ulcinj.com\/blog\/2008\/11\/03\/soni-dhe-flori-serish-bashke\/#breadcrumb","itemListElement":[{"@type":"ListItem","position":1,"name":"Soni dhe Flori s\u00ebrish bashk\u00eb"}]},{"@type":"Person","@id":"https:\/\/www.visit-ulcinj.com\/blog\/#\/schema\/person\/dcab619c614d3038751c63bc2aadc06d","name":"ulqini","sameAs":["http:\/\/www.visit-ulcinj.com"],"url":"https:\/\/www.visit-ulcinj.com\/blog\/author\/admin\/"}]}},"jetpack_featured_media_url":"","jetpack_sharing_enabled":true,"jetpack_shortlink":"https:\/\/wp.me\/pe6lTn-1oQ","_links":{"self":[{"href":"https:\/\/www.visit-ulcinj.com\/blog\/wp-json\/wp\/v2\/posts\/5384"}],"collection":[{"href":"https:\/\/www.visit-ulcinj.com\/blog\/wp-json\/wp\/v2\/posts"}],"about":[{"href":"https:\/\/www.visit-ulcinj.com\/blog\/wp-json\/wp\/v2\/types\/post"}],"author":[{"embeddable":true,"href":"https:\/\/www.visit-ulcinj.com\/blog\/wp-json\/wp\/v2\/users\/1"}],"replies":[{"embeddable":true,"href":"https:\/\/www.visit-ulcinj.com\/blog\/wp-json\/wp\/v2\/comments?post=5384"}],"version-history":[{"count":0,"href":"https:\/\/www.visit-ulcinj.com\/blog\/wp-json\/wp\/v2\/posts\/5384\/revisions"}],"wp:attachment":[{"href":"https:\/\/www.visit-ulcinj.com\/blog\/wp-json\/wp\/v2\/media?parent=5384"}],"wp:term":[{"taxonomy":"category","embeddable":true,"href":"https:\/\/www.visit-ulcinj.com\/blog\/wp-json\/wp\/v2\/categories?post=5384"},{"taxonomy":"post_tag","embeddable":true,"href":"https:\/\/www.visit-ulcinj.com\/blog\/wp-json\/wp\/v2\/tags?post=5384"}],"curies":[{"name":"wp","href":"https:\/\/api.w.org\/{rel}","templated":true}]}}