{"id":53844,"date":"2011-11-29T09:34:03","date_gmt":"2011-11-29T08:34:03","guid":{"rendered":"http:\/\/www.visit-ulcinj.com\/blog\/?p=53844"},"modified":"2011-11-29T17:19:16","modified_gmt":"2011-11-29T16:19:16","slug":"klubi-i-taekwondo-se-ulqinifitues-i-kupes-se-malit-te-zi","status":"publish","type":"post","link":"https:\/\/www.visit-ulcinj.com\/blog\/2011\/11\/29\/klubi-i-taekwondo-se-ulqinifitues-i-kupes-se-malit-te-zi\/","title":{"rendered":"Klubi i Taekwondo-s\u00eb Ulqini,fitues i kup\u00ebs s\u00eb Malit t\u00eb Zi"},"content":{"rendered":"<p><a href=\"http:\/\/www.visit-ulcinj.com\/blog\/wp-content\/uploads\/2011\/11\/Klubi-i-Taekwondo-s%C3%AB-Ulqinifitues-i-kup%C3%ABs-s%C3%AB-Malit-t%C3%AB-Zi-_Podgoric%C3%AB.jpg\"><img loading=\"lazy\" class=\"alignleft size-full wp-image-53845\" title=\"Klubi i Taekwondo-s\u00eb Ulqini,fitues i kup\u00ebs s\u00eb Malit t\u00eb Zi _Podgoric\u00eb\" src=\"http:\/\/www.visit-ulcinj.com\/blog\/wp-content\/uploads\/2011\/11\/Klubi-i-Taekwondo-s%C3%AB-Ulqinifitues-i-kup%C3%ABs-s%C3%AB-Malit-t%C3%AB-Zi-_Podgoric%C3%AB.jpg\" alt=\"\" width=\"508\" height=\"300\" \/><\/a>Gjat\u00eb k\u00ebtij vikendi me dat\u00eb 27.11.2011 n\u00eb Podgoric\u00eb u mbajt kupa e Malit t\u00eb Zi n\u00eb sportin olimpik t\u00eb Taekwondo-s\u00eb p\u00ebr t\u00eb gjitha kategorit si dhe kupa e Malit t\u00eb Zi n\u00eb diciplin\u00ebn e formave.<br \/>\nKlubi i Taekwondo-s\u00eb Ulqini shk\u00eblqen n\u00eb Podgoric\u00eb n\u00eb kup\u00ebn e Malit t\u00eb Zi i cili u paraqit me 26 garues dhe arriti k\u00ebt\u00eb rezultat: gjithsejt 30 medalje t\u00eb fituara n\u00eb t\u00eb dy diciplinat, prej tyre 19 medalje t\u00eb arta, 9 medalje t\u00eb argjend\u00ebta dhe\u00a0 2 medalje t\u00eb broz\u00ebta si dhe 5 kupa. N\u00eb r\u00ebnditje t\u00eb p\u00ebrgjithshme sipas kategorive taekwondo Ulqini u rendit: Vendi i par\u00eb n\u00eb diciplin\u00ebn e formave, vendi i par\u00eb n\u00eb kategorin e junior\u00ebve, vendi i par\u00eb n\u00eb kategorin\u00eb e kadet\u00ebve, kupa e vendit t\u00eb par\u00eb n\u00eb kategorin\u00eb e kadet\u00ebve i takoj\u00eb edhe klubit t\u00eb taekwondo-s\u00eb Buduqnost nga Podgorica pasi q\u00eb numri i pik\u00ebve ishte i barabart\u00eb me klubin e Ulqinit e poashtu edhe numri i medaljeve, si dhe vendi i dyt\u00eb n\u00eb kategorin e pionir\u00ebve, nd\u00ebrsa n\u00eb renditje t\u00eb p\u00ebrgjithshme klubi i Taekwodnos\u00eb Ulqini u rendit i pari duke fituar k\u00ebshtu edhe kup\u00ebn e Malit t\u00eb Zi p\u00ebr vitin 2011.<\/p>\n<p>Garuesit\u00a0 nga Ulqini t\u00eb cil\u00ebt u kurorzuan me medalje t\u00eb arta n\u00eb kup\u00ebn e Malit t\u00eb Zi jan\u00eb:<br \/>\nRrezarta Hysa, Esad Kraja, Rinor Jahja, Nuri Kanaqi, Sulejman Murati, Izedin Kurti, Mersudin Kurti, Artan Fici, Ardiana Karamanaga, Medina Kanaqi.<\/p>\n<p>Garuesit t\u00eb cil\u00ebt u kurorzuan me medalje t\u00eb argjend\u00ebta jan\u00eb:<br \/>\nSabri Kapllanbegu, Xhenis Tula, Edina Kraja, Amina Kanaqi, Levent Murati, Amir Sukaliq.<\/p>\n<p>Garuesit t\u00eb cil\u00ebt u kurorzuan me medalje t\u00eb bronzeta jan\u00eb:<br \/>\nBojan Vladisavljevic.<\/p>\n<p>Nd\u00ebrsa n\u00eb diciplin\u00ebn e Formave Taekwondo Ulqini u paraqit me 13 garues ku ariti k\u00ebt\u00eb rezultat, 9 t\u00eb arta, 3 medalje t\u00eb argjend\u00ebta dhe 1 medalje t\u00eb bronzit.<\/p>\n<p>Me medalje t\u00eb arta n\u00eb diciplin\u00ebn e formave u kurorzuan k\u00ebto garues:<br \/>\nEsad Kraja, Rinor Jahja, Sulejman Murati, Amina Kanaqi, Nuri Kanaqi, Artan Fici, Mersudin Kurti, Medina Kanaqi, Bojan Vladisavljevic.<\/p>\n<p>Me medalje t\u00eb argjend\u00ebta u kurorzuan k\u00ebto garues:<br \/>\nEdina Kraja, Rrezarta Hysa, Ardiana Karamanaga.<\/p>\n<p>Me medlaje t\u00eb bronzit u kurorzua:<br \/>\nIzedin Kurti.<\/p>\n<p>M\u00eb gj\u00ebrsisht kryetrajneri i k\u00ebtij klubi Fikret Dushku shton: Arrit\u00ebn q\u00eb ta mbrojm\u00eb suksesin e vitit t\u00eb kaluar, pat\u00ebm nj\u00eb paraqitje t\u00eb mir\u00eb t\u00eb t\u00eb gjith\u00eb garuesve pothuajse, ku fituam plot\u00eb 30 medalje prej tyre 19 medalje t\u00eb arta, jemi t\u00eb k\u00ebnaqur me rezultatin e arritur p\u00ebr 6 vite pun\u00eb intensive. Ju uroj suksese nx\u00ebn\u00ebsve tan\u00eb nd\u00ebrsa atyre q\u00eb mbetem pa medalje suksese n\u00eb garat tjera. P\u00ebr kup\u00ebn e Malit t\u00eb Zi n\u00eb radh\u00eb t\u00eb par\u00eb falenderojm\u00eb prind\u00ebrit e garuesve tan\u00eb t\u00eb cil\u00ebt ishin ata q\u00eb na e mund\u00ebsuan pjesmarrjen tone dhe sponsorin Tapacir Kurti.<\/p>\n<p><strong>Sh\u00ebrbimi informativ i Tkd-s\u00eb Ulqini<br \/>\n\n\t\t<style type=\"text\/css\">\n\t\t\t#gallery-1 {\n\t\t\t\tmargin: auto;\n\t\t\t}\n\t\t\t#gallery-1 .gallery-item {\n\t\t\t\tfloat: left;\n\t\t\t\tmargin-top: 10px;\n\t\t\t\ttext-align: center;\n\t\t\t\twidth: 33%;\n\t\t\t}\n\t\t\t#gallery-1 img {\n\t\t\t\tborder: 2px solid #cfcfcf;\n\t\t\t}\n\t\t\t#gallery-1 .gallery-caption {\n\t\t\t\tmargin-left: 0;\n\t\t\t}\n\t\t\t\/* see gallery_shortcode() in wp-includes\/media.php *\/\n\t\t<\/style>\n\t\t<div id='gallery-1' class='gallery galleryid-53844 gallery-columns-3 gallery-size-thumbnail'><dl class='gallery-item'>\n\t\t\t<dt class='gallery-icon landscape'>\n\t\t\t\t<a href='https:\/\/www.visit-ulcinj.com\/blog\/wp-content\/uploads\/2011\/11\/Klubi-i-Taekwondo-s\u00eb-Ulqinifitues-i-kup\u00ebs-s\u00eb-Malit-t\u00eb-Zi-_Podgoric\u00eb.jpg'><img width=\"150\" height=\"150\" src=\"https:\/\/www.visit-ulcinj.com\/blog\/wp-content\/uploads\/2011\/11\/Klubi-i-Taekwondo-s\u00eb-Ulqinifitues-i-kup\u00ebs-s\u00eb-Malit-t\u00eb-Zi-_Podgoric\u00eb-150x150.jpg\" class=\"attachment-thumbnail size-thumbnail\" alt=\"\" loading=\"lazy\" \/><\/a>\n\t\t\t<\/dt><\/dl><dl class='gallery-item'>\n\t\t\t<dt class='gallery-icon landscape'>\n\t\t\t\t<a href='https:\/\/www.visit-ulcinj.com\/blog\/wp-content\/uploads\/2011\/11\/Klubi-i-Taekwondo-s\u00eb-Ulqinifitues-i-kup\u00ebs-s\u00eb-Malit-t\u00eb-Zi_2011.jpg'><img width=\"150\" height=\"150\" src=\"https:\/\/www.visit-ulcinj.com\/blog\/wp-content\/uploads\/2011\/11\/Klubi-i-Taekwondo-s\u00eb-Ulqinifitues-i-kup\u00ebs-s\u00eb-Malit-t\u00eb-Zi_2011-150x150.jpg\" class=\"attachment-thumbnail size-thumbnail\" alt=\"\" loading=\"lazy\" \/><\/a>\n\t\t\t<\/dt><\/dl><dl class='gallery-item'>\n\t\t\t<dt class='gallery-icon landscape'>\n\t\t\t\t<a href='https:\/\/www.visit-ulcinj.com\/blog\/wp-content\/uploads\/2011\/11\/Klubi-i-Taekwondo-s\u00eb-Ulqinifitues-i-kup\u00ebs-s\u00eb-Malit-t\u00eb-Zi_2011.3.jpg'><img width=\"150\" height=\"150\" src=\"https:\/\/www.visit-ulcinj.com\/blog\/wp-content\/uploads\/2011\/11\/Klubi-i-Taekwondo-s\u00eb-Ulqinifitues-i-kup\u00ebs-s\u00eb-Malit-t\u00eb-Zi_2011.3-150x150.jpg\" class=\"attachment-thumbnail size-thumbnail\" alt=\"\" loading=\"lazy\" \/><\/a>\n\t\t\t<\/dt><\/dl><br style=\"clear: both\" \/><dl class='gallery-item'>\n\t\t\t<dt class='gallery-icon landscape'>\n\t\t\t\t<a href='https:\/\/www.visit-ulcinj.com\/blog\/wp-content\/uploads\/2011\/11\/Klubi-i-Taekwondo-s\u00eb-Ulqinifitues-i-kup\u00ebs-s\u00eb-Malit-t\u00eb-Zi_2011.1.jpg'><img width=\"150\" height=\"150\" src=\"https:\/\/www.visit-ulcinj.com\/blog\/wp-content\/uploads\/2011\/11\/Klubi-i-Taekwondo-s\u00eb-Ulqinifitues-i-kup\u00ebs-s\u00eb-Malit-t\u00eb-Zi_2011.1-150x150.jpg\" class=\"attachment-thumbnail size-thumbnail\" alt=\"\" loading=\"lazy\" \/><\/a>\n\t\t\t<\/dt><\/dl><dl class='gallery-item'>\n\t\t\t<dt class='gallery-icon landscape'>\n\t\t\t\t<a href='https:\/\/www.visit-ulcinj.com\/blog\/wp-content\/uploads\/2011\/11\/Klubi-i-Taekwondo-s\u00eb-Ulqinifitues-i-kup\u00ebs-s\u00eb-Malit-t\u00eb-Zi_2011.2.jpg'><img width=\"150\" height=\"150\" src=\"https:\/\/www.visit-ulcinj.com\/blog\/wp-content\/uploads\/2011\/11\/Klubi-i-Taekwondo-s\u00eb-Ulqinifitues-i-kup\u00ebs-s\u00eb-Malit-t\u00eb-Zi_2011.2-150x150.jpg\" class=\"attachment-thumbnail size-thumbnail\" alt=\"\" loading=\"lazy\" \/><\/a>\n\t\t\t<\/dt><\/dl>\n\t\t\t<br style='clear: both' \/>\n\t\t<\/div>\n<br \/>\n<\/strong><\/p>\n","protected":false},"excerpt":{"rendered":"<p>Gjat\u00eb k\u00ebtij vikendi me dat\u00eb 27.11.2011 n\u00eb Podgoric\u00eb u mbajt kupa e Malit t\u00eb Zi n\u00eb sportin olimpik t\u00eb Taekwondo-s\u00eb p\u00ebr t\u00eb gjitha kategorit si dhe kupa e Malit t\u00eb Zi n\u00eb diciplin\u00ebn e formave. Klubi i Taekwondo-s\u00eb Ulqini shk\u00eblqen n\u00eb Podgoric\u00eb n\u00eb kup\u00ebn e Malit t\u00eb Zi i cili u paraqit me 26 garues [&hellip;]<\/p>\n","protected":false},"author":1,"featured_media":0,"comment_status":"open","ping_status":"closed","sticky":false,"template":"","format":"standard","meta":{"spay_email":"","jetpack_publicize_message":"","jetpack_is_tweetstorm":false,"jetpack_publicize_feature_enabled":true},"categories":[3],"tags":[6336],"jetpack_publicize_connections":[],"yoast_head":"<!-- This site is optimized with the Yoast SEO plugin v19.1 - https:\/\/yoast.com\/wordpress\/plugins\/seo\/ -->\n<title>Klubi i Taekwondo-s\u00eb Ulqini,fitues i kup\u00ebs s\u00eb Malit t\u00eb Zi - Lajme nga Ulqini<\/title>\n<meta name=\"description\" content=\"Gjat\u00eb k\u00ebtij vikendi me dat\u00eb 27.11.2011 n\u00eb Podgoric\u00eb u mbajt kupa e Malit t\u00eb Zi n\u00eb sportin olimpik t\u00eb Taekwondo-s\u00eb p\u00ebr t\u00eb gjitha kategorit si dhe kupa e\" \/>\n<meta name=\"robots\" content=\"index, follow, max-snippet:-1, max-image-preview:large, max-video-preview:-1\" \/>\n<link rel=\"canonical\" href=\"https:\/\/www.visit-ulcinj.com\/blog\/2011\/11\/29\/klubi-i-taekwondo-se-ulqinifitues-i-kupes-se-malit-te-zi\/\" \/>\n<meta property=\"og:locale\" content=\"en_US\" \/>\n<meta property=\"og:type\" content=\"article\" \/>\n<meta property=\"og:title\" content=\"Klubi i Taekwondo-s\u00eb Ulqini,fitues i kup\u00ebs s\u00eb Malit t\u00eb Zi - Lajme nga Ulqini\" \/>\n<meta property=\"og:description\" content=\"Gjat\u00eb k\u00ebtij vikendi me dat\u00eb 27.11.2011 n\u00eb Podgoric\u00eb u mbajt kupa e Malit t\u00eb Zi n\u00eb sportin olimpik t\u00eb Taekwondo-s\u00eb p\u00ebr t\u00eb gjitha kategorit si dhe kupa e\" \/>\n<meta property=\"og:url\" content=\"https:\/\/www.visit-ulcinj.com\/blog\/2011\/11\/29\/klubi-i-taekwondo-se-ulqinifitues-i-kupes-se-malit-te-zi\/\" \/>\n<meta property=\"og:site_name\" content=\"Lajme nga Ulqini\" \/>\n<meta property=\"article:published_time\" content=\"2011-11-29T08:34:03+00:00\" \/>\n<meta property=\"article:modified_time\" content=\"2011-11-29T16:19:16+00:00\" \/>\n<meta property=\"og:image\" content=\"https:\/\/www.visit-ulcinj.com\/blog\/wp-content\/uploads\/2011\/11\/Klubi-i-Taekwondo-s\u00eb-Ulqinifitues-i-kup\u00ebs-s\u00eb-Malit-t\u00eb-Zi-_Podgoric\u00eb-150x150.jpg\" \/>\n<meta name=\"twitter:label1\" content=\"Written by\" \/>\n\t<meta name=\"twitter:data1\" content=\"ulqini\" \/>\n\t<meta name=\"twitter:label2\" content=\"Est. reading time\" \/>\n\t<meta name=\"twitter:data2\" content=\"2 minutes\" \/>\n<script type=\"application\/ld+json\" class=\"yoast-schema-graph\">{\"@context\":\"https:\/\/schema.org\",\"@graph\":[{\"@type\":\"WebSite\",\"@id\":\"https:\/\/www.visit-ulcinj.com\/blog\/#website\",\"url\":\"https:\/\/www.visit-ulcinj.com\/blog\/\",\"name\":\"Lajme nga Ulqini\",\"description\":\"Lajme,Vijesti,Ulqini,Ulqin,Crna Gora,Mali i Zi\",\"potentialAction\":[{\"@type\":\"SearchAction\",\"target\":{\"@type\":\"EntryPoint\",\"urlTemplate\":\"https:\/\/www.visit-ulcinj.com\/blog\/?s={search_term_string}\"},\"query-input\":\"required name=search_term_string\"}],\"inLanguage\":\"en-US\"},{\"@type\":\"ImageObject\",\"inLanguage\":\"en-US\",\"@id\":\"https:\/\/www.visit-ulcinj.com\/blog\/2011\/11\/29\/klubi-i-taekwondo-se-ulqinifitues-i-kupes-se-malit-te-zi\/#primaryimage\",\"url\":\"http:\/\/www.visit-ulcinj.com\/blog\/wp-content\/uploads\/2011\/11\/Klubi-i-Taekwondo-s%C3%AB-Ulqinifitues-i-kup%C3%ABs-s%C3%AB-Malit-t%C3%AB-Zi-_Podgoric%C3%AB.jpg\",\"contentUrl\":\"http:\/\/www.visit-ulcinj.com\/blog\/wp-content\/uploads\/2011\/11\/Klubi-i-Taekwondo-s%C3%AB-Ulqinifitues-i-kup%C3%ABs-s%C3%AB-Malit-t%C3%AB-Zi-_Podgoric%C3%AB.jpg\"},{\"@type\":\"WebPage\",\"@id\":\"https:\/\/www.visit-ulcinj.com\/blog\/2011\/11\/29\/klubi-i-taekwondo-se-ulqinifitues-i-kupes-se-malit-te-zi\/#webpage\",\"url\":\"https:\/\/www.visit-ulcinj.com\/blog\/2011\/11\/29\/klubi-i-taekwondo-se-ulqinifitues-i-kupes-se-malit-te-zi\/\",\"name\":\"Klubi i Taekwondo-s\u00eb Ulqini,fitues i kup\u00ebs s\u00eb Malit t\u00eb Zi - Lajme nga Ulqini\",\"isPartOf\":{\"@id\":\"https:\/\/www.visit-ulcinj.com\/blog\/#website\"},\"primaryImageOfPage\":{\"@id\":\"https:\/\/www.visit-ulcinj.com\/blog\/2011\/11\/29\/klubi-i-taekwondo-se-ulqinifitues-i-kupes-se-malit-te-zi\/#primaryimage\"},\"datePublished\":\"2011-11-29T08:34:03+00:00\",\"dateModified\":\"2011-11-29T16:19:16+00:00\",\"author\":{\"@id\":\"https:\/\/www.visit-ulcinj.com\/blog\/#\/schema\/person\/dcab619c614d3038751c63bc2aadc06d\"},\"description\":\"Gjat\u00eb k\u00ebtij vikendi me dat\u00eb 27.11.2011 n\u00eb Podgoric\u00eb u mbajt kupa e Malit t\u00eb Zi n\u00eb sportin olimpik t\u00eb Taekwondo-s\u00eb p\u00ebr t\u00eb gjitha kategorit si dhe kupa e\",\"breadcrumb\":{\"@id\":\"https:\/\/www.visit-ulcinj.com\/blog\/2011\/11\/29\/klubi-i-taekwondo-se-ulqinifitues-i-kupes-se-malit-te-zi\/#breadcrumb\"},\"inLanguage\":\"en-US\",\"potentialAction\":[{\"@type\":\"ReadAction\",\"target\":[\"https:\/\/www.visit-ulcinj.com\/blog\/2011\/11\/29\/klubi-i-taekwondo-se-ulqinifitues-i-kupes-se-malit-te-zi\/\"]}]},{\"@type\":\"BreadcrumbList\",\"@id\":\"https:\/\/www.visit-ulcinj.com\/blog\/2011\/11\/29\/klubi-i-taekwondo-se-ulqinifitues-i-kupes-se-malit-te-zi\/#breadcrumb\",\"itemListElement\":[{\"@type\":\"ListItem\",\"position\":1,\"name\":\"Klubi i Taekwondo-s\u00eb Ulqini,fitues i kup\u00ebs s\u00eb Malit t\u00eb Zi\"}]},{\"@type\":\"Person\",\"@id\":\"https:\/\/www.visit-ulcinj.com\/blog\/#\/schema\/person\/dcab619c614d3038751c63bc2aadc06d\",\"name\":\"ulqini\",\"sameAs\":[\"http:\/\/www.visit-ulcinj.com\"],\"url\":\"https:\/\/www.visit-ulcinj.com\/blog\/author\/admin\/\"}]}<\/script>\n<!-- \/ Yoast SEO plugin. -->","yoast_head_json":{"title":"Klubi i Taekwondo-s\u00eb Ulqini,fitues i kup\u00ebs s\u00eb Malit t\u00eb Zi - Lajme nga Ulqini","description":"Gjat\u00eb k\u00ebtij vikendi me dat\u00eb 27.11.2011 n\u00eb Podgoric\u00eb u mbajt kupa e Malit t\u00eb Zi n\u00eb sportin olimpik t\u00eb Taekwondo-s\u00eb p\u00ebr t\u00eb gjitha kategorit si dhe kupa e","robots":{"index":"index","follow":"follow","max-snippet":"max-snippet:-1","max-image-preview":"max-image-preview:large","max-video-preview":"max-video-preview:-1"},"canonical":"https:\/\/www.visit-ulcinj.com\/blog\/2011\/11\/29\/klubi-i-taekwondo-se-ulqinifitues-i-kupes-se-malit-te-zi\/","og_locale":"en_US","og_type":"article","og_title":"Klubi i Taekwondo-s\u00eb Ulqini,fitues i kup\u00ebs s\u00eb Malit t\u00eb Zi - Lajme nga Ulqini","og_description":"Gjat\u00eb k\u00ebtij vikendi me dat\u00eb 27.11.2011 n\u00eb Podgoric\u00eb u mbajt kupa e Malit t\u00eb Zi n\u00eb sportin olimpik t\u00eb Taekwondo-s\u00eb p\u00ebr t\u00eb gjitha kategorit si dhe kupa e","og_url":"https:\/\/www.visit-ulcinj.com\/blog\/2011\/11\/29\/klubi-i-taekwondo-se-ulqinifitues-i-kupes-se-malit-te-zi\/","og_site_name":"Lajme nga Ulqini","article_published_time":"2011-11-29T08:34:03+00:00","article_modified_time":"2011-11-29T16:19:16+00:00","og_image":[{"url":"https:\/\/www.visit-ulcinj.com\/blog\/wp-content\/uploads\/2011\/11\/Klubi-i-Taekwondo-s\u00eb-Ulqinifitues-i-kup\u00ebs-s\u00eb-Malit-t\u00eb-Zi-_Podgoric\u00eb-150x150.jpg"}],"twitter_misc":{"Written by":"ulqini","Est. reading time":"2 minutes"},"schema":{"@context":"https:\/\/schema.org","@graph":[{"@type":"WebSite","@id":"https:\/\/www.visit-ulcinj.com\/blog\/#website","url":"https:\/\/www.visit-ulcinj.com\/blog\/","name":"Lajme nga Ulqini","description":"Lajme,Vijesti,Ulqini,Ulqin,Crna Gora,Mali i Zi","potentialAction":[{"@type":"SearchAction","target":{"@type":"EntryPoint","urlTemplate":"https:\/\/www.visit-ulcinj.com\/blog\/?s={search_term_string}"},"query-input":"required name=search_term_string"}],"inLanguage":"en-US"},{"@type":"ImageObject","inLanguage":"en-US","@id":"https:\/\/www.visit-ulcinj.com\/blog\/2011\/11\/29\/klubi-i-taekwondo-se-ulqinifitues-i-kupes-se-malit-te-zi\/#primaryimage","url":"http:\/\/www.visit-ulcinj.com\/blog\/wp-content\/uploads\/2011\/11\/Klubi-i-Taekwondo-s%C3%AB-Ulqinifitues-i-kup%C3%ABs-s%C3%AB-Malit-t%C3%AB-Zi-_Podgoric%C3%AB.jpg","contentUrl":"http:\/\/www.visit-ulcinj.com\/blog\/wp-content\/uploads\/2011\/11\/Klubi-i-Taekwondo-s%C3%AB-Ulqinifitues-i-kup%C3%ABs-s%C3%AB-Malit-t%C3%AB-Zi-_Podgoric%C3%AB.jpg"},{"@type":"WebPage","@id":"https:\/\/www.visit-ulcinj.com\/blog\/2011\/11\/29\/klubi-i-taekwondo-se-ulqinifitues-i-kupes-se-malit-te-zi\/#webpage","url":"https:\/\/www.visit-ulcinj.com\/blog\/2011\/11\/29\/klubi-i-taekwondo-se-ulqinifitues-i-kupes-se-malit-te-zi\/","name":"Klubi i Taekwondo-s\u00eb Ulqini,fitues i kup\u00ebs s\u00eb Malit t\u00eb Zi - Lajme nga Ulqini","isPartOf":{"@id":"https:\/\/www.visit-ulcinj.com\/blog\/#website"},"primaryImageOfPage":{"@id":"https:\/\/www.visit-ulcinj.com\/blog\/2011\/11\/29\/klubi-i-taekwondo-se-ulqinifitues-i-kupes-se-malit-te-zi\/#primaryimage"},"datePublished":"2011-11-29T08:34:03+00:00","dateModified":"2011-11-29T16:19:16+00:00","author":{"@id":"https:\/\/www.visit-ulcinj.com\/blog\/#\/schema\/person\/dcab619c614d3038751c63bc2aadc06d"},"description":"Gjat\u00eb k\u00ebtij vikendi me dat\u00eb 27.11.2011 n\u00eb Podgoric\u00eb u mbajt kupa e Malit t\u00eb Zi n\u00eb sportin olimpik t\u00eb Taekwondo-s\u00eb p\u00ebr t\u00eb gjitha kategorit si dhe kupa e","breadcrumb":{"@id":"https:\/\/www.visit-ulcinj.com\/blog\/2011\/11\/29\/klubi-i-taekwondo-se-ulqinifitues-i-kupes-se-malit-te-zi\/#breadcrumb"},"inLanguage":"en-US","potentialAction":[{"@type":"ReadAction","target":["https:\/\/www.visit-ulcinj.com\/blog\/2011\/11\/29\/klubi-i-taekwondo-se-ulqinifitues-i-kupes-se-malit-te-zi\/"]}]},{"@type":"BreadcrumbList","@id":"https:\/\/www.visit-ulcinj.com\/blog\/2011\/11\/29\/klubi-i-taekwondo-se-ulqinifitues-i-kupes-se-malit-te-zi\/#breadcrumb","itemListElement":[{"@type":"ListItem","position":1,"name":"Klubi i Taekwondo-s\u00eb Ulqini,fitues i kup\u00ebs s\u00eb Malit t\u00eb Zi"}]},{"@type":"Person","@id":"https:\/\/www.visit-ulcinj.com\/blog\/#\/schema\/person\/dcab619c614d3038751c63bc2aadc06d","name":"ulqini","sameAs":["http:\/\/www.visit-ulcinj.com"],"url":"https:\/\/www.visit-ulcinj.com\/blog\/author\/admin\/"}]}},"jetpack_featured_media_url":"","jetpack_sharing_enabled":true,"jetpack_shortlink":"https:\/\/wp.me\/pe6lTn-e0s","_links":{"self":[{"href":"https:\/\/www.visit-ulcinj.com\/blog\/wp-json\/wp\/v2\/posts\/53844"}],"collection":[{"href":"https:\/\/www.visit-ulcinj.com\/blog\/wp-json\/wp\/v2\/posts"}],"about":[{"href":"https:\/\/www.visit-ulcinj.com\/blog\/wp-json\/wp\/v2\/types\/post"}],"author":[{"embeddable":true,"href":"https:\/\/www.visit-ulcinj.com\/blog\/wp-json\/wp\/v2\/users\/1"}],"replies":[{"embeddable":true,"href":"https:\/\/www.visit-ulcinj.com\/blog\/wp-json\/wp\/v2\/comments?post=53844"}],"version-history":[{"count":3,"href":"https:\/\/www.visit-ulcinj.com\/blog\/wp-json\/wp\/v2\/posts\/53844\/revisions"}],"predecessor-version":[{"id":53853,"href":"https:\/\/www.visit-ulcinj.com\/blog\/wp-json\/wp\/v2\/posts\/53844\/revisions\/53853"}],"wp:attachment":[{"href":"https:\/\/www.visit-ulcinj.com\/blog\/wp-json\/wp\/v2\/media?parent=53844"}],"wp:term":[{"taxonomy":"category","embeddable":true,"href":"https:\/\/www.visit-ulcinj.com\/blog\/wp-json\/wp\/v2\/categories?post=53844"},{"taxonomy":"post_tag","embeddable":true,"href":"https:\/\/www.visit-ulcinj.com\/blog\/wp-json\/wp\/v2\/tags?post=53844"}],"curies":[{"name":"wp","href":"https:\/\/api.w.org\/{rel}","templated":true}]}}