{"id":5389,"date":"2008-11-03T16:31:24","date_gmt":"2008-11-03T21:31:24","guid":{"rendered":"http:\/\/www.visit-ulcinj.com\/blog\/?p=5389"},"modified":"2011-11-17T13:42:06","modified_gmt":"2011-11-17T12:42:06","slug":"banesa-gjeja-me-e-shtrenjte-e-eliza-hoxhes","status":"publish","type":"post","link":"https:\/\/www.visit-ulcinj.com\/blog\/2008\/11\/03\/banesa-gjeja-me-e-shtrenjte-e-eliza-hoxhes\/","title":{"rendered":"Banesa gj\u00ebja m\u00eb e shtrenjt\u00eb e Eliza Hoxh\u00ebs"},"content":{"rendered":"<p><a href=\"http:\/\/www.visit-ulcinj.com\/blog\/wp-content\/uploads\/2008\/11\/eliza-hoxha.jpg\"><img loading=\"lazy\" class=\"alignleft size-medium wp-image-5390\" title=\"eliza-hoxha\" src=\"http:\/\/www.visit-ulcinj.com\/blog\/wp-content\/uploads\/2008\/11\/eliza-hoxha-300x291.jpg\" alt=\"\" width=\"228\" height=\"152\" \/><\/a>K\u00ebng\u00ebtarja kosovare Eliza Hoxha ka b\u00ebr\u00eb t\u00eb ditur se gj\u00ebja m\u00eb e shtrenjt\u00eb q\u00eb ajo ka bler\u00eb deri m\u00eb tani \u00ebsht\u00eb sht\u00ebpia.<br \/>\nP\u00ebr shkak t\u00eb vler\u00ebs s\u00eb lart\u00eb, sht\u00ebpin\u00eb, t\u00eb cil\u00ebn e ka bler\u00eb vitin e kaluar, k\u00ebng\u00ebtarja nuk ka arritur ta paguaj\u00eb me kesh dhe ka th\u00ebn\u00eb se ende vazhdon ta paguaj\u00eb me k\u00ebste. Eliza Hoxha po ashtu do t\u00eb jet\u00eb pjes\u00ebmarr\u00ebse edhe n\u00eb nj\u00eb eveniment tjet\u00ebr t\u00eb organizuar nga Gjebrea, n\u00eb festivalin \u201cK\u00ebnga magjike\u201d, ku do t\u00eb garoj\u00eb me k\u00ebng\u00ebn e titulluar \u201cShko\u201d.<br \/>\n<strong><\/strong><\/p>\n<p><strong>GAZETA SHQIPTARE \/ \u201cBluetooth\u201d<\/strong><\/p>\n<!--YouTube Error: bad URL entered-->\n","protected":false},"excerpt":{"rendered":"<p>K\u00ebng\u00ebtarja kosovare Eliza Hoxha ka b\u00ebr\u00eb t\u00eb ditur se gj\u00ebja m\u00eb e shtrenjt\u00eb q\u00eb ajo ka bler\u00eb deri m\u00eb tani \u00ebsht\u00eb sht\u00ebpia. P\u00ebr shkak t\u00eb vler\u00ebs s\u00eb lart\u00eb, sht\u00ebpin\u00eb, t\u00eb cil\u00ebn e ka bler\u00eb vitin e kaluar, k\u00ebng\u00ebtarja nuk ka arritur ta paguaj\u00eb me kesh dhe ka th\u00ebn\u00eb se ende vazhdon ta paguaj\u00eb me k\u00ebste. [&hellip;]<\/p>\n","protected":false},"author":1,"featured_media":0,"comment_status":"open","ping_status":"closed","sticky":false,"template":"","format":"standard","meta":{"spay_email":"","jetpack_publicize_message":"","jetpack_is_tweetstorm":false,"jetpack_publicize_feature_enabled":true},"categories":[1],"tags":[4906],"jetpack_publicize_connections":[],"yoast_head":"<!-- This site is optimized with the Yoast SEO plugin v19.1 - https:\/\/yoast.com\/wordpress\/plugins\/seo\/ -->\n<title>Banesa gj\u00ebja m\u00eb e shtrenjt\u00eb e Eliza Hoxh\u00ebs - Lajme nga Ulqini<\/title>\n<meta name=\"description\" content=\"K\u00ebng\u00ebtarja kosovare Eliza Hoxha ka b\u00ebr\u00eb t\u00eb ditur se gj\u00ebja m\u00eb e shtrenjt\u00eb q\u00eb ajo ka bler\u00eb deri m\u00eb tani \u00ebsht\u00eb sht\u00ebpia. P\u00ebr shkak t\u00eb vler\u00ebs s\u00eb lart\u00eb,\" \/>\n<meta name=\"robots\" content=\"index, follow, max-snippet:-1, max-image-preview:large, max-video-preview:-1\" \/>\n<link rel=\"canonical\" href=\"https:\/\/www.visit-ulcinj.com\/blog\/2008\/11\/03\/banesa-gjeja-me-e-shtrenjte-e-eliza-hoxhes\/\" \/>\n<meta property=\"og:locale\" content=\"en_US\" \/>\n<meta property=\"og:type\" content=\"article\" \/>\n<meta property=\"og:title\" content=\"Banesa gj\u00ebja m\u00eb e shtrenjt\u00eb e Eliza Hoxh\u00ebs - Lajme nga Ulqini\" \/>\n<meta property=\"og:description\" content=\"K\u00ebng\u00ebtarja kosovare Eliza Hoxha ka b\u00ebr\u00eb t\u00eb ditur se gj\u00ebja m\u00eb e shtrenjt\u00eb q\u00eb ajo ka bler\u00eb deri m\u00eb tani \u00ebsht\u00eb sht\u00ebpia. P\u00ebr shkak t\u00eb vler\u00ebs s\u00eb lart\u00eb,\" \/>\n<meta property=\"og:url\" content=\"https:\/\/www.visit-ulcinj.com\/blog\/2008\/11\/03\/banesa-gjeja-me-e-shtrenjte-e-eliza-hoxhes\/\" \/>\n<meta property=\"og:site_name\" content=\"Lajme nga Ulqini\" \/>\n<meta property=\"article:published_time\" content=\"2008-11-03T21:31:24+00:00\" \/>\n<meta property=\"article:modified_time\" content=\"2011-11-17T12:42:06+00:00\" \/>\n<meta property=\"og:image\" content=\"http:\/\/www.visit-ulcinj.com\/blog\/wp-content\/uploads\/2008\/11\/eliza-hoxha-300x291.jpg\" \/>\n<meta name=\"twitter:label1\" content=\"Written by\" \/>\n\t<meta name=\"twitter:data1\" content=\"ulqini\" \/>\n\t<meta name=\"twitter:label2\" content=\"Est. reading time\" \/>\n\t<meta name=\"twitter:data2\" content=\"1 minute\" \/>\n<script type=\"application\/ld+json\" class=\"yoast-schema-graph\">{\"@context\":\"https:\/\/schema.org\",\"@graph\":[{\"@type\":\"WebSite\",\"@id\":\"https:\/\/www.visit-ulcinj.com\/blog\/#website\",\"url\":\"https:\/\/www.visit-ulcinj.com\/blog\/\",\"name\":\"Lajme nga Ulqini\",\"description\":\"Lajme,Vijesti,Ulqini,Ulqin,Crna Gora,Mali i Zi\",\"potentialAction\":[{\"@type\":\"SearchAction\",\"target\":{\"@type\":\"EntryPoint\",\"urlTemplate\":\"https:\/\/www.visit-ulcinj.com\/blog\/?s={search_term_string}\"},\"query-input\":\"required name=search_term_string\"}],\"inLanguage\":\"en-US\"},{\"@type\":\"ImageObject\",\"inLanguage\":\"en-US\",\"@id\":\"https:\/\/www.visit-ulcinj.com\/blog\/2008\/11\/03\/banesa-gjeja-me-e-shtrenjte-e-eliza-hoxhes\/#primaryimage\",\"url\":\"http:\/\/www.visit-ulcinj.com\/blog\/wp-content\/uploads\/2008\/11\/eliza-hoxha-300x291.jpg\",\"contentUrl\":\"http:\/\/www.visit-ulcinj.com\/blog\/wp-content\/uploads\/2008\/11\/eliza-hoxha-300x291.jpg\"},{\"@type\":\"WebPage\",\"@id\":\"https:\/\/www.visit-ulcinj.com\/blog\/2008\/11\/03\/banesa-gjeja-me-e-shtrenjte-e-eliza-hoxhes\/#webpage\",\"url\":\"https:\/\/www.visit-ulcinj.com\/blog\/2008\/11\/03\/banesa-gjeja-me-e-shtrenjte-e-eliza-hoxhes\/\",\"name\":\"Banesa gj\u00ebja m\u00eb e shtrenjt\u00eb e Eliza Hoxh\u00ebs - Lajme nga Ulqini\",\"isPartOf\":{\"@id\":\"https:\/\/www.visit-ulcinj.com\/blog\/#website\"},\"primaryImageOfPage\":{\"@id\":\"https:\/\/www.visit-ulcinj.com\/blog\/2008\/11\/03\/banesa-gjeja-me-e-shtrenjte-e-eliza-hoxhes\/#primaryimage\"},\"datePublished\":\"2008-11-03T21:31:24+00:00\",\"dateModified\":\"2011-11-17T12:42:06+00:00\",\"author\":{\"@id\":\"https:\/\/www.visit-ulcinj.com\/blog\/#\/schema\/person\/dcab619c614d3038751c63bc2aadc06d\"},\"description\":\"K\u00ebng\u00ebtarja kosovare Eliza Hoxha ka b\u00ebr\u00eb t\u00eb ditur se gj\u00ebja m\u00eb e shtrenjt\u00eb q\u00eb ajo ka bler\u00eb deri m\u00eb tani \u00ebsht\u00eb sht\u00ebpia. P\u00ebr shkak t\u00eb vler\u00ebs s\u00eb lart\u00eb,\",\"breadcrumb\":{\"@id\":\"https:\/\/www.visit-ulcinj.com\/blog\/2008\/11\/03\/banesa-gjeja-me-e-shtrenjte-e-eliza-hoxhes\/#breadcrumb\"},\"inLanguage\":\"en-US\",\"potentialAction\":[{\"@type\":\"ReadAction\",\"target\":[\"https:\/\/www.visit-ulcinj.com\/blog\/2008\/11\/03\/banesa-gjeja-me-e-shtrenjte-e-eliza-hoxhes\/\"]}]},{\"@type\":\"BreadcrumbList\",\"@id\":\"https:\/\/www.visit-ulcinj.com\/blog\/2008\/11\/03\/banesa-gjeja-me-e-shtrenjte-e-eliza-hoxhes\/#breadcrumb\",\"itemListElement\":[{\"@type\":\"ListItem\",\"position\":1,\"name\":\"Banesa gj\u00ebja m\u00eb e shtrenjt\u00eb e Eliza Hoxh\u00ebs\"}]},{\"@type\":\"Person\",\"@id\":\"https:\/\/www.visit-ulcinj.com\/blog\/#\/schema\/person\/dcab619c614d3038751c63bc2aadc06d\",\"name\":\"ulqini\",\"sameAs\":[\"http:\/\/www.visit-ulcinj.com\"],\"url\":\"https:\/\/www.visit-ulcinj.com\/blog\/author\/admin\/\"}]}<\/script>\n<!-- \/ Yoast SEO plugin. -->","yoast_head_json":{"title":"Banesa gj\u00ebja m\u00eb e shtrenjt\u00eb e Eliza Hoxh\u00ebs - Lajme nga Ulqini","description":"K\u00ebng\u00ebtarja kosovare Eliza Hoxha ka b\u00ebr\u00eb t\u00eb ditur se gj\u00ebja m\u00eb e shtrenjt\u00eb q\u00eb ajo ka bler\u00eb deri m\u00eb tani \u00ebsht\u00eb sht\u00ebpia. P\u00ebr shkak t\u00eb vler\u00ebs s\u00eb lart\u00eb,","robots":{"index":"index","follow":"follow","max-snippet":"max-snippet:-1","max-image-preview":"max-image-preview:large","max-video-preview":"max-video-preview:-1"},"canonical":"https:\/\/www.visit-ulcinj.com\/blog\/2008\/11\/03\/banesa-gjeja-me-e-shtrenjte-e-eliza-hoxhes\/","og_locale":"en_US","og_type":"article","og_title":"Banesa gj\u00ebja m\u00eb e shtrenjt\u00eb e Eliza Hoxh\u00ebs - Lajme nga Ulqini","og_description":"K\u00ebng\u00ebtarja kosovare Eliza Hoxha ka b\u00ebr\u00eb t\u00eb ditur se gj\u00ebja m\u00eb e shtrenjt\u00eb q\u00eb ajo ka bler\u00eb deri m\u00eb tani \u00ebsht\u00eb sht\u00ebpia. P\u00ebr shkak t\u00eb vler\u00ebs s\u00eb lart\u00eb,","og_url":"https:\/\/www.visit-ulcinj.com\/blog\/2008\/11\/03\/banesa-gjeja-me-e-shtrenjte-e-eliza-hoxhes\/","og_site_name":"Lajme nga Ulqini","article_published_time":"2008-11-03T21:31:24+00:00","article_modified_time":"2011-11-17T12:42:06+00:00","og_image":[{"url":"http:\/\/www.visit-ulcinj.com\/blog\/wp-content\/uploads\/2008\/11\/eliza-hoxha-300x291.jpg"}],"twitter_misc":{"Written by":"ulqini","Est. reading time":"1 minute"},"schema":{"@context":"https:\/\/schema.org","@graph":[{"@type":"WebSite","@id":"https:\/\/www.visit-ulcinj.com\/blog\/#website","url":"https:\/\/www.visit-ulcinj.com\/blog\/","name":"Lajme nga Ulqini","description":"Lajme,Vijesti,Ulqini,Ulqin,Crna Gora,Mali i Zi","potentialAction":[{"@type":"SearchAction","target":{"@type":"EntryPoint","urlTemplate":"https:\/\/www.visit-ulcinj.com\/blog\/?s={search_term_string}"},"query-input":"required name=search_term_string"}],"inLanguage":"en-US"},{"@type":"ImageObject","inLanguage":"en-US","@id":"https:\/\/www.visit-ulcinj.com\/blog\/2008\/11\/03\/banesa-gjeja-me-e-shtrenjte-e-eliza-hoxhes\/#primaryimage","url":"http:\/\/www.visit-ulcinj.com\/blog\/wp-content\/uploads\/2008\/11\/eliza-hoxha-300x291.jpg","contentUrl":"http:\/\/www.visit-ulcinj.com\/blog\/wp-content\/uploads\/2008\/11\/eliza-hoxha-300x291.jpg"},{"@type":"WebPage","@id":"https:\/\/www.visit-ulcinj.com\/blog\/2008\/11\/03\/banesa-gjeja-me-e-shtrenjte-e-eliza-hoxhes\/#webpage","url":"https:\/\/www.visit-ulcinj.com\/blog\/2008\/11\/03\/banesa-gjeja-me-e-shtrenjte-e-eliza-hoxhes\/","name":"Banesa gj\u00ebja m\u00eb e shtrenjt\u00eb e Eliza Hoxh\u00ebs - Lajme nga Ulqini","isPartOf":{"@id":"https:\/\/www.visit-ulcinj.com\/blog\/#website"},"primaryImageOfPage":{"@id":"https:\/\/www.visit-ulcinj.com\/blog\/2008\/11\/03\/banesa-gjeja-me-e-shtrenjte-e-eliza-hoxhes\/#primaryimage"},"datePublished":"2008-11-03T21:31:24+00:00","dateModified":"2011-11-17T12:42:06+00:00","author":{"@id":"https:\/\/www.visit-ulcinj.com\/blog\/#\/schema\/person\/dcab619c614d3038751c63bc2aadc06d"},"description":"K\u00ebng\u00ebtarja kosovare Eliza Hoxha ka b\u00ebr\u00eb t\u00eb ditur se gj\u00ebja m\u00eb e shtrenjt\u00eb q\u00eb ajo ka bler\u00eb deri m\u00eb tani \u00ebsht\u00eb sht\u00ebpia. P\u00ebr shkak t\u00eb vler\u00ebs s\u00eb lart\u00eb,","breadcrumb":{"@id":"https:\/\/www.visit-ulcinj.com\/blog\/2008\/11\/03\/banesa-gjeja-me-e-shtrenjte-e-eliza-hoxhes\/#breadcrumb"},"inLanguage":"en-US","potentialAction":[{"@type":"ReadAction","target":["https:\/\/www.visit-ulcinj.com\/blog\/2008\/11\/03\/banesa-gjeja-me-e-shtrenjte-e-eliza-hoxhes\/"]}]},{"@type":"BreadcrumbList","@id":"https:\/\/www.visit-ulcinj.com\/blog\/2008\/11\/03\/banesa-gjeja-me-e-shtrenjte-e-eliza-hoxhes\/#breadcrumb","itemListElement":[{"@type":"ListItem","position":1,"name":"Banesa gj\u00ebja m\u00eb e shtrenjt\u00eb e Eliza Hoxh\u00ebs"}]},{"@type":"Person","@id":"https:\/\/www.visit-ulcinj.com\/blog\/#\/schema\/person\/dcab619c614d3038751c63bc2aadc06d","name":"ulqini","sameAs":["http:\/\/www.visit-ulcinj.com"],"url":"https:\/\/www.visit-ulcinj.com\/blog\/author\/admin\/"}]}},"jetpack_featured_media_url":"","jetpack_sharing_enabled":true,"jetpack_shortlink":"https:\/\/wp.me\/pe6lTn-1oV","_links":{"self":[{"href":"https:\/\/www.visit-ulcinj.com\/blog\/wp-json\/wp\/v2\/posts\/5389"}],"collection":[{"href":"https:\/\/www.visit-ulcinj.com\/blog\/wp-json\/wp\/v2\/posts"}],"about":[{"href":"https:\/\/www.visit-ulcinj.com\/blog\/wp-json\/wp\/v2\/types\/post"}],"author":[{"embeddable":true,"href":"https:\/\/www.visit-ulcinj.com\/blog\/wp-json\/wp\/v2\/users\/1"}],"replies":[{"embeddable":true,"href":"https:\/\/www.visit-ulcinj.com\/blog\/wp-json\/wp\/v2\/comments?post=5389"}],"version-history":[{"count":1,"href":"https:\/\/www.visit-ulcinj.com\/blog\/wp-json\/wp\/v2\/posts\/5389\/revisions"}],"predecessor-version":[{"id":53412,"href":"https:\/\/www.visit-ulcinj.com\/blog\/wp-json\/wp\/v2\/posts\/5389\/revisions\/53412"}],"wp:attachment":[{"href":"https:\/\/www.visit-ulcinj.com\/blog\/wp-json\/wp\/v2\/media?parent=5389"}],"wp:term":[{"taxonomy":"category","embeddable":true,"href":"https:\/\/www.visit-ulcinj.com\/blog\/wp-json\/wp\/v2\/categories?post=5389"},{"taxonomy":"post_tag","embeddable":true,"href":"https:\/\/www.visit-ulcinj.com\/blog\/wp-json\/wp\/v2\/tags?post=5389"}],"curies":[{"name":"wp","href":"https:\/\/api.w.org\/{rel}","templated":true}]}}