{"id":53893,"date":"2011-11-30T17:31:59","date_gmt":"2011-11-30T16:31:59","guid":{"rendered":"http:\/\/www.visit-ulcinj.com\/blog\/?p=53893"},"modified":"2011-12-19T17:42:03","modified_gmt":"2011-12-19T16:42:03","slug":"punetoret-e-otrantit-ngrejne-padi-kunder-ish-ministrin-neneziq","status":"publish","type":"post","link":"https:\/\/www.visit-ulcinj.com\/blog\/2011\/11\/30\/punetoret-e-otrantit-ngrejne-padi-kunder-ish-ministrin-neneziq\/","title":{"rendered":"Pun\u00ebtor\u00ebt e Otrantit ngrejn\u00eb padi kund\u00ebr ish-ministrin Neneziq"},"content":{"rendered":"<p><a href=\"http:\/\/www.visit-ulcinj.com\/blog\/wp-content\/uploads\/2011\/11\/Hotel-Otrant-Ulcinj_Montenegro.FOR-SALE11.jpg\"><img loading=\"lazy\" class=\"alignleft size-full wp-image-53894\" title=\"Hotel-Otrant-Ulcinj_Montenegro.FOR-SALE1\" src=\"http:\/\/www.visit-ulcinj.com\/blog\/wp-content\/uploads\/2011\/11\/Hotel-Otrant-Ulcinj_Montenegro.FOR-SALE11.jpg\" alt=\"\" width=\"508\" height=\"331\" \/><\/a>61 pun\u00ebtor\u00eb t\u00eb hotelit Otrant n\u00eb Plazh t\u00eb Madh t\u00eb Ulqinit kan\u00eb n\u00ebnshkruar nj\u00eb marr\u00ebveshje p\u00ebr ngritjen e akuz\u00ebs\u00a0 penale kund\u00ebr ish-ministrit t\u00eb Turizmit Predrag Neneziq dhe ish administruesit t\u00eb besuar Miomir Jakshiq, ku i akuzojn\u00eb ata p\u00ebr malverzime n\u00eb privatizimin e hotelit n\u00eb votin 2004.<\/p>\n<p>Muzafer Suljevi\u0107 ka th\u00ebn\u00eb p\u00ebr &#8220;Vijesti&#8221;, se pun\u00ebtor\u00ebt jan\u00eb t\u00eb d\u00ebshp\u00ebruar dhe ata nuk do t\u00eb lejojn\u00eb q\u00eb t\u00eb mbetet n\u00eb rrug\u00eb. &#8220;N\u00ebse duhet, do t\u00eb shkojn\u00eb edhe n\u00eb Strasburg,&#8221; tha ai.<\/p>\n<p>Votat e ish-ministrit t\u00eb Turizmit Predrag Neneziq dhe drejtorit t\u00eb asaj kohe t\u00eb Rivier\u00ebs s\u00eb Ulqini Miomir Jakshiq, ishin vendimtare kur para 7 vjeteve Otranti u shit rus\u00ebve. K\u00ebmpania ruse fitoi p\u00ebt 1 pik\u00eb ndaj kompanis\u00eb nga Podgorica \u201dShajo Grup\u201d.<\/p>\n<p>Kryetari i sindikatit t\u00eb pun\u00ebtoreve t\u00eb hotelit Muzafer Suljevi\u0107 poashtu shton se \u00ebsht\u00eb e habitshme se askush nga institucionet shtet\u00ebrore nuk reagoi p\u00ebr deklarat\u00ebn e m\u00ebvonsh\u00ebm t\u00eb pronar\u00ebve t\u00eb Barklit q\u00eb kompanis\u00eb hoteli i ka kushtuar shum\u00eb m\u00eb shtrenjt\u00eb se vlera e deklaruar pre\u00a0 2.5 milion \u20ac. <strong>\/Ulqini Online\/<\/strong><\/p>\n","protected":false},"excerpt":{"rendered":"<p>61 pun\u00ebtor\u00eb t\u00eb hotelit Otrant n\u00eb Plazh t\u00eb Madh t\u00eb Ulqinit kan\u00eb n\u00ebnshkruar nj\u00eb marr\u00ebveshje p\u00ebr ngritjen e akuz\u00ebs\u00a0 penale kund\u00ebr ish-ministrit t\u00eb Turizmit Predrag Neneziq dhe ish administruesit t\u00eb besuar Miomir Jakshiq, ku i akuzojn\u00eb ata p\u00ebr malverzime n\u00eb privatizimin e hotelit n\u00eb votin 2004. Muzafer Suljevi\u0107 ka th\u00ebn\u00eb p\u00ebr &#8220;Vijesti&#8221;, se pun\u00ebtor\u00ebt jan\u00eb [&hellip;]<\/p>\n","protected":false},"author":1,"featured_media":0,"comment_status":"open","ping_status":"closed","sticky":false,"template":"","format":"standard","meta":{"spay_email":"","jetpack_publicize_message":"","jetpack_is_tweetstorm":false,"jetpack_publicize_feature_enabled":true},"categories":[10],"tags":[19526,855,200],"jetpack_publicize_connections":[],"yoast_head":"<!-- This site is optimized with the Yoast SEO plugin v19.1 - https:\/\/yoast.com\/wordpress\/plugins\/seo\/ -->\n<title>Pun\u00ebtor\u00ebt e Otrantit ngrejn\u00eb padi kund\u00ebr ish-ministrin Neneziq - Lajme nga Ulqini<\/title>\n<meta name=\"description\" content=\"61 pun\u00ebtor\u00eb t\u00eb hotelit Otrant n\u00eb Plazh t\u00eb Madh t\u00eb Ulqinit kan\u00eb n\u00ebnshkruar nj\u00eb marr\u00ebveshje p\u00ebr ngritjen e akuz\u00ebs\u00a0 penale kund\u00ebr ish-ministrit t\u00eb Turizmit\" \/>\n<meta name=\"robots\" content=\"index, follow, max-snippet:-1, max-image-preview:large, max-video-preview:-1\" \/>\n<link rel=\"canonical\" href=\"https:\/\/www.visit-ulcinj.com\/blog\/2011\/11\/30\/punetoret-e-otrantit-ngrejne-padi-kunder-ish-ministrin-neneziq\/\" \/>\n<meta property=\"og:locale\" content=\"en_US\" \/>\n<meta property=\"og:type\" content=\"article\" \/>\n<meta property=\"og:title\" content=\"Pun\u00ebtor\u00ebt e Otrantit ngrejn\u00eb padi kund\u00ebr ish-ministrin Neneziq - Lajme nga Ulqini\" \/>\n<meta property=\"og:description\" content=\"61 pun\u00ebtor\u00eb t\u00eb hotelit Otrant n\u00eb Plazh t\u00eb Madh t\u00eb Ulqinit kan\u00eb n\u00ebnshkruar nj\u00eb marr\u00ebveshje p\u00ebr ngritjen e akuz\u00ebs\u00a0 penale kund\u00ebr ish-ministrit t\u00eb Turizmit\" \/>\n<meta property=\"og:url\" content=\"https:\/\/www.visit-ulcinj.com\/blog\/2011\/11\/30\/punetoret-e-otrantit-ngrejne-padi-kunder-ish-ministrin-neneziq\/\" \/>\n<meta property=\"og:site_name\" content=\"Lajme nga Ulqini\" \/>\n<meta property=\"article:published_time\" content=\"2011-11-30T16:31:59+00:00\" \/>\n<meta property=\"article:modified_time\" content=\"2011-12-19T16:42:03+00:00\" \/>\n<meta property=\"og:image\" content=\"http:\/\/www.visit-ulcinj.com\/blog\/wp-content\/uploads\/2011\/11\/Hotel-Otrant-Ulcinj_Montenegro.FOR-SALE11.jpg\" \/>\n<meta name=\"twitter:label1\" content=\"Written by\" \/>\n\t<meta name=\"twitter:data1\" content=\"ulqini\" \/>\n\t<meta name=\"twitter:label2\" content=\"Est. reading time\" \/>\n\t<meta name=\"twitter:data2\" content=\"1 minute\" \/>\n<script type=\"application\/ld+json\" class=\"yoast-schema-graph\">{\"@context\":\"https:\/\/schema.org\",\"@graph\":[{\"@type\":\"WebSite\",\"@id\":\"https:\/\/www.visit-ulcinj.com\/blog\/#website\",\"url\":\"https:\/\/www.visit-ulcinj.com\/blog\/\",\"name\":\"Lajme nga Ulqini\",\"description\":\"Lajme,Vijesti,Ulqini,Ulqin,Crna Gora,Mali i Zi\",\"potentialAction\":[{\"@type\":\"SearchAction\",\"target\":{\"@type\":\"EntryPoint\",\"urlTemplate\":\"https:\/\/www.visit-ulcinj.com\/blog\/?s={search_term_string}\"},\"query-input\":\"required name=search_term_string\"}],\"inLanguage\":\"en-US\"},{\"@type\":\"ImageObject\",\"inLanguage\":\"en-US\",\"@id\":\"https:\/\/www.visit-ulcinj.com\/blog\/2011\/11\/30\/punetoret-e-otrantit-ngrejne-padi-kunder-ish-ministrin-neneziq\/#primaryimage\",\"url\":\"https:\/\/www.visit-ulcinj.com\/blog\/wp-content\/uploads\/2011\/11\/Hotel-Otrant-Ulcinj_Montenegro.FOR-SALE11.jpg\",\"contentUrl\":\"https:\/\/www.visit-ulcinj.com\/blog\/wp-content\/uploads\/2011\/11\/Hotel-Otrant-Ulcinj_Montenegro.FOR-SALE11.jpg\",\"width\":\"800\",\"height\":\"531\"},{\"@type\":\"WebPage\",\"@id\":\"https:\/\/www.visit-ulcinj.com\/blog\/2011\/11\/30\/punetoret-e-otrantit-ngrejne-padi-kunder-ish-ministrin-neneziq\/#webpage\",\"url\":\"https:\/\/www.visit-ulcinj.com\/blog\/2011\/11\/30\/punetoret-e-otrantit-ngrejne-padi-kunder-ish-ministrin-neneziq\/\",\"name\":\"Pun\u00ebtor\u00ebt e Otrantit ngrejn\u00eb padi kund\u00ebr ish-ministrin Neneziq - Lajme nga Ulqini\",\"isPartOf\":{\"@id\":\"https:\/\/www.visit-ulcinj.com\/blog\/#website\"},\"primaryImageOfPage\":{\"@id\":\"https:\/\/www.visit-ulcinj.com\/blog\/2011\/11\/30\/punetoret-e-otrantit-ngrejne-padi-kunder-ish-ministrin-neneziq\/#primaryimage\"},\"datePublished\":\"2011-11-30T16:31:59+00:00\",\"dateModified\":\"2011-12-19T16:42:03+00:00\",\"author\":{\"@id\":\"https:\/\/www.visit-ulcinj.com\/blog\/#\/schema\/person\/dcab619c614d3038751c63bc2aadc06d\"},\"description\":\"61 pun\u00ebtor\u00eb t\u00eb hotelit Otrant n\u00eb Plazh t\u00eb Madh t\u00eb Ulqinit kan\u00eb n\u00ebnshkruar nj\u00eb marr\u00ebveshje p\u00ebr ngritjen e akuz\u00ebs\u00a0 penale kund\u00ebr ish-ministrit t\u00eb Turizmit\",\"breadcrumb\":{\"@id\":\"https:\/\/www.visit-ulcinj.com\/blog\/2011\/11\/30\/punetoret-e-otrantit-ngrejne-padi-kunder-ish-ministrin-neneziq\/#breadcrumb\"},\"inLanguage\":\"en-US\",\"potentialAction\":[{\"@type\":\"ReadAction\",\"target\":[\"https:\/\/www.visit-ulcinj.com\/blog\/2011\/11\/30\/punetoret-e-otrantit-ngrejne-padi-kunder-ish-ministrin-neneziq\/\"]}]},{\"@type\":\"BreadcrumbList\",\"@id\":\"https:\/\/www.visit-ulcinj.com\/blog\/2011\/11\/30\/punetoret-e-otrantit-ngrejne-padi-kunder-ish-ministrin-neneziq\/#breadcrumb\",\"itemListElement\":[{\"@type\":\"ListItem\",\"position\":1,\"name\":\"Pun\u00ebtor\u00ebt e Otrantit ngrejn\u00eb padi kund\u00ebr ish-ministrin Neneziq\"}]},{\"@type\":\"Person\",\"@id\":\"https:\/\/www.visit-ulcinj.com\/blog\/#\/schema\/person\/dcab619c614d3038751c63bc2aadc06d\",\"name\":\"ulqini\",\"sameAs\":[\"http:\/\/www.visit-ulcinj.com\"],\"url\":\"https:\/\/www.visit-ulcinj.com\/blog\/author\/admin\/\"}]}<\/script>\n<!-- \/ Yoast SEO plugin. -->","yoast_head_json":{"title":"Pun\u00ebtor\u00ebt e Otrantit ngrejn\u00eb padi kund\u00ebr ish-ministrin Neneziq - Lajme nga Ulqini","description":"61 pun\u00ebtor\u00eb t\u00eb hotelit Otrant n\u00eb Plazh t\u00eb Madh t\u00eb Ulqinit kan\u00eb n\u00ebnshkruar nj\u00eb marr\u00ebveshje p\u00ebr ngritjen e akuz\u00ebs\u00a0 penale kund\u00ebr ish-ministrit t\u00eb Turizmit","robots":{"index":"index","follow":"follow","max-snippet":"max-snippet:-1","max-image-preview":"max-image-preview:large","max-video-preview":"max-video-preview:-1"},"canonical":"https:\/\/www.visit-ulcinj.com\/blog\/2011\/11\/30\/punetoret-e-otrantit-ngrejne-padi-kunder-ish-ministrin-neneziq\/","og_locale":"en_US","og_type":"article","og_title":"Pun\u00ebtor\u00ebt e Otrantit ngrejn\u00eb padi kund\u00ebr ish-ministrin Neneziq - Lajme nga Ulqini","og_description":"61 pun\u00ebtor\u00eb t\u00eb hotelit Otrant n\u00eb Plazh t\u00eb Madh t\u00eb Ulqinit kan\u00eb n\u00ebnshkruar nj\u00eb marr\u00ebveshje p\u00ebr ngritjen e akuz\u00ebs\u00a0 penale kund\u00ebr ish-ministrit t\u00eb Turizmit","og_url":"https:\/\/www.visit-ulcinj.com\/blog\/2011\/11\/30\/punetoret-e-otrantit-ngrejne-padi-kunder-ish-ministrin-neneziq\/","og_site_name":"Lajme nga Ulqini","article_published_time":"2011-11-30T16:31:59+00:00","article_modified_time":"2011-12-19T16:42:03+00:00","og_image":[{"url":"http:\/\/www.visit-ulcinj.com\/blog\/wp-content\/uploads\/2011\/11\/Hotel-Otrant-Ulcinj_Montenegro.FOR-SALE11.jpg"}],"twitter_misc":{"Written by":"ulqini","Est. reading time":"1 minute"},"schema":{"@context":"https:\/\/schema.org","@graph":[{"@type":"WebSite","@id":"https:\/\/www.visit-ulcinj.com\/blog\/#website","url":"https:\/\/www.visit-ulcinj.com\/blog\/","name":"Lajme nga Ulqini","description":"Lajme,Vijesti,Ulqini,Ulqin,Crna Gora,Mali i Zi","potentialAction":[{"@type":"SearchAction","target":{"@type":"EntryPoint","urlTemplate":"https:\/\/www.visit-ulcinj.com\/blog\/?s={search_term_string}"},"query-input":"required name=search_term_string"}],"inLanguage":"en-US"},{"@type":"ImageObject","inLanguage":"en-US","@id":"https:\/\/www.visit-ulcinj.com\/blog\/2011\/11\/30\/punetoret-e-otrantit-ngrejne-padi-kunder-ish-ministrin-neneziq\/#primaryimage","url":"https:\/\/www.visit-ulcinj.com\/blog\/wp-content\/uploads\/2011\/11\/Hotel-Otrant-Ulcinj_Montenegro.FOR-SALE11.jpg","contentUrl":"https:\/\/www.visit-ulcinj.com\/blog\/wp-content\/uploads\/2011\/11\/Hotel-Otrant-Ulcinj_Montenegro.FOR-SALE11.jpg","width":"800","height":"531"},{"@type":"WebPage","@id":"https:\/\/www.visit-ulcinj.com\/blog\/2011\/11\/30\/punetoret-e-otrantit-ngrejne-padi-kunder-ish-ministrin-neneziq\/#webpage","url":"https:\/\/www.visit-ulcinj.com\/blog\/2011\/11\/30\/punetoret-e-otrantit-ngrejne-padi-kunder-ish-ministrin-neneziq\/","name":"Pun\u00ebtor\u00ebt e Otrantit ngrejn\u00eb padi kund\u00ebr ish-ministrin Neneziq - Lajme nga Ulqini","isPartOf":{"@id":"https:\/\/www.visit-ulcinj.com\/blog\/#website"},"primaryImageOfPage":{"@id":"https:\/\/www.visit-ulcinj.com\/blog\/2011\/11\/30\/punetoret-e-otrantit-ngrejne-padi-kunder-ish-ministrin-neneziq\/#primaryimage"},"datePublished":"2011-11-30T16:31:59+00:00","dateModified":"2011-12-19T16:42:03+00:00","author":{"@id":"https:\/\/www.visit-ulcinj.com\/blog\/#\/schema\/person\/dcab619c614d3038751c63bc2aadc06d"},"description":"61 pun\u00ebtor\u00eb t\u00eb hotelit Otrant n\u00eb Plazh t\u00eb Madh t\u00eb Ulqinit kan\u00eb n\u00ebnshkruar nj\u00eb marr\u00ebveshje p\u00ebr ngritjen e akuz\u00ebs\u00a0 penale kund\u00ebr ish-ministrit t\u00eb Turizmit","breadcrumb":{"@id":"https:\/\/www.visit-ulcinj.com\/blog\/2011\/11\/30\/punetoret-e-otrantit-ngrejne-padi-kunder-ish-ministrin-neneziq\/#breadcrumb"},"inLanguage":"en-US","potentialAction":[{"@type":"ReadAction","target":["https:\/\/www.visit-ulcinj.com\/blog\/2011\/11\/30\/punetoret-e-otrantit-ngrejne-padi-kunder-ish-ministrin-neneziq\/"]}]},{"@type":"BreadcrumbList","@id":"https:\/\/www.visit-ulcinj.com\/blog\/2011\/11\/30\/punetoret-e-otrantit-ngrejne-padi-kunder-ish-ministrin-neneziq\/#breadcrumb","itemListElement":[{"@type":"ListItem","position":1,"name":"Pun\u00ebtor\u00ebt e Otrantit ngrejn\u00eb padi kund\u00ebr ish-ministrin Neneziq"}]},{"@type":"Person","@id":"https:\/\/www.visit-ulcinj.com\/blog\/#\/schema\/person\/dcab619c614d3038751c63bc2aadc06d","name":"ulqini","sameAs":["http:\/\/www.visit-ulcinj.com"],"url":"https:\/\/www.visit-ulcinj.com\/blog\/author\/admin\/"}]}},"jetpack_featured_media_url":"","jetpack_sharing_enabled":true,"jetpack_shortlink":"https:\/\/wp.me\/pe6lTn-e1f","_links":{"self":[{"href":"https:\/\/www.visit-ulcinj.com\/blog\/wp-json\/wp\/v2\/posts\/53893"}],"collection":[{"href":"https:\/\/www.visit-ulcinj.com\/blog\/wp-json\/wp\/v2\/posts"}],"about":[{"href":"https:\/\/www.visit-ulcinj.com\/blog\/wp-json\/wp\/v2\/types\/post"}],"author":[{"embeddable":true,"href":"https:\/\/www.visit-ulcinj.com\/blog\/wp-json\/wp\/v2\/users\/1"}],"replies":[{"embeddable":true,"href":"https:\/\/www.visit-ulcinj.com\/blog\/wp-json\/wp\/v2\/comments?post=53893"}],"version-history":[{"count":4,"href":"https:\/\/www.visit-ulcinj.com\/blog\/wp-json\/wp\/v2\/posts\/53893\/revisions"}],"predecessor-version":[{"id":54573,"href":"https:\/\/www.visit-ulcinj.com\/blog\/wp-json\/wp\/v2\/posts\/53893\/revisions\/54573"}],"wp:attachment":[{"href":"https:\/\/www.visit-ulcinj.com\/blog\/wp-json\/wp\/v2\/media?parent=53893"}],"wp:term":[{"taxonomy":"category","embeddable":true,"href":"https:\/\/www.visit-ulcinj.com\/blog\/wp-json\/wp\/v2\/categories?post=53893"},{"taxonomy":"post_tag","embeddable":true,"href":"https:\/\/www.visit-ulcinj.com\/blog\/wp-json\/wp\/v2\/tags?post=53893"}],"curies":[{"name":"wp","href":"https:\/\/api.w.org\/{rel}","templated":true}]}}