{"id":53899,"date":"2011-11-30T18:06:10","date_gmt":"2011-11-30T17:06:10","guid":{"rendered":"http:\/\/www.visit-ulcinj.com\/blog\/?p=53899"},"modified":"2011-11-30T18:06:10","modified_gmt":"2011-11-30T17:06:10","slug":"nvo-kaljaja-krajnje-je-vrijeme-da-pocne-obnova-starog-ulcinja","status":"publish","type":"post","link":"https:\/\/www.visit-ulcinj.com\/blog\/2011\/11\/30\/nvo-kaljaja-krajnje-je-vrijeme-da-pocne-obnova-starog-ulcinja\/","title":{"rendered":"NVO &#8220;Kaljaja&#8221;: Krajnje je vrijeme da po\u010dne obnova starog Ulcinja"},"content":{"rendered":"<p><strong><a href=\"http:\/\/www.visit-ulcinj.com\/blog\/wp-content\/uploads\/2011\/11\/Ismet-Karamanaga_Ulcinj_Ulqin.jpg\"><img loading=\"lazy\" class=\"alignleft size-full wp-image-53900\" title=\"Ismet Karamanaga_Ulcinj_Ulqin\" src=\"http:\/\/www.visit-ulcinj.com\/blog\/wp-content\/uploads\/2011\/11\/Ismet-Karamanaga_Ulcinj_Ulqin.jpg\" alt=\"\" width=\"508\" height=\"380\" \/><\/a>Pozin za\u00a0 Cungu<\/strong><br \/>\nNVO &#8220;Kaljaja&#8221; pozvala je gradona\u010delnika Ulcinja Nazifa Cungua da urgira i uti\u010de na nadle\u017ene op\u0161tinske slu\u017ebe kako bi kona\u010dno po\u010dela revitalizacija Starog grada, a prije svega obnova dotrajale infrastrukture.<\/p>\n<p>Predsjednik Dru\u0161tva prijatelja Starog grada Ismet Karamanaga kazao je da neki projekti, koji se mogu realizovati uz mala ulaganja, ne trpe vi\u0161e dalje odlaganje, i podsjetio da se infrastrukturi unutar drevnih zidina ve\u0107 vi\u0161e decenija posve\u0107uje vrlo mala pa\u017enja.<\/p>\n<p>Osim obnove kanalizacione i vodovodne mre\u017ee, Karamanaga je, kao prioritet, nazna\u010dio i nastavak radova na kaldrmi koji su, zbog nedostatka novca, prekinuti prije nekoliko godina.<\/p>\n<p>\u201cKaldrma je novcem mje\u0161tana i humanitarne organizacije IRD izgra\u0111ena od ulaza sa sjeverne strane do Trga robova. Postoje\u0107a kaldrma kroz glavnu ulicu, koja je ra\u0111ena nakon zemljotresa od kamena poru\u0161enih ku\u0107a, nije podesna za normalno kretanje\u201d, istakao je Karamanaga i upozorio da je \u201cZavod za za\u0161titu spomenika kulture uo\u010dio da se u Starom gradu ne po\u0161tuju pravne norme i propisi prilikom gradnje novih ili dogradnje postoje\u0107ih objekata\u201d.<br \/>\n<a href=\"http:\/\/www.visit-ulcinj.com\/blog\/wp-content\/uploads\/2011\/11\/Ismet-Karamanaga_Ulcinj_Ulqin._turisti.jpg\"><img loading=\"lazy\" class=\"alignleft size-full wp-image-53901\" title=\"Ismet Karamanaga_Ulcinj_Ulqin._turisti\" src=\"http:\/\/www.visit-ulcinj.com\/blog\/wp-content\/uploads\/2011\/11\/Ismet-Karamanaga_Ulcinj_Ulqin._turisti.jpg\" alt=\"\" width=\"508\" height=\"340\" \/><\/a><\/p>\n<p><strong>Privu\u0107i turiste<\/strong><\/p>\n<p>\u201cKaljaja\u201d smatra da bi trebalo reorganizovati muzejski kompleks na na\u010din \u0161to bi se izmjestili kameni eksponati iz prostora koji bi mogao poslu\u017eiti kao suvenirnica i tako postati privla\u010dniji turistima.<\/p>\n<p>\u201cMuzejski kompleks trenutno je glomazan i neiskori\u0161\u0107en, pa se kameni eksponati na\u0161e kulturne ba\u0161tine mogu premjestiti i u neke druge djelove muzeja\u201d, pi\u0161e u dopisu.<\/p>\n<p>Karamanaga je apelovao kod Cungua i da uti\u010de kod nadle\u017enih dr\u017eavnih institucija da se nedovr\u0161eni objekat u donjem dijelu Starog grada \u201ckoji sada izgleda ru\u017eno i naru\u0161ava autenti\u010dni ambijent\u201d, kona\u010dno dovr\u0161i i privede namjeni.<\/p>\n<p>U dopisu se Cunguu sugeri\u0161e da \u201cOp\u0161tina ponovo anga\u017euje Gorsku slu\u017ebu spasa iz Nik\u0161i\u0107a za \u010di\u0161\u0107enje bedema i zidina\u201d.<\/p>\n<p>\u201cUkoliko sve ovo sprovedemo u djelo, mo\u017eemo se nadati u\u010dlanjenju u UNESCO, \u0161to bi bilo od neprocjenjive koristi za cijeli grad. U suprotnom, to \u0107e ostati samo sanak pusti. Vi ste nam nada koju \u010dekamo ve\u0107 20 godina\u201d, kazao je Karamanaga.<br \/>\n<a href=\"http:\/\/www.visit-ulcinj.com\/blog\/wp-content\/uploads\/2011\/11\/nvo-kalaja-ulcinj.jpg\"><img loading=\"lazy\" class=\"alignleft size-full wp-image-53902\" title=\"nvo kalaja ulcinj\" src=\"http:\/\/www.visit-ulcinj.com\/blog\/wp-content\/uploads\/2011\/11\/nvo-kalaja-ulcinj.jpg\" alt=\"\" width=\"508\" height=\"340\" \/><\/a><\/p>\n<p><strong>O drevnim zidinama dogodine<\/strong><\/p>\n<p>Presdjednik Op\u0161tine Nazif Cungu kazao je da su problemi Starog grada prioritet, te da \u0107e kompletan program za revitalizaciju drevnih zidina biti izra\u0111en tokom naredne godine.<\/p>\n<p>\u201cKoliko \u0107emo u tome uspjeti, vidje\u0107emo. Sve zavisi od sredstava koje budemo skupili od komunalija\u201d, kazao je Cungu \u201cVijestima\u201d.<\/p>\n<p>Karamanaga je kazao da su se sva ulaganja u infrastrukturu Starog grada de\u0161avala neposredno nakon zemljotresa 1979. godine.<\/p>\n<p>\u201cOd te pomo\u0107i dijelom je obnovljena kanalizaciona i vodovodna mre\u017ea i ura\u0111ena kaldrma, kao i neki objekti uz na\u0161 doprinos. I tu se stalo\u201d, pi\u0161e u dopisu Cunguu i podsje\u0107a da je \u201cdobar dio pomo\u0107i namijenjen Starom gradu zavr\u0161io na nekim drugim mjestima\u201d.<\/p>\n<p>Karamanaga je, tako\u0111e, upozorio da mnogi nesavjesni gra\u0111ani ni dan-danas nijesu uklonili ru\u0161evine iz 1979. godine, iako su za to dobili novac.<\/p>\n<p><a href=\"http:\/\/www.vijesti.me\/vijesti\/nvo-kaljaja-krajnje-je-vrijeme-da-pocne-obnova-starog-ulcinja-clanak-49325\" target=\"_blank\"><strong>Samir Adrovi\u0107<\/strong><br \/>\n<strong> Vijesti<\/strong><\/a><\/p>\n<!--YouTube Error: bad URL entered-->\n","protected":false},"excerpt":{"rendered":"<p>Pozin za\u00a0 Cungu NVO &#8220;Kaljaja&#8221; pozvala je gradona\u010delnika Ulcinja Nazifa Cungua da urgira i uti\u010de na nadle\u017ene op\u0161tinske slu\u017ebe kako bi kona\u010dno po\u010dela revitalizacija Starog grada, a prije svega obnova dotrajale infrastrukture. Predsjednik Dru\u0161tva prijatelja Starog grada Ismet Karamanaga kazao je da neki projekti, koji se mogu realizovati uz mala ulaganja, ne trpe vi\u0161e dalje [&hellip;]<\/p>\n","protected":false},"author":1,"featured_media":0,"comment_status":"open","ping_status":"closed","sticky":false,"template":"","format":"standard","meta":{"spay_email":"","jetpack_publicize_message":"","jetpack_is_tweetstorm":false,"jetpack_publicize_feature_enabled":true},"categories":[8337],"tags":[19527,19],"jetpack_publicize_connections":[],"yoast_head":"<!-- This site is optimized with the Yoast SEO plugin v19.1 - https:\/\/yoast.com\/wordpress\/plugins\/seo\/ -->\n<title>NVO &quot;Kaljaja&quot;: Krajnje je vrijeme da po\u010dne obnova starog Ulcinja - Lajme nga Ulqini<\/title>\n<meta name=\"description\" content=\"Pozin za\u00a0 Cungu NVO &quot;Kaljaja&quot; pozvala je gradona\u010delnika Ulcinja Nazifa Cungua da urgira i uti\u010de na nadle\u017ene op\u0161tinske slu\u017ebe kako bi kona\u010dno po\u010dela\" \/>\n<meta name=\"robots\" content=\"index, follow, max-snippet:-1, max-image-preview:large, max-video-preview:-1\" \/>\n<link rel=\"canonical\" href=\"https:\/\/www.visit-ulcinj.com\/blog\/2011\/11\/30\/nvo-kaljaja-krajnje-je-vrijeme-da-pocne-obnova-starog-ulcinja\/\" \/>\n<meta property=\"og:locale\" content=\"en_US\" \/>\n<meta property=\"og:type\" content=\"article\" \/>\n<meta property=\"og:title\" content=\"NVO &quot;Kaljaja&quot;: Krajnje je vrijeme da po\u010dne obnova starog Ulcinja - Lajme nga Ulqini\" \/>\n<meta property=\"og:description\" content=\"Pozin za\u00a0 Cungu NVO &quot;Kaljaja&quot; pozvala je gradona\u010delnika Ulcinja Nazifa Cungua da urgira i uti\u010de na nadle\u017ene op\u0161tinske slu\u017ebe kako bi kona\u010dno po\u010dela\" \/>\n<meta property=\"og:url\" content=\"https:\/\/www.visit-ulcinj.com\/blog\/2011\/11\/30\/nvo-kaljaja-krajnje-je-vrijeme-da-pocne-obnova-starog-ulcinja\/\" \/>\n<meta property=\"og:site_name\" content=\"Lajme nga Ulqini\" \/>\n<meta property=\"article:published_time\" content=\"2011-11-30T17:06:10+00:00\" \/>\n<meta property=\"og:image\" content=\"http:\/\/www.visit-ulcinj.com\/blog\/wp-content\/uploads\/2011\/11\/Ismet-Karamanaga_Ulcinj_Ulqin.jpg\" \/>\n<meta name=\"twitter:label1\" content=\"Written by\" \/>\n\t<meta name=\"twitter:data1\" content=\"ulqini\" \/>\n\t<meta name=\"twitter:label2\" content=\"Est. reading time\" \/>\n\t<meta name=\"twitter:data2\" content=\"3 minutes\" \/>\n<script type=\"application\/ld+json\" class=\"yoast-schema-graph\">{\"@context\":\"https:\/\/schema.org\",\"@graph\":[{\"@type\":\"WebSite\",\"@id\":\"https:\/\/www.visit-ulcinj.com\/blog\/#website\",\"url\":\"https:\/\/www.visit-ulcinj.com\/blog\/\",\"name\":\"Lajme nga Ulqini\",\"description\":\"Lajme,Vijesti,Ulqini,Ulqin,Crna Gora,Mali i Zi\",\"potentialAction\":[{\"@type\":\"SearchAction\",\"target\":{\"@type\":\"EntryPoint\",\"urlTemplate\":\"https:\/\/www.visit-ulcinj.com\/blog\/?s={search_term_string}\"},\"query-input\":\"required name=search_term_string\"}],\"inLanguage\":\"en-US\"},{\"@type\":\"ImageObject\",\"inLanguage\":\"en-US\",\"@id\":\"https:\/\/www.visit-ulcinj.com\/blog\/2011\/11\/30\/nvo-kaljaja-krajnje-je-vrijeme-da-pocne-obnova-starog-ulcinja\/#primaryimage\",\"url\":\"https:\/\/www.visit-ulcinj.com\/blog\/wp-content\/uploads\/2011\/11\/Ismet-Karamanaga_Ulcinj_Ulqin.jpg\",\"contentUrl\":\"https:\/\/www.visit-ulcinj.com\/blog\/wp-content\/uploads\/2011\/11\/Ismet-Karamanaga_Ulcinj_Ulqin.jpg\",\"width\":\"720\",\"height\":\"541\"},{\"@type\":\"WebPage\",\"@id\":\"https:\/\/www.visit-ulcinj.com\/blog\/2011\/11\/30\/nvo-kaljaja-krajnje-je-vrijeme-da-pocne-obnova-starog-ulcinja\/#webpage\",\"url\":\"https:\/\/www.visit-ulcinj.com\/blog\/2011\/11\/30\/nvo-kaljaja-krajnje-je-vrijeme-da-pocne-obnova-starog-ulcinja\/\",\"name\":\"NVO \\\"Kaljaja\\\": Krajnje je vrijeme da po\u010dne obnova starog Ulcinja - Lajme nga Ulqini\",\"isPartOf\":{\"@id\":\"https:\/\/www.visit-ulcinj.com\/blog\/#website\"},\"primaryImageOfPage\":{\"@id\":\"https:\/\/www.visit-ulcinj.com\/blog\/2011\/11\/30\/nvo-kaljaja-krajnje-je-vrijeme-da-pocne-obnova-starog-ulcinja\/#primaryimage\"},\"datePublished\":\"2011-11-30T17:06:10+00:00\",\"dateModified\":\"2011-11-30T17:06:10+00:00\",\"author\":{\"@id\":\"https:\/\/www.visit-ulcinj.com\/blog\/#\/schema\/person\/dcab619c614d3038751c63bc2aadc06d\"},\"description\":\"Pozin za\u00a0 Cungu NVO \\\"Kaljaja\\\" pozvala je gradona\u010delnika Ulcinja Nazifa Cungua da urgira i uti\u010de na nadle\u017ene op\u0161tinske slu\u017ebe kako bi kona\u010dno po\u010dela\",\"breadcrumb\":{\"@id\":\"https:\/\/www.visit-ulcinj.com\/blog\/2011\/11\/30\/nvo-kaljaja-krajnje-je-vrijeme-da-pocne-obnova-starog-ulcinja\/#breadcrumb\"},\"inLanguage\":\"en-US\",\"potentialAction\":[{\"@type\":\"ReadAction\",\"target\":[\"https:\/\/www.visit-ulcinj.com\/blog\/2011\/11\/30\/nvo-kaljaja-krajnje-je-vrijeme-da-pocne-obnova-starog-ulcinja\/\"]}]},{\"@type\":\"BreadcrumbList\",\"@id\":\"https:\/\/www.visit-ulcinj.com\/blog\/2011\/11\/30\/nvo-kaljaja-krajnje-je-vrijeme-da-pocne-obnova-starog-ulcinja\/#breadcrumb\",\"itemListElement\":[{\"@type\":\"ListItem\",\"position\":1,\"name\":\"NVO &#8220;Kaljaja&#8221;: Krajnje je vrijeme da po\u010dne obnova starog Ulcinja\"}]},{\"@type\":\"Person\",\"@id\":\"https:\/\/www.visit-ulcinj.com\/blog\/#\/schema\/person\/dcab619c614d3038751c63bc2aadc06d\",\"name\":\"ulqini\",\"sameAs\":[\"http:\/\/www.visit-ulcinj.com\"],\"url\":\"https:\/\/www.visit-ulcinj.com\/blog\/author\/admin\/\"}]}<\/script>\n<!-- \/ Yoast SEO plugin. -->","yoast_head_json":{"title":"NVO \"Kaljaja\": Krajnje je vrijeme da po\u010dne obnova starog Ulcinja - Lajme nga Ulqini","description":"Pozin za\u00a0 Cungu NVO \"Kaljaja\" pozvala je gradona\u010delnika Ulcinja Nazifa Cungua da urgira i uti\u010de na nadle\u017ene op\u0161tinske slu\u017ebe kako bi kona\u010dno po\u010dela","robots":{"index":"index","follow":"follow","max-snippet":"max-snippet:-1","max-image-preview":"max-image-preview:large","max-video-preview":"max-video-preview:-1"},"canonical":"https:\/\/www.visit-ulcinj.com\/blog\/2011\/11\/30\/nvo-kaljaja-krajnje-je-vrijeme-da-pocne-obnova-starog-ulcinja\/","og_locale":"en_US","og_type":"article","og_title":"NVO \"Kaljaja\": Krajnje je vrijeme da po\u010dne obnova starog Ulcinja - Lajme nga Ulqini","og_description":"Pozin za\u00a0 Cungu NVO \"Kaljaja\" pozvala je gradona\u010delnika Ulcinja Nazifa Cungua da urgira i uti\u010de na nadle\u017ene op\u0161tinske slu\u017ebe kako bi kona\u010dno po\u010dela","og_url":"https:\/\/www.visit-ulcinj.com\/blog\/2011\/11\/30\/nvo-kaljaja-krajnje-je-vrijeme-da-pocne-obnova-starog-ulcinja\/","og_site_name":"Lajme nga Ulqini","article_published_time":"2011-11-30T17:06:10+00:00","og_image":[{"url":"http:\/\/www.visit-ulcinj.com\/blog\/wp-content\/uploads\/2011\/11\/Ismet-Karamanaga_Ulcinj_Ulqin.jpg"}],"twitter_misc":{"Written by":"ulqini","Est. reading time":"3 minutes"},"schema":{"@context":"https:\/\/schema.org","@graph":[{"@type":"WebSite","@id":"https:\/\/www.visit-ulcinj.com\/blog\/#website","url":"https:\/\/www.visit-ulcinj.com\/blog\/","name":"Lajme nga Ulqini","description":"Lajme,Vijesti,Ulqini,Ulqin,Crna Gora,Mali i Zi","potentialAction":[{"@type":"SearchAction","target":{"@type":"EntryPoint","urlTemplate":"https:\/\/www.visit-ulcinj.com\/blog\/?s={search_term_string}"},"query-input":"required name=search_term_string"}],"inLanguage":"en-US"},{"@type":"ImageObject","inLanguage":"en-US","@id":"https:\/\/www.visit-ulcinj.com\/blog\/2011\/11\/30\/nvo-kaljaja-krajnje-je-vrijeme-da-pocne-obnova-starog-ulcinja\/#primaryimage","url":"https:\/\/www.visit-ulcinj.com\/blog\/wp-content\/uploads\/2011\/11\/Ismet-Karamanaga_Ulcinj_Ulqin.jpg","contentUrl":"https:\/\/www.visit-ulcinj.com\/blog\/wp-content\/uploads\/2011\/11\/Ismet-Karamanaga_Ulcinj_Ulqin.jpg","width":"720","height":"541"},{"@type":"WebPage","@id":"https:\/\/www.visit-ulcinj.com\/blog\/2011\/11\/30\/nvo-kaljaja-krajnje-je-vrijeme-da-pocne-obnova-starog-ulcinja\/#webpage","url":"https:\/\/www.visit-ulcinj.com\/blog\/2011\/11\/30\/nvo-kaljaja-krajnje-je-vrijeme-da-pocne-obnova-starog-ulcinja\/","name":"NVO \"Kaljaja\": Krajnje je vrijeme da po\u010dne obnova starog Ulcinja - Lajme nga Ulqini","isPartOf":{"@id":"https:\/\/www.visit-ulcinj.com\/blog\/#website"},"primaryImageOfPage":{"@id":"https:\/\/www.visit-ulcinj.com\/blog\/2011\/11\/30\/nvo-kaljaja-krajnje-je-vrijeme-da-pocne-obnova-starog-ulcinja\/#primaryimage"},"datePublished":"2011-11-30T17:06:10+00:00","dateModified":"2011-11-30T17:06:10+00:00","author":{"@id":"https:\/\/www.visit-ulcinj.com\/blog\/#\/schema\/person\/dcab619c614d3038751c63bc2aadc06d"},"description":"Pozin za\u00a0 Cungu NVO \"Kaljaja\" pozvala je gradona\u010delnika Ulcinja Nazifa Cungua da urgira i uti\u010de na nadle\u017ene op\u0161tinske slu\u017ebe kako bi kona\u010dno po\u010dela","breadcrumb":{"@id":"https:\/\/www.visit-ulcinj.com\/blog\/2011\/11\/30\/nvo-kaljaja-krajnje-je-vrijeme-da-pocne-obnova-starog-ulcinja\/#breadcrumb"},"inLanguage":"en-US","potentialAction":[{"@type":"ReadAction","target":["https:\/\/www.visit-ulcinj.com\/blog\/2011\/11\/30\/nvo-kaljaja-krajnje-je-vrijeme-da-pocne-obnova-starog-ulcinja\/"]}]},{"@type":"BreadcrumbList","@id":"https:\/\/www.visit-ulcinj.com\/blog\/2011\/11\/30\/nvo-kaljaja-krajnje-je-vrijeme-da-pocne-obnova-starog-ulcinja\/#breadcrumb","itemListElement":[{"@type":"ListItem","position":1,"name":"NVO &#8220;Kaljaja&#8221;: Krajnje je vrijeme da po\u010dne obnova starog Ulcinja"}]},{"@type":"Person","@id":"https:\/\/www.visit-ulcinj.com\/blog\/#\/schema\/person\/dcab619c614d3038751c63bc2aadc06d","name":"ulqini","sameAs":["http:\/\/www.visit-ulcinj.com"],"url":"https:\/\/www.visit-ulcinj.com\/blog\/author\/admin\/"}]}},"jetpack_featured_media_url":"","jetpack_sharing_enabled":true,"jetpack_shortlink":"https:\/\/wp.me\/pe6lTn-e1l","_links":{"self":[{"href":"https:\/\/www.visit-ulcinj.com\/blog\/wp-json\/wp\/v2\/posts\/53899"}],"collection":[{"href":"https:\/\/www.visit-ulcinj.com\/blog\/wp-json\/wp\/v2\/posts"}],"about":[{"href":"https:\/\/www.visit-ulcinj.com\/blog\/wp-json\/wp\/v2\/types\/post"}],"author":[{"embeddable":true,"href":"https:\/\/www.visit-ulcinj.com\/blog\/wp-json\/wp\/v2\/users\/1"}],"replies":[{"embeddable":true,"href":"https:\/\/www.visit-ulcinj.com\/blog\/wp-json\/wp\/v2\/comments?post=53899"}],"version-history":[{"count":2,"href":"https:\/\/www.visit-ulcinj.com\/blog\/wp-json\/wp\/v2\/posts\/53899\/revisions"}],"predecessor-version":[{"id":53904,"href":"https:\/\/www.visit-ulcinj.com\/blog\/wp-json\/wp\/v2\/posts\/53899\/revisions\/53904"}],"wp:attachment":[{"href":"https:\/\/www.visit-ulcinj.com\/blog\/wp-json\/wp\/v2\/media?parent=53899"}],"wp:term":[{"taxonomy":"category","embeddable":true,"href":"https:\/\/www.visit-ulcinj.com\/blog\/wp-json\/wp\/v2\/categories?post=53899"},{"taxonomy":"post_tag","embeddable":true,"href":"https:\/\/www.visit-ulcinj.com\/blog\/wp-json\/wp\/v2\/tags?post=53899"}],"curies":[{"name":"wp","href":"https:\/\/api.w.org\/{rel}","templated":true}]}}