{"id":53905,"date":"2011-11-30T19:01:07","date_gmt":"2011-11-30T18:01:07","guid":{"rendered":"http:\/\/www.visit-ulcinj.com\/blog\/?p=53905"},"modified":"2011-12-03T06:26:28","modified_gmt":"2011-12-03T05:26:28","slug":"dr-nail-draga-jep-alarmin-mbi-ishullin-ada","status":"publish","type":"post","link":"https:\/\/www.visit-ulcinj.com\/blog\/2011\/11\/30\/dr-nail-draga-jep-alarmin-mbi-ishullin-ada\/","title":{"rendered":"Dr.Nail Draga jep alarmin mbi Ishullin Ada"},"content":{"rendered":"<p><strong><a href=\"http:\/\/www.visit-ulcinj.com\/blog\/wp-content\/uploads\/2011\/11\/Ishulli-Ada_Ulqin.jpg\"><img loading=\"lazy\" class=\"alignleft size-full wp-image-53906\" title=\"Ishulli Ada_Ulqin\" src=\"http:\/\/www.visit-ulcinj.com\/blog\/wp-content\/uploads\/2011\/11\/Ishulli-Ada_Ulqin.jpg\" alt=\"\" width=\"508\" height=\"380\" \/><\/a>Ishulli Ada, specialistet japin alarmin <\/strong><\/p>\n<p>Gjeografi I njohur nga Ulqini doctor Nail Draga shprehet se Lumi Buna n\u00eb grykderdhjen e tij shkakton problemin kryesor sa I p\u00ebrket p\u00ebrmbytjeve dhe se \u00ebsht\u00eb m\u00eb se I nevojshem pastrimi I grykderdhes s\u00eb Bun\u00ebs n\u00eb delten e saj n\u00eb m\u00ebnyr\u00eb t\u00eb vazhdueshme.<\/p>\n<p>Draga shpereht se nga viti n\u00eb vit sipas studjuesve ishulli Ada I cili k\u00ebt\u00eb vit shenon edhe 130 vjetorin e krijimit \u00ebsht\u00eb duke u tkurrur dhe se k\u00ebrkohen nd\u00ebrhyrje p\u00ebr t\u00eb ruajtur ishullin I cili nga erozioni detar nga viti n\u00eb vit po zvoglohet.<\/p>\n<p>N\u00eb vitin 1858 anija Merito, pron\u00eb e Antun Allegrettit nga Trogiri, n\u00ebn komand\u00ebn e kapiten Naporelit, u fundos n\u00eb lum\u00eb. N\u00eb k\u00ebt\u00eb vend ekzistonin edhe dy ishuj t\u00eb vegj\u00ebl. Supozohet se me koh\u00eb, rreth trupit t\u00eb anijes s\u00eb fundosur dhe k\u00ebtyre dy ishujve \u00ebsht\u00eb mbledhur lymi i lumit prej t\u00eb cilit m\u00eb par\u00eb \u00ebsht\u00eb formuar duna e pastaj ishulli i sot\u00ebm.<\/p>\n<p>Duke dal\u00eb mbi sip\u00ebrfaqen e ujit, ishulli e ka ndar\u00eb lumin n\u00eb dy deg\u00eb, kurse vet\u00eb e ka marr\u00eb form\u00ebn e trak\u00ebnd\u00ebshit. N\u00eb drejtim nga rrjedh lumi, ishulli \u00ebsht\u00eb i gjat\u00eb 2,8 km, i gjer\u00eb 1,8 km, kurse i lart\u00eb 3,4 m. Dy an\u00eb t\u00eb tij rrah uji i \u00ebmb\u00ebl i lumit, kurse an\u00ebn e tret\u00eb \u2011 plazhin ranor, e lajn\u00eb val\u00ebt e detit. Ada \u00ebsht\u00eb e lidhur me ur\u00eb mbi deg\u00ebn e djath\u00eb t\u00eb Bun\u00ebs, e cila e ndan ishullin nga Plazhi i Madh dhe ne anen tjeter me Velipojen.<\/p>\n<p><strong>TV1 CHANNEL<\/strong><\/p>\n","protected":false},"excerpt":{"rendered":"<p>Ishulli Ada, specialistet japin alarmin Gjeografi I njohur nga Ulqini doctor Nail Draga shprehet se Lumi Buna n\u00eb grykderdhjen e tij shkakton problemin kryesor sa I p\u00ebrket p\u00ebrmbytjeve dhe se \u00ebsht\u00eb m\u00eb se I nevojshem pastrimi I grykderdhes s\u00eb Bun\u00ebs n\u00eb delten e saj n\u00eb m\u00ebnyr\u00eb t\u00eb vazhdueshme. Draga shpereht se nga viti n\u00eb vit [&hellip;]<\/p>\n","protected":false},"author":1,"featured_media":0,"comment_status":"open","ping_status":"closed","sticky":false,"template":"","format":"standard","meta":{"spay_email":"","jetpack_publicize_message":"","jetpack_is_tweetstorm":false,"jetpack_publicize_feature_enabled":true},"categories":[14],"tags":[508,138,509,200,18],"jetpack_publicize_connections":[],"yoast_head":"<!-- This site is optimized with the Yoast SEO plugin v19.1 - https:\/\/yoast.com\/wordpress\/plugins\/seo\/ -->\n<title>Dr.Nail Draga jep alarmin mbi Ishullin Ada - Lajme nga Ulqini<\/title>\n<meta name=\"description\" content=\"Ishulli Ada, specialistet japin alarmin Gjeografi I njohur nga Ulqini doctor Nail Draga shprehet se Lumi Buna n\u00eb grykderdhjen e tij shkakton problemin\" \/>\n<meta name=\"robots\" content=\"index, follow, max-snippet:-1, max-image-preview:large, max-video-preview:-1\" \/>\n<link rel=\"canonical\" href=\"https:\/\/www.visit-ulcinj.com\/blog\/2011\/11\/30\/dr-nail-draga-jep-alarmin-mbi-ishullin-ada\/\" \/>\n<meta property=\"og:locale\" content=\"en_US\" \/>\n<meta property=\"og:type\" content=\"article\" \/>\n<meta property=\"og:title\" content=\"Dr.Nail Draga jep alarmin mbi Ishullin Ada - Lajme nga Ulqini\" \/>\n<meta property=\"og:description\" content=\"Ishulli Ada, specialistet japin alarmin Gjeografi I njohur nga Ulqini doctor Nail Draga shprehet se Lumi Buna n\u00eb grykderdhjen e tij shkakton problemin\" \/>\n<meta property=\"og:url\" content=\"https:\/\/www.visit-ulcinj.com\/blog\/2011\/11\/30\/dr-nail-draga-jep-alarmin-mbi-ishullin-ada\/\" \/>\n<meta property=\"og:site_name\" content=\"Lajme nga Ulqini\" \/>\n<meta property=\"article:published_time\" content=\"2011-11-30T18:01:07+00:00\" \/>\n<meta property=\"article:modified_time\" content=\"2011-12-03T05:26:28+00:00\" \/>\n<meta property=\"og:image\" content=\"http:\/\/www.visit-ulcinj.com\/blog\/wp-content\/uploads\/2011\/11\/Ishulli-Ada_Ulqin.jpg\" \/>\n<meta name=\"twitter:label1\" content=\"Written by\" \/>\n\t<meta name=\"twitter:data1\" content=\"ulqini\" \/>\n\t<meta name=\"twitter:label2\" content=\"Est. reading time\" \/>\n\t<meta name=\"twitter:data2\" content=\"1 minute\" \/>\n<script type=\"application\/ld+json\" class=\"yoast-schema-graph\">{\"@context\":\"https:\/\/schema.org\",\"@graph\":[{\"@type\":\"WebSite\",\"@id\":\"https:\/\/www.visit-ulcinj.com\/blog\/#website\",\"url\":\"https:\/\/www.visit-ulcinj.com\/blog\/\",\"name\":\"Lajme nga Ulqini\",\"description\":\"Lajme,Vijesti,Ulqini,Ulqin,Crna Gora,Mali i Zi\",\"potentialAction\":[{\"@type\":\"SearchAction\",\"target\":{\"@type\":\"EntryPoint\",\"urlTemplate\":\"https:\/\/www.visit-ulcinj.com\/blog\/?s={search_term_string}\"},\"query-input\":\"required name=search_term_string\"}],\"inLanguage\":\"en-US\"},{\"@type\":\"ImageObject\",\"inLanguage\":\"en-US\",\"@id\":\"https:\/\/www.visit-ulcinj.com\/blog\/2011\/11\/30\/dr-nail-draga-jep-alarmin-mbi-ishullin-ada\/#primaryimage\",\"url\":\"https:\/\/www.visit-ulcinj.com\/blog\/wp-content\/uploads\/2011\/11\/Ishulli-Ada_Ulqin.jpg\",\"contentUrl\":\"https:\/\/www.visit-ulcinj.com\/blog\/wp-content\/uploads\/2011\/11\/Ishulli-Ada_Ulqin.jpg\",\"width\":\"720\",\"height\":\"480\"},{\"@type\":\"WebPage\",\"@id\":\"https:\/\/www.visit-ulcinj.com\/blog\/2011\/11\/30\/dr-nail-draga-jep-alarmin-mbi-ishullin-ada\/#webpage\",\"url\":\"https:\/\/www.visit-ulcinj.com\/blog\/2011\/11\/30\/dr-nail-draga-jep-alarmin-mbi-ishullin-ada\/\",\"name\":\"Dr.Nail Draga jep alarmin mbi Ishullin Ada - Lajme nga Ulqini\",\"isPartOf\":{\"@id\":\"https:\/\/www.visit-ulcinj.com\/blog\/#website\"},\"primaryImageOfPage\":{\"@id\":\"https:\/\/www.visit-ulcinj.com\/blog\/2011\/11\/30\/dr-nail-draga-jep-alarmin-mbi-ishullin-ada\/#primaryimage\"},\"datePublished\":\"2011-11-30T18:01:07+00:00\",\"dateModified\":\"2011-12-03T05:26:28+00:00\",\"author\":{\"@id\":\"https:\/\/www.visit-ulcinj.com\/blog\/#\/schema\/person\/dcab619c614d3038751c63bc2aadc06d\"},\"description\":\"Ishulli Ada, specialistet japin alarmin Gjeografi I njohur nga Ulqini doctor Nail Draga shprehet se Lumi Buna n\u00eb grykderdhjen e tij shkakton problemin\",\"breadcrumb\":{\"@id\":\"https:\/\/www.visit-ulcinj.com\/blog\/2011\/11\/30\/dr-nail-draga-jep-alarmin-mbi-ishullin-ada\/#breadcrumb\"},\"inLanguage\":\"en-US\",\"potentialAction\":[{\"@type\":\"ReadAction\",\"target\":[\"https:\/\/www.visit-ulcinj.com\/blog\/2011\/11\/30\/dr-nail-draga-jep-alarmin-mbi-ishullin-ada\/\"]}]},{\"@type\":\"BreadcrumbList\",\"@id\":\"https:\/\/www.visit-ulcinj.com\/blog\/2011\/11\/30\/dr-nail-draga-jep-alarmin-mbi-ishullin-ada\/#breadcrumb\",\"itemListElement\":[{\"@type\":\"ListItem\",\"position\":1,\"name\":\"Dr.Nail Draga jep alarmin mbi Ishullin Ada\"}]},{\"@type\":\"Person\",\"@id\":\"https:\/\/www.visit-ulcinj.com\/blog\/#\/schema\/person\/dcab619c614d3038751c63bc2aadc06d\",\"name\":\"ulqini\",\"sameAs\":[\"http:\/\/www.visit-ulcinj.com\"],\"url\":\"https:\/\/www.visit-ulcinj.com\/blog\/author\/admin\/\"}]}<\/script>\n<!-- \/ Yoast SEO plugin. -->","yoast_head_json":{"title":"Dr.Nail Draga jep alarmin mbi Ishullin Ada - Lajme nga Ulqini","description":"Ishulli Ada, specialistet japin alarmin Gjeografi I njohur nga Ulqini doctor Nail Draga shprehet se Lumi Buna n\u00eb grykderdhjen e tij shkakton problemin","robots":{"index":"index","follow":"follow","max-snippet":"max-snippet:-1","max-image-preview":"max-image-preview:large","max-video-preview":"max-video-preview:-1"},"canonical":"https:\/\/www.visit-ulcinj.com\/blog\/2011\/11\/30\/dr-nail-draga-jep-alarmin-mbi-ishullin-ada\/","og_locale":"en_US","og_type":"article","og_title":"Dr.Nail Draga jep alarmin mbi Ishullin Ada - Lajme nga Ulqini","og_description":"Ishulli Ada, specialistet japin alarmin Gjeografi I njohur nga Ulqini doctor Nail Draga shprehet se Lumi Buna n\u00eb grykderdhjen e tij shkakton problemin","og_url":"https:\/\/www.visit-ulcinj.com\/blog\/2011\/11\/30\/dr-nail-draga-jep-alarmin-mbi-ishullin-ada\/","og_site_name":"Lajme nga Ulqini","article_published_time":"2011-11-30T18:01:07+00:00","article_modified_time":"2011-12-03T05:26:28+00:00","og_image":[{"url":"http:\/\/www.visit-ulcinj.com\/blog\/wp-content\/uploads\/2011\/11\/Ishulli-Ada_Ulqin.jpg"}],"twitter_misc":{"Written by":"ulqini","Est. reading time":"1 minute"},"schema":{"@context":"https:\/\/schema.org","@graph":[{"@type":"WebSite","@id":"https:\/\/www.visit-ulcinj.com\/blog\/#website","url":"https:\/\/www.visit-ulcinj.com\/blog\/","name":"Lajme nga Ulqini","description":"Lajme,Vijesti,Ulqini,Ulqin,Crna Gora,Mali i Zi","potentialAction":[{"@type":"SearchAction","target":{"@type":"EntryPoint","urlTemplate":"https:\/\/www.visit-ulcinj.com\/blog\/?s={search_term_string}"},"query-input":"required name=search_term_string"}],"inLanguage":"en-US"},{"@type":"ImageObject","inLanguage":"en-US","@id":"https:\/\/www.visit-ulcinj.com\/blog\/2011\/11\/30\/dr-nail-draga-jep-alarmin-mbi-ishullin-ada\/#primaryimage","url":"https:\/\/www.visit-ulcinj.com\/blog\/wp-content\/uploads\/2011\/11\/Ishulli-Ada_Ulqin.jpg","contentUrl":"https:\/\/www.visit-ulcinj.com\/blog\/wp-content\/uploads\/2011\/11\/Ishulli-Ada_Ulqin.jpg","width":"720","height":"480"},{"@type":"WebPage","@id":"https:\/\/www.visit-ulcinj.com\/blog\/2011\/11\/30\/dr-nail-draga-jep-alarmin-mbi-ishullin-ada\/#webpage","url":"https:\/\/www.visit-ulcinj.com\/blog\/2011\/11\/30\/dr-nail-draga-jep-alarmin-mbi-ishullin-ada\/","name":"Dr.Nail Draga jep alarmin mbi Ishullin Ada - Lajme nga Ulqini","isPartOf":{"@id":"https:\/\/www.visit-ulcinj.com\/blog\/#website"},"primaryImageOfPage":{"@id":"https:\/\/www.visit-ulcinj.com\/blog\/2011\/11\/30\/dr-nail-draga-jep-alarmin-mbi-ishullin-ada\/#primaryimage"},"datePublished":"2011-11-30T18:01:07+00:00","dateModified":"2011-12-03T05:26:28+00:00","author":{"@id":"https:\/\/www.visit-ulcinj.com\/blog\/#\/schema\/person\/dcab619c614d3038751c63bc2aadc06d"},"description":"Ishulli Ada, specialistet japin alarmin Gjeografi I njohur nga Ulqini doctor Nail Draga shprehet se Lumi Buna n\u00eb grykderdhjen e tij shkakton problemin","breadcrumb":{"@id":"https:\/\/www.visit-ulcinj.com\/blog\/2011\/11\/30\/dr-nail-draga-jep-alarmin-mbi-ishullin-ada\/#breadcrumb"},"inLanguage":"en-US","potentialAction":[{"@type":"ReadAction","target":["https:\/\/www.visit-ulcinj.com\/blog\/2011\/11\/30\/dr-nail-draga-jep-alarmin-mbi-ishullin-ada\/"]}]},{"@type":"BreadcrumbList","@id":"https:\/\/www.visit-ulcinj.com\/blog\/2011\/11\/30\/dr-nail-draga-jep-alarmin-mbi-ishullin-ada\/#breadcrumb","itemListElement":[{"@type":"ListItem","position":1,"name":"Dr.Nail Draga jep alarmin mbi Ishullin Ada"}]},{"@type":"Person","@id":"https:\/\/www.visit-ulcinj.com\/blog\/#\/schema\/person\/dcab619c614d3038751c63bc2aadc06d","name":"ulqini","sameAs":["http:\/\/www.visit-ulcinj.com"],"url":"https:\/\/www.visit-ulcinj.com\/blog\/author\/admin\/"}]}},"jetpack_featured_media_url":"","jetpack_sharing_enabled":true,"jetpack_shortlink":"https:\/\/wp.me\/pe6lTn-e1r","_links":{"self":[{"href":"https:\/\/www.visit-ulcinj.com\/blog\/wp-json\/wp\/v2\/posts\/53905"}],"collection":[{"href":"https:\/\/www.visit-ulcinj.com\/blog\/wp-json\/wp\/v2\/posts"}],"about":[{"href":"https:\/\/www.visit-ulcinj.com\/blog\/wp-json\/wp\/v2\/types\/post"}],"author":[{"embeddable":true,"href":"https:\/\/www.visit-ulcinj.com\/blog\/wp-json\/wp\/v2\/users\/1"}],"replies":[{"embeddable":true,"href":"https:\/\/www.visit-ulcinj.com\/blog\/wp-json\/wp\/v2\/comments?post=53905"}],"version-history":[{"count":3,"href":"https:\/\/www.visit-ulcinj.com\/blog\/wp-json\/wp\/v2\/posts\/53905\/revisions"}],"predecessor-version":[{"id":53908,"href":"https:\/\/www.visit-ulcinj.com\/blog\/wp-json\/wp\/v2\/posts\/53905\/revisions\/53908"}],"wp:attachment":[{"href":"https:\/\/www.visit-ulcinj.com\/blog\/wp-json\/wp\/v2\/media?parent=53905"}],"wp:term":[{"taxonomy":"category","embeddable":true,"href":"https:\/\/www.visit-ulcinj.com\/blog\/wp-json\/wp\/v2\/categories?post=53905"},{"taxonomy":"post_tag","embeddable":true,"href":"https:\/\/www.visit-ulcinj.com\/blog\/wp-json\/wp\/v2\/tags?post=53905"}],"curies":[{"name":"wp","href":"https:\/\/api.w.org\/{rel}","templated":true}]}}