{"id":53913,"date":"2011-12-01T16:36:53","date_gmt":"2011-12-01T15:36:53","guid":{"rendered":"http:\/\/www.visit-ulcinj.com\/blog\/?p=53913"},"modified":"2011-12-01T16:36:53","modified_gmt":"2011-12-01T15:36:53","slug":"dan-nxenesit-shqiptare-provokuan-%e2%80%93-shpalosen-flamurin-shqiptar","status":"publish","type":"post","link":"https:\/\/www.visit-ulcinj.com\/blog\/2011\/12\/01\/dan-nxenesit-shqiptare-provokuan-%e2%80%93-shpalosen-flamurin-shqiptar\/","title":{"rendered":"Dan: Nx\u00ebn\u00ebsit shqiptar\u00eb provokuan \u2013 Shpalosen flamurin shqiptar"},"content":{"rendered":"<p><a href=\"http:\/\/www.visit-ulcinj.com\/blog\/wp-content\/uploads\/2011\/12\/V%C3%ABllaz%C3%ABrim-%E2%80%93-Bashkim-n%C3%AB-Ulqin-n%C3%AB-dit%C3%ABn-28-N%C3%ABntorit2011.jpg\"><img loading=\"lazy\" class=\"alignleft size-full wp-image-53915\" title=\"V\u00ebllaz\u00ebrim \u2013 Bashkim n\u00eb Ulqin n\u00eb dit\u00ebn 28 N\u00ebntorit,2011\" src=\"http:\/\/www.visit-ulcinj.com\/blog\/wp-content\/uploads\/2011\/12\/V%C3%ABllaz%C3%ABrim-%E2%80%93-Bashkim-n%C3%AB-Ulqin-n%C3%AB-dit%C3%ABn-28-N%C3%ABntorit2011.jpg\" alt=\"\" width=\"508\" height=\"324\" \/><\/a>E p\u00ebrditshmja malazeze Dan njofton p\u00ebr nj\u00eb incident t\u00eb ndodhur n\u00eb shkoll\u00ebn e mesme \u201cV\u00ebllaz\u00ebrim \u2013 Bashkim\u201c n\u00eb Ulqin n\u00eb dit\u00ebn 28 N\u00ebntorit \u2013 Fest\u00ebs s\u00eb Flamurit. Sipas k\u00ebsaj gazete, incidenti ndodhi pasi nj\u00eb grup i nx\u00ebn\u00ebsve shqiptar\u00eb shpalosen flamurin shqiptar dhe rekuizita t\u00eb tjera me ngjyra kuq e zi. K\u00ebtij veprimi t\u00eb nx\u00ebn\u00ebsve shqiptar\u00eb i\u2019u kund\u00ebrp\u00ebrgjigjen nx\u00ebn\u00ebsit boshnjak\u00eb dhe malazez\u00eb\u00a0 duke shpalosur flamurin malazias. Kjo ishte edhe arsyeja e z\u00ebnk\u00ebs n\u00eb mes t\u00eb pal\u00ebve.<br \/>\nSipas t\u00eb nj\u00ebjtit burim, m\u00ebsohet se nj\u00ebri nx\u00ebn\u00ebs pas grindjes ka k\u00ebrkuar ndihm\u00eb n\u00eb Sht\u00ebpin\u00eb e sh\u00ebndetit n\u00eb Ulqin.<\/p>\n<p>Sipas shefit t\u00eb policis\u00eb n\u00eb qytetin e Ulqinit Rudolf Elezoviqit,\u00a0 b\u00ebhet e ditur se nx\u00ebn\u00ebsit pjes\u00ebmarr\u00ebs n\u00eb k\u00ebt\u00eb ngjarje jan\u00eb d\u00ebgjuar n\u00eb prani t\u00eb prind\u00ebrve dhe pun\u00ebtorit social dhe jan\u00eb n\u00eb konsultime me prokurorin\u00eb p\u00ebr veprime t\u00eb m\u00ebtutjeshme. <strong>\/Ulqini Online\/<\/strong><\/p>\n","protected":false},"excerpt":{"rendered":"<p>E p\u00ebrditshmja malazeze Dan njofton p\u00ebr nj\u00eb incident t\u00eb ndodhur n\u00eb shkoll\u00ebn e mesme \u201cV\u00ebllaz\u00ebrim \u2013 Bashkim\u201c n\u00eb Ulqin n\u00eb dit\u00ebn 28 N\u00ebntorit \u2013 Fest\u00ebs s\u00eb Flamurit. Sipas k\u00ebsaj gazete, incidenti ndodhi pasi nj\u00eb grup i nx\u00ebn\u00ebsve shqiptar\u00eb shpalosen flamurin shqiptar dhe rekuizita t\u00eb tjera me ngjyra kuq e zi. K\u00ebtij veprimi t\u00eb nx\u00ebn\u00ebsve shqiptar\u00eb [&hellip;]<\/p>\n","protected":false},"author":1,"featured_media":0,"comment_status":"open","ping_status":"closed","sticky":false,"template":"","format":"standard","meta":{"spay_email":"","jetpack_publicize_message":"","jetpack_is_tweetstorm":false,"jetpack_publicize_feature_enabled":true},"categories":[6950],"tags":[19517,291,200,18,19530],"jetpack_publicize_connections":[],"yoast_head":"<!-- This site is optimized with the Yoast SEO plugin v19.1 - https:\/\/yoast.com\/wordpress\/plugins\/seo\/ -->\n<title>Dan: Nx\u00ebn\u00ebsit shqiptar\u00eb provokuan \u2013 Shpalosen flamurin shqiptar - Lajme nga Ulqini<\/title>\n<meta name=\"description\" content=\"E p\u00ebrditshmja malazeze Dan njofton p\u00ebr nj\u00eb incident t\u00eb ndodhur n\u00eb shkoll\u00ebn e mesme \u201cV\u00ebllaz\u00ebrim \u2013 Bashkim\u201c n\u00eb Ulqin n\u00eb dit\u00ebn 28 N\u00ebntorit \u2013 Fest\u00ebs s\u00eb\" \/>\n<meta name=\"robots\" content=\"index, follow, max-snippet:-1, max-image-preview:large, max-video-preview:-1\" \/>\n<link rel=\"canonical\" href=\"https:\/\/www.visit-ulcinj.com\/blog\/2011\/12\/01\/dan-nxenesit-shqiptare-provokuan-\u2013-shpalosen-flamurin-shqiptar\/\" \/>\n<meta property=\"og:locale\" content=\"en_US\" \/>\n<meta property=\"og:type\" content=\"article\" \/>\n<meta property=\"og:title\" content=\"Dan: Nx\u00ebn\u00ebsit shqiptar\u00eb provokuan \u2013 Shpalosen flamurin shqiptar - Lajme nga Ulqini\" \/>\n<meta property=\"og:description\" content=\"E p\u00ebrditshmja malazeze Dan njofton p\u00ebr nj\u00eb incident t\u00eb ndodhur n\u00eb shkoll\u00ebn e mesme \u201cV\u00ebllaz\u00ebrim \u2013 Bashkim\u201c n\u00eb Ulqin n\u00eb dit\u00ebn 28 N\u00ebntorit \u2013 Fest\u00ebs s\u00eb\" \/>\n<meta property=\"og:url\" content=\"https:\/\/www.visit-ulcinj.com\/blog\/2011\/12\/01\/dan-nxenesit-shqiptare-provokuan-\u2013-shpalosen-flamurin-shqiptar\/\" \/>\n<meta property=\"og:site_name\" content=\"Lajme nga Ulqini\" \/>\n<meta property=\"article:published_time\" content=\"2011-12-01T15:36:53+00:00\" \/>\n<meta property=\"og:image\" content=\"http:\/\/www.visit-ulcinj.com\/blog\/wp-content\/uploads\/2011\/12\/V%C3%ABllaz%C3%ABrim-%E2%80%93-Bashkim-n%C3%AB-Ulqin-n%C3%AB-dit%C3%ABn-28-N%C3%ABntorit2011.jpg\" \/>\n<meta name=\"twitter:label1\" content=\"Written by\" \/>\n\t<meta name=\"twitter:data1\" content=\"ulqini\" \/>\n\t<meta name=\"twitter:label2\" content=\"Est. reading time\" \/>\n\t<meta name=\"twitter:data2\" content=\"1 minute\" \/>\n<script type=\"application\/ld+json\" class=\"yoast-schema-graph\">{\"@context\":\"https:\/\/schema.org\",\"@graph\":[{\"@type\":\"WebSite\",\"@id\":\"https:\/\/www.visit-ulcinj.com\/blog\/#website\",\"url\":\"https:\/\/www.visit-ulcinj.com\/blog\/\",\"name\":\"Lajme nga Ulqini\",\"description\":\"Lajme,Vijesti,Ulqini,Ulqin,Crna Gora,Mali i Zi\",\"potentialAction\":[{\"@type\":\"SearchAction\",\"target\":{\"@type\":\"EntryPoint\",\"urlTemplate\":\"https:\/\/www.visit-ulcinj.com\/blog\/?s={search_term_string}\"},\"query-input\":\"required name=search_term_string\"}],\"inLanguage\":\"en-US\"},{\"@type\":\"ImageObject\",\"inLanguage\":\"en-US\",\"@id\":\"https:\/\/www.visit-ulcinj.com\/blog\/2011\/12\/01\/dan-nxenesit-shqiptare-provokuan-%e2%80%93-shpalosen-flamurin-shqiptar\/#primaryimage\",\"url\":\"http:\/\/www.visit-ulcinj.com\/blog\/wp-content\/uploads\/2011\/12\/V%C3%ABllaz%C3%ABrim-%E2%80%93-Bashkim-n%C3%AB-Ulqin-n%C3%AB-dit%C3%ABn-28-N%C3%ABntorit2011.jpg\",\"contentUrl\":\"http:\/\/www.visit-ulcinj.com\/blog\/wp-content\/uploads\/2011\/12\/V%C3%ABllaz%C3%ABrim-%E2%80%93-Bashkim-n%C3%AB-Ulqin-n%C3%AB-dit%C3%ABn-28-N%C3%ABntorit2011.jpg\"},{\"@type\":\"WebPage\",\"@id\":\"https:\/\/www.visit-ulcinj.com\/blog\/2011\/12\/01\/dan-nxenesit-shqiptare-provokuan-%e2%80%93-shpalosen-flamurin-shqiptar\/#webpage\",\"url\":\"https:\/\/www.visit-ulcinj.com\/blog\/2011\/12\/01\/dan-nxenesit-shqiptare-provokuan-%e2%80%93-shpalosen-flamurin-shqiptar\/\",\"name\":\"Dan: Nx\u00ebn\u00ebsit shqiptar\u00eb provokuan \u2013 Shpalosen flamurin shqiptar - Lajme nga Ulqini\",\"isPartOf\":{\"@id\":\"https:\/\/www.visit-ulcinj.com\/blog\/#website\"},\"primaryImageOfPage\":{\"@id\":\"https:\/\/www.visit-ulcinj.com\/blog\/2011\/12\/01\/dan-nxenesit-shqiptare-provokuan-%e2%80%93-shpalosen-flamurin-shqiptar\/#primaryimage\"},\"datePublished\":\"2011-12-01T15:36:53+00:00\",\"dateModified\":\"2011-12-01T15:36:53+00:00\",\"author\":{\"@id\":\"https:\/\/www.visit-ulcinj.com\/blog\/#\/schema\/person\/dcab619c614d3038751c63bc2aadc06d\"},\"description\":\"E p\u00ebrditshmja malazeze Dan njofton p\u00ebr nj\u00eb incident t\u00eb ndodhur n\u00eb shkoll\u00ebn e mesme \u201cV\u00ebllaz\u00ebrim \u2013 Bashkim\u201c n\u00eb Ulqin n\u00eb dit\u00ebn 28 N\u00ebntorit \u2013 Fest\u00ebs s\u00eb\",\"breadcrumb\":{\"@id\":\"https:\/\/www.visit-ulcinj.com\/blog\/2011\/12\/01\/dan-nxenesit-shqiptare-provokuan-%e2%80%93-shpalosen-flamurin-shqiptar\/#breadcrumb\"},\"inLanguage\":\"en-US\",\"potentialAction\":[{\"@type\":\"ReadAction\",\"target\":[\"https:\/\/www.visit-ulcinj.com\/blog\/2011\/12\/01\/dan-nxenesit-shqiptare-provokuan-%e2%80%93-shpalosen-flamurin-shqiptar\/\"]}]},{\"@type\":\"BreadcrumbList\",\"@id\":\"https:\/\/www.visit-ulcinj.com\/blog\/2011\/12\/01\/dan-nxenesit-shqiptare-provokuan-%e2%80%93-shpalosen-flamurin-shqiptar\/#breadcrumb\",\"itemListElement\":[{\"@type\":\"ListItem\",\"position\":1,\"name\":\"Dan: Nx\u00ebn\u00ebsit shqiptar\u00eb provokuan \u2013 Shpalosen flamurin shqiptar\"}]},{\"@type\":\"Person\",\"@id\":\"https:\/\/www.visit-ulcinj.com\/blog\/#\/schema\/person\/dcab619c614d3038751c63bc2aadc06d\",\"name\":\"ulqini\",\"sameAs\":[\"http:\/\/www.visit-ulcinj.com\"],\"url\":\"https:\/\/www.visit-ulcinj.com\/blog\/author\/admin\/\"}]}<\/script>\n<!-- \/ Yoast SEO plugin. -->","yoast_head_json":{"title":"Dan: Nx\u00ebn\u00ebsit shqiptar\u00eb provokuan \u2013 Shpalosen flamurin shqiptar - Lajme nga Ulqini","description":"E p\u00ebrditshmja malazeze Dan njofton p\u00ebr nj\u00eb incident t\u00eb ndodhur n\u00eb shkoll\u00ebn e mesme \u201cV\u00ebllaz\u00ebrim \u2013 Bashkim\u201c n\u00eb Ulqin n\u00eb dit\u00ebn 28 N\u00ebntorit \u2013 Fest\u00ebs s\u00eb","robots":{"index":"index","follow":"follow","max-snippet":"max-snippet:-1","max-image-preview":"max-image-preview:large","max-video-preview":"max-video-preview:-1"},"canonical":"https:\/\/www.visit-ulcinj.com\/blog\/2011\/12\/01\/dan-nxenesit-shqiptare-provokuan-\u2013-shpalosen-flamurin-shqiptar\/","og_locale":"en_US","og_type":"article","og_title":"Dan: Nx\u00ebn\u00ebsit shqiptar\u00eb provokuan \u2013 Shpalosen flamurin shqiptar - Lajme nga Ulqini","og_description":"E p\u00ebrditshmja malazeze Dan njofton p\u00ebr nj\u00eb incident t\u00eb ndodhur n\u00eb shkoll\u00ebn e mesme \u201cV\u00ebllaz\u00ebrim \u2013 Bashkim\u201c n\u00eb Ulqin n\u00eb dit\u00ebn 28 N\u00ebntorit \u2013 Fest\u00ebs s\u00eb","og_url":"https:\/\/www.visit-ulcinj.com\/blog\/2011\/12\/01\/dan-nxenesit-shqiptare-provokuan-\u2013-shpalosen-flamurin-shqiptar\/","og_site_name":"Lajme nga Ulqini","article_published_time":"2011-12-01T15:36:53+00:00","og_image":[{"url":"http:\/\/www.visit-ulcinj.com\/blog\/wp-content\/uploads\/2011\/12\/V%C3%ABllaz%C3%ABrim-%E2%80%93-Bashkim-n%C3%AB-Ulqin-n%C3%AB-dit%C3%ABn-28-N%C3%ABntorit2011.jpg"}],"twitter_misc":{"Written by":"ulqini","Est. reading time":"1 minute"},"schema":{"@context":"https:\/\/schema.org","@graph":[{"@type":"WebSite","@id":"https:\/\/www.visit-ulcinj.com\/blog\/#website","url":"https:\/\/www.visit-ulcinj.com\/blog\/","name":"Lajme nga Ulqini","description":"Lajme,Vijesti,Ulqini,Ulqin,Crna Gora,Mali i Zi","potentialAction":[{"@type":"SearchAction","target":{"@type":"EntryPoint","urlTemplate":"https:\/\/www.visit-ulcinj.com\/blog\/?s={search_term_string}"},"query-input":"required name=search_term_string"}],"inLanguage":"en-US"},{"@type":"ImageObject","inLanguage":"en-US","@id":"https:\/\/www.visit-ulcinj.com\/blog\/2011\/12\/01\/dan-nxenesit-shqiptare-provokuan-%e2%80%93-shpalosen-flamurin-shqiptar\/#primaryimage","url":"http:\/\/www.visit-ulcinj.com\/blog\/wp-content\/uploads\/2011\/12\/V%C3%ABllaz%C3%ABrim-%E2%80%93-Bashkim-n%C3%AB-Ulqin-n%C3%AB-dit%C3%ABn-28-N%C3%ABntorit2011.jpg","contentUrl":"http:\/\/www.visit-ulcinj.com\/blog\/wp-content\/uploads\/2011\/12\/V%C3%ABllaz%C3%ABrim-%E2%80%93-Bashkim-n%C3%AB-Ulqin-n%C3%AB-dit%C3%ABn-28-N%C3%ABntorit2011.jpg"},{"@type":"WebPage","@id":"https:\/\/www.visit-ulcinj.com\/blog\/2011\/12\/01\/dan-nxenesit-shqiptare-provokuan-%e2%80%93-shpalosen-flamurin-shqiptar\/#webpage","url":"https:\/\/www.visit-ulcinj.com\/blog\/2011\/12\/01\/dan-nxenesit-shqiptare-provokuan-%e2%80%93-shpalosen-flamurin-shqiptar\/","name":"Dan: Nx\u00ebn\u00ebsit shqiptar\u00eb provokuan \u2013 Shpalosen flamurin shqiptar - Lajme nga Ulqini","isPartOf":{"@id":"https:\/\/www.visit-ulcinj.com\/blog\/#website"},"primaryImageOfPage":{"@id":"https:\/\/www.visit-ulcinj.com\/blog\/2011\/12\/01\/dan-nxenesit-shqiptare-provokuan-%e2%80%93-shpalosen-flamurin-shqiptar\/#primaryimage"},"datePublished":"2011-12-01T15:36:53+00:00","dateModified":"2011-12-01T15:36:53+00:00","author":{"@id":"https:\/\/www.visit-ulcinj.com\/blog\/#\/schema\/person\/dcab619c614d3038751c63bc2aadc06d"},"description":"E p\u00ebrditshmja malazeze Dan njofton p\u00ebr nj\u00eb incident t\u00eb ndodhur n\u00eb shkoll\u00ebn e mesme \u201cV\u00ebllaz\u00ebrim \u2013 Bashkim\u201c n\u00eb Ulqin n\u00eb dit\u00ebn 28 N\u00ebntorit \u2013 Fest\u00ebs s\u00eb","breadcrumb":{"@id":"https:\/\/www.visit-ulcinj.com\/blog\/2011\/12\/01\/dan-nxenesit-shqiptare-provokuan-%e2%80%93-shpalosen-flamurin-shqiptar\/#breadcrumb"},"inLanguage":"en-US","potentialAction":[{"@type":"ReadAction","target":["https:\/\/www.visit-ulcinj.com\/blog\/2011\/12\/01\/dan-nxenesit-shqiptare-provokuan-%e2%80%93-shpalosen-flamurin-shqiptar\/"]}]},{"@type":"BreadcrumbList","@id":"https:\/\/www.visit-ulcinj.com\/blog\/2011\/12\/01\/dan-nxenesit-shqiptare-provokuan-%e2%80%93-shpalosen-flamurin-shqiptar\/#breadcrumb","itemListElement":[{"@type":"ListItem","position":1,"name":"Dan: Nx\u00ebn\u00ebsit shqiptar\u00eb provokuan \u2013 Shpalosen flamurin shqiptar"}]},{"@type":"Person","@id":"https:\/\/www.visit-ulcinj.com\/blog\/#\/schema\/person\/dcab619c614d3038751c63bc2aadc06d","name":"ulqini","sameAs":["http:\/\/www.visit-ulcinj.com"],"url":"https:\/\/www.visit-ulcinj.com\/blog\/author\/admin\/"}]}},"jetpack_featured_media_url":"","jetpack_sharing_enabled":true,"jetpack_shortlink":"https:\/\/wp.me\/pe6lTn-e1z","_links":{"self":[{"href":"https:\/\/www.visit-ulcinj.com\/blog\/wp-json\/wp\/v2\/posts\/53913"}],"collection":[{"href":"https:\/\/www.visit-ulcinj.com\/blog\/wp-json\/wp\/v2\/posts"}],"about":[{"href":"https:\/\/www.visit-ulcinj.com\/blog\/wp-json\/wp\/v2\/types\/post"}],"author":[{"embeddable":true,"href":"https:\/\/www.visit-ulcinj.com\/blog\/wp-json\/wp\/v2\/users\/1"}],"replies":[{"embeddable":true,"href":"https:\/\/www.visit-ulcinj.com\/blog\/wp-json\/wp\/v2\/comments?post=53913"}],"version-history":[{"count":1,"href":"https:\/\/www.visit-ulcinj.com\/blog\/wp-json\/wp\/v2\/posts\/53913\/revisions"}],"predecessor-version":[{"id":53916,"href":"https:\/\/www.visit-ulcinj.com\/blog\/wp-json\/wp\/v2\/posts\/53913\/revisions\/53916"}],"wp:attachment":[{"href":"https:\/\/www.visit-ulcinj.com\/blog\/wp-json\/wp\/v2\/media?parent=53913"}],"wp:term":[{"taxonomy":"category","embeddable":true,"href":"https:\/\/www.visit-ulcinj.com\/blog\/wp-json\/wp\/v2\/categories?post=53913"},{"taxonomy":"post_tag","embeddable":true,"href":"https:\/\/www.visit-ulcinj.com\/blog\/wp-json\/wp\/v2\/tags?post=53913"}],"curies":[{"name":"wp","href":"https:\/\/api.w.org\/{rel}","templated":true}]}}