{"id":53918,"date":"2011-12-01T18:34:37","date_gmt":"2011-12-01T17:34:37","guid":{"rendered":"http:\/\/www.visit-ulcinj.com\/blog\/?p=53918"},"modified":"2011-12-01T19:36:42","modified_gmt":"2011-12-01T18:36:42","slug":"mesazh-ngushellimi-familjes-mbreterore","status":"publish","type":"post","link":"https:\/\/www.visit-ulcinj.com\/blog\/2011\/12\/01\/mesazh-ngushellimi-familjes-mbreterore\/","title":{"rendered":"Mesazh ngush\u00ebllimi familjes mbret\u00ebrore,Forca e re demokratike"},"content":{"rendered":"<p><a href=\"http:\/\/www.visit-ulcinj.com\/blog\/wp-content\/uploads\/2011\/12\/LEKA-ZOGU.jpg1_.jpg\"><img loading=\"lazy\" class=\"alignleft size-full wp-image-53919\" title=\"LEKA ZOGU.jpg1\" src=\"http:\/\/www.visit-ulcinj.com\/blog\/wp-content\/uploads\/2011\/12\/LEKA-ZOGU.jpg1_.jpg\" alt=\"\" width=\"509\" height=\"620\" \/><\/a>Kryetari I komun\u00ebs s\u00eb Ulqinit, Nazif Cungu, i d\u00ebrgoi sot nj\u00eb mesazh ngush\u00ebllimi familjes mbret\u00ebrore p\u00ebr ndarjen nga jeta t\u00eb pretendentit t\u00eb fronit mbret\u00ebror Leka Zogu I.<\/p>\n<p>\u201cMe dhimbje t\u00eb madhe pranuam lajmin p\u00ebr ndarjen nga jeta t\u00eb pretendentit t\u00eb fronit mbret\u00ebror Leka Zogu I.<\/p>\n<p>Ky lajm pik\u00eblloi t\u00eb gjith\u00eb shqiptar\u00ebt ku do q\u00eb jan\u00eb dhe me ndarjen e tij nga jeta humb\u00ebn nj\u00eb figur\u00eb t\u00eb r\u00ebnd\u00ebsishme t\u00eb kombit tone.<\/p>\n<p>N\u00eb emrin tim personal dhe t\u00eb bashk\u00ebqytetar\u00ebve t\u00eb mij\u00eb, Ju shpreh ngush\u00ebllimet e mija t\u00eb sinqerta dhe jemi pran\u00eb jush n\u00eb k\u00ebto \u00e7aste t\u00eb dhimbshme.\u201d<\/p>\n<p>&nbsp;<\/p>\n<p><strong>Kryetari i Komun\u00ebs s\u00eb Ulqinit dhe<\/strong><\/p>\n<p><strong>Kryetari i i Forces se re Demokratike<\/strong><\/p>\n<p><strong>Nazif Cungu<\/strong><\/p>\n","protected":false},"excerpt":{"rendered":"<p>Kryetari I komun\u00ebs s\u00eb Ulqinit, Nazif Cungu, i d\u00ebrgoi sot nj\u00eb mesazh ngush\u00ebllimi familjes mbret\u00ebrore p\u00ebr ndarjen nga jeta t\u00eb pretendentit t\u00eb fronit mbret\u00ebror Leka Zogu I. \u201cMe dhimbje t\u00eb madhe pranuam lajmin p\u00ebr ndarjen nga jeta t\u00eb pretendentit t\u00eb fronit mbret\u00ebror Leka Zogu I. Ky lajm pik\u00eblloi t\u00eb gjith\u00eb shqiptar\u00ebt ku do q\u00eb jan\u00eb [&hellip;]<\/p>\n","protected":false},"author":1,"featured_media":0,"comment_status":"open","ping_status":"closed","sticky":false,"template":"","format":"standard","meta":{"spay_email":"","jetpack_publicize_message":"","jetpack_is_tweetstorm":false,"jetpack_publicize_feature_enabled":true},"categories":[10],"tags":[874,19525,118,19531],"jetpack_publicize_connections":[],"yoast_head":"<!-- This site is optimized with the Yoast SEO plugin v19.1 - https:\/\/yoast.com\/wordpress\/plugins\/seo\/ -->\n<title>Mesazh ngush\u00ebllimi familjes mbret\u00ebrore,Forca e re demokratike - Lajme nga Ulqini<\/title>\n<meta name=\"description\" content=\"Kryetari I komun\u00ebs s\u00eb Ulqinit, Nazif Cungu, i d\u00ebrgoi sot nj\u00eb mesazh ngush\u00ebllimi familjes mbret\u00ebrore p\u00ebr ndarjen nga jeta t\u00eb pretendentit t\u00eb fronit\" \/>\n<meta name=\"robots\" content=\"index, follow, max-snippet:-1, max-image-preview:large, max-video-preview:-1\" \/>\n<link rel=\"canonical\" href=\"https:\/\/www.visit-ulcinj.com\/blog\/2011\/12\/01\/mesazh-ngushellimi-familjes-mbreterore\/\" \/>\n<meta property=\"og:locale\" content=\"en_US\" \/>\n<meta property=\"og:type\" content=\"article\" \/>\n<meta property=\"og:title\" content=\"Mesazh ngush\u00ebllimi familjes mbret\u00ebrore,Forca e re demokratike - Lajme nga Ulqini\" \/>\n<meta property=\"og:description\" content=\"Kryetari I komun\u00ebs s\u00eb Ulqinit, Nazif Cungu, i d\u00ebrgoi sot nj\u00eb mesazh ngush\u00ebllimi familjes mbret\u00ebrore p\u00ebr ndarjen nga jeta t\u00eb pretendentit t\u00eb fronit\" \/>\n<meta property=\"og:url\" content=\"https:\/\/www.visit-ulcinj.com\/blog\/2011\/12\/01\/mesazh-ngushellimi-familjes-mbreterore\/\" \/>\n<meta property=\"og:site_name\" content=\"Lajme nga Ulqini\" \/>\n<meta property=\"article:published_time\" content=\"2011-12-01T17:34:37+00:00\" \/>\n<meta property=\"article:modified_time\" content=\"2011-12-01T18:36:42+00:00\" \/>\n<meta property=\"og:image\" content=\"http:\/\/www.visit-ulcinj.com\/blog\/wp-content\/uploads\/2011\/12\/LEKA-ZOGU.jpg1_.jpg\" \/>\n<meta name=\"twitter:label1\" content=\"Written by\" \/>\n\t<meta name=\"twitter:data1\" content=\"ulqini\" \/>\n\t<meta name=\"twitter:label2\" content=\"Est. reading time\" \/>\n\t<meta name=\"twitter:data2\" content=\"1 minute\" \/>\n<script type=\"application\/ld+json\" class=\"yoast-schema-graph\">{\"@context\":\"https:\/\/schema.org\",\"@graph\":[{\"@type\":\"WebSite\",\"@id\":\"https:\/\/www.visit-ulcinj.com\/blog\/#website\",\"url\":\"https:\/\/www.visit-ulcinj.com\/blog\/\",\"name\":\"Lajme nga Ulqini\",\"description\":\"Lajme,Vijesti,Ulqini,Ulqin,Crna Gora,Mali i Zi\",\"potentialAction\":[{\"@type\":\"SearchAction\",\"target\":{\"@type\":\"EntryPoint\",\"urlTemplate\":\"https:\/\/www.visit-ulcinj.com\/blog\/?s={search_term_string}\"},\"query-input\":\"required name=search_term_string\"}],\"inLanguage\":\"en-US\"},{\"@type\":\"ImageObject\",\"inLanguage\":\"en-US\",\"@id\":\"https:\/\/www.visit-ulcinj.com\/blog\/2011\/12\/01\/mesazh-ngushellimi-familjes-mbreterore\/#primaryimage\",\"url\":\"https:\/\/www.visit-ulcinj.com\/blog\/wp-content\/uploads\/2011\/12\/LEKA-ZOGU.jpg1_.jpg\",\"contentUrl\":\"https:\/\/www.visit-ulcinj.com\/blog\/wp-content\/uploads\/2011\/12\/LEKA-ZOGU.jpg1_.jpg\",\"width\":\"580\",\"height\":\"700\"},{\"@type\":\"WebPage\",\"@id\":\"https:\/\/www.visit-ulcinj.com\/blog\/2011\/12\/01\/mesazh-ngushellimi-familjes-mbreterore\/#webpage\",\"url\":\"https:\/\/www.visit-ulcinj.com\/blog\/2011\/12\/01\/mesazh-ngushellimi-familjes-mbreterore\/\",\"name\":\"Mesazh ngush\u00ebllimi familjes mbret\u00ebrore,Forca e re demokratike - Lajme nga Ulqini\",\"isPartOf\":{\"@id\":\"https:\/\/www.visit-ulcinj.com\/blog\/#website\"},\"primaryImageOfPage\":{\"@id\":\"https:\/\/www.visit-ulcinj.com\/blog\/2011\/12\/01\/mesazh-ngushellimi-familjes-mbreterore\/#primaryimage\"},\"datePublished\":\"2011-12-01T17:34:37+00:00\",\"dateModified\":\"2011-12-01T18:36:42+00:00\",\"author\":{\"@id\":\"https:\/\/www.visit-ulcinj.com\/blog\/#\/schema\/person\/dcab619c614d3038751c63bc2aadc06d\"},\"description\":\"Kryetari I komun\u00ebs s\u00eb Ulqinit, Nazif Cungu, i d\u00ebrgoi sot nj\u00eb mesazh ngush\u00ebllimi familjes mbret\u00ebrore p\u00ebr ndarjen nga jeta t\u00eb pretendentit t\u00eb fronit\",\"breadcrumb\":{\"@id\":\"https:\/\/www.visit-ulcinj.com\/blog\/2011\/12\/01\/mesazh-ngushellimi-familjes-mbreterore\/#breadcrumb\"},\"inLanguage\":\"en-US\",\"potentialAction\":[{\"@type\":\"ReadAction\",\"target\":[\"https:\/\/www.visit-ulcinj.com\/blog\/2011\/12\/01\/mesazh-ngushellimi-familjes-mbreterore\/\"]}]},{\"@type\":\"BreadcrumbList\",\"@id\":\"https:\/\/www.visit-ulcinj.com\/blog\/2011\/12\/01\/mesazh-ngushellimi-familjes-mbreterore\/#breadcrumb\",\"itemListElement\":[{\"@type\":\"ListItem\",\"position\":1,\"name\":\"Mesazh ngush\u00ebllimi familjes mbret\u00ebrore,Forca e re demokratike\"}]},{\"@type\":\"Person\",\"@id\":\"https:\/\/www.visit-ulcinj.com\/blog\/#\/schema\/person\/dcab619c614d3038751c63bc2aadc06d\",\"name\":\"ulqini\",\"sameAs\":[\"http:\/\/www.visit-ulcinj.com\"],\"url\":\"https:\/\/www.visit-ulcinj.com\/blog\/author\/admin\/\"}]}<\/script>\n<!-- \/ Yoast SEO plugin. -->","yoast_head_json":{"title":"Mesazh ngush\u00ebllimi familjes mbret\u00ebrore,Forca e re demokratike - Lajme nga Ulqini","description":"Kryetari I komun\u00ebs s\u00eb Ulqinit, Nazif Cungu, i d\u00ebrgoi sot nj\u00eb mesazh ngush\u00ebllimi familjes mbret\u00ebrore p\u00ebr ndarjen nga jeta t\u00eb pretendentit t\u00eb fronit","robots":{"index":"index","follow":"follow","max-snippet":"max-snippet:-1","max-image-preview":"max-image-preview:large","max-video-preview":"max-video-preview:-1"},"canonical":"https:\/\/www.visit-ulcinj.com\/blog\/2011\/12\/01\/mesazh-ngushellimi-familjes-mbreterore\/","og_locale":"en_US","og_type":"article","og_title":"Mesazh ngush\u00ebllimi familjes mbret\u00ebrore,Forca e re demokratike - Lajme nga Ulqini","og_description":"Kryetari I komun\u00ebs s\u00eb Ulqinit, Nazif Cungu, i d\u00ebrgoi sot nj\u00eb mesazh ngush\u00ebllimi familjes mbret\u00ebrore p\u00ebr ndarjen nga jeta t\u00eb pretendentit t\u00eb fronit","og_url":"https:\/\/www.visit-ulcinj.com\/blog\/2011\/12\/01\/mesazh-ngushellimi-familjes-mbreterore\/","og_site_name":"Lajme nga Ulqini","article_published_time":"2011-12-01T17:34:37+00:00","article_modified_time":"2011-12-01T18:36:42+00:00","og_image":[{"url":"http:\/\/www.visit-ulcinj.com\/blog\/wp-content\/uploads\/2011\/12\/LEKA-ZOGU.jpg1_.jpg"}],"twitter_misc":{"Written by":"ulqini","Est. reading time":"1 minute"},"schema":{"@context":"https:\/\/schema.org","@graph":[{"@type":"WebSite","@id":"https:\/\/www.visit-ulcinj.com\/blog\/#website","url":"https:\/\/www.visit-ulcinj.com\/blog\/","name":"Lajme nga Ulqini","description":"Lajme,Vijesti,Ulqini,Ulqin,Crna Gora,Mali i Zi","potentialAction":[{"@type":"SearchAction","target":{"@type":"EntryPoint","urlTemplate":"https:\/\/www.visit-ulcinj.com\/blog\/?s={search_term_string}"},"query-input":"required name=search_term_string"}],"inLanguage":"en-US"},{"@type":"ImageObject","inLanguage":"en-US","@id":"https:\/\/www.visit-ulcinj.com\/blog\/2011\/12\/01\/mesazh-ngushellimi-familjes-mbreterore\/#primaryimage","url":"https:\/\/www.visit-ulcinj.com\/blog\/wp-content\/uploads\/2011\/12\/LEKA-ZOGU.jpg1_.jpg","contentUrl":"https:\/\/www.visit-ulcinj.com\/blog\/wp-content\/uploads\/2011\/12\/LEKA-ZOGU.jpg1_.jpg","width":"580","height":"700"},{"@type":"WebPage","@id":"https:\/\/www.visit-ulcinj.com\/blog\/2011\/12\/01\/mesazh-ngushellimi-familjes-mbreterore\/#webpage","url":"https:\/\/www.visit-ulcinj.com\/blog\/2011\/12\/01\/mesazh-ngushellimi-familjes-mbreterore\/","name":"Mesazh ngush\u00ebllimi familjes mbret\u00ebrore,Forca e re demokratike - Lajme nga Ulqini","isPartOf":{"@id":"https:\/\/www.visit-ulcinj.com\/blog\/#website"},"primaryImageOfPage":{"@id":"https:\/\/www.visit-ulcinj.com\/blog\/2011\/12\/01\/mesazh-ngushellimi-familjes-mbreterore\/#primaryimage"},"datePublished":"2011-12-01T17:34:37+00:00","dateModified":"2011-12-01T18:36:42+00:00","author":{"@id":"https:\/\/www.visit-ulcinj.com\/blog\/#\/schema\/person\/dcab619c614d3038751c63bc2aadc06d"},"description":"Kryetari I komun\u00ebs s\u00eb Ulqinit, Nazif Cungu, i d\u00ebrgoi sot nj\u00eb mesazh ngush\u00ebllimi familjes mbret\u00ebrore p\u00ebr ndarjen nga jeta t\u00eb pretendentit t\u00eb fronit","breadcrumb":{"@id":"https:\/\/www.visit-ulcinj.com\/blog\/2011\/12\/01\/mesazh-ngushellimi-familjes-mbreterore\/#breadcrumb"},"inLanguage":"en-US","potentialAction":[{"@type":"ReadAction","target":["https:\/\/www.visit-ulcinj.com\/blog\/2011\/12\/01\/mesazh-ngushellimi-familjes-mbreterore\/"]}]},{"@type":"BreadcrumbList","@id":"https:\/\/www.visit-ulcinj.com\/blog\/2011\/12\/01\/mesazh-ngushellimi-familjes-mbreterore\/#breadcrumb","itemListElement":[{"@type":"ListItem","position":1,"name":"Mesazh ngush\u00ebllimi familjes mbret\u00ebrore,Forca e re demokratike"}]},{"@type":"Person","@id":"https:\/\/www.visit-ulcinj.com\/blog\/#\/schema\/person\/dcab619c614d3038751c63bc2aadc06d","name":"ulqini","sameAs":["http:\/\/www.visit-ulcinj.com"],"url":"https:\/\/www.visit-ulcinj.com\/blog\/author\/admin\/"}]}},"jetpack_featured_media_url":"","jetpack_sharing_enabled":true,"jetpack_shortlink":"https:\/\/wp.me\/pe6lTn-e1E","_links":{"self":[{"href":"https:\/\/www.visit-ulcinj.com\/blog\/wp-json\/wp\/v2\/posts\/53918"}],"collection":[{"href":"https:\/\/www.visit-ulcinj.com\/blog\/wp-json\/wp\/v2\/posts"}],"about":[{"href":"https:\/\/www.visit-ulcinj.com\/blog\/wp-json\/wp\/v2\/types\/post"}],"author":[{"embeddable":true,"href":"https:\/\/www.visit-ulcinj.com\/blog\/wp-json\/wp\/v2\/users\/1"}],"replies":[{"embeddable":true,"href":"https:\/\/www.visit-ulcinj.com\/blog\/wp-json\/wp\/v2\/comments?post=53918"}],"version-history":[{"count":3,"href":"https:\/\/www.visit-ulcinj.com\/blog\/wp-json\/wp\/v2\/posts\/53918\/revisions"}],"predecessor-version":[{"id":53924,"href":"https:\/\/www.visit-ulcinj.com\/blog\/wp-json\/wp\/v2\/posts\/53918\/revisions\/53924"}],"wp:attachment":[{"href":"https:\/\/www.visit-ulcinj.com\/blog\/wp-json\/wp\/v2\/media?parent=53918"}],"wp:term":[{"taxonomy":"category","embeddable":true,"href":"https:\/\/www.visit-ulcinj.com\/blog\/wp-json\/wp\/v2\/categories?post=53918"},{"taxonomy":"post_tag","embeddable":true,"href":"https:\/\/www.visit-ulcinj.com\/blog\/wp-json\/wp\/v2\/tags?post=53918"}],"curies":[{"name":"wp","href":"https:\/\/api.w.org\/{rel}","templated":true}]}}