{"id":5392,"date":"2008-11-03T16:52:35","date_gmt":"2008-11-03T21:52:35","guid":{"rendered":"http:\/\/www.visit-ulcinj.com\/blog\/?p=5392"},"modified":"2008-11-03T16:52:35","modified_gmt":"2008-11-03T21:52:35","slug":"dion-deshiron-te-behet-nene-pas-turneut","status":"publish","type":"post","link":"https:\/\/www.visit-ulcinj.com\/blog\/2008\/11\/03\/dion-deshiron-te-behet-nene-pas-turneut\/","title":{"rendered":"DION d\u00ebshiron t\u00eb b\u00ebhet n\u00ebn\u00eb pas turneut"},"content":{"rendered":"<p><a href=\"http:\/\/www.visit-ulcinj.com\/blog\/wp-content\/uploads\/2008\/11\/celine-dion.jpg\"><img loading=\"lazy\" class=\"alignleft size-medium wp-image-5393\" title=\"celine-dion\" src=\"http:\/\/www.visit-ulcinj.com\/blog\/wp-content\/uploads\/2008\/11\/celine-dion-300x225.jpg\" alt=\"\" width=\"300\" height=\"225\" srcset=\"https:\/\/www.visit-ulcinj.com\/blog\/wp-content\/uploads\/2008\/11\/celine-dion-300x225.jpg 300w, https:\/\/www.visit-ulcinj.com\/blog\/wp-content\/uploads\/2008\/11\/celine-dion.jpg 1024w\" sizes=\"(max-width: 300px) 100vw, 300px\" \/><\/a>Ylli i muzik\u00ebs pop, Celine Dion, do t\u00eb p\u00ebrpiqet t\u00eb shtoj\u00eb familjen edhe me nj\u00eb f\u00ebmij\u00eb. Por p\u00ebr k\u00ebt\u00eb ka b\u00ebr\u00eb nj\u00eb axhend\u00eb. Dhe f\u00ebmija \u00ebsht\u00eb menduar t\u00eb planifikohet pas p\u00ebrfundimit t\u00eb turneut t\u00eb saj bot\u00ebror. 40-vje\u00e7arja e njohur me hitin \u201cMy Heart Will Go On\u201d, dhe burri i saj Rene Angelil, kan\u00eb sjell\u00eb n\u00eb jet\u00eb djalin Rene-Charles n\u00eb vitin 2001, pasi iu n\u00ebnshtruan trajtimit t\u00eb fertilitetit. Shtat\u00eb vite m\u00eb von\u00eb, Dion d\u00ebshiron t\u00eb hyj\u00eb s\u00ebrish n\u00eb k\u00ebt\u00eb proces, por ajo nuk do t\u00eb jet\u00eb shum\u00eb e zhg\u00ebnjyer n\u00ebse d\u00ebshton n\u00eb tentimin e dyt\u00eb. \u201cNe do t\u00eb p\u00ebrpiqemi pas turneut tim. Shpresoj t\u00eb mbetem s\u00ebrish shtatz\u00ebn\u00eb. Kam nj\u00eb shpres\u00eb t\u00eb vog\u00ebl. Por tashm\u00eb jemi t\u00eb bekuar. E provuam k\u00ebt\u00eb gjasht\u00eb vite p\u00ebr Rene-Charles. Tashm\u00eb kemi nj\u00eb foshnj\u00eb t\u00eb mrekullueshme\u201d,<br \/>\n<strong>GAZETA SHQIPTARE \/ \u201cBluetooth\u201d<\/strong><\/p>\n<!--YouTube Error: bad URL entered-->\n","protected":false},"excerpt":{"rendered":"<p>Ylli i muzik\u00ebs pop, Celine Dion, do t\u00eb p\u00ebrpiqet t\u00eb shtoj\u00eb familjen edhe me nj\u00eb f\u00ebmij\u00eb. Por p\u00ebr k\u00ebt\u00eb ka b\u00ebr\u00eb nj\u00eb axhend\u00eb. Dhe f\u00ebmija \u00ebsht\u00eb menduar t\u00eb planifikohet pas p\u00ebrfundimit t\u00eb turneut t\u00eb saj bot\u00ebror. 40-vje\u00e7arja e njohur me hitin \u201cMy Heart Will Go On\u201d, dhe burri i saj Rene Angelil, kan\u00eb sjell\u00eb n\u00eb [&hellip;]<\/p>\n","protected":false},"author":1,"featured_media":0,"comment_status":"open","ping_status":"closed","sticky":false,"template":"","format":"standard","meta":{"spay_email":"","jetpack_publicize_message":"","jetpack_is_tweetstorm":false,"jetpack_publicize_feature_enabled":true},"categories":[1],"tags":[4907],"jetpack_publicize_connections":[],"yoast_head":"<!-- This site is optimized with the Yoast SEO plugin v19.1 - https:\/\/yoast.com\/wordpress\/plugins\/seo\/ -->\n<title>DION d\u00ebshiron t\u00eb b\u00ebhet n\u00ebn\u00eb pas turneut - Lajme nga Ulqini<\/title>\n<meta name=\"description\" content=\"Ylli i muzik\u00ebs pop, Celine Dion, do t\u00eb p\u00ebrpiqet t\u00eb shtoj\u00eb familjen edhe me nj\u00eb f\u00ebmij\u00eb. Por p\u00ebr k\u00ebt\u00eb ka b\u00ebr\u00eb nj\u00eb axhend\u00eb. Dhe f\u00ebmija \u00ebsht\u00eb menduar t\u00eb\" \/>\n<meta name=\"robots\" content=\"index, follow, max-snippet:-1, max-image-preview:large, max-video-preview:-1\" \/>\n<link rel=\"canonical\" href=\"https:\/\/www.visit-ulcinj.com\/blog\/2008\/11\/03\/dion-deshiron-te-behet-nene-pas-turneut\/\" \/>\n<meta property=\"og:locale\" content=\"en_US\" \/>\n<meta property=\"og:type\" content=\"article\" \/>\n<meta property=\"og:title\" content=\"DION d\u00ebshiron t\u00eb b\u00ebhet n\u00ebn\u00eb pas turneut - Lajme nga Ulqini\" \/>\n<meta property=\"og:description\" content=\"Ylli i muzik\u00ebs pop, Celine Dion, do t\u00eb p\u00ebrpiqet t\u00eb shtoj\u00eb familjen edhe me nj\u00eb f\u00ebmij\u00eb. Por p\u00ebr k\u00ebt\u00eb ka b\u00ebr\u00eb nj\u00eb axhend\u00eb. Dhe f\u00ebmija \u00ebsht\u00eb menduar t\u00eb\" \/>\n<meta property=\"og:url\" content=\"https:\/\/www.visit-ulcinj.com\/blog\/2008\/11\/03\/dion-deshiron-te-behet-nene-pas-turneut\/\" \/>\n<meta property=\"og:site_name\" content=\"Lajme nga Ulqini\" \/>\n<meta property=\"article:published_time\" content=\"2008-11-03T21:52:35+00:00\" \/>\n<meta property=\"og:image\" content=\"http:\/\/www.visit-ulcinj.com\/blog\/wp-content\/uploads\/2008\/11\/celine-dion-300x225.jpg\" \/>\n<meta name=\"twitter:label1\" content=\"Written by\" \/>\n\t<meta name=\"twitter:data1\" content=\"ulqini\" \/>\n\t<meta name=\"twitter:label2\" content=\"Est. reading time\" \/>\n\t<meta name=\"twitter:data2\" content=\"1 minute\" \/>\n<script type=\"application\/ld+json\" class=\"yoast-schema-graph\">{\"@context\":\"https:\/\/schema.org\",\"@graph\":[{\"@type\":\"WebSite\",\"@id\":\"https:\/\/www.visit-ulcinj.com\/blog\/#website\",\"url\":\"https:\/\/www.visit-ulcinj.com\/blog\/\",\"name\":\"Lajme nga Ulqini\",\"description\":\"Lajme,Vijesti,Ulqini,Ulqin,Crna Gora,Mali i Zi\",\"potentialAction\":[{\"@type\":\"SearchAction\",\"target\":{\"@type\":\"EntryPoint\",\"urlTemplate\":\"https:\/\/www.visit-ulcinj.com\/blog\/?s={search_term_string}\"},\"query-input\":\"required name=search_term_string\"}],\"inLanguage\":\"en-US\"},{\"@type\":\"ImageObject\",\"inLanguage\":\"en-US\",\"@id\":\"https:\/\/www.visit-ulcinj.com\/blog\/2008\/11\/03\/dion-deshiron-te-behet-nene-pas-turneut\/#primaryimage\",\"url\":\"http:\/\/www.visit-ulcinj.com\/blog\/wp-content\/uploads\/2008\/11\/celine-dion-300x225.jpg\",\"contentUrl\":\"http:\/\/www.visit-ulcinj.com\/blog\/wp-content\/uploads\/2008\/11\/celine-dion-300x225.jpg\"},{\"@type\":\"WebPage\",\"@id\":\"https:\/\/www.visit-ulcinj.com\/blog\/2008\/11\/03\/dion-deshiron-te-behet-nene-pas-turneut\/#webpage\",\"url\":\"https:\/\/www.visit-ulcinj.com\/blog\/2008\/11\/03\/dion-deshiron-te-behet-nene-pas-turneut\/\",\"name\":\"DION d\u00ebshiron t\u00eb b\u00ebhet n\u00ebn\u00eb pas turneut - Lajme nga Ulqini\",\"isPartOf\":{\"@id\":\"https:\/\/www.visit-ulcinj.com\/blog\/#website\"},\"primaryImageOfPage\":{\"@id\":\"https:\/\/www.visit-ulcinj.com\/blog\/2008\/11\/03\/dion-deshiron-te-behet-nene-pas-turneut\/#primaryimage\"},\"datePublished\":\"2008-11-03T21:52:35+00:00\",\"dateModified\":\"2008-11-03T21:52:35+00:00\",\"author\":{\"@id\":\"https:\/\/www.visit-ulcinj.com\/blog\/#\/schema\/person\/dcab619c614d3038751c63bc2aadc06d\"},\"description\":\"Ylli i muzik\u00ebs pop, Celine Dion, do t\u00eb p\u00ebrpiqet t\u00eb shtoj\u00eb familjen edhe me nj\u00eb f\u00ebmij\u00eb. Por p\u00ebr k\u00ebt\u00eb ka b\u00ebr\u00eb nj\u00eb axhend\u00eb. Dhe f\u00ebmija \u00ebsht\u00eb menduar t\u00eb\",\"breadcrumb\":{\"@id\":\"https:\/\/www.visit-ulcinj.com\/blog\/2008\/11\/03\/dion-deshiron-te-behet-nene-pas-turneut\/#breadcrumb\"},\"inLanguage\":\"en-US\",\"potentialAction\":[{\"@type\":\"ReadAction\",\"target\":[\"https:\/\/www.visit-ulcinj.com\/blog\/2008\/11\/03\/dion-deshiron-te-behet-nene-pas-turneut\/\"]}]},{\"@type\":\"BreadcrumbList\",\"@id\":\"https:\/\/www.visit-ulcinj.com\/blog\/2008\/11\/03\/dion-deshiron-te-behet-nene-pas-turneut\/#breadcrumb\",\"itemListElement\":[{\"@type\":\"ListItem\",\"position\":1,\"name\":\"DION d\u00ebshiron t\u00eb b\u00ebhet n\u00ebn\u00eb pas turneut\"}]},{\"@type\":\"Person\",\"@id\":\"https:\/\/www.visit-ulcinj.com\/blog\/#\/schema\/person\/dcab619c614d3038751c63bc2aadc06d\",\"name\":\"ulqini\",\"sameAs\":[\"http:\/\/www.visit-ulcinj.com\"],\"url\":\"https:\/\/www.visit-ulcinj.com\/blog\/author\/admin\/\"}]}<\/script>\n<!-- \/ Yoast SEO plugin. -->","yoast_head_json":{"title":"DION d\u00ebshiron t\u00eb b\u00ebhet n\u00ebn\u00eb pas turneut - Lajme nga Ulqini","description":"Ylli i muzik\u00ebs pop, Celine Dion, do t\u00eb p\u00ebrpiqet t\u00eb shtoj\u00eb familjen edhe me nj\u00eb f\u00ebmij\u00eb. Por p\u00ebr k\u00ebt\u00eb ka b\u00ebr\u00eb nj\u00eb axhend\u00eb. Dhe f\u00ebmija \u00ebsht\u00eb menduar t\u00eb","robots":{"index":"index","follow":"follow","max-snippet":"max-snippet:-1","max-image-preview":"max-image-preview:large","max-video-preview":"max-video-preview:-1"},"canonical":"https:\/\/www.visit-ulcinj.com\/blog\/2008\/11\/03\/dion-deshiron-te-behet-nene-pas-turneut\/","og_locale":"en_US","og_type":"article","og_title":"DION d\u00ebshiron t\u00eb b\u00ebhet n\u00ebn\u00eb pas turneut - Lajme nga Ulqini","og_description":"Ylli i muzik\u00ebs pop, Celine Dion, do t\u00eb p\u00ebrpiqet t\u00eb shtoj\u00eb familjen edhe me nj\u00eb f\u00ebmij\u00eb. Por p\u00ebr k\u00ebt\u00eb ka b\u00ebr\u00eb nj\u00eb axhend\u00eb. Dhe f\u00ebmija \u00ebsht\u00eb menduar t\u00eb","og_url":"https:\/\/www.visit-ulcinj.com\/blog\/2008\/11\/03\/dion-deshiron-te-behet-nene-pas-turneut\/","og_site_name":"Lajme nga Ulqini","article_published_time":"2008-11-03T21:52:35+00:00","og_image":[{"url":"http:\/\/www.visit-ulcinj.com\/blog\/wp-content\/uploads\/2008\/11\/celine-dion-300x225.jpg"}],"twitter_misc":{"Written by":"ulqini","Est. reading time":"1 minute"},"schema":{"@context":"https:\/\/schema.org","@graph":[{"@type":"WebSite","@id":"https:\/\/www.visit-ulcinj.com\/blog\/#website","url":"https:\/\/www.visit-ulcinj.com\/blog\/","name":"Lajme nga Ulqini","description":"Lajme,Vijesti,Ulqini,Ulqin,Crna Gora,Mali i Zi","potentialAction":[{"@type":"SearchAction","target":{"@type":"EntryPoint","urlTemplate":"https:\/\/www.visit-ulcinj.com\/blog\/?s={search_term_string}"},"query-input":"required name=search_term_string"}],"inLanguage":"en-US"},{"@type":"ImageObject","inLanguage":"en-US","@id":"https:\/\/www.visit-ulcinj.com\/blog\/2008\/11\/03\/dion-deshiron-te-behet-nene-pas-turneut\/#primaryimage","url":"http:\/\/www.visit-ulcinj.com\/blog\/wp-content\/uploads\/2008\/11\/celine-dion-300x225.jpg","contentUrl":"http:\/\/www.visit-ulcinj.com\/blog\/wp-content\/uploads\/2008\/11\/celine-dion-300x225.jpg"},{"@type":"WebPage","@id":"https:\/\/www.visit-ulcinj.com\/blog\/2008\/11\/03\/dion-deshiron-te-behet-nene-pas-turneut\/#webpage","url":"https:\/\/www.visit-ulcinj.com\/blog\/2008\/11\/03\/dion-deshiron-te-behet-nene-pas-turneut\/","name":"DION d\u00ebshiron t\u00eb b\u00ebhet n\u00ebn\u00eb pas turneut - Lajme nga Ulqini","isPartOf":{"@id":"https:\/\/www.visit-ulcinj.com\/blog\/#website"},"primaryImageOfPage":{"@id":"https:\/\/www.visit-ulcinj.com\/blog\/2008\/11\/03\/dion-deshiron-te-behet-nene-pas-turneut\/#primaryimage"},"datePublished":"2008-11-03T21:52:35+00:00","dateModified":"2008-11-03T21:52:35+00:00","author":{"@id":"https:\/\/www.visit-ulcinj.com\/blog\/#\/schema\/person\/dcab619c614d3038751c63bc2aadc06d"},"description":"Ylli i muzik\u00ebs pop, Celine Dion, do t\u00eb p\u00ebrpiqet t\u00eb shtoj\u00eb familjen edhe me nj\u00eb f\u00ebmij\u00eb. Por p\u00ebr k\u00ebt\u00eb ka b\u00ebr\u00eb nj\u00eb axhend\u00eb. Dhe f\u00ebmija \u00ebsht\u00eb menduar t\u00eb","breadcrumb":{"@id":"https:\/\/www.visit-ulcinj.com\/blog\/2008\/11\/03\/dion-deshiron-te-behet-nene-pas-turneut\/#breadcrumb"},"inLanguage":"en-US","potentialAction":[{"@type":"ReadAction","target":["https:\/\/www.visit-ulcinj.com\/blog\/2008\/11\/03\/dion-deshiron-te-behet-nene-pas-turneut\/"]}]},{"@type":"BreadcrumbList","@id":"https:\/\/www.visit-ulcinj.com\/blog\/2008\/11\/03\/dion-deshiron-te-behet-nene-pas-turneut\/#breadcrumb","itemListElement":[{"@type":"ListItem","position":1,"name":"DION d\u00ebshiron t\u00eb b\u00ebhet n\u00ebn\u00eb pas turneut"}]},{"@type":"Person","@id":"https:\/\/www.visit-ulcinj.com\/blog\/#\/schema\/person\/dcab619c614d3038751c63bc2aadc06d","name":"ulqini","sameAs":["http:\/\/www.visit-ulcinj.com"],"url":"https:\/\/www.visit-ulcinj.com\/blog\/author\/admin\/"}]}},"jetpack_featured_media_url":"","jetpack_sharing_enabled":true,"jetpack_shortlink":"https:\/\/wp.me\/pe6lTn-1oY","_links":{"self":[{"href":"https:\/\/www.visit-ulcinj.com\/blog\/wp-json\/wp\/v2\/posts\/5392"}],"collection":[{"href":"https:\/\/www.visit-ulcinj.com\/blog\/wp-json\/wp\/v2\/posts"}],"about":[{"href":"https:\/\/www.visit-ulcinj.com\/blog\/wp-json\/wp\/v2\/types\/post"}],"author":[{"embeddable":true,"href":"https:\/\/www.visit-ulcinj.com\/blog\/wp-json\/wp\/v2\/users\/1"}],"replies":[{"embeddable":true,"href":"https:\/\/www.visit-ulcinj.com\/blog\/wp-json\/wp\/v2\/comments?post=5392"}],"version-history":[{"count":0,"href":"https:\/\/www.visit-ulcinj.com\/blog\/wp-json\/wp\/v2\/posts\/5392\/revisions"}],"wp:attachment":[{"href":"https:\/\/www.visit-ulcinj.com\/blog\/wp-json\/wp\/v2\/media?parent=5392"}],"wp:term":[{"taxonomy":"category","embeddable":true,"href":"https:\/\/www.visit-ulcinj.com\/blog\/wp-json\/wp\/v2\/categories?post=5392"},{"taxonomy":"post_tag","embeddable":true,"href":"https:\/\/www.visit-ulcinj.com\/blog\/wp-json\/wp\/v2\/tags?post=5392"}],"curies":[{"name":"wp","href":"https:\/\/api.w.org\/{rel}","templated":true}]}}