{"id":53940,"date":"2011-12-02T21:42:44","date_gmt":"2011-12-02T20:42:44","guid":{"rendered":"http:\/\/www.visit-ulcinj.com\/blog\/?p=53940"},"modified":"2011-12-04T00:49:19","modified_gmt":"2011-12-03T23:49:19","slug":"festa-e-flamurit-organizuar-nga-shoqata-e-anes-se-malit-ne-staten-island-new-york","status":"publish","type":"post","link":"https:\/\/www.visit-ulcinj.com\/blog\/2011\/12\/02\/festa-e-flamurit-organizuar-nga-shoqata-e-anes-se-malit-ne-staten-island-new-york\/","title":{"rendered":"Festa e Flamurit organizuar nga shoqata e Anes se Malit n\u00eb Staten Island, New York"},"content":{"rendered":"<p><a href=\"http:\/\/www.visit-ulcinj.com\/blog\/wp-content\/uploads\/2011\/12\/Festa-e-Flamurit-organizuar-nga-shoqata-e-Anes-se-Malit.jpg\"><img loading=\"lazy\" class=\"alignleft size-full wp-image-53941\" title=\"Festa e Flamurit organizuar nga shoqata e Anes se Malit\" src=\"http:\/\/www.visit-ulcinj.com\/blog\/wp-content\/uploads\/2011\/12\/Festa-e-Flamurit-organizuar-nga-shoqata-e-Anes-se-Malit.jpg\" alt=\"\" width=\"508\" height=\"380\" srcset=\"https:\/\/www.visit-ulcinj.com\/blog\/wp-content\/uploads\/2011\/12\/Festa-e-Flamurit-organizuar-nga-shoqata-e-Anes-se-Malit.jpg 960w, https:\/\/www.visit-ulcinj.com\/blog\/wp-content\/uploads\/2011\/12\/Festa-e-Flamurit-organizuar-nga-shoqata-e-Anes-se-Malit-300x225.jpg 300w\" sizes=\"(max-width: 508px) 100vw, 508px\" \/><\/a>Shoqata Shqiptaro Amerikane &#8220;Ana e Malit&#8221; festoi me madh\u00ebshti, m\u00eb 28 N\u00ebntor 2010, Dit\u00ebn e Pavar\u00ebsis\u00eb, n\u00eb hotelin &#8220;Hilton Garden INN&#8221; n\u00eb Staten Island, New York . Qindra shqiptar\u00eb u mblodh\u00ebn n\u00eb k\u00ebt\u00eb dit\u00eb t\u00eb bukur festive, n\u00eb dit\u00ebn e shenjt\u00eb t\u00eb Flamurit shqiptar!<br \/>\nN\u00eb hyrje t\u00eb restorantit \u00a0n\u00eb hotelin &#8220;Hilton Garden INN&#8221; pjes\u00ebmarr\u00ebsve iu uronte mir\u00ebseardhjen z.Naser \u00c7obaj, kryetar i shoqat\u00ebs &#8220;Ana e Malit.<\/p>\n<p>Programin e ka prezantuar\u00a0 vajza simpatike Iliriana Zeneli. Pasi \u00ebsht\u00eb k\u00ebnduar Hymni Shqiptar dhe ai amerikan, fjal\u00ebn e p\u00ebrsh\u00ebndetjes e ka mbajtur z.Naser \u00c7obaj i cili nd\u00ebrmjet t\u00eb tjerash tha: Shoqata &#8220;Ana e Malit&#8221; \u00ebsht\u00eb mbledhur sonte me ju t\u00eb festoj\u00eb Dit\u00ebn e Flamurit ton\u00eb Komb\u00ebtar, e cila tradicionalisht \u00ebsht\u00eb b\u00ebr\u00eb dhe dark\u00eb vjetore e shoqat\u00ebs.<\/p>\n<p>N\u00eb fjal\u00ebn p\u00ebrsh\u00ebndetse t\u00eb mbajtur nga kryetari i shqoqat\u00ebs z. Naser \u00c7obaj, nd\u00ebr t\u00eb tjera foli edhe p\u00ebr ndihmat q\u00eb mblidhen nga shoqata p\u00ebr vendlindje si dhe aktivitetet e\u00a0 nisura p\u00ebr ta b\u00ebr\u00eb shkoll\u00ebn e vjet\u00ebr n\u00eb Kat\u00ebrkoll\u00eb nj\u00eb muze etnografik t\u00eb trev\u00ebs s\u00eb An\u00ebs s\u00eb Malit.<br \/>\n\u2018\u2019Shoqata apelon te shteti i Malit t\u00eb Zi se politika t\u00eb cil\u00ebn \u00ebsht\u00eb duke e udh\u00ebhqur, p\u00ebr diaspor\u00ebn shqiptare nga Mali I Zi \u00ebsht\u00eb diskriminuese. Shteti malazez duhet t\u00ebplot\u00ebsoj\u00eb t\u00eb gjitha k\u00ebrkesat e shqiptareve atje\u2019\u2019, shtoi z. \u00c7obaj.<\/p>\n<p>Ana e Malit ka mjaft personalitete t\u00eb shquara t\u00eb cil\u00ebt po japin kontributin e duhur n\u00eb \u00e7\u00ebshtjen Komb\u00ebtare. N\u00eb k\u00ebt\u00eb fest\u00eb t\u00eb Flamurit ka p\u00ebrsh\u00ebndetur dhe Dr.Bahri Ceka i cili iu uroi t\u00eb gjith\u00eb shqiptar\u00ebve: G\u00ebzuar Dit\u00ebn e Flamurit Shqiptar,gjithashtu foli edhe Edin Gjoni,Amir Hollaj,konzuli I \u00a0Kosov\u00ebs,abasadori I republikes s\u00eb Shqip\u00ebris,dhe shum\u00eb personalitete tjera.<\/p>\n<p>N\u00eb fund t\u00eb fjalimit z.Cobaj theksoi se kontributi yn\u00eb do t\u00eb jet\u00eb i suksessh\u00ebm n\u00eb se arrijm\u00eb dy objektiva, ate t\u00eb ndalimit t\u00eb shp\u00ebrnguljes nga vendlindja, si edhe at\u00eb t\u00eb ruajtjes s\u00eb gjuh\u00ebs son\u00eb dhe krenaris\u00eb komb\u00ebtare.<\/p>\n<p>Pas fjal\u00ebs p\u00ebrsh\u00ebndet\u00ebse t\u00eb kryetarit sall\u00ebn e ka p\u00ebrfshir\u00eb nj\u00eb entuziaz\u00ebm i shk\u00eblqyer, kur vajzat dhe djemt\u00eb t\u00eb veshur me kostume komb\u00ebtare kan\u00eb interpretuar vallen e &#8220;An\u00ebs s\u00eb Malit&#8221;, vallen e &#8220;Xhamadanit&#8221; dhe t\u00eb &#8220;Rugov\u00ebs&#8221; t\u00eb p\u00ebrgatitura mjesht\u00ebrisht nga znj.Sulltane Gjeka.<\/p>\n<p>P\u00ebr m\u00eb shum\u00eb reth k\u00ebtij aktiviteti madh\u00ebshtor shikoni videon e plot\u00eb t\u00eb televizionit AlbaLife nga Kozeta Zylo.<br \/>\n\n\t\t<style type=\"text\/css\">\n\t\t\t#gallery-1 {\n\t\t\t\tmargin: auto;\n\t\t\t}\n\t\t\t#gallery-1 .gallery-item {\n\t\t\t\tfloat: left;\n\t\t\t\tmargin-top: 10px;\n\t\t\t\ttext-align: center;\n\t\t\t\twidth: 33%;\n\t\t\t}\n\t\t\t#gallery-1 img {\n\t\t\t\tborder: 2px solid #cfcfcf;\n\t\t\t}\n\t\t\t#gallery-1 .gallery-caption {\n\t\t\t\tmargin-left: 0;\n\t\t\t}\n\t\t\t\/* see gallery_shortcode() in wp-includes\/media.php *\/\n\t\t<\/style>\n\t\t<div id='gallery-1' class='gallery galleryid-53940 gallery-columns-3 gallery-size-thumbnail'><dl class='gallery-item'>\n\t\t\t<dt class='gallery-icon landscape'>\n\t\t\t\t<a href='https:\/\/www.visit-ulcinj.com\/blog\/wp-content\/uploads\/2011\/12\/Festa-e-Flamurit-organizuar-nga-shoqata-e-Anes-se-Malit.jpg'><img width=\"150\" height=\"150\" src=\"https:\/\/www.visit-ulcinj.com\/blog\/wp-content\/uploads\/2011\/12\/Festa-e-Flamurit-organizuar-nga-shoqata-e-Anes-se-Malit-150x150.jpg\" class=\"attachment-thumbnail size-thumbnail\" alt=\"\" loading=\"lazy\" \/><\/a>\n\t\t\t<\/dt><\/dl><dl class='gallery-item'>\n\t\t\t<dt class='gallery-icon landscape'>\n\t\t\t\t<a href='https:\/\/www.visit-ulcinj.com\/blog\/wp-content\/uploads\/2011\/12\/Festa-e-Flamurit-organizuar-nga-shoqata-e-Anes-se-Malit.1.jpg'><img width=\"150\" height=\"150\" src=\"https:\/\/www.visit-ulcinj.com\/blog\/wp-content\/uploads\/2011\/12\/Festa-e-Flamurit-organizuar-nga-shoqata-e-Anes-se-Malit.1-150x150.jpg\" class=\"attachment-thumbnail size-thumbnail\" alt=\"\" loading=\"lazy\" \/><\/a>\n\t\t\t<\/dt><\/dl><dl class='gallery-item'>\n\t\t\t<dt class='gallery-icon landscape'>\n\t\t\t\t<a href='https:\/\/www.visit-ulcinj.com\/blog\/wp-content\/uploads\/2011\/12\/Festa-e-Flamurit-organizuar-nga-shoqata-e-Anes-se-Malit.2.jpg'><img width=\"150\" height=\"150\" src=\"https:\/\/www.visit-ulcinj.com\/blog\/wp-content\/uploads\/2011\/12\/Festa-e-Flamurit-organizuar-nga-shoqata-e-Anes-se-Malit.2-150x150.jpg\" class=\"attachment-thumbnail size-thumbnail\" alt=\"\" loading=\"lazy\" \/><\/a>\n\t\t\t<\/dt><\/dl><br style=\"clear: both\" \/><dl class='gallery-item'>\n\t\t\t<dt class='gallery-icon landscape'>\n\t\t\t\t<a href='https:\/\/www.visit-ulcinj.com\/blog\/wp-content\/uploads\/2011\/12\/Festa-e-Flamurit-organizuar-nga-shoqata-e-Anes-se-Malit.3.jpg'><img width=\"150\" height=\"150\" src=\"https:\/\/www.visit-ulcinj.com\/blog\/wp-content\/uploads\/2011\/12\/Festa-e-Flamurit-organizuar-nga-shoqata-e-Anes-se-Malit.3-150x150.jpg\" class=\"attachment-thumbnail size-thumbnail\" alt=\"\" loading=\"lazy\" \/><\/a>\n\t\t\t<\/dt><\/dl><dl class='gallery-item'>\n\t\t\t<dt class='gallery-icon landscape'>\n\t\t\t\t<a href='https:\/\/www.visit-ulcinj.com\/blog\/wp-content\/uploads\/2011\/12\/Festa-e-Flamurit-organizuar-nga-shoqata-e-Anes-se-Malit.4.jpg'><img width=\"150\" height=\"150\" src=\"https:\/\/www.visit-ulcinj.com\/blog\/wp-content\/uploads\/2011\/12\/Festa-e-Flamurit-organizuar-nga-shoqata-e-Anes-se-Malit.4-150x150.jpg\" class=\"attachment-thumbnail size-thumbnail\" alt=\"\" loading=\"lazy\" \/><\/a>\n\t\t\t<\/dt><\/dl><dl class='gallery-item'>\n\t\t\t<dt class='gallery-icon landscape'>\n\t\t\t\t<a href='https:\/\/www.visit-ulcinj.com\/blog\/wp-content\/uploads\/2011\/12\/Festa-e-Flamurit-organizuar-nga-shoqata-e-Anes-se-Malit.5.jpg'><img width=\"150\" height=\"150\" src=\"https:\/\/www.visit-ulcinj.com\/blog\/wp-content\/uploads\/2011\/12\/Festa-e-Flamurit-organizuar-nga-shoqata-e-Anes-se-Malit.5-150x150.jpg\" class=\"attachment-thumbnail size-thumbnail\" alt=\"\" loading=\"lazy\" \/><\/a>\n\t\t\t<\/dt><\/dl><br style=\"clear: both\" \/><dl class='gallery-item'>\n\t\t\t<dt class='gallery-icon landscape'>\n\t\t\t\t<a href='https:\/\/www.visit-ulcinj.com\/blog\/wp-content\/uploads\/2011\/12\/Festa-e-Flamurit-organizuar-nga-shoqata-e-Anes-se-Malit.6.jpg'><img width=\"150\" height=\"150\" src=\"https:\/\/www.visit-ulcinj.com\/blog\/wp-content\/uploads\/2011\/12\/Festa-e-Flamurit-organizuar-nga-shoqata-e-Anes-se-Malit.6-150x150.jpg\" class=\"attachment-thumbnail size-thumbnail\" alt=\"\" loading=\"lazy\" \/><\/a>\n\t\t\t<\/dt><\/dl><dl class='gallery-item'>\n\t\t\t<dt class='gallery-icon landscape'>\n\t\t\t\t<a href='https:\/\/www.visit-ulcinj.com\/blog\/wp-content\/uploads\/2011\/12\/Festa-e-Flamurit-organizuar-nga-shoqata-e-Anes-se-Malit.7.jpg'><img width=\"150\" height=\"150\" src=\"https:\/\/www.visit-ulcinj.com\/blog\/wp-content\/uploads\/2011\/12\/Festa-e-Flamurit-organizuar-nga-shoqata-e-Anes-se-Malit.7-150x150.jpg\" class=\"attachment-thumbnail size-thumbnail\" alt=\"\" loading=\"lazy\" \/><\/a>\n\t\t\t<\/dt><\/dl><dl class='gallery-item'>\n\t\t\t<dt class='gallery-icon landscape'>\n\t\t\t\t<a href='https:\/\/www.visit-ulcinj.com\/blog\/wp-content\/uploads\/2011\/12\/Festa-e-Flamurit-organizuar-nga-shoqata-e-Anes-se-Malit.8.jpg'><img width=\"150\" height=\"150\" src=\"https:\/\/www.visit-ulcinj.com\/blog\/wp-content\/uploads\/2011\/12\/Festa-e-Flamurit-organizuar-nga-shoqata-e-Anes-se-Malit.8-150x150.jpg\" class=\"attachment-thumbnail size-thumbnail\" alt=\"\" loading=\"lazy\" \/><\/a>\n\t\t\t<\/dt><\/dl><br style=\"clear: both\" \/><dl class='gallery-item'>\n\t\t\t<dt class='gallery-icon landscape'>\n\t\t\t\t<a href='https:\/\/www.visit-ulcinj.com\/blog\/wp-content\/uploads\/2011\/12\/Festa-e-Flamurit-organizuar-nga-shoqata-e-Anes-se-Malit.9.jpg'><img width=\"150\" height=\"150\" src=\"https:\/\/www.visit-ulcinj.com\/blog\/wp-content\/uploads\/2011\/12\/Festa-e-Flamurit-organizuar-nga-shoqata-e-Anes-se-Malit.9-150x150.jpg\" class=\"attachment-thumbnail size-thumbnail\" alt=\"\" loading=\"lazy\" \/><\/a>\n\t\t\t<\/dt><\/dl><dl class='gallery-item'>\n\t\t\t<dt class='gallery-icon landscape'>\n\t\t\t\t<a href='https:\/\/www.visit-ulcinj.com\/blog\/wp-content\/uploads\/2011\/12\/Festa-e-Flamurit-organizuar-nga-shoqata-e-Anes-se-Malit.10.jpg'><img width=\"150\" height=\"150\" src=\"https:\/\/www.visit-ulcinj.com\/blog\/wp-content\/uploads\/2011\/12\/Festa-e-Flamurit-organizuar-nga-shoqata-e-Anes-se-Malit.10-150x150.jpg\" class=\"attachment-thumbnail size-thumbnail\" alt=\"\" loading=\"lazy\" \/><\/a>\n\t\t\t<\/dt><\/dl><dl class='gallery-item'>\n\t\t\t<dt class='gallery-icon landscape'>\n\t\t\t\t<a href='https:\/\/www.visit-ulcinj.com\/blog\/wp-content\/uploads\/2011\/12\/Festa-e-Flamurit-organizuar-nga-shoqata-e-Anes-se-Malit.11.jpg'><img width=\"150\" height=\"150\" src=\"https:\/\/www.visit-ulcinj.com\/blog\/wp-content\/uploads\/2011\/12\/Festa-e-Flamurit-organizuar-nga-shoqata-e-Anes-se-Malit.11-150x150.jpg\" class=\"attachment-thumbnail size-thumbnail\" alt=\"\" loading=\"lazy\" \/><\/a>\n\t\t\t<\/dt><\/dl><br style=\"clear: both\" \/>\n\t\t<\/div>\n<br \/>\n<!--YouTube Error: bad URL entered--><\/p>\n","protected":false},"excerpt":{"rendered":"<p>Shoqata Shqiptaro Amerikane &#8220;Ana e Malit&#8221; festoi me madh\u00ebshti, m\u00eb 28 N\u00ebntor 2010, Dit\u00ebn e Pavar\u00ebsis\u00eb, n\u00eb hotelin &#8220;Hilton Garden INN&#8221; n\u00eb Staten Island, New York . Qindra shqiptar\u00eb u mblodh\u00ebn n\u00eb k\u00ebt\u00eb dit\u00eb t\u00eb bukur festive, n\u00eb dit\u00ebn e shenjt\u00eb t\u00eb Flamurit shqiptar! N\u00eb hyrje t\u00eb restorantit \u00a0n\u00eb hotelin &#8220;Hilton Garden INN&#8221; pjes\u00ebmarr\u00ebsve iu [&hellip;]<\/p>\n","protected":false},"author":1,"featured_media":0,"comment_status":"open","ping_status":"closed","sticky":false,"template":"","format":"standard","meta":{"spay_email":"","jetpack_publicize_message":"","jetpack_is_tweetstorm":false,"jetpack_publicize_feature_enabled":true},"categories":[1,6950],"tags":[212,17828,17834,18370,17811,17831,18362,14353,17808,14354,12340,17840,17839,18363,17835,17814,17810,17816,17071,17807,3516,14652,17837,17827,14358,222,17802,17812,17803,17820,17825,17817,19535,17805,305,17823,17832,3506,17818,214,17680,14362,14363,18371,3507,17800,498,3500,16771,115,14364,17799,3327,17841,17826,15213,18236,3512,17806,11648,18289,17838,95,17813,17804,15141,19495,17836,14366,79,17073,18294,118,18368,18369,4642,1653,1909,14367,17801,18360,17822,14368,14369,17824,14370,18291,2083,3231,14371,41,3617,16769,3722,14372,17844,17821,18372,16770,17830,17077,18295,14375,17833,17829,899,200,18,17819,17809,4265,14376],"jetpack_publicize_connections":[],"yoast_head":"<!-- This site is optimized with the Yoast SEO plugin v19.1 - https:\/\/yoast.com\/wordpress\/plugins\/seo\/ -->\n<title>Festa e Flamurit organizuar nga shoqata e Anes se Malit n\u00eb Staten Island, New York - Lajme nga Ulqini<\/title>\n<meta name=\"description\" content=\"Shoqata Shqiptaro Amerikane &quot;Ana e Malit&quot; festoi me madh\u00ebshti, m\u00eb 28 N\u00ebntor 2010, Dit\u00ebn e Pavar\u00ebsis\u00eb, n\u00eb hotelin &quot;Hilton Garden INN&quot; n\u00eb Staten Island, New\" \/>\n<meta name=\"robots\" content=\"index, follow, max-snippet:-1, max-image-preview:large, max-video-preview:-1\" \/>\n<link rel=\"canonical\" href=\"https:\/\/www.visit-ulcinj.com\/blog\/2011\/12\/02\/festa-e-flamurit-organizuar-nga-shoqata-e-anes-se-malit-ne-staten-island-new-york\/\" \/>\n<meta property=\"og:locale\" content=\"en_US\" \/>\n<meta property=\"og:type\" content=\"article\" \/>\n<meta property=\"og:title\" content=\"Festa e Flamurit organizuar nga shoqata e Anes se Malit n\u00eb Staten Island, New York - Lajme nga Ulqini\" \/>\n<meta property=\"og:description\" content=\"Shoqata Shqiptaro Amerikane &quot;Ana e Malit&quot; festoi me madh\u00ebshti, m\u00eb 28 N\u00ebntor 2010, Dit\u00ebn e Pavar\u00ebsis\u00eb, n\u00eb hotelin &quot;Hilton Garden INN&quot; n\u00eb Staten Island, New\" \/>\n<meta property=\"og:url\" content=\"https:\/\/www.visit-ulcinj.com\/blog\/2011\/12\/02\/festa-e-flamurit-organizuar-nga-shoqata-e-anes-se-malit-ne-staten-island-new-york\/\" \/>\n<meta property=\"og:site_name\" content=\"Lajme nga Ulqini\" \/>\n<meta property=\"article:published_time\" content=\"2011-12-02T20:42:44+00:00\" \/>\n<meta property=\"article:modified_time\" content=\"2011-12-03T23:49:19+00:00\" \/>\n<meta property=\"og:image\" content=\"https:\/\/www.visit-ulcinj.com\/blog\/wp-content\/uploads\/2011\/12\/Festa-e-Flamurit-organizuar-nga-shoqata-e-Anes-se-Malit-150x150.jpg\" \/>\n<meta name=\"twitter:label1\" content=\"Written by\" \/>\n\t<meta name=\"twitter:data1\" content=\"ulqini\" \/>\n\t<meta name=\"twitter:label2\" content=\"Est. reading time\" \/>\n\t<meta name=\"twitter:data2\" content=\"2 minutes\" \/>\n<script type=\"application\/ld+json\" class=\"yoast-schema-graph\">{\"@context\":\"https:\/\/schema.org\",\"@graph\":[{\"@type\":\"WebSite\",\"@id\":\"https:\/\/www.visit-ulcinj.com\/blog\/#website\",\"url\":\"https:\/\/www.visit-ulcinj.com\/blog\/\",\"name\":\"Lajme nga Ulqini\",\"description\":\"Lajme,Vijesti,Ulqini,Ulqin,Crna Gora,Mali i Zi\",\"potentialAction\":[{\"@type\":\"SearchAction\",\"target\":{\"@type\":\"EntryPoint\",\"urlTemplate\":\"https:\/\/www.visit-ulcinj.com\/blog\/?s={search_term_string}\"},\"query-input\":\"required name=search_term_string\"}],\"inLanguage\":\"en-US\"},{\"@type\":\"ImageObject\",\"inLanguage\":\"en-US\",\"@id\":\"https:\/\/www.visit-ulcinj.com\/blog\/2011\/12\/02\/festa-e-flamurit-organizuar-nga-shoqata-e-anes-se-malit-ne-staten-island-new-york\/#primaryimage\",\"url\":\"https:\/\/www.visit-ulcinj.com\/blog\/wp-content\/uploads\/2011\/12\/Festa-e-Flamurit-organizuar-nga-shoqata-e-Anes-se-Malit.jpg\",\"contentUrl\":\"https:\/\/www.visit-ulcinj.com\/blog\/wp-content\/uploads\/2011\/12\/Festa-e-Flamurit-organizuar-nga-shoqata-e-Anes-se-Malit.jpg\",\"width\":\"960\",\"height\":\"720\"},{\"@type\":\"WebPage\",\"@id\":\"https:\/\/www.visit-ulcinj.com\/blog\/2011\/12\/02\/festa-e-flamurit-organizuar-nga-shoqata-e-anes-se-malit-ne-staten-island-new-york\/#webpage\",\"url\":\"https:\/\/www.visit-ulcinj.com\/blog\/2011\/12\/02\/festa-e-flamurit-organizuar-nga-shoqata-e-anes-se-malit-ne-staten-island-new-york\/\",\"name\":\"Festa e Flamurit organizuar nga shoqata e Anes se Malit n\u00eb Staten Island, New York - Lajme nga Ulqini\",\"isPartOf\":{\"@id\":\"https:\/\/www.visit-ulcinj.com\/blog\/#website\"},\"primaryImageOfPage\":{\"@id\":\"https:\/\/www.visit-ulcinj.com\/blog\/2011\/12\/02\/festa-e-flamurit-organizuar-nga-shoqata-e-anes-se-malit-ne-staten-island-new-york\/#primaryimage\"},\"datePublished\":\"2011-12-02T20:42:44+00:00\",\"dateModified\":\"2011-12-03T23:49:19+00:00\",\"author\":{\"@id\":\"https:\/\/www.visit-ulcinj.com\/blog\/#\/schema\/person\/dcab619c614d3038751c63bc2aadc06d\"},\"description\":\"Shoqata Shqiptaro Amerikane \\\"Ana e Malit\\\" festoi me madh\u00ebshti, m\u00eb 28 N\u00ebntor 2010, Dit\u00ebn e Pavar\u00ebsis\u00eb, n\u00eb hotelin \\\"Hilton Garden INN\\\" n\u00eb Staten Island, New\",\"breadcrumb\":{\"@id\":\"https:\/\/www.visit-ulcinj.com\/blog\/2011\/12\/02\/festa-e-flamurit-organizuar-nga-shoqata-e-anes-se-malit-ne-staten-island-new-york\/#breadcrumb\"},\"inLanguage\":\"en-US\",\"potentialAction\":[{\"@type\":\"ReadAction\",\"target\":[\"https:\/\/www.visit-ulcinj.com\/blog\/2011\/12\/02\/festa-e-flamurit-organizuar-nga-shoqata-e-anes-se-malit-ne-staten-island-new-york\/\"]}]},{\"@type\":\"BreadcrumbList\",\"@id\":\"https:\/\/www.visit-ulcinj.com\/blog\/2011\/12\/02\/festa-e-flamurit-organizuar-nga-shoqata-e-anes-se-malit-ne-staten-island-new-york\/#breadcrumb\",\"itemListElement\":[{\"@type\":\"ListItem\",\"position\":1,\"name\":\"Festa e Flamurit organizuar nga shoqata e Anes se Malit n\u00eb Staten Island, New York\"}]},{\"@type\":\"Person\",\"@id\":\"https:\/\/www.visit-ulcinj.com\/blog\/#\/schema\/person\/dcab619c614d3038751c63bc2aadc06d\",\"name\":\"ulqini\",\"sameAs\":[\"http:\/\/www.visit-ulcinj.com\"],\"url\":\"https:\/\/www.visit-ulcinj.com\/blog\/author\/admin\/\"}]}<\/script>\n<!-- \/ Yoast SEO plugin. -->","yoast_head_json":{"title":"Festa e Flamurit organizuar nga shoqata e Anes se Malit n\u00eb Staten Island, New York - Lajme nga Ulqini","description":"Shoqata Shqiptaro Amerikane \"Ana e Malit\" festoi me madh\u00ebshti, m\u00eb 28 N\u00ebntor 2010, Dit\u00ebn e Pavar\u00ebsis\u00eb, n\u00eb hotelin \"Hilton Garden INN\" n\u00eb Staten Island, New","robots":{"index":"index","follow":"follow","max-snippet":"max-snippet:-1","max-image-preview":"max-image-preview:large","max-video-preview":"max-video-preview:-1"},"canonical":"https:\/\/www.visit-ulcinj.com\/blog\/2011\/12\/02\/festa-e-flamurit-organizuar-nga-shoqata-e-anes-se-malit-ne-staten-island-new-york\/","og_locale":"en_US","og_type":"article","og_title":"Festa e Flamurit organizuar nga shoqata e Anes se Malit n\u00eb Staten Island, New York - Lajme nga Ulqini","og_description":"Shoqata Shqiptaro Amerikane \"Ana e Malit\" festoi me madh\u00ebshti, m\u00eb 28 N\u00ebntor 2010, Dit\u00ebn e Pavar\u00ebsis\u00eb, n\u00eb hotelin \"Hilton Garden INN\" n\u00eb Staten Island, New","og_url":"https:\/\/www.visit-ulcinj.com\/blog\/2011\/12\/02\/festa-e-flamurit-organizuar-nga-shoqata-e-anes-se-malit-ne-staten-island-new-york\/","og_site_name":"Lajme nga Ulqini","article_published_time":"2011-12-02T20:42:44+00:00","article_modified_time":"2011-12-03T23:49:19+00:00","og_image":[{"url":"https:\/\/www.visit-ulcinj.com\/blog\/wp-content\/uploads\/2011\/12\/Festa-e-Flamurit-organizuar-nga-shoqata-e-Anes-se-Malit-150x150.jpg"}],"twitter_misc":{"Written by":"ulqini","Est. reading time":"2 minutes"},"schema":{"@context":"https:\/\/schema.org","@graph":[{"@type":"WebSite","@id":"https:\/\/www.visit-ulcinj.com\/blog\/#website","url":"https:\/\/www.visit-ulcinj.com\/blog\/","name":"Lajme nga Ulqini","description":"Lajme,Vijesti,Ulqini,Ulqin,Crna Gora,Mali i Zi","potentialAction":[{"@type":"SearchAction","target":{"@type":"EntryPoint","urlTemplate":"https:\/\/www.visit-ulcinj.com\/blog\/?s={search_term_string}"},"query-input":"required name=search_term_string"}],"inLanguage":"en-US"},{"@type":"ImageObject","inLanguage":"en-US","@id":"https:\/\/www.visit-ulcinj.com\/blog\/2011\/12\/02\/festa-e-flamurit-organizuar-nga-shoqata-e-anes-se-malit-ne-staten-island-new-york\/#primaryimage","url":"https:\/\/www.visit-ulcinj.com\/blog\/wp-content\/uploads\/2011\/12\/Festa-e-Flamurit-organizuar-nga-shoqata-e-Anes-se-Malit.jpg","contentUrl":"https:\/\/www.visit-ulcinj.com\/blog\/wp-content\/uploads\/2011\/12\/Festa-e-Flamurit-organizuar-nga-shoqata-e-Anes-se-Malit.jpg","width":"960","height":"720"},{"@type":"WebPage","@id":"https:\/\/www.visit-ulcinj.com\/blog\/2011\/12\/02\/festa-e-flamurit-organizuar-nga-shoqata-e-anes-se-malit-ne-staten-island-new-york\/#webpage","url":"https:\/\/www.visit-ulcinj.com\/blog\/2011\/12\/02\/festa-e-flamurit-organizuar-nga-shoqata-e-anes-se-malit-ne-staten-island-new-york\/","name":"Festa e Flamurit organizuar nga shoqata e Anes se Malit n\u00eb Staten Island, New York - Lajme nga Ulqini","isPartOf":{"@id":"https:\/\/www.visit-ulcinj.com\/blog\/#website"},"primaryImageOfPage":{"@id":"https:\/\/www.visit-ulcinj.com\/blog\/2011\/12\/02\/festa-e-flamurit-organizuar-nga-shoqata-e-anes-se-malit-ne-staten-island-new-york\/#primaryimage"},"datePublished":"2011-12-02T20:42:44+00:00","dateModified":"2011-12-03T23:49:19+00:00","author":{"@id":"https:\/\/www.visit-ulcinj.com\/blog\/#\/schema\/person\/dcab619c614d3038751c63bc2aadc06d"},"description":"Shoqata Shqiptaro Amerikane \"Ana e Malit\" festoi me madh\u00ebshti, m\u00eb 28 N\u00ebntor 2010, Dit\u00ebn e Pavar\u00ebsis\u00eb, n\u00eb hotelin \"Hilton Garden INN\" n\u00eb Staten Island, New","breadcrumb":{"@id":"https:\/\/www.visit-ulcinj.com\/blog\/2011\/12\/02\/festa-e-flamurit-organizuar-nga-shoqata-e-anes-se-malit-ne-staten-island-new-york\/#breadcrumb"},"inLanguage":"en-US","potentialAction":[{"@type":"ReadAction","target":["https:\/\/www.visit-ulcinj.com\/blog\/2011\/12\/02\/festa-e-flamurit-organizuar-nga-shoqata-e-anes-se-malit-ne-staten-island-new-york\/"]}]},{"@type":"BreadcrumbList","@id":"https:\/\/www.visit-ulcinj.com\/blog\/2011\/12\/02\/festa-e-flamurit-organizuar-nga-shoqata-e-anes-se-malit-ne-staten-island-new-york\/#breadcrumb","itemListElement":[{"@type":"ListItem","position":1,"name":"Festa e Flamurit organizuar nga shoqata e Anes se Malit n\u00eb Staten Island, New York"}]},{"@type":"Person","@id":"https:\/\/www.visit-ulcinj.com\/blog\/#\/schema\/person\/dcab619c614d3038751c63bc2aadc06d","name":"ulqini","sameAs":["http:\/\/www.visit-ulcinj.com"],"url":"https:\/\/www.visit-ulcinj.com\/blog\/author\/admin\/"}]}},"jetpack_featured_media_url":"","jetpack_sharing_enabled":true,"jetpack_shortlink":"https:\/\/wp.me\/pe6lTn-e20","_links":{"self":[{"href":"https:\/\/www.visit-ulcinj.com\/blog\/wp-json\/wp\/v2\/posts\/53940"}],"collection":[{"href":"https:\/\/www.visit-ulcinj.com\/blog\/wp-json\/wp\/v2\/posts"}],"about":[{"href":"https:\/\/www.visit-ulcinj.com\/blog\/wp-json\/wp\/v2\/types\/post"}],"author":[{"embeddable":true,"href":"https:\/\/www.visit-ulcinj.com\/blog\/wp-json\/wp\/v2\/users\/1"}],"replies":[{"embeddable":true,"href":"https:\/\/www.visit-ulcinj.com\/blog\/wp-json\/wp\/v2\/comments?post=53940"}],"version-history":[{"count":3,"href":"https:\/\/www.visit-ulcinj.com\/blog\/wp-json\/wp\/v2\/posts\/53940\/revisions"}],"predecessor-version":[{"id":54023,"href":"https:\/\/www.visit-ulcinj.com\/blog\/wp-json\/wp\/v2\/posts\/53940\/revisions\/54023"}],"wp:attachment":[{"href":"https:\/\/www.visit-ulcinj.com\/blog\/wp-json\/wp\/v2\/media?parent=53940"}],"wp:term":[{"taxonomy":"category","embeddable":true,"href":"https:\/\/www.visit-ulcinj.com\/blog\/wp-json\/wp\/v2\/categories?post=53940"},{"taxonomy":"post_tag","embeddable":true,"href":"https:\/\/www.visit-ulcinj.com\/blog\/wp-json\/wp\/v2\/tags?post=53940"}],"curies":[{"name":"wp","href":"https:\/\/api.w.org\/{rel}","templated":true}]}}