{"id":53956,"date":"2011-12-02T22:36:57","date_gmt":"2011-12-02T21:36:57","guid":{"rendered":"http:\/\/www.visit-ulcinj.com\/blog\/?p=53956"},"modified":"2011-12-02T22:36:57","modified_gmt":"2011-12-02T21:36:57","slug":"krenari-ne-ulqinkishte-tradhtuar-dafinen-me-nje-polake","status":"publish","type":"post","link":"https:\/\/www.visit-ulcinj.com\/blog\/2011\/12\/02\/krenari-ne-ulqinkishte-tradhtuar-dafinen-me-nje-polake\/","title":{"rendered":"Krenari ne Ulqin,kishte tradhtuar Dafin\u00ebn me nj\u00eb polake"},"content":{"rendered":"<p><a href=\"http:\/\/www.visit-ulcinj.com\/blog\/wp-content\/uploads\/2011\/12\/DAFINA_KRENARI-_4EVER-NE-ULQIN.jpg\"><img loading=\"lazy\" class=\"alignleft size-full wp-image-53957\" title=\"DAFINA_KRENARI-_4EVER NE ULQIN\" src=\"http:\/\/www.visit-ulcinj.com\/blog\/wp-content\/uploads\/2011\/12\/DAFINA_KRENARI-_4EVER-NE-ULQIN.jpg\" alt=\"\" width=\"508\" height=\"380\" srcset=\"https:\/\/www.visit-ulcinj.com\/blog\/wp-content\/uploads\/2011\/12\/DAFINA_KRENARI-_4EVER-NE-ULQIN.jpg 604w, https:\/\/www.visit-ulcinj.com\/blog\/wp-content\/uploads\/2011\/12\/DAFINA_KRENARI-_4EVER-NE-ULQIN-300x224.jpg 300w\" sizes=\"(max-width: 508px) 100vw, 508px\" \/><\/a>Ndarjet e nj\u00eb pas nj\u00ebshme t\u00eb \u00e7iftit kishin ndodhur pik\u00ebrisht p\u00ebr shkak t\u00eb tradhtive q\u00eb Krenari ia kishte b\u00ebr\u00eb Dafin\u00ebs gjat\u00eb muajve t\u00eb ver\u00ebs n\u00eb plazhet e Ulqinit me femra polake, gj\u00eb q\u00eb kishin detyruar k\u00ebng\u00ebtaren t\u00eb marr\u00eb vendime definitive<\/p>\n<p>Lajmi q\u00eb b\u00ebri buj\u00eb para nj\u00eb kohe dhe q\u00eb u publikua nga gazeta \u201cPanorama\u201d q\u00eb fliste p\u00ebr ndarjen e k\u00ebng\u00ebtares Dafina Zeqiri nga i fejuari Krenar \u00c7o\u00e7aj nuk ishte dezinformat\u00eb por lajm i v\u00ebrtet\u00eb, q\u00eb u demantua me shum\u00eb koh\u00eb vones\u00eb pasi q\u00eb \u00e7ifti p\u00ebrmes menaxherit t\u00eb k\u00ebng\u00ebtares arrit\u00ebn t\u00eb tejkalojn\u00eb disa mosmarr\u00ebveshje me q\u00ebllim q\u00eb ata dy t\u00eb jen\u00eb akoma bashk\u00eb deri n\u00eb publikimin e albumit t\u00eb ri q\u00eb ishte paralajm\u00ebruar prej koh\u00ebs \u201cJust me\u201d.<br \/>\n<a href=\"http:\/\/www.visit-ulcinj.com\/blog\/wp-content\/uploads\/2011\/12\/DAFINA_KRENARI-_4EVER.3-NE-ULQIN.jpg\"><img loading=\"lazy\" class=\"alignleft size-full wp-image-53958\" title=\"DAFINA_KRENARI-_4EVER.3 NE ULQIN\" src=\"http:\/\/www.visit-ulcinj.com\/blog\/wp-content\/uploads\/2011\/12\/DAFINA_KRENARI-_4EVER.3-NE-ULQIN.jpg\" alt=\"\" width=\"508\" height=\"330\" \/><\/a><br \/>\nPo si duket fansat e k\u00ebng\u00ebtares akoma nuk do t\u00eb mund t\u00eb ken\u00eb albumin e t\u00eb preferuar\u00ebs s\u00eb tyre n\u00eb duar sepse problemet p\u00ebr k\u00ebng\u00ebtaren sa vijn\u00eb dhe b\u00ebhen akoma m\u00eb t\u00eb m\u00ebdha. Dafina Zeqiri p\u00ebrfundimisht i ka dh\u00ebn\u00eb fund lidhjes s\u00eb saj me Krenar \u00c7o\u00e7ajn me t\u00eb cilin ishte e lidhur prej disa viteve. Arsyeja q\u00eb ka \u00e7uar k\u00ebng\u00ebtaren deri n\u00eb k\u00ebt\u00eb vendim ishin problemet e m\u00ebdha familjare t\u00eb cilat ishin krijuar q\u00eb nga fillimi i lidhjes s\u00eb saj me Krenarin, transmeton Editorial.<\/p>\n<!--YouTube Error: bad URL entered-->\n","protected":false},"excerpt":{"rendered":"<p>Ndarjet e nj\u00eb pas nj\u00ebshme t\u00eb \u00e7iftit kishin ndodhur pik\u00ebrisht p\u00ebr shkak t\u00eb tradhtive q\u00eb Krenari ia kishte b\u00ebr\u00eb Dafin\u00ebs gjat\u00eb muajve t\u00eb ver\u00ebs n\u00eb plazhet e Ulqinit me femra polake, gj\u00eb q\u00eb kishin detyruar k\u00ebng\u00ebtaren t\u00eb marr\u00eb vendime definitive Lajmi q\u00eb b\u00ebri buj\u00eb para nj\u00eb kohe dhe q\u00eb u publikua nga gazeta \u201cPanorama\u201d q\u00eb [&hellip;]<\/p>\n","protected":false},"author":1,"featured_media":0,"comment_status":"open","ping_status":"closed","sticky":false,"template":"","format":"standard","meta":{"spay_email":"","jetpack_publicize_message":"","jetpack_is_tweetstorm":false,"jetpack_publicize_feature_enabled":true},"categories":[1],"tags":[4926,12655,200,18],"jetpack_publicize_connections":[],"yoast_head":"<!-- This site is optimized with the Yoast SEO plugin v19.1 - https:\/\/yoast.com\/wordpress\/plugins\/seo\/ -->\n<title>Krenari ne Ulqin,kishte tradhtuar Dafin\u00ebn me nj\u00eb polake - Lajme nga Ulqini<\/title>\n<meta name=\"description\" content=\"Ndarjet e nj\u00eb pas nj\u00ebshme t\u00eb \u00e7iftit kishin ndodhur pik\u00ebrisht p\u00ebr shkak t\u00eb tradhtive q\u00eb Krenari ia kishte b\u00ebr\u00eb Dafin\u00ebs gjat\u00eb muajve t\u00eb ver\u00ebs n\u00eb plazhet e\" \/>\n<meta name=\"robots\" content=\"index, follow, max-snippet:-1, max-image-preview:large, max-video-preview:-1\" \/>\n<link rel=\"canonical\" href=\"https:\/\/www.visit-ulcinj.com\/blog\/2011\/12\/02\/krenari-ne-ulqinkishte-tradhtuar-dafinen-me-nje-polake\/\" \/>\n<meta property=\"og:locale\" content=\"en_US\" \/>\n<meta property=\"og:type\" content=\"article\" \/>\n<meta property=\"og:title\" content=\"Krenari ne Ulqin,kishte tradhtuar Dafin\u00ebn me nj\u00eb polake - Lajme nga Ulqini\" \/>\n<meta property=\"og:description\" content=\"Ndarjet e nj\u00eb pas nj\u00ebshme t\u00eb \u00e7iftit kishin ndodhur pik\u00ebrisht p\u00ebr shkak t\u00eb tradhtive q\u00eb Krenari ia kishte b\u00ebr\u00eb Dafin\u00ebs gjat\u00eb muajve t\u00eb ver\u00ebs n\u00eb plazhet e\" \/>\n<meta property=\"og:url\" content=\"https:\/\/www.visit-ulcinj.com\/blog\/2011\/12\/02\/krenari-ne-ulqinkishte-tradhtuar-dafinen-me-nje-polake\/\" \/>\n<meta property=\"og:site_name\" content=\"Lajme nga Ulqini\" \/>\n<meta property=\"article:published_time\" content=\"2011-12-02T21:36:57+00:00\" \/>\n<meta property=\"og:image\" content=\"http:\/\/www.visit-ulcinj.com\/blog\/wp-content\/uploads\/2011\/12\/DAFINA_KRENARI-_4EVER-NE-ULQIN.jpg\" \/>\n<meta name=\"twitter:label1\" content=\"Written by\" \/>\n\t<meta name=\"twitter:data1\" content=\"ulqini\" \/>\n\t<meta name=\"twitter:label2\" content=\"Est. reading time\" \/>\n\t<meta name=\"twitter:data2\" content=\"1 minute\" \/>\n<script type=\"application\/ld+json\" class=\"yoast-schema-graph\">{\"@context\":\"https:\/\/schema.org\",\"@graph\":[{\"@type\":\"WebSite\",\"@id\":\"https:\/\/www.visit-ulcinj.com\/blog\/#website\",\"url\":\"https:\/\/www.visit-ulcinj.com\/blog\/\",\"name\":\"Lajme nga Ulqini\",\"description\":\"Lajme,Vijesti,Ulqini,Ulqin,Crna Gora,Mali i Zi\",\"potentialAction\":[{\"@type\":\"SearchAction\",\"target\":{\"@type\":\"EntryPoint\",\"urlTemplate\":\"https:\/\/www.visit-ulcinj.com\/blog\/?s={search_term_string}\"},\"query-input\":\"required name=search_term_string\"}],\"inLanguage\":\"en-US\"},{\"@type\":\"ImageObject\",\"inLanguage\":\"en-US\",\"@id\":\"https:\/\/www.visit-ulcinj.com\/blog\/2011\/12\/02\/krenari-ne-ulqinkishte-tradhtuar-dafinen-me-nje-polake\/#primaryimage\",\"url\":\"https:\/\/www.visit-ulcinj.com\/blog\/wp-content\/uploads\/2011\/12\/DAFINA_KRENARI-_4EVER-NE-ULQIN.jpg\",\"contentUrl\":\"https:\/\/www.visit-ulcinj.com\/blog\/wp-content\/uploads\/2011\/12\/DAFINA_KRENARI-_4EVER-NE-ULQIN.jpg\",\"width\":\"604\",\"height\":\"452\"},{\"@type\":\"WebPage\",\"@id\":\"https:\/\/www.visit-ulcinj.com\/blog\/2011\/12\/02\/krenari-ne-ulqinkishte-tradhtuar-dafinen-me-nje-polake\/#webpage\",\"url\":\"https:\/\/www.visit-ulcinj.com\/blog\/2011\/12\/02\/krenari-ne-ulqinkishte-tradhtuar-dafinen-me-nje-polake\/\",\"name\":\"Krenari ne Ulqin,kishte tradhtuar Dafin\u00ebn me nj\u00eb polake - Lajme nga Ulqini\",\"isPartOf\":{\"@id\":\"https:\/\/www.visit-ulcinj.com\/blog\/#website\"},\"primaryImageOfPage\":{\"@id\":\"https:\/\/www.visit-ulcinj.com\/blog\/2011\/12\/02\/krenari-ne-ulqinkishte-tradhtuar-dafinen-me-nje-polake\/#primaryimage\"},\"datePublished\":\"2011-12-02T21:36:57+00:00\",\"dateModified\":\"2011-12-02T21:36:57+00:00\",\"author\":{\"@id\":\"https:\/\/www.visit-ulcinj.com\/blog\/#\/schema\/person\/dcab619c614d3038751c63bc2aadc06d\"},\"description\":\"Ndarjet e nj\u00eb pas nj\u00ebshme t\u00eb \u00e7iftit kishin ndodhur pik\u00ebrisht p\u00ebr shkak t\u00eb tradhtive q\u00eb Krenari ia kishte b\u00ebr\u00eb Dafin\u00ebs gjat\u00eb muajve t\u00eb ver\u00ebs n\u00eb plazhet e\",\"breadcrumb\":{\"@id\":\"https:\/\/www.visit-ulcinj.com\/blog\/2011\/12\/02\/krenari-ne-ulqinkishte-tradhtuar-dafinen-me-nje-polake\/#breadcrumb\"},\"inLanguage\":\"en-US\",\"potentialAction\":[{\"@type\":\"ReadAction\",\"target\":[\"https:\/\/www.visit-ulcinj.com\/blog\/2011\/12\/02\/krenari-ne-ulqinkishte-tradhtuar-dafinen-me-nje-polake\/\"]}]},{\"@type\":\"BreadcrumbList\",\"@id\":\"https:\/\/www.visit-ulcinj.com\/blog\/2011\/12\/02\/krenari-ne-ulqinkishte-tradhtuar-dafinen-me-nje-polake\/#breadcrumb\",\"itemListElement\":[{\"@type\":\"ListItem\",\"position\":1,\"name\":\"Krenari ne Ulqin,kishte tradhtuar Dafin\u00ebn me nj\u00eb polake\"}]},{\"@type\":\"Person\",\"@id\":\"https:\/\/www.visit-ulcinj.com\/blog\/#\/schema\/person\/dcab619c614d3038751c63bc2aadc06d\",\"name\":\"ulqini\",\"sameAs\":[\"http:\/\/www.visit-ulcinj.com\"],\"url\":\"https:\/\/www.visit-ulcinj.com\/blog\/author\/admin\/\"}]}<\/script>\n<!-- \/ Yoast SEO plugin. -->","yoast_head_json":{"title":"Krenari ne Ulqin,kishte tradhtuar Dafin\u00ebn me nj\u00eb polake - Lajme nga Ulqini","description":"Ndarjet e nj\u00eb pas nj\u00ebshme t\u00eb \u00e7iftit kishin ndodhur pik\u00ebrisht p\u00ebr shkak t\u00eb tradhtive q\u00eb Krenari ia kishte b\u00ebr\u00eb Dafin\u00ebs gjat\u00eb muajve t\u00eb ver\u00ebs n\u00eb plazhet e","robots":{"index":"index","follow":"follow","max-snippet":"max-snippet:-1","max-image-preview":"max-image-preview:large","max-video-preview":"max-video-preview:-1"},"canonical":"https:\/\/www.visit-ulcinj.com\/blog\/2011\/12\/02\/krenari-ne-ulqinkishte-tradhtuar-dafinen-me-nje-polake\/","og_locale":"en_US","og_type":"article","og_title":"Krenari ne Ulqin,kishte tradhtuar Dafin\u00ebn me nj\u00eb polake - Lajme nga Ulqini","og_description":"Ndarjet e nj\u00eb pas nj\u00ebshme t\u00eb \u00e7iftit kishin ndodhur pik\u00ebrisht p\u00ebr shkak t\u00eb tradhtive q\u00eb Krenari ia kishte b\u00ebr\u00eb Dafin\u00ebs gjat\u00eb muajve t\u00eb ver\u00ebs n\u00eb plazhet e","og_url":"https:\/\/www.visit-ulcinj.com\/blog\/2011\/12\/02\/krenari-ne-ulqinkishte-tradhtuar-dafinen-me-nje-polake\/","og_site_name":"Lajme nga Ulqini","article_published_time":"2011-12-02T21:36:57+00:00","og_image":[{"url":"http:\/\/www.visit-ulcinj.com\/blog\/wp-content\/uploads\/2011\/12\/DAFINA_KRENARI-_4EVER-NE-ULQIN.jpg"}],"twitter_misc":{"Written by":"ulqini","Est. reading time":"1 minute"},"schema":{"@context":"https:\/\/schema.org","@graph":[{"@type":"WebSite","@id":"https:\/\/www.visit-ulcinj.com\/blog\/#website","url":"https:\/\/www.visit-ulcinj.com\/blog\/","name":"Lajme nga Ulqini","description":"Lajme,Vijesti,Ulqini,Ulqin,Crna Gora,Mali i Zi","potentialAction":[{"@type":"SearchAction","target":{"@type":"EntryPoint","urlTemplate":"https:\/\/www.visit-ulcinj.com\/blog\/?s={search_term_string}"},"query-input":"required name=search_term_string"}],"inLanguage":"en-US"},{"@type":"ImageObject","inLanguage":"en-US","@id":"https:\/\/www.visit-ulcinj.com\/blog\/2011\/12\/02\/krenari-ne-ulqinkishte-tradhtuar-dafinen-me-nje-polake\/#primaryimage","url":"https:\/\/www.visit-ulcinj.com\/blog\/wp-content\/uploads\/2011\/12\/DAFINA_KRENARI-_4EVER-NE-ULQIN.jpg","contentUrl":"https:\/\/www.visit-ulcinj.com\/blog\/wp-content\/uploads\/2011\/12\/DAFINA_KRENARI-_4EVER-NE-ULQIN.jpg","width":"604","height":"452"},{"@type":"WebPage","@id":"https:\/\/www.visit-ulcinj.com\/blog\/2011\/12\/02\/krenari-ne-ulqinkishte-tradhtuar-dafinen-me-nje-polake\/#webpage","url":"https:\/\/www.visit-ulcinj.com\/blog\/2011\/12\/02\/krenari-ne-ulqinkishte-tradhtuar-dafinen-me-nje-polake\/","name":"Krenari ne Ulqin,kishte tradhtuar Dafin\u00ebn me nj\u00eb polake - Lajme nga Ulqini","isPartOf":{"@id":"https:\/\/www.visit-ulcinj.com\/blog\/#website"},"primaryImageOfPage":{"@id":"https:\/\/www.visit-ulcinj.com\/blog\/2011\/12\/02\/krenari-ne-ulqinkishte-tradhtuar-dafinen-me-nje-polake\/#primaryimage"},"datePublished":"2011-12-02T21:36:57+00:00","dateModified":"2011-12-02T21:36:57+00:00","author":{"@id":"https:\/\/www.visit-ulcinj.com\/blog\/#\/schema\/person\/dcab619c614d3038751c63bc2aadc06d"},"description":"Ndarjet e nj\u00eb pas nj\u00ebshme t\u00eb \u00e7iftit kishin ndodhur pik\u00ebrisht p\u00ebr shkak t\u00eb tradhtive q\u00eb Krenari ia kishte b\u00ebr\u00eb Dafin\u00ebs gjat\u00eb muajve t\u00eb ver\u00ebs n\u00eb plazhet e","breadcrumb":{"@id":"https:\/\/www.visit-ulcinj.com\/blog\/2011\/12\/02\/krenari-ne-ulqinkishte-tradhtuar-dafinen-me-nje-polake\/#breadcrumb"},"inLanguage":"en-US","potentialAction":[{"@type":"ReadAction","target":["https:\/\/www.visit-ulcinj.com\/blog\/2011\/12\/02\/krenari-ne-ulqinkishte-tradhtuar-dafinen-me-nje-polake\/"]}]},{"@type":"BreadcrumbList","@id":"https:\/\/www.visit-ulcinj.com\/blog\/2011\/12\/02\/krenari-ne-ulqinkishte-tradhtuar-dafinen-me-nje-polake\/#breadcrumb","itemListElement":[{"@type":"ListItem","position":1,"name":"Krenari ne Ulqin,kishte tradhtuar Dafin\u00ebn me nj\u00eb polake"}]},{"@type":"Person","@id":"https:\/\/www.visit-ulcinj.com\/blog\/#\/schema\/person\/dcab619c614d3038751c63bc2aadc06d","name":"ulqini","sameAs":["http:\/\/www.visit-ulcinj.com"],"url":"https:\/\/www.visit-ulcinj.com\/blog\/author\/admin\/"}]}},"jetpack_featured_media_url":"","jetpack_sharing_enabled":true,"jetpack_shortlink":"https:\/\/wp.me\/pe6lTn-e2g","_links":{"self":[{"href":"https:\/\/www.visit-ulcinj.com\/blog\/wp-json\/wp\/v2\/posts\/53956"}],"collection":[{"href":"https:\/\/www.visit-ulcinj.com\/blog\/wp-json\/wp\/v2\/posts"}],"about":[{"href":"https:\/\/www.visit-ulcinj.com\/blog\/wp-json\/wp\/v2\/types\/post"}],"author":[{"embeddable":true,"href":"https:\/\/www.visit-ulcinj.com\/blog\/wp-json\/wp\/v2\/users\/1"}],"replies":[{"embeddable":true,"href":"https:\/\/www.visit-ulcinj.com\/blog\/wp-json\/wp\/v2\/comments?post=53956"}],"version-history":[{"count":1,"href":"https:\/\/www.visit-ulcinj.com\/blog\/wp-json\/wp\/v2\/posts\/53956\/revisions"}],"predecessor-version":[{"id":53960,"href":"https:\/\/www.visit-ulcinj.com\/blog\/wp-json\/wp\/v2\/posts\/53956\/revisions\/53960"}],"wp:attachment":[{"href":"https:\/\/www.visit-ulcinj.com\/blog\/wp-json\/wp\/v2\/media?parent=53956"}],"wp:term":[{"taxonomy":"category","embeddable":true,"href":"https:\/\/www.visit-ulcinj.com\/blog\/wp-json\/wp\/v2\/categories?post=53956"},{"taxonomy":"post_tag","embeddable":true,"href":"https:\/\/www.visit-ulcinj.com\/blog\/wp-json\/wp\/v2\/tags?post=53956"}],"curies":[{"name":"wp","href":"https:\/\/api.w.org\/{rel}","templated":true}]}}