{"id":53961,"date":"2011-12-02T22:54:59","date_gmt":"2011-12-02T21:54:59","guid":{"rendered":"http:\/\/www.visit-ulcinj.com\/blog\/?p=53961"},"modified":"2011-12-02T22:54:59","modified_gmt":"2011-12-02T21:54:59","slug":"noizy-qellohet-me-shishe-nderhyn-policia","status":"publish","type":"post","link":"https:\/\/www.visit-ulcinj.com\/blog\/2011\/12\/02\/noizy-qellohet-me-shishe-nderhyn-policia\/","title":{"rendered":"Noizy qellohet me shishe, nderhyn policia"},"content":{"rendered":"<p><strong><a href=\"http:\/\/www.visit-ulcinj.com\/blog\/wp-content\/uploads\/2011\/12\/Noizy-Lulzim-Basha.jpg\"><img loading=\"lazy\" class=\"alignleft size-full wp-image-53962\" title=\"Noizy &amp; Lulzim Basha\" src=\"http:\/\/www.visit-ulcinj.com\/blog\/wp-content\/uploads\/2011\/12\/Noizy-Lulzim-Basha.jpg\" alt=\"\" width=\"508\" height=\"380\" \/><\/a>Lufta e fansave mes grupeve muzikore \u201crep\u201d n\u00eb Shqip\u00ebri duket se po kthehet n\u00eb shqet\u00ebsim p\u00ebr policin\u00eb, ku ve\u00e7 plagosjeve me arm\u00eb, tashm\u00eb agresiviteti po kthehet edhe n\u00eb skena publike.<\/strong><\/p>\n<p>I njohuri i muzik\u00ebs \u2018rep\u2019, Noizy \u00ebsht\u00eb q\u00eblluar me bidon\u00eb n\u00eb sken\u00eb, duke detyruar policin\u00eb q\u00eb ta fus\u00eb n\u00eb makin\u00eb e ta largoj\u00eb nga turma. K\u00ebshtu, Noizy u b\u00eb edhe nj\u00eb her\u00eb protagonist i radh\u00ebs i incidenteve t\u00eb vazhdueshme ku p\u00ebrfshihet, sidomos n\u00eb konfliktet q\u00eb ka me \u201cStressin\u201d.<\/p>\n<p>Repisti ka qen\u00eb dy net m\u00eb par\u00eb duke k\u00ebnduar n\u00eb koncertin e organizuar nga Bashkia e Tiran\u00ebs n\u00eb sheshin \u201cN\u00ebn\u00eb Tereza\u201d me rastin e fest\u00ebs s\u00eb Pavar\u00ebsis\u00eb, kur \u00ebsht\u00eb q\u00eblluar me bidon\u00eb uji n\u00eb sken\u00eb.<\/p>\n<p>M\u00eb her\u00ebt, ai kishte pozuar edhe me kryebashkiakun e Tiran\u00ebs, Lulzim Basha e m\u00eb tej nisi t\u00eb interpretoj\u00eb n\u00eb sken\u00eb. N\u00eb at\u00eb koh\u00eb, nj\u00eb grup personash t\u00eb rinj, q\u00eb mendohet se jan\u00eb mb\u00ebshtet\u00ebs t\u00eb k\u00ebng\u00ebtarit tjet\u00ebr \u201cStressi\u201d, kan\u00eb nxjerr\u00eb disa bidon\u00eb uji, duke e goditur.<\/p>\n<p>Noizy \u00ebsht\u00eb p\u00ebrpjekur t\u2019u shmanget duke improvizuar l\u00ebvizje k\u00ebrcimi dhe fillimisht nuk \u00ebsht\u00eb prekur nga bidon\u00ebt q\u00eb hidheshin nga turma. M\u00eb pas situata \u00ebsht\u00eb r\u00ebnduar, k\u00ebshtu q\u00eb ka nd\u00ebrhyr\u00eb policia, duke mos lejuar q\u00eb ai t\u00eb l\u00ebndohet. Burime nga policia than\u00eb se tet\u00eb bidon\u00eb u hodh\u00ebn n\u00eb drejtim t\u00eb repistit, por shtuan se asnj\u00ebra prej tyre nuk e kapi at\u00eb.<\/p>\n<p>Por, uniformat blu kan\u00eb nd\u00ebrhyr\u00eb n\u00eb turm\u00eb, duke shoq\u00ebruar disa t\u00eb dyshuar dhe duke ndaluar t\u00eb tjer\u00ebt t\u00eb kryejn\u00eb gjeste t\u00eb dhunshme. Pas p\u00ebrfundimit t\u00eb k\u00ebng\u00ebve, k\u00ebng\u00ebtari u largua me makin\u00eb policie.<br \/>\n<a href=\"http:\/\/www.visit-ulcinj.com\/blog\/wp-content\/uploads\/2011\/12\/Noizy-BASHKIA-TIRAN.jpg\"><img loading=\"lazy\" class=\"alignleft size-full wp-image-53963\" title=\"Noizy &amp; BASHKIA TIRAN\" src=\"http:\/\/www.visit-ulcinj.com\/blog\/wp-content\/uploads\/2011\/12\/Noizy-BASHKIA-TIRAN.jpg\" alt=\"\" width=\"508\" height=\"330\" \/><\/a><\/p>\n<p>P\u00ebr t\u00eb shmangur vrullin e fansave t\u00eb cil\u00ebt vrapuan drejt k\u00ebng\u00ebtarit, policia e shoq\u00ebroi at\u00eb me makin\u00eb disa metra larg grumbullit t\u00eb njer\u00ebzve\u201d, \u2013 than\u00eb burime nga policia. Me gjith\u00eb shoq\u00ebrimet e kryera, policia tha se nuk u identifikua asnj\u00eb nga personat q\u00eb q\u00eblloi Noizy-n, nd\u00ebrsa ky i fundit nuk kreu denoncim.<\/p>\n<p>Kjo nuk \u00ebsht\u00eb hera e par\u00eb e p\u00ebrplasjeve mes grupeve t\u00eb \u201crepit\u201d n\u00eb Shqip\u00ebri. Madje, ato kan\u00eb sjell\u00eb edhe pasoja t\u00eb r\u00ebnda, ku persona t\u00eb ndrysh\u00ebm jan\u00eb armatosur me arm\u00eb dhe jan\u00eb q\u00eblluar. P\u00ebrplasjet m\u00eb t\u00eb forta kan\u00eb ndodhur kur k\u00ebng\u00ebtar\u00ebt performonin n\u00eb t\u00eb nj\u00ebjt\u00ebn sken\u00eb.<\/p>\n<p>Madje, policia shoq\u00ebroi para disa muajsh t\u00eb dy k\u00ebng\u00ebtar\u00ebt, Noizy-n dhe \u201cStressin\u201d, duke i pajtuar, me q\u00ebllim p\u00ebr t\u00eb parandaluar ndonj\u00eb krim t\u00eb r\u00ebnd\u00eb<\/p>\n<p><strong>Gazeta SHQIP<\/strong><\/p>\n<!--YouTube Error: bad URL entered-->\n","protected":false},"excerpt":{"rendered":"<p>Lufta e fansave mes grupeve muzikore \u201crep\u201d n\u00eb Shqip\u00ebri duket se po kthehet n\u00eb shqet\u00ebsim p\u00ebr policin\u00eb, ku ve\u00e7 plagosjeve me arm\u00eb, tashm\u00eb agresiviteti po kthehet edhe n\u00eb skena publike. I njohuri i muzik\u00ebs \u2018rep\u2019, Noizy \u00ebsht\u00eb q\u00eblluar me bidon\u00eb n\u00eb sken\u00eb, duke detyruar policin\u00eb q\u00eb ta fus\u00eb n\u00eb makin\u00eb e ta largoj\u00eb nga turma. [&hellip;]<\/p>\n","protected":false},"author":1,"featured_media":0,"comment_status":"open","ping_status":"closed","sticky":false,"template":"","format":"standard","meta":{"spay_email":"","jetpack_publicize_message":"","jetpack_is_tweetstorm":false,"jetpack_publicize_feature_enabled":true},"categories":[1],"tags":[12181],"jetpack_publicize_connections":[],"yoast_head":"<!-- This site is optimized with the Yoast SEO plugin v19.1 - https:\/\/yoast.com\/wordpress\/plugins\/seo\/ -->\n<title>Noizy qellohet me shishe, nderhyn policia - Lajme nga Ulqini<\/title>\n<meta name=\"description\" content=\"Lufta e fansave mes grupeve muzikore \u201crep\u201d n\u00eb Shqip\u00ebri duket se po kthehet n\u00eb shqet\u00ebsim p\u00ebr policin\u00eb, ku ve\u00e7 plagosjeve me arm\u00eb, tashm\u00eb agresiviteti po\" \/>\n<meta name=\"robots\" content=\"index, follow, max-snippet:-1, max-image-preview:large, max-video-preview:-1\" \/>\n<link rel=\"canonical\" href=\"https:\/\/www.visit-ulcinj.com\/blog\/2011\/12\/02\/noizy-qellohet-me-shishe-nderhyn-policia\/\" \/>\n<meta property=\"og:locale\" content=\"en_US\" \/>\n<meta property=\"og:type\" content=\"article\" \/>\n<meta property=\"og:title\" content=\"Noizy qellohet me shishe, nderhyn policia - Lajme nga Ulqini\" \/>\n<meta property=\"og:description\" content=\"Lufta e fansave mes grupeve muzikore \u201crep\u201d n\u00eb Shqip\u00ebri duket se po kthehet n\u00eb shqet\u00ebsim p\u00ebr policin\u00eb, ku ve\u00e7 plagosjeve me arm\u00eb, tashm\u00eb agresiviteti po\" \/>\n<meta property=\"og:url\" content=\"https:\/\/www.visit-ulcinj.com\/blog\/2011\/12\/02\/noizy-qellohet-me-shishe-nderhyn-policia\/\" \/>\n<meta property=\"og:site_name\" content=\"Lajme nga Ulqini\" \/>\n<meta property=\"article:published_time\" content=\"2011-12-02T21:54:59+00:00\" \/>\n<meta property=\"og:image\" content=\"http:\/\/www.visit-ulcinj.com\/blog\/wp-content\/uploads\/2011\/12\/Noizy-Lulzim-Basha.jpg\" \/>\n<meta name=\"twitter:label1\" content=\"Written by\" \/>\n\t<meta name=\"twitter:data1\" content=\"ulqini\" \/>\n\t<meta name=\"twitter:label2\" content=\"Est. reading time\" \/>\n\t<meta name=\"twitter:data2\" content=\"2 minutes\" \/>\n<script type=\"application\/ld+json\" class=\"yoast-schema-graph\">{\"@context\":\"https:\/\/schema.org\",\"@graph\":[{\"@type\":\"WebSite\",\"@id\":\"https:\/\/www.visit-ulcinj.com\/blog\/#website\",\"url\":\"https:\/\/www.visit-ulcinj.com\/blog\/\",\"name\":\"Lajme nga Ulqini\",\"description\":\"Lajme,Vijesti,Ulqini,Ulqin,Crna Gora,Mali i Zi\",\"potentialAction\":[{\"@type\":\"SearchAction\",\"target\":{\"@type\":\"EntryPoint\",\"urlTemplate\":\"https:\/\/www.visit-ulcinj.com\/blog\/?s={search_term_string}\"},\"query-input\":\"required name=search_term_string\"}],\"inLanguage\":\"en-US\"},{\"@type\":\"ImageObject\",\"inLanguage\":\"en-US\",\"@id\":\"https:\/\/www.visit-ulcinj.com\/blog\/2011\/12\/02\/noizy-qellohet-me-shishe-nderhyn-policia\/#primaryimage\",\"url\":\"https:\/\/www.visit-ulcinj.com\/blog\/wp-content\/uploads\/2011\/12\/Noizy-Lulzim-Basha.jpg\",\"contentUrl\":\"https:\/\/www.visit-ulcinj.com\/blog\/wp-content\/uploads\/2011\/12\/Noizy-Lulzim-Basha.jpg\",\"width\":\"960\",\"height\":\"637\"},{\"@type\":\"WebPage\",\"@id\":\"https:\/\/www.visit-ulcinj.com\/blog\/2011\/12\/02\/noizy-qellohet-me-shishe-nderhyn-policia\/#webpage\",\"url\":\"https:\/\/www.visit-ulcinj.com\/blog\/2011\/12\/02\/noizy-qellohet-me-shishe-nderhyn-policia\/\",\"name\":\"Noizy qellohet me shishe, nderhyn policia - Lajme nga Ulqini\",\"isPartOf\":{\"@id\":\"https:\/\/www.visit-ulcinj.com\/blog\/#website\"},\"primaryImageOfPage\":{\"@id\":\"https:\/\/www.visit-ulcinj.com\/blog\/2011\/12\/02\/noizy-qellohet-me-shishe-nderhyn-policia\/#primaryimage\"},\"datePublished\":\"2011-12-02T21:54:59+00:00\",\"dateModified\":\"2011-12-02T21:54:59+00:00\",\"author\":{\"@id\":\"https:\/\/www.visit-ulcinj.com\/blog\/#\/schema\/person\/dcab619c614d3038751c63bc2aadc06d\"},\"description\":\"Lufta e fansave mes grupeve muzikore \u201crep\u201d n\u00eb Shqip\u00ebri duket se po kthehet n\u00eb shqet\u00ebsim p\u00ebr policin\u00eb, ku ve\u00e7 plagosjeve me arm\u00eb, tashm\u00eb agresiviteti po\",\"breadcrumb\":{\"@id\":\"https:\/\/www.visit-ulcinj.com\/blog\/2011\/12\/02\/noizy-qellohet-me-shishe-nderhyn-policia\/#breadcrumb\"},\"inLanguage\":\"en-US\",\"potentialAction\":[{\"@type\":\"ReadAction\",\"target\":[\"https:\/\/www.visit-ulcinj.com\/blog\/2011\/12\/02\/noizy-qellohet-me-shishe-nderhyn-policia\/\"]}]},{\"@type\":\"BreadcrumbList\",\"@id\":\"https:\/\/www.visit-ulcinj.com\/blog\/2011\/12\/02\/noizy-qellohet-me-shishe-nderhyn-policia\/#breadcrumb\",\"itemListElement\":[{\"@type\":\"ListItem\",\"position\":1,\"name\":\"Noizy qellohet me shishe, nderhyn policia\"}]},{\"@type\":\"Person\",\"@id\":\"https:\/\/www.visit-ulcinj.com\/blog\/#\/schema\/person\/dcab619c614d3038751c63bc2aadc06d\",\"name\":\"ulqini\",\"sameAs\":[\"http:\/\/www.visit-ulcinj.com\"],\"url\":\"https:\/\/www.visit-ulcinj.com\/blog\/author\/admin\/\"}]}<\/script>\n<!-- \/ Yoast SEO plugin. -->","yoast_head_json":{"title":"Noizy qellohet me shishe, nderhyn policia - Lajme nga Ulqini","description":"Lufta e fansave mes grupeve muzikore \u201crep\u201d n\u00eb Shqip\u00ebri duket se po kthehet n\u00eb shqet\u00ebsim p\u00ebr policin\u00eb, ku ve\u00e7 plagosjeve me arm\u00eb, tashm\u00eb agresiviteti po","robots":{"index":"index","follow":"follow","max-snippet":"max-snippet:-1","max-image-preview":"max-image-preview:large","max-video-preview":"max-video-preview:-1"},"canonical":"https:\/\/www.visit-ulcinj.com\/blog\/2011\/12\/02\/noizy-qellohet-me-shishe-nderhyn-policia\/","og_locale":"en_US","og_type":"article","og_title":"Noizy qellohet me shishe, nderhyn policia - Lajme nga Ulqini","og_description":"Lufta e fansave mes grupeve muzikore \u201crep\u201d n\u00eb Shqip\u00ebri duket se po kthehet n\u00eb shqet\u00ebsim p\u00ebr policin\u00eb, ku ve\u00e7 plagosjeve me arm\u00eb, tashm\u00eb agresiviteti po","og_url":"https:\/\/www.visit-ulcinj.com\/blog\/2011\/12\/02\/noizy-qellohet-me-shishe-nderhyn-policia\/","og_site_name":"Lajme nga Ulqini","article_published_time":"2011-12-02T21:54:59+00:00","og_image":[{"url":"http:\/\/www.visit-ulcinj.com\/blog\/wp-content\/uploads\/2011\/12\/Noizy-Lulzim-Basha.jpg"}],"twitter_misc":{"Written by":"ulqini","Est. reading time":"2 minutes"},"schema":{"@context":"https:\/\/schema.org","@graph":[{"@type":"WebSite","@id":"https:\/\/www.visit-ulcinj.com\/blog\/#website","url":"https:\/\/www.visit-ulcinj.com\/blog\/","name":"Lajme nga Ulqini","description":"Lajme,Vijesti,Ulqini,Ulqin,Crna Gora,Mali i Zi","potentialAction":[{"@type":"SearchAction","target":{"@type":"EntryPoint","urlTemplate":"https:\/\/www.visit-ulcinj.com\/blog\/?s={search_term_string}"},"query-input":"required name=search_term_string"}],"inLanguage":"en-US"},{"@type":"ImageObject","inLanguage":"en-US","@id":"https:\/\/www.visit-ulcinj.com\/blog\/2011\/12\/02\/noizy-qellohet-me-shishe-nderhyn-policia\/#primaryimage","url":"https:\/\/www.visit-ulcinj.com\/blog\/wp-content\/uploads\/2011\/12\/Noizy-Lulzim-Basha.jpg","contentUrl":"https:\/\/www.visit-ulcinj.com\/blog\/wp-content\/uploads\/2011\/12\/Noizy-Lulzim-Basha.jpg","width":"960","height":"637"},{"@type":"WebPage","@id":"https:\/\/www.visit-ulcinj.com\/blog\/2011\/12\/02\/noizy-qellohet-me-shishe-nderhyn-policia\/#webpage","url":"https:\/\/www.visit-ulcinj.com\/blog\/2011\/12\/02\/noizy-qellohet-me-shishe-nderhyn-policia\/","name":"Noizy qellohet me shishe, nderhyn policia - Lajme nga Ulqini","isPartOf":{"@id":"https:\/\/www.visit-ulcinj.com\/blog\/#website"},"primaryImageOfPage":{"@id":"https:\/\/www.visit-ulcinj.com\/blog\/2011\/12\/02\/noizy-qellohet-me-shishe-nderhyn-policia\/#primaryimage"},"datePublished":"2011-12-02T21:54:59+00:00","dateModified":"2011-12-02T21:54:59+00:00","author":{"@id":"https:\/\/www.visit-ulcinj.com\/blog\/#\/schema\/person\/dcab619c614d3038751c63bc2aadc06d"},"description":"Lufta e fansave mes grupeve muzikore \u201crep\u201d n\u00eb Shqip\u00ebri duket se po kthehet n\u00eb shqet\u00ebsim p\u00ebr policin\u00eb, ku ve\u00e7 plagosjeve me arm\u00eb, tashm\u00eb agresiviteti po","breadcrumb":{"@id":"https:\/\/www.visit-ulcinj.com\/blog\/2011\/12\/02\/noizy-qellohet-me-shishe-nderhyn-policia\/#breadcrumb"},"inLanguage":"en-US","potentialAction":[{"@type":"ReadAction","target":["https:\/\/www.visit-ulcinj.com\/blog\/2011\/12\/02\/noizy-qellohet-me-shishe-nderhyn-policia\/"]}]},{"@type":"BreadcrumbList","@id":"https:\/\/www.visit-ulcinj.com\/blog\/2011\/12\/02\/noizy-qellohet-me-shishe-nderhyn-policia\/#breadcrumb","itemListElement":[{"@type":"ListItem","position":1,"name":"Noizy qellohet me shishe, nderhyn policia"}]},{"@type":"Person","@id":"https:\/\/www.visit-ulcinj.com\/blog\/#\/schema\/person\/dcab619c614d3038751c63bc2aadc06d","name":"ulqini","sameAs":["http:\/\/www.visit-ulcinj.com"],"url":"https:\/\/www.visit-ulcinj.com\/blog\/author\/admin\/"}]}},"jetpack_featured_media_url":"","jetpack_sharing_enabled":true,"jetpack_shortlink":"https:\/\/wp.me\/pe6lTn-e2l","_links":{"self":[{"href":"https:\/\/www.visit-ulcinj.com\/blog\/wp-json\/wp\/v2\/posts\/53961"}],"collection":[{"href":"https:\/\/www.visit-ulcinj.com\/blog\/wp-json\/wp\/v2\/posts"}],"about":[{"href":"https:\/\/www.visit-ulcinj.com\/blog\/wp-json\/wp\/v2\/types\/post"}],"author":[{"embeddable":true,"href":"https:\/\/www.visit-ulcinj.com\/blog\/wp-json\/wp\/v2\/users\/1"}],"replies":[{"embeddable":true,"href":"https:\/\/www.visit-ulcinj.com\/blog\/wp-json\/wp\/v2\/comments?post=53961"}],"version-history":[{"count":1,"href":"https:\/\/www.visit-ulcinj.com\/blog\/wp-json\/wp\/v2\/posts\/53961\/revisions"}],"predecessor-version":[{"id":53964,"href":"https:\/\/www.visit-ulcinj.com\/blog\/wp-json\/wp\/v2\/posts\/53961\/revisions\/53964"}],"wp:attachment":[{"href":"https:\/\/www.visit-ulcinj.com\/blog\/wp-json\/wp\/v2\/media?parent=53961"}],"wp:term":[{"taxonomy":"category","embeddable":true,"href":"https:\/\/www.visit-ulcinj.com\/blog\/wp-json\/wp\/v2\/categories?post=53961"},{"taxonomy":"post_tag","embeddable":true,"href":"https:\/\/www.visit-ulcinj.com\/blog\/wp-json\/wp\/v2\/tags?post=53961"}],"curies":[{"name":"wp","href":"https:\/\/api.w.org\/{rel}","templated":true}]}}