{"id":53965,"date":"2011-12-02T23:28:27","date_gmt":"2011-12-02T22:28:27","guid":{"rendered":"http:\/\/www.visit-ulcinj.com\/blog\/?p=53965"},"modified":"2011-12-05T22:35:13","modified_gmt":"2011-12-05T21:35:13","slug":"mogul-bene-nenshkrimin-e-protokolit-te-bashkepunimit-me-komunen-e-ulqinit","status":"publish","type":"post","link":"https:\/\/www.visit-ulcinj.com\/blog\/2011\/12\/02\/mogul-bene-nenshkrimin-e-protokolit-te-bashkepunimit-me-komunen-e-ulqinit\/","title":{"rendered":"MogUL b\u00ebne nenshkrimin e Protokolit te Bashkepunimit me Komunen e Ulqinit"},"content":{"rendered":"<p><a href=\"http:\/\/www.visit-ulcinj.com\/blog\/wp-content\/uploads\/2011\/12\/MogUL-b%C3%ABne-nenshkrimin-e-Protokolit-te-Bashkepunimit-me-Komunen-e-Ulqinit.1.jpg\"><img loading=\"lazy\" class=\"alignleft size-full wp-image-53966\" title=\"MogUL b\u00ebne nenshkrimin e Protokolit te Bashkepunimit me Komunen e Ulqinit.1\" src=\"http:\/\/www.visit-ulcinj.com\/blog\/wp-content\/uploads\/2011\/12\/MogUL-b%C3%ABne-nenshkrimin-e-Protokolit-te-Bashkepunimit-me-Komunen-e-Ulqinit.1.jpg\" alt=\"\" width=\"508\" height=\"380\" \/><\/a>Grupi i monitoringut nga Ulqini MogUL ,nga dy an\u00ebtar\u00ebt principal \u00a0z.Xhemal Peroviqi,dhe Dritan Abazoviqi sot me kryetarin e Ulqinit z.Nazif Cungu,e b\u00ebn Nenshkrimin e Protokolit te Bashkepunimit me Komunen e Ulqinit.<\/p>\n<p><a href=\"http:\/\/www.visit-ulcinj.com\/blog\/wp-content\/uploads\/2011\/12\/MEMORANDUM-O-SARADNJI-OPSTINE-ULCINJ-I-MOGUL-ULCINJ.jpg\"><img loading=\"lazy\" class=\"alignleft size-full wp-image-54039\" title=\"MEMORANDUM O SARADNJI OPSTINE ULCINJ I MOGUL ULCINJ\" src=\"http:\/\/www.visit-ulcinj.com\/blog\/wp-content\/uploads\/2011\/12\/MEMORANDUM-O-SARADNJI-OPSTINE-ULCINJ-I-MOGUL-ULCINJ.jpg\" alt=\"\" width=\"508\" height=\"105\" srcset=\"https:\/\/www.visit-ulcinj.com\/blog\/wp-content\/uploads\/2011\/12\/MEMORANDUM-O-SARADNJI-OPSTINE-ULCINJ-I-MOGUL-ULCINJ.jpg 508w, https:\/\/www.visit-ulcinj.com\/blog\/wp-content\/uploads\/2011\/12\/MEMORANDUM-O-SARADNJI-OPSTINE-ULCINJ-I-MOGUL-ULCINJ-300x62.jpg 300w\" sizes=\"(max-width: 508px) 100vw, 508px\" \/><\/a><\/p>\n<p><strong>\u00a0\u00a0\u00a0\u00a0\u00a0\u00a0\u00a0\u00a0\u00a0\u00a0\u00a0\u00a0\u00a0\u00a0\u00a0\u00a0\u00a0\u00a0\u00a0\u00a0\u00a0\u00a0\u00a0\u00a0\u00a0\u00a0\u00a0\u00a0\u00a0\u00a0\u00a0\u00a0\u00a0\u00a0\u00a0\u00a0\u00a0\u00a0\u00a0\u00a0\u00a0\u00a0\u00a0\u00a0\u00a0 MEMORANDUM O SARADNJI<\/strong><\/p>\n<p><strong>\u00a0<\/strong><\/p>\n<p><strong>\u00a0\u00a0\u00a0\u00a0\u00a0\u00a0\u00a0\u00a0\u00a0\u00a0\u00a0\u00a0\u00a0\u00a0\u00a0\u00a0\u00a0\u00a0\u00a0\u00a0\u00a0\u00a0\u00a0\u00a0\u00a0\u00a0\u00a0\u00a0\u00a0\u00a0\u00a0\u00a0\u00a0\u00a0\u00a0\u00a0\u00a0\u00a0\u00a0\u00a0\u00a0\u00a0\u00a0\u00a0\u00a0\u00a0\u00a0\u00a0\u00a0\u00a0\u00a0\u00a0\u00a0\u00a0\u00a0\u00a0\u00a0\u00a0\u00a0\u00a0\u00a0\u00a0 <\/strong><\/p>\n<p><strong>\u00a0\u00a0\u00a0\u00a0\u00a0\u00a0\u00a0\u00a0\u00a0\u00a0\u00a0\u00a0\u00a0\u00a0\u00a0\u00a0\u00a0\u00a0\u00a0\u00a0\u00a0\u00a0\u00a0\u00a0\u00a0\u00a0\u00a0\u00a0\u00a0\u00a0\u00a0\u00a0\u00a0\u00a0\u00a0\u00a0\u00a0\u00a0\u00a0\u00a0\u00a0\u00a0\u00a0\u00a0\u00a0\u00a0\u00a0\u00a0\u00a0\u00a0\u00a0\u00a0\u00a0\u00a0\u00a0\u00a0\u00a0\u00a0 Izmedju<\/strong><\/p>\n<p><strong>\u00a0<\/strong><\/p>\n<p><strong>1. Op\u0161tine ULCINJ i<\/strong><\/p>\n<p><strong>2. Koalicije NVO \u201eMonitoring group Ulcinj \u2013 MOGUL\u201c <\/strong>(u daljem tekstu \u201eMogul\u201c)<\/p>\n<p><strong>\u00a0<\/strong><\/p>\n<p><em>Polaze<\/em>\u0107<em>i od potrebe definisanja i regulisanja saradnje izmedju Op\u0161tine i nevladinih<\/em><\/p>\n<p><em>organizacija;<\/em><\/p>\n<p><em>Uzimaju<\/em>\u0107<em>i u obzir obostranu spremnost i dobru volju da se ova pitanja defini\u0161u<\/em><\/p>\n<p><em>Memorandumom, sa zajedni<\/em>\u010d<em>kim ciljem daljeg unapredjenja saradnje na dobrobit lokalne<\/em><\/p>\n<p><em>zajednice;<\/em><\/p>\n<p><em>Uva\u017eavajuci princip pluralizma i slobode udru\u017eivanja;<\/em><\/p>\n<p><em>Ovim dokumentom utvr<\/em>\u0111<em>ujemo osnove saradnje i, s tim u vezi, ciljeve i principe.<\/em><\/p>\n<p><em>\u00a0<\/em><\/p>\n<p><strong>Ciljevi saradnje su:<\/strong><\/p>\n<p><strong>\u00a0<\/strong><\/p>\n<p>&#8211; Izgradnja, demokratskog, otvorenog dru\u0161tva i uzajamna saradnja u razvoju evropskih<\/p>\n<p>integracionih procesa;<\/p>\n<p>&nbsp;<\/p>\n<p>&#8211; Razvoj me\u0111usobne saradnje, o\u010duvanje nezavisnosti i unapre\u0111ivanje transparentnosti i<\/p>\n<p>zna\u010daja uloge nevladinih organizacija;<\/p>\n<p>&nbsp;<\/p>\n<p>&#8211; Stvaranje partnerskih odnosa Mogul-a i institucija lokalne samouprave;<\/p>\n<p>&nbsp;<\/p>\n<p>&#8211; Ostvarivanje i dalje unapredjenje zajedni\u010dkih aktivnosti, u cilju razvoja lokalne<\/p>\n<p>zajednice;<\/p>\n<p>&nbsp;<\/p>\n<p>&#8211; Kreiranje institucionalnih mehanizama za unapredjenje i dalji razvoj saradnje i<\/p>\n<p>me\u0111usobne komunikacije;<\/p>\n<p>&nbsp;<\/p>\n<p>&#8211; Pobolj\u0161anje uslova rada Mogul-a.<\/p>\n<p>&nbsp;<\/p>\n<p><strong>Saradnja <\/strong>\u0107<strong>e se zasnivati se na sljede<\/strong>\u0107<strong>im principima:<\/strong><\/p>\n<p><strong>\u00a0<\/strong><\/p>\n<p>&#8211; <strong>Partnerstva <\/strong><em>&#8211; <\/em>Op\u0161tina Ulcinj i Mogul, sara\u0111iva\u0107e na partnerskim osnovama, u svim<\/p>\n<p>oblastima gdje za to postoji interes gra\u0111ana i zajednice;<\/p>\n<p>&#8211; <strong>Transparentnosti <\/strong>&#8211; Op\u0161tina Ulcinj i Mogul \u0107e blagovoremeno u\u010diniti dostupnim<\/p>\n<p>informacije o svom radu;<\/p>\n<p>&nbsp;<\/p>\n<p>&#8211; <strong>Odgovornosti <\/strong>&#8211; Op\u0161tina Ulcinj i Mogul snosi\u0107e punu odgovornost za realizaciju<\/p>\n<p>zajedni\u010dkih aktivnosti;<\/p>\n<p>&nbsp;<\/p>\n<p>&#8211; <strong>Me<\/strong>\u0111<strong>usobnog informisanja <\/strong><em>&#8211; <\/em>Op\u0161tina Ulcinj i Mogul blagovremeno \u0107e razmjenjivati<\/p>\n<p>informacije o svojim planovima, programima i aktivnostima;<\/p>\n<p>&nbsp;<\/p>\n<p>&#8211; <strong>Nezavisnosti nevladinih organizacija <\/strong><em>\u2013 <\/em>Op\u0161tina Ulcinj po\u0161tovati samostalan rad i<\/p>\n<p>programsko opredjeljenje Mogul-a i podr\u017eava\u0107e njenu nezavisnost, uklju\u010duju\u0107i i njihovo<\/p>\n<p>pravo na kriti\u010dki sud o radu organa lokalne samouprave.<\/p>\n<p>&nbsp;<\/p>\n<p>2<\/p>\n<p><strong>Oblici saradnje<\/strong><\/p>\n<p><strong>\u00a0<\/strong><\/p>\n<p>&#8211; <strong>Konsultovanje <\/strong>\u2013 podrazumijeva ostvarivanje konsulatacija sa Mogul u procesu<\/p>\n<p>pripreme i dono\u0161enja, planova, odluka, rje\u0161enja i drugih propisa i akata;<\/p>\n<p>&nbsp;<\/p>\n<p>&#8211; <strong>Savjetovanje <\/strong><em>&#8211; <\/em>organizovanje zajedni\u010dkih savjetovanja, okruglih stolova, seminara i<\/p>\n<p>drugih oblika saradnje,<\/p>\n<p>&nbsp;<\/p>\n<p>&#8211; <strong>Zajedni<\/strong>\u010d<strong>ke aktivnosti <em>\u2013 <\/em><\/strong>rad na izradi strate\u0161kih dokumenata, definisanju prioriteta,<\/p>\n<p>operativnih programa i realizacije politika;<\/p>\n<p>&nbsp;<\/p>\n<p>&#8211; <strong>Zajedni<\/strong>\u010d<strong>ka procjena rezultata rada organa lokalne samouprave;<\/strong><\/p>\n<p>&#8211; <strong>Preduzimanje zajedni<\/strong>\u010d<strong>kih mjera za unapredjenje rada i djelovanja organizacija<\/strong><\/p>\n<p><strong>civilnog dru\u0161tva.<\/strong><\/p>\n<p><strong>\u00a0<\/strong><\/p>\n<p><strong><em>Radi ostvarivanja navedenih ciljeva i principa saradnje Op\u0161tina Ulcinj <\/em><\/strong>\u0107<strong><em>e:<\/em><\/strong><\/p>\n<p><strong><em>\u00a0<\/em><\/strong><\/p>\n<p>&#8211; Redovno i neposredno (a svakako putem medija i internet prezentacija) upoznavati<\/p>\n<p>Mogul (i druge nevladine organizacije i javnost) sa svojim aktivnostima i dokumentima<\/p>\n<p>koje planira, priprema i usvaja;<\/p>\n<p>&#8211; Preduzeti aktivnosti na realizaciji obaveza neposredne saradnje sa nevladinim<\/p>\n<p>organizacijama na nivou skup\u0161tinskih komisija, odbora i savjeta kroz \u010dlanstvo<\/p>\n<p>predstavnika NVO kao i na realizaciji zakonske i statutarne obaveze instituta \u201cprazne<\/p>\n<p>stolice\u201d na skup\u0161tinskim sjednicama;<\/p>\n<p>&#8211; U saradnji sa nevladinim organizacijama pripremiti i osnovati posebno skup\u0161tinsko tijelo<\/p>\n<p>za saradnju lokalne samouprave sa nevladinim organizacijama;<\/p>\n<p>&#8211; Odrediti koordinatora za saradnju i komunikaciju sa Mogul-om i drugim nevladnim<\/p>\n<p>organizacijama i kontakt osobe u pojedinim sekretarijatima i slu\u017ebama.<\/p>\n<p>&nbsp;<\/p>\n<p><strong><em>Radi ostvarivanja navedenih ciljeva i principa saradnje Mogul <\/em><\/strong>\u0107<strong><em>e:<\/em><\/strong><\/p>\n<p><strong><em>\u00a0<\/em><\/strong><\/p>\n<p>&#8211; Shodno potrebama i vlastitim mogu\u0107nostima obezbjediti institucijama lokalne<\/p>\n<p>samouprave ekspertsku pomo\u0107 anga\u017eovanih stru\u010dnjaka u okviru realizacije svojih<\/p>\n<p>projekata za razvoj lokalne zajednice;<\/p>\n<p>&#8211; Omogu\u0107iti donosiocima odluka i zaposljenima u Op\u0161tini Ulcinj u\u010de\u0161\u0107e na seminarima,<\/p>\n<p>treninzima, obukama, okruglim stolovima, studijskim putovanjima i sl. aktivnostima u<\/p>\n<p>organizaciji Mogul-a ili pojedine od njegovih \u010dlanica ;<\/p>\n<p>&#8211; Pru\u017eiti stru\u010dnu pomo\u0107 u pisanju i realizaciji projekata za predpristupne i druge fondove<\/p>\n<p>za razvoj lokalne zajednice;<\/p>\n<p>&#8211; U\u010diniti dostupnim Op\u0161tini Ulcinj sve rezultate (anlize, istra\u017eivanja, ankete, publikacije i<\/p>\n<p>sl.) i druge produkte realizovanih projekata, kao i kontakte saradnika, stru\u010dnjaka,<\/p>\n<p>donatora i partnera iz zemlje i inostranstva;<\/p>\n<p>&#8211; Odrediti koordinatora za realizaciju saradnje.<\/p>\n<p>&nbsp;<\/p>\n<p>3<\/p>\n<p><strong>Prelazne i zavr\u0161ne odredbe<\/strong><\/p>\n<p><strong>\u00a0<\/strong><\/p>\n<p>Memorandum se zaklju\u010duje na neograni\u010den vremenski period i stupa na snagu danom<\/p>\n<p>potpisivanja.<\/p>\n<p>&nbsp;<\/p>\n<p>Sadr\u017eina Memoranduma mo\u017ee se izmijeniti pisanom saglasno\u0161\u0107u potpisnika.<\/p>\n<p>&nbsp;<\/p>\n<p>Svi eventualni sporovi koji se pojave u pogledu tuma\u010denja i implementacije ovog Memoranduma<\/p>\n<p>bi\u0107e razrije\u0161eni konstruktivnim dijalogom u duhu saradnje i uzajamnog po\u0161tovanja.<\/p>\n<p>&nbsp;<\/p>\n<p>Ovaj Memorandum je sa\u010dinjen u 4 (\u010detiri) istovjetna primjerka, po dva za svaku stranu<\/p>\n<p>potpisnicu.<\/p>\n<p>&nbsp;<\/p>\n<p><strong>Ulcinj, 02.12.2011. godine<\/strong><\/p>\n<p><strong>\u00a0<\/strong><\/p>\n<p><strong>\u00a0<\/strong><\/p>\n<p>Monitoring group Ulcinj &#8211; Mogul \u00a0\u00a0\u00a0\u00a0\u00a0\u00a0\u00a0\u00a0\u00a0\u00a0\u00a0\u00a0\u00a0\u00a0\u00a0\u00a0\u00a0\u00a0\u00a0\u00a0\u00a0\u00a0\u00a0\u00a0\u00a0\u00a0\u00a0\u00a0\u00a0\u00a0\u00a0\u00a0\u00a0\u00a0\u00a0\u00a0\u00a0\u00a0\u00a0\u00a0\u00a0\u00a0\u00a0\u00a0\u00a0\u00a0\u00a0\u00a0\u00a0\u00a0\u00a0\u00a0\u00a0\u00a0\u00a0\u00a0Op\u0161tina Ulcinj<\/p>\n<p>&#8212;&#8212;&#8212;&#8212;&#8212;&#8212;&#8212;&#8212;&#8212;&#8212;&#8212;&#8212;&#8212;&#8212;&#8212; \u00a0\u00a0\u00a0\u00a0\u00a0\u00a0\u00a0\u00a0\u00a0\u00a0\u00a0\u00a0\u00a0\u00a0\u00a0\u00a0\u00a0\u00a0\u00a0\u00a0\u00a0\u00a0\u00a0\u00a0\u00a0\u00a0\u00a0\u00a0\u00a0\u00a0\u00a0\u00a0\u00a0\u00a0\u00a0\u00a0\u00a0\u00a0\u00a0\u00a0\u00a0\u00a0\u00a0&#8212;&#8212;&#8212;&#8212;&#8212;&#8212;&#8212;&#8212;&#8212;&#8212;&#8212;<\/p>\n<p><strong>\u00a0 <a href=\"http:\/\/www.visit-ulcinj.com\/blog\/wp-content\/uploads\/2011\/12\/mogul.pdf\">MogUL\u00a0 PDF\u00a0 DOKUMENT<\/a><\/strong> &#8211; Klik<\/p>\n<p><strong>P\u00ebr m\u00eb shum\u00eb reth k\u00ebtij aktiviteti shikoni Fotografiat\u00a0 nga <a href=\"https:\/\/www.facebook.com\/mogul.ulqin\" data-hovercardx=\"\/ajax\/hovercard\/user.php?id=100002743201525\">Mogul UlqinFacebook<\/a><\/strong><br \/>\n\n\t\t<style type=\"text\/css\">\n\t\t\t#gallery-1 {\n\t\t\t\tmargin: auto;\n\t\t\t}\n\t\t\t#gallery-1 .gallery-item {\n\t\t\t\tfloat: left;\n\t\t\t\tmargin-top: 10px;\n\t\t\t\ttext-align: center;\n\t\t\t\twidth: 33%;\n\t\t\t}\n\t\t\t#gallery-1 img {\n\t\t\t\tborder: 2px solid #cfcfcf;\n\t\t\t}\n\t\t\t#gallery-1 .gallery-caption {\n\t\t\t\tmargin-left: 0;\n\t\t\t}\n\t\t\t\/* see gallery_shortcode() in wp-includes\/media.php *\/\n\t\t<\/style>\n\t\t<div id='gallery-1' class='gallery galleryid-53965 gallery-columns-3 gallery-size-thumbnail'><dl class='gallery-item'>\n\t\t\t<dt class='gallery-icon landscape'>\n\t\t\t\t<a href='https:\/\/www.visit-ulcinj.com\/blog\/wp-content\/uploads\/2011\/12\/MogUL-b\u00ebne-nenshkrimin-e-Protokolit-te-Bashkepunimit-me-Komunen-e-Ulqinit.1.jpg'><img width=\"150\" height=\"150\" src=\"https:\/\/www.visit-ulcinj.com\/blog\/wp-content\/uploads\/2011\/12\/MogUL-b\u00ebne-nenshkrimin-e-Protokolit-te-Bashkepunimit-me-Komunen-e-Ulqinit.1-150x150.jpg\" class=\"attachment-thumbnail size-thumbnail\" alt=\"\" loading=\"lazy\" \/><\/a>\n\t\t\t<\/dt><\/dl><dl class='gallery-item'>\n\t\t\t<dt class='gallery-icon landscape'>\n\t\t\t\t<a href='https:\/\/www.visit-ulcinj.com\/blog\/wp-content\/uploads\/2011\/12\/MogUL-b\u00ebne-nenshkrimin-e-Protokolit-te-Bashkepunimit-me-Komunen-e-Ulqinit.2.jpg'><img width=\"150\" height=\"150\" src=\"https:\/\/www.visit-ulcinj.com\/blog\/wp-content\/uploads\/2011\/12\/MogUL-b\u00ebne-nenshkrimin-e-Protokolit-te-Bashkepunimit-me-Komunen-e-Ulqinit.2-150x150.jpg\" class=\"attachment-thumbnail size-thumbnail\" alt=\"\" loading=\"lazy\" \/><\/a>\n\t\t\t<\/dt><\/dl><dl class='gallery-item'>\n\t\t\t<dt class='gallery-icon landscape'>\n\t\t\t\t<a href='https:\/\/www.visit-ulcinj.com\/blog\/wp-content\/uploads\/2011\/12\/MogUL-b\u00ebne-nenshkrimin-e-Protokolit-te-Bashkepunimit-me-Komunen-e-Ulqinit.3.jpg'><img width=\"150\" height=\"150\" src=\"https:\/\/www.visit-ulcinj.com\/blog\/wp-content\/uploads\/2011\/12\/MogUL-b\u00ebne-nenshkrimin-e-Protokolit-te-Bashkepunimit-me-Komunen-e-Ulqinit.3-150x150.jpg\" class=\"attachment-thumbnail size-thumbnail\" alt=\"\" loading=\"lazy\" \/><\/a>\n\t\t\t<\/dt><\/dl><br style=\"clear: both\" \/><dl class='gallery-item'>\n\t\t\t<dt class='gallery-icon landscape'>\n\t\t\t\t<a href='https:\/\/www.visit-ulcinj.com\/blog\/wp-content\/uploads\/2011\/12\/MogUL-b\u00ebne-nenshkrimin-e-Protokolit-te-Bashkepunimit-me-Komunen-e-Ulqinit.4.jpg'><img width=\"150\" height=\"150\" src=\"https:\/\/www.visit-ulcinj.com\/blog\/wp-content\/uploads\/2011\/12\/MogUL-b\u00ebne-nenshkrimin-e-Protokolit-te-Bashkepunimit-me-Komunen-e-Ulqinit.4-150x150.jpg\" class=\"attachment-thumbnail size-thumbnail\" alt=\"\" loading=\"lazy\" \/><\/a>\n\t\t\t<\/dt><\/dl><dl class='gallery-item'>\n\t\t\t<dt class='gallery-icon landscape'>\n\t\t\t\t<a href='https:\/\/www.visit-ulcinj.com\/blog\/wp-content\/uploads\/2011\/12\/MogUL-b\u00ebne-nenshkrimin-e-Protokolit-te-Bashkepunimit-me-Komunen-e-Ulqinit.5.jpg'><img width=\"150\" height=\"150\" src=\"https:\/\/www.visit-ulcinj.com\/blog\/wp-content\/uploads\/2011\/12\/MogUL-b\u00ebne-nenshkrimin-e-Protokolit-te-Bashkepunimit-me-Komunen-e-Ulqinit.5-150x150.jpg\" class=\"attachment-thumbnail size-thumbnail\" alt=\"\" loading=\"lazy\" \/><\/a>\n\t\t\t<\/dt><\/dl><dl class='gallery-item'>\n\t\t\t<dt class='gallery-icon landscape'>\n\t\t\t\t<a href='https:\/\/www.visit-ulcinj.com\/blog\/wp-content\/uploads\/2011\/12\/MogUL-b\u00ebne-nenshkrimin-e-Protokolit-te-Bashkepunimit-me-Komunen-e-Ulqinit.jpg'><img width=\"150\" height=\"150\" src=\"https:\/\/www.visit-ulcinj.com\/blog\/wp-content\/uploads\/2011\/12\/MogUL-b\u00ebne-nenshkrimin-e-Protokolit-te-Bashkepunimit-me-Komunen-e-Ulqinit-150x150.jpg\" class=\"attachment-thumbnail size-thumbnail\" alt=\"\" loading=\"lazy\" \/><\/a>\n\t\t\t<\/dt><\/dl><br style=\"clear: both\" \/><dl class='gallery-item'>\n\t\t\t<dt class='gallery-icon landscape'>\n\t\t\t\t<a href='https:\/\/www.visit-ulcinj.com\/blog\/wp-content\/uploads\/2011\/12\/MEMORANDUM-O-SARADNJI-OPSTINE-ULCINJ-I-MOGUL-ULCINJ.jpg'><img width=\"150\" height=\"105\" src=\"https:\/\/www.visit-ulcinj.com\/blog\/wp-content\/uploads\/2011\/12\/MEMORANDUM-O-SARADNJI-OPSTINE-ULCINJ-I-MOGUL-ULCINJ-150x105.jpg\" class=\"attachment-thumbnail size-thumbnail\" alt=\"\" loading=\"lazy\" \/><\/a>\n\t\t\t<\/dt><\/dl>\n\t\t\t<br style='clear: both' \/>\n\t\t<\/div>\n<br \/>\n<!--YouTube Error: bad URL entered--><\/p>\n","protected":false},"excerpt":{"rendered":"<p>Grupi i monitoringut nga Ulqini MogUL ,nga dy an\u00ebtar\u00ebt principal \u00a0z.Xhemal Peroviqi,dhe Dritan Abazoviqi sot me kryetarin e Ulqinit z.Nazif Cungu,e b\u00ebn Nenshkrimin e Protokolit te Bashkepunimit me Komunen e Ulqinit. \u00a0\u00a0\u00a0\u00a0\u00a0\u00a0\u00a0\u00a0\u00a0\u00a0\u00a0\u00a0\u00a0\u00a0\u00a0\u00a0\u00a0\u00a0\u00a0\u00a0\u00a0\u00a0\u00a0\u00a0\u00a0\u00a0\u00a0\u00a0\u00a0\u00a0\u00a0\u00a0\u00a0\u00a0\u00a0\u00a0\u00a0\u00a0\u00a0\u00a0\u00a0\u00a0\u00a0\u00a0\u00a0 MEMORANDUM O SARADNJI \u00a0 \u00a0\u00a0\u00a0\u00a0\u00a0\u00a0\u00a0\u00a0\u00a0\u00a0\u00a0\u00a0\u00a0\u00a0\u00a0\u00a0\u00a0\u00a0\u00a0\u00a0\u00a0\u00a0\u00a0\u00a0\u00a0\u00a0\u00a0\u00a0\u00a0\u00a0\u00a0\u00a0\u00a0\u00a0\u00a0\u00a0\u00a0\u00a0\u00a0\u00a0\u00a0\u00a0\u00a0\u00a0\u00a0\u00a0\u00a0\u00a0\u00a0\u00a0\u00a0\u00a0\u00a0\u00a0\u00a0\u00a0\u00a0\u00a0\u00a0\u00a0\u00a0\u00a0 \u00a0\u00a0\u00a0\u00a0\u00a0\u00a0\u00a0\u00a0\u00a0\u00a0\u00a0\u00a0\u00a0\u00a0\u00a0\u00a0\u00a0\u00a0\u00a0\u00a0\u00a0\u00a0\u00a0\u00a0\u00a0\u00a0\u00a0\u00a0\u00a0\u00a0\u00a0\u00a0\u00a0\u00a0\u00a0\u00a0\u00a0\u00a0\u00a0\u00a0\u00a0\u00a0\u00a0\u00a0\u00a0\u00a0\u00a0\u00a0\u00a0\u00a0\u00a0\u00a0\u00a0\u00a0\u00a0\u00a0\u00a0\u00a0 Izmedju \u00a0 1. Op\u0161tine ULCINJ i 2. Koalicije NVO \u201eMonitoring group Ulcinj \u2013 MOGUL\u201c (u daljem tekstu [&hellip;]<\/p>\n","protected":false},"author":1,"featured_media":0,"comment_status":"open","ping_status":"closed","sticky":false,"template":"","format":"standard","meta":{"spay_email":"","jetpack_publicize_message":"","jetpack_is_tweetstorm":false,"jetpack_publicize_feature_enabled":true},"categories":[6950,6],"tags":[10529,19536,118,4265],"jetpack_publicize_connections":[],"yoast_head":"<!-- This site is optimized with the Yoast SEO plugin v19.1 - https:\/\/yoast.com\/wordpress\/plugins\/seo\/ -->\n<title>MogUL b\u00ebne nenshkrimin e Protokolit te Bashkepunimit me Komunen e Ulqinit - Lajme nga Ulqini<\/title>\n<meta name=\"description\" content=\"Grupi i monitoringut nga Ulqini MogUL ,nga dy an\u00ebtar\u00ebt principal \u00a0z.Xhemal Peroviqi,dhe Dritan Abazoviqi sot me kryetarin e Ulqinit z.Nazif Cungu,e b\u00ebn\" \/>\n<meta name=\"robots\" content=\"index, follow, max-snippet:-1, max-image-preview:large, max-video-preview:-1\" \/>\n<link rel=\"canonical\" href=\"https:\/\/www.visit-ulcinj.com\/blog\/2011\/12\/02\/mogul-bene-nenshkrimin-e-protokolit-te-bashkepunimit-me-komunen-e-ulqinit\/\" \/>\n<meta property=\"og:locale\" content=\"en_US\" \/>\n<meta property=\"og:type\" content=\"article\" \/>\n<meta property=\"og:title\" content=\"MogUL b\u00ebne nenshkrimin e Protokolit te Bashkepunimit me Komunen e Ulqinit - Lajme nga Ulqini\" \/>\n<meta property=\"og:description\" content=\"Grupi i monitoringut nga Ulqini MogUL ,nga dy an\u00ebtar\u00ebt principal \u00a0z.Xhemal Peroviqi,dhe Dritan Abazoviqi sot me kryetarin e Ulqinit z.Nazif Cungu,e b\u00ebn\" \/>\n<meta property=\"og:url\" content=\"https:\/\/www.visit-ulcinj.com\/blog\/2011\/12\/02\/mogul-bene-nenshkrimin-e-protokolit-te-bashkepunimit-me-komunen-e-ulqinit\/\" \/>\n<meta property=\"og:site_name\" content=\"Lajme nga Ulqini\" \/>\n<meta property=\"article:published_time\" content=\"2011-12-02T22:28:27+00:00\" \/>\n<meta property=\"article:modified_time\" content=\"2011-12-05T21:35:13+00:00\" \/>\n<meta property=\"og:image\" content=\"https:\/\/www.visit-ulcinj.com\/blog\/wp-content\/uploads\/2011\/12\/MogUL-b\u00ebne-nenshkrimin-e-Protokolit-te-Bashkepunimit-me-Komunen-e-Ulqinit.1-150x150.jpg\" \/>\n<meta name=\"twitter:label1\" content=\"Written by\" \/>\n\t<meta name=\"twitter:data1\" content=\"ulqini\" \/>\n\t<meta name=\"twitter:label2\" content=\"Est. reading time\" \/>\n\t<meta name=\"twitter:data2\" content=\"4 minutes\" \/>\n<script type=\"application\/ld+json\" class=\"yoast-schema-graph\">{\"@context\":\"https:\/\/schema.org\",\"@graph\":[{\"@type\":\"WebSite\",\"@id\":\"https:\/\/www.visit-ulcinj.com\/blog\/#website\",\"url\":\"https:\/\/www.visit-ulcinj.com\/blog\/\",\"name\":\"Lajme nga Ulqini\",\"description\":\"Lajme,Vijesti,Ulqini,Ulqin,Crna Gora,Mali i Zi\",\"potentialAction\":[{\"@type\":\"SearchAction\",\"target\":{\"@type\":\"EntryPoint\",\"urlTemplate\":\"https:\/\/www.visit-ulcinj.com\/blog\/?s={search_term_string}\"},\"query-input\":\"required name=search_term_string\"}],\"inLanguage\":\"en-US\"},{\"@type\":\"ImageObject\",\"inLanguage\":\"en-US\",\"@id\":\"https:\/\/www.visit-ulcinj.com\/blog\/2011\/12\/02\/mogul-bene-nenshkrimin-e-protokolit-te-bashkepunimit-me-komunen-e-ulqinit\/#primaryimage\",\"url\":\"http:\/\/www.visit-ulcinj.com\/blog\/wp-content\/uploads\/2011\/12\/MogUL-b%C3%ABne-nenshkrimin-e-Protokolit-te-Bashkepunimit-me-Komunen-e-Ulqinit.1.jpg\",\"contentUrl\":\"http:\/\/www.visit-ulcinj.com\/blog\/wp-content\/uploads\/2011\/12\/MogUL-b%C3%ABne-nenshkrimin-e-Protokolit-te-Bashkepunimit-me-Komunen-e-Ulqinit.1.jpg\"},{\"@type\":\"WebPage\",\"@id\":\"https:\/\/www.visit-ulcinj.com\/blog\/2011\/12\/02\/mogul-bene-nenshkrimin-e-protokolit-te-bashkepunimit-me-komunen-e-ulqinit\/#webpage\",\"url\":\"https:\/\/www.visit-ulcinj.com\/blog\/2011\/12\/02\/mogul-bene-nenshkrimin-e-protokolit-te-bashkepunimit-me-komunen-e-ulqinit\/\",\"name\":\"MogUL b\u00ebne nenshkrimin e Protokolit te Bashkepunimit me Komunen e Ulqinit - Lajme nga Ulqini\",\"isPartOf\":{\"@id\":\"https:\/\/www.visit-ulcinj.com\/blog\/#website\"},\"primaryImageOfPage\":{\"@id\":\"https:\/\/www.visit-ulcinj.com\/blog\/2011\/12\/02\/mogul-bene-nenshkrimin-e-protokolit-te-bashkepunimit-me-komunen-e-ulqinit\/#primaryimage\"},\"datePublished\":\"2011-12-02T22:28:27+00:00\",\"dateModified\":\"2011-12-05T21:35:13+00:00\",\"author\":{\"@id\":\"https:\/\/www.visit-ulcinj.com\/blog\/#\/schema\/person\/dcab619c614d3038751c63bc2aadc06d\"},\"description\":\"Grupi i monitoringut nga Ulqini MogUL ,nga dy an\u00ebtar\u00ebt principal \u00a0z.Xhemal Peroviqi,dhe Dritan Abazoviqi sot me kryetarin e Ulqinit z.Nazif Cungu,e b\u00ebn\",\"breadcrumb\":{\"@id\":\"https:\/\/www.visit-ulcinj.com\/blog\/2011\/12\/02\/mogul-bene-nenshkrimin-e-protokolit-te-bashkepunimit-me-komunen-e-ulqinit\/#breadcrumb\"},\"inLanguage\":\"en-US\",\"potentialAction\":[{\"@type\":\"ReadAction\",\"target\":[\"https:\/\/www.visit-ulcinj.com\/blog\/2011\/12\/02\/mogul-bene-nenshkrimin-e-protokolit-te-bashkepunimit-me-komunen-e-ulqinit\/\"]}]},{\"@type\":\"BreadcrumbList\",\"@id\":\"https:\/\/www.visit-ulcinj.com\/blog\/2011\/12\/02\/mogul-bene-nenshkrimin-e-protokolit-te-bashkepunimit-me-komunen-e-ulqinit\/#breadcrumb\",\"itemListElement\":[{\"@type\":\"ListItem\",\"position\":1,\"name\":\"MogUL b\u00ebne nenshkrimin e Protokolit te Bashkepunimit me Komunen e Ulqinit\"}]},{\"@type\":\"Person\",\"@id\":\"https:\/\/www.visit-ulcinj.com\/blog\/#\/schema\/person\/dcab619c614d3038751c63bc2aadc06d\",\"name\":\"ulqini\",\"sameAs\":[\"http:\/\/www.visit-ulcinj.com\"],\"url\":\"https:\/\/www.visit-ulcinj.com\/blog\/author\/admin\/\"}]}<\/script>\n<!-- \/ Yoast SEO plugin. -->","yoast_head_json":{"title":"MogUL b\u00ebne nenshkrimin e Protokolit te Bashkepunimit me Komunen e Ulqinit - Lajme nga Ulqini","description":"Grupi i monitoringut nga Ulqini MogUL ,nga dy an\u00ebtar\u00ebt principal \u00a0z.Xhemal Peroviqi,dhe Dritan Abazoviqi sot me kryetarin e Ulqinit z.Nazif Cungu,e b\u00ebn","robots":{"index":"index","follow":"follow","max-snippet":"max-snippet:-1","max-image-preview":"max-image-preview:large","max-video-preview":"max-video-preview:-1"},"canonical":"https:\/\/www.visit-ulcinj.com\/blog\/2011\/12\/02\/mogul-bene-nenshkrimin-e-protokolit-te-bashkepunimit-me-komunen-e-ulqinit\/","og_locale":"en_US","og_type":"article","og_title":"MogUL b\u00ebne nenshkrimin e Protokolit te Bashkepunimit me Komunen e Ulqinit - Lajme nga Ulqini","og_description":"Grupi i monitoringut nga Ulqini MogUL ,nga dy an\u00ebtar\u00ebt principal \u00a0z.Xhemal Peroviqi,dhe Dritan Abazoviqi sot me kryetarin e Ulqinit z.Nazif Cungu,e b\u00ebn","og_url":"https:\/\/www.visit-ulcinj.com\/blog\/2011\/12\/02\/mogul-bene-nenshkrimin-e-protokolit-te-bashkepunimit-me-komunen-e-ulqinit\/","og_site_name":"Lajme nga Ulqini","article_published_time":"2011-12-02T22:28:27+00:00","article_modified_time":"2011-12-05T21:35:13+00:00","og_image":[{"url":"https:\/\/www.visit-ulcinj.com\/blog\/wp-content\/uploads\/2011\/12\/MogUL-b\u00ebne-nenshkrimin-e-Protokolit-te-Bashkepunimit-me-Komunen-e-Ulqinit.1-150x150.jpg"}],"twitter_misc":{"Written by":"ulqini","Est. reading time":"4 minutes"},"schema":{"@context":"https:\/\/schema.org","@graph":[{"@type":"WebSite","@id":"https:\/\/www.visit-ulcinj.com\/blog\/#website","url":"https:\/\/www.visit-ulcinj.com\/blog\/","name":"Lajme nga Ulqini","description":"Lajme,Vijesti,Ulqini,Ulqin,Crna Gora,Mali i Zi","potentialAction":[{"@type":"SearchAction","target":{"@type":"EntryPoint","urlTemplate":"https:\/\/www.visit-ulcinj.com\/blog\/?s={search_term_string}"},"query-input":"required name=search_term_string"}],"inLanguage":"en-US"},{"@type":"ImageObject","inLanguage":"en-US","@id":"https:\/\/www.visit-ulcinj.com\/blog\/2011\/12\/02\/mogul-bene-nenshkrimin-e-protokolit-te-bashkepunimit-me-komunen-e-ulqinit\/#primaryimage","url":"http:\/\/www.visit-ulcinj.com\/blog\/wp-content\/uploads\/2011\/12\/MogUL-b%C3%ABne-nenshkrimin-e-Protokolit-te-Bashkepunimit-me-Komunen-e-Ulqinit.1.jpg","contentUrl":"http:\/\/www.visit-ulcinj.com\/blog\/wp-content\/uploads\/2011\/12\/MogUL-b%C3%ABne-nenshkrimin-e-Protokolit-te-Bashkepunimit-me-Komunen-e-Ulqinit.1.jpg"},{"@type":"WebPage","@id":"https:\/\/www.visit-ulcinj.com\/blog\/2011\/12\/02\/mogul-bene-nenshkrimin-e-protokolit-te-bashkepunimit-me-komunen-e-ulqinit\/#webpage","url":"https:\/\/www.visit-ulcinj.com\/blog\/2011\/12\/02\/mogul-bene-nenshkrimin-e-protokolit-te-bashkepunimit-me-komunen-e-ulqinit\/","name":"MogUL b\u00ebne nenshkrimin e Protokolit te Bashkepunimit me Komunen e Ulqinit - Lajme nga Ulqini","isPartOf":{"@id":"https:\/\/www.visit-ulcinj.com\/blog\/#website"},"primaryImageOfPage":{"@id":"https:\/\/www.visit-ulcinj.com\/blog\/2011\/12\/02\/mogul-bene-nenshkrimin-e-protokolit-te-bashkepunimit-me-komunen-e-ulqinit\/#primaryimage"},"datePublished":"2011-12-02T22:28:27+00:00","dateModified":"2011-12-05T21:35:13+00:00","author":{"@id":"https:\/\/www.visit-ulcinj.com\/blog\/#\/schema\/person\/dcab619c614d3038751c63bc2aadc06d"},"description":"Grupi i monitoringut nga Ulqini MogUL ,nga dy an\u00ebtar\u00ebt principal \u00a0z.Xhemal Peroviqi,dhe Dritan Abazoviqi sot me kryetarin e Ulqinit z.Nazif Cungu,e b\u00ebn","breadcrumb":{"@id":"https:\/\/www.visit-ulcinj.com\/blog\/2011\/12\/02\/mogul-bene-nenshkrimin-e-protokolit-te-bashkepunimit-me-komunen-e-ulqinit\/#breadcrumb"},"inLanguage":"en-US","potentialAction":[{"@type":"ReadAction","target":["https:\/\/www.visit-ulcinj.com\/blog\/2011\/12\/02\/mogul-bene-nenshkrimin-e-protokolit-te-bashkepunimit-me-komunen-e-ulqinit\/"]}]},{"@type":"BreadcrumbList","@id":"https:\/\/www.visit-ulcinj.com\/blog\/2011\/12\/02\/mogul-bene-nenshkrimin-e-protokolit-te-bashkepunimit-me-komunen-e-ulqinit\/#breadcrumb","itemListElement":[{"@type":"ListItem","position":1,"name":"MogUL b\u00ebne nenshkrimin e Protokolit te Bashkepunimit me Komunen e Ulqinit"}]},{"@type":"Person","@id":"https:\/\/www.visit-ulcinj.com\/blog\/#\/schema\/person\/dcab619c614d3038751c63bc2aadc06d","name":"ulqini","sameAs":["http:\/\/www.visit-ulcinj.com"],"url":"https:\/\/www.visit-ulcinj.com\/blog\/author\/admin\/"}]}},"jetpack_featured_media_url":"","jetpack_sharing_enabled":true,"jetpack_shortlink":"https:\/\/wp.me\/pe6lTn-e2p","_links":{"self":[{"href":"https:\/\/www.visit-ulcinj.com\/blog\/wp-json\/wp\/v2\/posts\/53965"}],"collection":[{"href":"https:\/\/www.visit-ulcinj.com\/blog\/wp-json\/wp\/v2\/posts"}],"about":[{"href":"https:\/\/www.visit-ulcinj.com\/blog\/wp-json\/wp\/v2\/types\/post"}],"author":[{"embeddable":true,"href":"https:\/\/www.visit-ulcinj.com\/blog\/wp-json\/wp\/v2\/users\/1"}],"replies":[{"embeddable":true,"href":"https:\/\/www.visit-ulcinj.com\/blog\/wp-json\/wp\/v2\/comments?post=53965"}],"version-history":[{"count":6,"href":"https:\/\/www.visit-ulcinj.com\/blog\/wp-json\/wp\/v2\/posts\/53965\/revisions"}],"predecessor-version":[{"id":54051,"href":"https:\/\/www.visit-ulcinj.com\/blog\/wp-json\/wp\/v2\/posts\/53965\/revisions\/54051"}],"wp:attachment":[{"href":"https:\/\/www.visit-ulcinj.com\/blog\/wp-json\/wp\/v2\/media?parent=53965"}],"wp:term":[{"taxonomy":"category","embeddable":true,"href":"https:\/\/www.visit-ulcinj.com\/blog\/wp-json\/wp\/v2\/categories?post=53965"},{"taxonomy":"post_tag","embeddable":true,"href":"https:\/\/www.visit-ulcinj.com\/blog\/wp-json\/wp\/v2\/tags?post=53965"}],"curies":[{"name":"wp","href":"https:\/\/api.w.org\/{rel}","templated":true}]}}