{"id":5397,"date":"2008-11-03T17:27:52","date_gmt":"2008-11-03T22:27:52","guid":{"rendered":"http:\/\/www.visit-ulcinj.com\/blog\/?p=5397"},"modified":"2008-11-03T17:27:52","modified_gmt":"2008-11-03T22:27:52","slug":"moorecrna-gora-mora-poboljsati-okruzenje-za-razvoj-privatnog-sektora","status":"publish","type":"post","link":"https:\/\/www.visit-ulcinj.com\/blog\/2008\/11\/03\/moorecrna-gora-mora-poboljsati-okruzenje-za-razvoj-privatnog-sektora\/","title":{"rendered":"Moore:Crna Gora mora pobolj\u0161ati okru\u017eenje za razvoj privatnog sektora"},"content":{"rendered":"<p><a href=\"http:\/\/www.visit-ulcinj.com\/blog\/wp-content\/uploads\/2008\/11\/roderik-mur.jpg\"><img loading=\"lazy\" class=\"alignleft size-medium wp-image-5398\" title=\"Roderick W. Moore\" src=\"http:\/\/www.visit-ulcinj.com\/blog\/wp-content\/uploads\/2008\/11\/roderik-mur.jpg\" alt=\"\" width=\"327\" height=\"217\" \/><\/a>PODGORICA &#8211; Crna Gora, ukoliko \u017eeli da nastavi pozitivne ekonomske trendove, posebnu pa\u017enju mora posvetiti daljem pobolj\u0161anju okru\u017eenja za razvoj privatnog sektora, ocijenio je ambasador Sjedinjenih Ameri?kih Dr\u017eava (SAD) u Podgorici, Roderick W. Moore.<br \/>\n\u00bbTo uklju?uje sprovo?enje usvojenih zakona i stalnu podr\u0161ku slobodnoj, ravnopravnoj i transparentnoj privatizaciji i tenderima\u00ab, kazao je Moore u intervjuu za ?asopis Montenegro Business Outlook.<br \/>\nOn smatra da razvoj atraktivnih i jedinstvenih mjesta kao \u0161to su Ada Bojana, Velika pla\u017ea i Valdanos ?ine dio velikog investicionog kruga ?iji projekti vrijede oko 20 milijardi EUR.<br \/>\n\u00bbNekoliko va\u017enih dr\u017eavnih kompanija trebalo bi da bude privatizovano, \u0161to ?e tako?e predstavljati mogu?nost za dovo?enje stranih investitora u Crnu Goru\u00ab, rekao je Moore.<br \/>\nPrema njegovim rije?ima, postoji mogu?nost da se mnoge velike strane kompanije koje \u017eele da pro\u0161ire svoje poslovanje odlu?e za Crnu Goru, jer ima konkurentne poreze za preduze?a.<br \/>\n\u00bbU periodu kada bruto doma?i proizvod (BDP) opada u zapadnoj Evropi, Me?unarodni monetarni fond (MMF) predvi?a da ?e Crna Gora imati BDP od 7,2 odsto\u00ab, naveo je Moore. Ameri?ka ambasada, kako je kazao, \u017eeli da pomogne biznismenima iz SAD-a da otkriju crnogorski potencijal.<br \/>\n\u00bbTrenutni investicioni ciklus u Crnoj Gori predstavlja dobar posao za ameri?ke kompanije\u00ab, smatra Moore.<br \/>\nOn je ocijenio da je Crna Gora na dobrom putu za uklju?enje u Sjevernoatlantski savez (NATO).<br \/>\n<strong>Izvor \/ Mina-business<\/strong><\/p>\n","protected":false},"excerpt":{"rendered":"<p>PODGORICA &#8211; Crna Gora, ukoliko \u017eeli da nastavi pozitivne ekonomske trendove, posebnu pa\u017enju mora posvetiti daljem pobolj\u0161anju okru\u017eenja za razvoj privatnog sektora, ocijenio je ambasador Sjedinjenih Ameri?kih Dr\u017eava (SAD) u Podgorici, Roderick W. Moore. \u00bbTo uklju?uje sprovo?enje usvojenih zakona i stalnu podr\u0161ku slobodnoj, ravnopravnoj i transparentnoj privatizaciji i tenderima\u00ab, kazao je Moore u intervjuu za [&hellip;]<\/p>\n","protected":false},"author":1,"featured_media":0,"comment_status":"open","ping_status":"closed","sticky":false,"template":"","format":"standard","meta":{"spay_email":"","jetpack_publicize_message":"","jetpack_is_tweetstorm":false,"jetpack_publicize_feature_enabled":true},"categories":[10],"tags":[3237],"jetpack_publicize_connections":[],"yoast_head":"<!-- This site is optimized with the Yoast SEO plugin v19.1 - https:\/\/yoast.com\/wordpress\/plugins\/seo\/ -->\n<title>Moore:Crna Gora mora pobolj\u0161ati okru\u017eenje za razvoj privatnog sektora - Lajme nga Ulqini<\/title>\n<meta name=\"description\" content=\"PODGORICA - Crna Gora, ukoliko \u017eeli da nastavi pozitivne ekonomske trendove, posebnu pa\u017enju mora posvetiti daljem pobolj\u0161anju okru\u017eenja za razvoj\" \/>\n<meta name=\"robots\" content=\"index, follow, max-snippet:-1, max-image-preview:large, max-video-preview:-1\" \/>\n<link rel=\"canonical\" href=\"https:\/\/www.visit-ulcinj.com\/blog\/2008\/11\/03\/moorecrna-gora-mora-poboljsati-okruzenje-za-razvoj-privatnog-sektora\/\" \/>\n<meta property=\"og:locale\" content=\"en_US\" \/>\n<meta property=\"og:type\" content=\"article\" \/>\n<meta property=\"og:title\" content=\"Moore:Crna Gora mora pobolj\u0161ati okru\u017eenje za razvoj privatnog sektora - Lajme nga Ulqini\" \/>\n<meta property=\"og:description\" content=\"PODGORICA - Crna Gora, ukoliko \u017eeli da nastavi pozitivne ekonomske trendove, posebnu pa\u017enju mora posvetiti daljem pobolj\u0161anju okru\u017eenja za razvoj\" \/>\n<meta property=\"og:url\" content=\"https:\/\/www.visit-ulcinj.com\/blog\/2008\/11\/03\/moorecrna-gora-mora-poboljsati-okruzenje-za-razvoj-privatnog-sektora\/\" \/>\n<meta property=\"og:site_name\" content=\"Lajme nga Ulqini\" \/>\n<meta property=\"article:published_time\" content=\"2008-11-03T22:27:52+00:00\" \/>\n<meta property=\"og:image\" content=\"http:\/\/www.visit-ulcinj.com\/blog\/wp-content\/uploads\/2008\/11\/roderik-mur.jpg\" \/>\n<meta name=\"twitter:label1\" content=\"Written by\" \/>\n\t<meta name=\"twitter:data1\" content=\"ulqini\" \/>\n\t<meta name=\"twitter:label2\" content=\"Est. reading time\" \/>\n\t<meta name=\"twitter:data2\" content=\"1 minute\" \/>\n<script type=\"application\/ld+json\" class=\"yoast-schema-graph\">{\"@context\":\"https:\/\/schema.org\",\"@graph\":[{\"@type\":\"WebSite\",\"@id\":\"https:\/\/www.visit-ulcinj.com\/blog\/#website\",\"url\":\"https:\/\/www.visit-ulcinj.com\/blog\/\",\"name\":\"Lajme nga Ulqini\",\"description\":\"Lajme,Vijesti,Ulqini,Ulqin,Crna Gora,Mali i Zi\",\"potentialAction\":[{\"@type\":\"SearchAction\",\"target\":{\"@type\":\"EntryPoint\",\"urlTemplate\":\"https:\/\/www.visit-ulcinj.com\/blog\/?s={search_term_string}\"},\"query-input\":\"required name=search_term_string\"}],\"inLanguage\":\"en-US\"},{\"@type\":\"ImageObject\",\"inLanguage\":\"en-US\",\"@id\":\"https:\/\/www.visit-ulcinj.com\/blog\/2008\/11\/03\/moorecrna-gora-mora-poboljsati-okruzenje-za-razvoj-privatnog-sektora\/#primaryimage\",\"url\":\"http:\/\/www.visit-ulcinj.com\/blog\/wp-content\/uploads\/2008\/11\/roderik-mur.jpg\",\"contentUrl\":\"http:\/\/www.visit-ulcinj.com\/blog\/wp-content\/uploads\/2008\/11\/roderik-mur.jpg\"},{\"@type\":\"WebPage\",\"@id\":\"https:\/\/www.visit-ulcinj.com\/blog\/2008\/11\/03\/moorecrna-gora-mora-poboljsati-okruzenje-za-razvoj-privatnog-sektora\/#webpage\",\"url\":\"https:\/\/www.visit-ulcinj.com\/blog\/2008\/11\/03\/moorecrna-gora-mora-poboljsati-okruzenje-za-razvoj-privatnog-sektora\/\",\"name\":\"Moore:Crna Gora mora pobolj\u0161ati okru\u017eenje za razvoj privatnog sektora - Lajme nga Ulqini\",\"isPartOf\":{\"@id\":\"https:\/\/www.visit-ulcinj.com\/blog\/#website\"},\"primaryImageOfPage\":{\"@id\":\"https:\/\/www.visit-ulcinj.com\/blog\/2008\/11\/03\/moorecrna-gora-mora-poboljsati-okruzenje-za-razvoj-privatnog-sektora\/#primaryimage\"},\"datePublished\":\"2008-11-03T22:27:52+00:00\",\"dateModified\":\"2008-11-03T22:27:52+00:00\",\"author\":{\"@id\":\"https:\/\/www.visit-ulcinj.com\/blog\/#\/schema\/person\/dcab619c614d3038751c63bc2aadc06d\"},\"description\":\"PODGORICA - Crna Gora, ukoliko \u017eeli da nastavi pozitivne ekonomske trendove, posebnu pa\u017enju mora posvetiti daljem pobolj\u0161anju okru\u017eenja za razvoj\",\"breadcrumb\":{\"@id\":\"https:\/\/www.visit-ulcinj.com\/blog\/2008\/11\/03\/moorecrna-gora-mora-poboljsati-okruzenje-za-razvoj-privatnog-sektora\/#breadcrumb\"},\"inLanguage\":\"en-US\",\"potentialAction\":[{\"@type\":\"ReadAction\",\"target\":[\"https:\/\/www.visit-ulcinj.com\/blog\/2008\/11\/03\/moorecrna-gora-mora-poboljsati-okruzenje-za-razvoj-privatnog-sektora\/\"]}]},{\"@type\":\"BreadcrumbList\",\"@id\":\"https:\/\/www.visit-ulcinj.com\/blog\/2008\/11\/03\/moorecrna-gora-mora-poboljsati-okruzenje-za-razvoj-privatnog-sektora\/#breadcrumb\",\"itemListElement\":[{\"@type\":\"ListItem\",\"position\":1,\"name\":\"Moore:Crna Gora mora pobolj\u0161ati okru\u017eenje za razvoj privatnog sektora\"}]},{\"@type\":\"Person\",\"@id\":\"https:\/\/www.visit-ulcinj.com\/blog\/#\/schema\/person\/dcab619c614d3038751c63bc2aadc06d\",\"name\":\"ulqini\",\"sameAs\":[\"http:\/\/www.visit-ulcinj.com\"],\"url\":\"https:\/\/www.visit-ulcinj.com\/blog\/author\/admin\/\"}]}<\/script>\n<!-- \/ Yoast SEO plugin. -->","yoast_head_json":{"title":"Moore:Crna Gora mora pobolj\u0161ati okru\u017eenje za razvoj privatnog sektora - Lajme nga Ulqini","description":"PODGORICA - Crna Gora, ukoliko \u017eeli da nastavi pozitivne ekonomske trendove, posebnu pa\u017enju mora posvetiti daljem pobolj\u0161anju okru\u017eenja za razvoj","robots":{"index":"index","follow":"follow","max-snippet":"max-snippet:-1","max-image-preview":"max-image-preview:large","max-video-preview":"max-video-preview:-1"},"canonical":"https:\/\/www.visit-ulcinj.com\/blog\/2008\/11\/03\/moorecrna-gora-mora-poboljsati-okruzenje-za-razvoj-privatnog-sektora\/","og_locale":"en_US","og_type":"article","og_title":"Moore:Crna Gora mora pobolj\u0161ati okru\u017eenje za razvoj privatnog sektora - Lajme nga Ulqini","og_description":"PODGORICA - Crna Gora, ukoliko \u017eeli da nastavi pozitivne ekonomske trendove, posebnu pa\u017enju mora posvetiti daljem pobolj\u0161anju okru\u017eenja za razvoj","og_url":"https:\/\/www.visit-ulcinj.com\/blog\/2008\/11\/03\/moorecrna-gora-mora-poboljsati-okruzenje-za-razvoj-privatnog-sektora\/","og_site_name":"Lajme nga Ulqini","article_published_time":"2008-11-03T22:27:52+00:00","og_image":[{"url":"http:\/\/www.visit-ulcinj.com\/blog\/wp-content\/uploads\/2008\/11\/roderik-mur.jpg"}],"twitter_misc":{"Written by":"ulqini","Est. reading time":"1 minute"},"schema":{"@context":"https:\/\/schema.org","@graph":[{"@type":"WebSite","@id":"https:\/\/www.visit-ulcinj.com\/blog\/#website","url":"https:\/\/www.visit-ulcinj.com\/blog\/","name":"Lajme nga Ulqini","description":"Lajme,Vijesti,Ulqini,Ulqin,Crna Gora,Mali i Zi","potentialAction":[{"@type":"SearchAction","target":{"@type":"EntryPoint","urlTemplate":"https:\/\/www.visit-ulcinj.com\/blog\/?s={search_term_string}"},"query-input":"required name=search_term_string"}],"inLanguage":"en-US"},{"@type":"ImageObject","inLanguage":"en-US","@id":"https:\/\/www.visit-ulcinj.com\/blog\/2008\/11\/03\/moorecrna-gora-mora-poboljsati-okruzenje-za-razvoj-privatnog-sektora\/#primaryimage","url":"http:\/\/www.visit-ulcinj.com\/blog\/wp-content\/uploads\/2008\/11\/roderik-mur.jpg","contentUrl":"http:\/\/www.visit-ulcinj.com\/blog\/wp-content\/uploads\/2008\/11\/roderik-mur.jpg"},{"@type":"WebPage","@id":"https:\/\/www.visit-ulcinj.com\/blog\/2008\/11\/03\/moorecrna-gora-mora-poboljsati-okruzenje-za-razvoj-privatnog-sektora\/#webpage","url":"https:\/\/www.visit-ulcinj.com\/blog\/2008\/11\/03\/moorecrna-gora-mora-poboljsati-okruzenje-za-razvoj-privatnog-sektora\/","name":"Moore:Crna Gora mora pobolj\u0161ati okru\u017eenje za razvoj privatnog sektora - Lajme nga Ulqini","isPartOf":{"@id":"https:\/\/www.visit-ulcinj.com\/blog\/#website"},"primaryImageOfPage":{"@id":"https:\/\/www.visit-ulcinj.com\/blog\/2008\/11\/03\/moorecrna-gora-mora-poboljsati-okruzenje-za-razvoj-privatnog-sektora\/#primaryimage"},"datePublished":"2008-11-03T22:27:52+00:00","dateModified":"2008-11-03T22:27:52+00:00","author":{"@id":"https:\/\/www.visit-ulcinj.com\/blog\/#\/schema\/person\/dcab619c614d3038751c63bc2aadc06d"},"description":"PODGORICA - Crna Gora, ukoliko \u017eeli da nastavi pozitivne ekonomske trendove, posebnu pa\u017enju mora posvetiti daljem pobolj\u0161anju okru\u017eenja za razvoj","breadcrumb":{"@id":"https:\/\/www.visit-ulcinj.com\/blog\/2008\/11\/03\/moorecrna-gora-mora-poboljsati-okruzenje-za-razvoj-privatnog-sektora\/#breadcrumb"},"inLanguage":"en-US","potentialAction":[{"@type":"ReadAction","target":["https:\/\/www.visit-ulcinj.com\/blog\/2008\/11\/03\/moorecrna-gora-mora-poboljsati-okruzenje-za-razvoj-privatnog-sektora\/"]}]},{"@type":"BreadcrumbList","@id":"https:\/\/www.visit-ulcinj.com\/blog\/2008\/11\/03\/moorecrna-gora-mora-poboljsati-okruzenje-za-razvoj-privatnog-sektora\/#breadcrumb","itemListElement":[{"@type":"ListItem","position":1,"name":"Moore:Crna Gora mora pobolj\u0161ati okru\u017eenje za razvoj privatnog sektora"}]},{"@type":"Person","@id":"https:\/\/www.visit-ulcinj.com\/blog\/#\/schema\/person\/dcab619c614d3038751c63bc2aadc06d","name":"ulqini","sameAs":["http:\/\/www.visit-ulcinj.com"],"url":"https:\/\/www.visit-ulcinj.com\/blog\/author\/admin\/"}]}},"jetpack_featured_media_url":"","jetpack_sharing_enabled":true,"jetpack_shortlink":"https:\/\/wp.me\/pe6lTn-1p3","_links":{"self":[{"href":"https:\/\/www.visit-ulcinj.com\/blog\/wp-json\/wp\/v2\/posts\/5397"}],"collection":[{"href":"https:\/\/www.visit-ulcinj.com\/blog\/wp-json\/wp\/v2\/posts"}],"about":[{"href":"https:\/\/www.visit-ulcinj.com\/blog\/wp-json\/wp\/v2\/types\/post"}],"author":[{"embeddable":true,"href":"https:\/\/www.visit-ulcinj.com\/blog\/wp-json\/wp\/v2\/users\/1"}],"replies":[{"embeddable":true,"href":"https:\/\/www.visit-ulcinj.com\/blog\/wp-json\/wp\/v2\/comments?post=5397"}],"version-history":[{"count":0,"href":"https:\/\/www.visit-ulcinj.com\/blog\/wp-json\/wp\/v2\/posts\/5397\/revisions"}],"wp:attachment":[{"href":"https:\/\/www.visit-ulcinj.com\/blog\/wp-json\/wp\/v2\/media?parent=5397"}],"wp:term":[{"taxonomy":"category","embeddable":true,"href":"https:\/\/www.visit-ulcinj.com\/blog\/wp-json\/wp\/v2\/categories?post=5397"},{"taxonomy":"post_tag","embeddable":true,"href":"https:\/\/www.visit-ulcinj.com\/blog\/wp-json\/wp\/v2\/tags?post=5397"}],"curies":[{"name":"wp","href":"https:\/\/api.w.org\/{rel}","templated":true}]}}