{"id":53981,"date":"2011-12-03T07:07:55","date_gmt":"2011-12-03T06:07:55","guid":{"rendered":"http:\/\/www.visit-ulcinj.com\/blog\/?p=53981"},"modified":"2011-12-03T07:07:55","modified_gmt":"2011-12-03T06:07:55","slug":"anxhelina-hadergjonaj-feston-19-vjetorin","status":"publish","type":"post","link":"https:\/\/www.visit-ulcinj.com\/blog\/2011\/12\/03\/anxhelina-hadergjonaj-feston-19-vjetorin\/","title":{"rendered":"Anxhelina Had\u00ebrgjonaj feston 19 vjetorin"},"content":{"rendered":"<p><strong><a href=\"http:\/\/www.visit-ulcinj.com\/blog\/wp-content\/uploads\/2011\/12\/Anxhelina-Hadergjonaj.jpg\"><img loading=\"lazy\" class=\"alignleft size-full wp-image-53982\" title=\"Anxhelina Hadergjonaj\" src=\"http:\/\/www.visit-ulcinj.com\/blog\/wp-content\/uploads\/2011\/12\/Anxhelina-Hadergjonaj.jpg\" alt=\"\" width=\"508\" height=\"600\" \/><\/a>Anxhelina \u00ebsht\u00eb vajza e nj\u00eb personazhi shum\u00eb t\u00eb njohur q\u00eb dash e pa dashur ka pasur cfar\u00eb t\u00eb fitoj\u00eb nga gjenet e t\u00eb \u00ebm\u00ebs e poashtu edhe nga jeta e saj artistike. B\u00ebhet fjal\u00eb p\u00ebr k\u00ebng\u00ebtaren e njohur Alb\u00ebrie Had\u00ebrgjonaj q\u00eb karier\u00ebn e saj e ka realizuar n\u00eb Shqip\u00ebri, dhe tashm\u00eb po st\u00ebrvit pran\u00eb krahut t\u00eb saj t\u00eb bij\u00ebn Anxhelin\u00ebn e cila sapo ka mbushur 19 vjet dhe sot po feston dit\u00eblindjen.<\/strong><\/p>\n<p>Anxhelina \u00ebsht\u00eb larguar nga Shqip\u00ebria dhe \u00ebsht\u00eb vendosur n\u00eb Los Angeles t\u00eb Shteteve t\u00eb Bashkuara t\u00eb Amerik\u00ebs p\u00ebr t\u00eb vazhduar studimet dhe nj\u00ebkoh\u00ebsisht edhe p\u00ebr t\u00eb vazhduar nj\u00eb karier\u00eb muzikore.<\/p>\n<!--YouTube Error: bad URL entered-->\n","protected":false},"excerpt":{"rendered":"<p>Anxhelina \u00ebsht\u00eb vajza e nj\u00eb personazhi shum\u00eb t\u00eb njohur q\u00eb dash e pa dashur ka pasur cfar\u00eb t\u00eb fitoj\u00eb nga gjenet e t\u00eb \u00ebm\u00ebs e poashtu edhe nga jeta e saj artistike. B\u00ebhet fjal\u00eb p\u00ebr k\u00ebng\u00ebtaren e njohur Alb\u00ebrie Had\u00ebrgjonaj q\u00eb karier\u00ebn e saj e ka realizuar n\u00eb Shqip\u00ebri, dhe tashm\u00eb po st\u00ebrvit pran\u00eb krahut [&hellip;]<\/p>\n","protected":false},"author":1,"featured_media":0,"comment_status":"open","ping_status":"closed","sticky":false,"template":"","format":"standard","meta":{"spay_email":"","jetpack_publicize_message":"","jetpack_is_tweetstorm":false,"jetpack_publicize_feature_enabled":true},"categories":[1],"tags":[15086],"jetpack_publicize_connections":[],"yoast_head":"<!-- This site is optimized with the Yoast SEO plugin v19.1 - https:\/\/yoast.com\/wordpress\/plugins\/seo\/ -->\n<title>Anxhelina Had\u00ebrgjonaj feston 19 vjetorin - Lajme nga Ulqini<\/title>\n<meta name=\"description\" content=\"Anxhelina \u00ebsht\u00eb vajza e nj\u00eb personazhi shum\u00eb t\u00eb njohur q\u00eb dash e pa dashur ka pasur cfar\u00eb t\u00eb fitoj\u00eb nga gjenet e t\u00eb \u00ebm\u00ebs e poashtu edhe nga jeta e saj\" \/>\n<meta name=\"robots\" content=\"index, follow, max-snippet:-1, max-image-preview:large, max-video-preview:-1\" \/>\n<link rel=\"canonical\" href=\"https:\/\/www.visit-ulcinj.com\/blog\/2011\/12\/03\/anxhelina-hadergjonaj-feston-19-vjetorin\/\" \/>\n<meta property=\"og:locale\" content=\"en_US\" \/>\n<meta property=\"og:type\" content=\"article\" \/>\n<meta property=\"og:title\" content=\"Anxhelina Had\u00ebrgjonaj feston 19 vjetorin - Lajme nga Ulqini\" \/>\n<meta property=\"og:description\" content=\"Anxhelina \u00ebsht\u00eb vajza e nj\u00eb personazhi shum\u00eb t\u00eb njohur q\u00eb dash e pa dashur ka pasur cfar\u00eb t\u00eb fitoj\u00eb nga gjenet e t\u00eb \u00ebm\u00ebs e poashtu edhe nga jeta e saj\" \/>\n<meta property=\"og:url\" content=\"https:\/\/www.visit-ulcinj.com\/blog\/2011\/12\/03\/anxhelina-hadergjonaj-feston-19-vjetorin\/\" \/>\n<meta property=\"og:site_name\" content=\"Lajme nga Ulqini\" \/>\n<meta property=\"article:published_time\" content=\"2011-12-03T06:07:55+00:00\" \/>\n<meta property=\"og:image\" content=\"http:\/\/www.visit-ulcinj.com\/blog\/wp-content\/uploads\/2011\/12\/Anxhelina-Hadergjonaj.jpg\" \/>\n<meta name=\"twitter:label1\" content=\"Written by\" \/>\n\t<meta name=\"twitter:data1\" content=\"ulqini\" \/>\n\t<meta name=\"twitter:label2\" content=\"Est. reading time\" \/>\n\t<meta name=\"twitter:data2\" content=\"1 minute\" \/>\n<script type=\"application\/ld+json\" class=\"yoast-schema-graph\">{\"@context\":\"https:\/\/schema.org\",\"@graph\":[{\"@type\":\"WebSite\",\"@id\":\"https:\/\/www.visit-ulcinj.com\/blog\/#website\",\"url\":\"https:\/\/www.visit-ulcinj.com\/blog\/\",\"name\":\"Lajme nga Ulqini\",\"description\":\"Lajme,Vijesti,Ulqini,Ulqin,Crna Gora,Mali i Zi\",\"potentialAction\":[{\"@type\":\"SearchAction\",\"target\":{\"@type\":\"EntryPoint\",\"urlTemplate\":\"https:\/\/www.visit-ulcinj.com\/blog\/?s={search_term_string}\"},\"query-input\":\"required name=search_term_string\"}],\"inLanguage\":\"en-US\"},{\"@type\":\"ImageObject\",\"inLanguage\":\"en-US\",\"@id\":\"https:\/\/www.visit-ulcinj.com\/blog\/2011\/12\/03\/anxhelina-hadergjonaj-feston-19-vjetorin\/#primaryimage\",\"url\":\"http:\/\/www.visit-ulcinj.com\/blog\/wp-content\/uploads\/2011\/12\/Anxhelina-Hadergjonaj.jpg\",\"contentUrl\":\"http:\/\/www.visit-ulcinj.com\/blog\/wp-content\/uploads\/2011\/12\/Anxhelina-Hadergjonaj.jpg\"},{\"@type\":\"WebPage\",\"@id\":\"https:\/\/www.visit-ulcinj.com\/blog\/2011\/12\/03\/anxhelina-hadergjonaj-feston-19-vjetorin\/#webpage\",\"url\":\"https:\/\/www.visit-ulcinj.com\/blog\/2011\/12\/03\/anxhelina-hadergjonaj-feston-19-vjetorin\/\",\"name\":\"Anxhelina Had\u00ebrgjonaj feston 19 vjetorin - Lajme nga Ulqini\",\"isPartOf\":{\"@id\":\"https:\/\/www.visit-ulcinj.com\/blog\/#website\"},\"primaryImageOfPage\":{\"@id\":\"https:\/\/www.visit-ulcinj.com\/blog\/2011\/12\/03\/anxhelina-hadergjonaj-feston-19-vjetorin\/#primaryimage\"},\"datePublished\":\"2011-12-03T06:07:55+00:00\",\"dateModified\":\"2011-12-03T06:07:55+00:00\",\"author\":{\"@id\":\"https:\/\/www.visit-ulcinj.com\/blog\/#\/schema\/person\/dcab619c614d3038751c63bc2aadc06d\"},\"description\":\"Anxhelina \u00ebsht\u00eb vajza e nj\u00eb personazhi shum\u00eb t\u00eb njohur q\u00eb dash e pa dashur ka pasur cfar\u00eb t\u00eb fitoj\u00eb nga gjenet e t\u00eb \u00ebm\u00ebs e poashtu edhe nga jeta e saj\",\"breadcrumb\":{\"@id\":\"https:\/\/www.visit-ulcinj.com\/blog\/2011\/12\/03\/anxhelina-hadergjonaj-feston-19-vjetorin\/#breadcrumb\"},\"inLanguage\":\"en-US\",\"potentialAction\":[{\"@type\":\"ReadAction\",\"target\":[\"https:\/\/www.visit-ulcinj.com\/blog\/2011\/12\/03\/anxhelina-hadergjonaj-feston-19-vjetorin\/\"]}]},{\"@type\":\"BreadcrumbList\",\"@id\":\"https:\/\/www.visit-ulcinj.com\/blog\/2011\/12\/03\/anxhelina-hadergjonaj-feston-19-vjetorin\/#breadcrumb\",\"itemListElement\":[{\"@type\":\"ListItem\",\"position\":1,\"name\":\"Anxhelina Had\u00ebrgjonaj feston 19 vjetorin\"}]},{\"@type\":\"Person\",\"@id\":\"https:\/\/www.visit-ulcinj.com\/blog\/#\/schema\/person\/dcab619c614d3038751c63bc2aadc06d\",\"name\":\"ulqini\",\"sameAs\":[\"http:\/\/www.visit-ulcinj.com\"],\"url\":\"https:\/\/www.visit-ulcinj.com\/blog\/author\/admin\/\"}]}<\/script>\n<!-- \/ Yoast SEO plugin. -->","yoast_head_json":{"title":"Anxhelina Had\u00ebrgjonaj feston 19 vjetorin - Lajme nga Ulqini","description":"Anxhelina \u00ebsht\u00eb vajza e nj\u00eb personazhi shum\u00eb t\u00eb njohur q\u00eb dash e pa dashur ka pasur cfar\u00eb t\u00eb fitoj\u00eb nga gjenet e t\u00eb \u00ebm\u00ebs e poashtu edhe nga jeta e saj","robots":{"index":"index","follow":"follow","max-snippet":"max-snippet:-1","max-image-preview":"max-image-preview:large","max-video-preview":"max-video-preview:-1"},"canonical":"https:\/\/www.visit-ulcinj.com\/blog\/2011\/12\/03\/anxhelina-hadergjonaj-feston-19-vjetorin\/","og_locale":"en_US","og_type":"article","og_title":"Anxhelina Had\u00ebrgjonaj feston 19 vjetorin - Lajme nga Ulqini","og_description":"Anxhelina \u00ebsht\u00eb vajza e nj\u00eb personazhi shum\u00eb t\u00eb njohur q\u00eb dash e pa dashur ka pasur cfar\u00eb t\u00eb fitoj\u00eb nga gjenet e t\u00eb \u00ebm\u00ebs e poashtu edhe nga jeta e saj","og_url":"https:\/\/www.visit-ulcinj.com\/blog\/2011\/12\/03\/anxhelina-hadergjonaj-feston-19-vjetorin\/","og_site_name":"Lajme nga Ulqini","article_published_time":"2011-12-03T06:07:55+00:00","og_image":[{"url":"http:\/\/www.visit-ulcinj.com\/blog\/wp-content\/uploads\/2011\/12\/Anxhelina-Hadergjonaj.jpg"}],"twitter_misc":{"Written by":"ulqini","Est. reading time":"1 minute"},"schema":{"@context":"https:\/\/schema.org","@graph":[{"@type":"WebSite","@id":"https:\/\/www.visit-ulcinj.com\/blog\/#website","url":"https:\/\/www.visit-ulcinj.com\/blog\/","name":"Lajme nga Ulqini","description":"Lajme,Vijesti,Ulqini,Ulqin,Crna Gora,Mali i Zi","potentialAction":[{"@type":"SearchAction","target":{"@type":"EntryPoint","urlTemplate":"https:\/\/www.visit-ulcinj.com\/blog\/?s={search_term_string}"},"query-input":"required name=search_term_string"}],"inLanguage":"en-US"},{"@type":"ImageObject","inLanguage":"en-US","@id":"https:\/\/www.visit-ulcinj.com\/blog\/2011\/12\/03\/anxhelina-hadergjonaj-feston-19-vjetorin\/#primaryimage","url":"http:\/\/www.visit-ulcinj.com\/blog\/wp-content\/uploads\/2011\/12\/Anxhelina-Hadergjonaj.jpg","contentUrl":"http:\/\/www.visit-ulcinj.com\/blog\/wp-content\/uploads\/2011\/12\/Anxhelina-Hadergjonaj.jpg"},{"@type":"WebPage","@id":"https:\/\/www.visit-ulcinj.com\/blog\/2011\/12\/03\/anxhelina-hadergjonaj-feston-19-vjetorin\/#webpage","url":"https:\/\/www.visit-ulcinj.com\/blog\/2011\/12\/03\/anxhelina-hadergjonaj-feston-19-vjetorin\/","name":"Anxhelina Had\u00ebrgjonaj feston 19 vjetorin - Lajme nga Ulqini","isPartOf":{"@id":"https:\/\/www.visit-ulcinj.com\/blog\/#website"},"primaryImageOfPage":{"@id":"https:\/\/www.visit-ulcinj.com\/blog\/2011\/12\/03\/anxhelina-hadergjonaj-feston-19-vjetorin\/#primaryimage"},"datePublished":"2011-12-03T06:07:55+00:00","dateModified":"2011-12-03T06:07:55+00:00","author":{"@id":"https:\/\/www.visit-ulcinj.com\/blog\/#\/schema\/person\/dcab619c614d3038751c63bc2aadc06d"},"description":"Anxhelina \u00ebsht\u00eb vajza e nj\u00eb personazhi shum\u00eb t\u00eb njohur q\u00eb dash e pa dashur ka pasur cfar\u00eb t\u00eb fitoj\u00eb nga gjenet e t\u00eb \u00ebm\u00ebs e poashtu edhe nga jeta e saj","breadcrumb":{"@id":"https:\/\/www.visit-ulcinj.com\/blog\/2011\/12\/03\/anxhelina-hadergjonaj-feston-19-vjetorin\/#breadcrumb"},"inLanguage":"en-US","potentialAction":[{"@type":"ReadAction","target":["https:\/\/www.visit-ulcinj.com\/blog\/2011\/12\/03\/anxhelina-hadergjonaj-feston-19-vjetorin\/"]}]},{"@type":"BreadcrumbList","@id":"https:\/\/www.visit-ulcinj.com\/blog\/2011\/12\/03\/anxhelina-hadergjonaj-feston-19-vjetorin\/#breadcrumb","itemListElement":[{"@type":"ListItem","position":1,"name":"Anxhelina Had\u00ebrgjonaj feston 19 vjetorin"}]},{"@type":"Person","@id":"https:\/\/www.visit-ulcinj.com\/blog\/#\/schema\/person\/dcab619c614d3038751c63bc2aadc06d","name":"ulqini","sameAs":["http:\/\/www.visit-ulcinj.com"],"url":"https:\/\/www.visit-ulcinj.com\/blog\/author\/admin\/"}]}},"jetpack_featured_media_url":"","jetpack_sharing_enabled":true,"jetpack_shortlink":"https:\/\/wp.me\/pe6lTn-e2F","_links":{"self":[{"href":"https:\/\/www.visit-ulcinj.com\/blog\/wp-json\/wp\/v2\/posts\/53981"}],"collection":[{"href":"https:\/\/www.visit-ulcinj.com\/blog\/wp-json\/wp\/v2\/posts"}],"about":[{"href":"https:\/\/www.visit-ulcinj.com\/blog\/wp-json\/wp\/v2\/types\/post"}],"author":[{"embeddable":true,"href":"https:\/\/www.visit-ulcinj.com\/blog\/wp-json\/wp\/v2\/users\/1"}],"replies":[{"embeddable":true,"href":"https:\/\/www.visit-ulcinj.com\/blog\/wp-json\/wp\/v2\/comments?post=53981"}],"version-history":[{"count":1,"href":"https:\/\/www.visit-ulcinj.com\/blog\/wp-json\/wp\/v2\/posts\/53981\/revisions"}],"predecessor-version":[{"id":53984,"href":"https:\/\/www.visit-ulcinj.com\/blog\/wp-json\/wp\/v2\/posts\/53981\/revisions\/53984"}],"wp:attachment":[{"href":"https:\/\/www.visit-ulcinj.com\/blog\/wp-json\/wp\/v2\/media?parent=53981"}],"wp:term":[{"taxonomy":"category","embeddable":true,"href":"https:\/\/www.visit-ulcinj.com\/blog\/wp-json\/wp\/v2\/categories?post=53981"},{"taxonomy":"post_tag","embeddable":true,"href":"https:\/\/www.visit-ulcinj.com\/blog\/wp-json\/wp\/v2\/tags?post=53981"}],"curies":[{"name":"wp","href":"https:\/\/api.w.org\/{rel}","templated":true}]}}