{"id":53985,"date":"2011-12-03T07:22:00","date_gmt":"2011-12-03T06:22:00","guid":{"rendered":"http:\/\/www.visit-ulcinj.com\/blog\/?p=53985"},"modified":"2011-12-03T07:22:00","modified_gmt":"2011-12-03T06:22:00","slug":"seldi-fejohet-me-dafinen-vajzen-e-milaim-zekes","status":"publish","type":"post","link":"https:\/\/www.visit-ulcinj.com\/blog\/2011\/12\/03\/seldi-fejohet-me-dafinen-vajzen-e-milaim-zekes\/","title":{"rendered":"Seldi fejohet me Dafinen, vajzen e Milaim Zekes"},"content":{"rendered":"<p><strong><a href=\"http:\/\/www.visit-ulcinj.com\/blog\/wp-content\/uploads\/2011\/12\/Seldi-fejohet-me-Dafina-Zeken.2.jpg\"><img loading=\"lazy\" class=\"alignleft size-full wp-image-53987\" title=\"Seldi fejohet me Dafina Zeken.2\" src=\"http:\/\/www.visit-ulcinj.com\/blog\/wp-content\/uploads\/2011\/12\/Seldi-fejohet-me-Dafina-Zeken.2.jpg\" alt=\"\" width=\"508\" height=\"380\" \/><\/a>Thashethemet e shumta n\u00eb lidhje me jet\u00ebn e tij dhe t\u00eb k\u00ebng\u00ebtarit Sinan Hoxha, si duket do t\u00eb marin fund. Definitivisht Seldi ka filluar nj\u00eb lidhje t\u00eb re dashurie, dhe ajo \u00ebsht\u00eb vajza e nj\u00eb gazetari shum\u00eb t\u00eb njohur nga Kosova, por q\u00eb jeton n\u00eb Suedi.<\/strong><\/p>\n<p>Quhet Dafina, dhe \u00ebsht\u00eb vajza e gazetarit hulumtues q\u00eb punon n\u00eb RTK, Milaim Zeka. \u201cDafina Zeka nj\u00eb fem\u00ebr nga Peja por q\u00eb jeton n\u00eb Stockholm t\u00eb Suedis\u00eb \u00ebsht\u00eb vajza e gazetarit Milaim Zeka, por tani \u00ebsht\u00eb n\u00eb mardh\u00ebnie me Seldin prej koh\u00ebsh, jan\u00eb par\u00eb n\u00ebp\u00ebr pube t\u00eb Prishtin\u00ebs por ishte menduar se jan\u00eb vet\u00ebm shok\u00eb kurse tani ata e kan\u00eb b\u00ebr\u00eb lidhjen e tyre t\u00eb hapur, k\u00ebtu n\u00eb Pej\u00eb e din\u00eb t\u00eb gjith\u00eb p\u00ebr ciftin Seldi dhe Dafina, ata poashtu kan\u00eb publikuar foto, Dafina n\u00eb facebook e vet ka publikuar k\u00ebto foto madje edhe k\u00ebt\u00eb postim q\u00eb u kam d\u00ebrguar\u00a0n\u00eb foto shihet Dafina me nj\u00eb goc\u00eb t\u00eb tezes kurse n\u00eb nj\u00eb foto \u00ebsht\u00eb edhe me Seldin, n\u00ebn\u00ebn e saj dhe nj\u00eb kush\u00ebrire q\u00eb do t\u00eb thot\u00eb se jan\u00eb njoftuar edhe familjarisht\u201d, thekson nj\u00eb burim i gazet\u00ebs pasi na d\u00ebrgoi t\u00eb gjith\u00eb informacionin bashkangjitur edhe me foto si d\u00ebshmi p\u00ebr lidhjen.<\/p>\n<p>\u201cPara dy muaj Dafina ka qen\u00eb edhe n\u00eb Shqip\u00ebri p\u00ebr ta vizituar Seldin, \u00ebsht\u00eb informacion i sakt\u00eb ju them me plot bindje, po ashtu Seldi n\u00eb Kosov\u00eb ka qen\u00eb k\u00ebto koh\u00ebt e fundit.<\/p>\n<p>N\u00eb foton e fundit q\u00eb ju kam d\u00ebrguar shihet nj\u00eb postim q\u00eb e ka b\u00ebr\u00eb Dafina Zeka n\u00eb profilin e vet, ku ka shkru S\u00a0\u00a0dhe komentet pastaj se si p\u00ebrmendet Seldi, kjo \u00ebsht\u00eb vet\u00ebm nj\u00eb tjet\u00ebr deshmi p\u00ebr t\u2019ju treguar juve se informacion \u00ebsht\u00eb i sakt\u00eb\u201d, shton m\u00eb tej burimi mir\u00eb i informuar nga qyteti i Pej\u00ebs.<\/p>\n<p>Me k\u00ebt\u00eb lajm, ndoshta dhe do t\u00eb p\u00ebrmbyllen sadopak thashethemet p\u00ebr mardh\u00ebnien e tij me Sinanin me t\u00eb cilin shfaqeshin kudo, e ndoshta edhe do t\u00eb filloj\u00eb nj\u00eb karier\u00eb solo pa ndihm\u00ebn e kolegut t\u00eb tij Sinan Hoxha, ofertat tek ai vinin pik\u00ebrisht p\u00ebr k\u00ebt\u00eb shoq\u00ebri q\u00eb kishte Seldi me Sinanin se p\u00ebrndryshe ky i fundit nuk njihej dhe aq shum\u00eb n\u00eb diaspor\u00eb, atje ku k\u00ebng\u00ebtar\u00ebt mbledhin financat.<\/p>\n<p><strong>Editorial.mk<br \/>\n<\/strong><br \/>\n<!--YouTube Error: bad URL entered--><\/p>\n","protected":false},"excerpt":{"rendered":"<p>Thashethemet e shumta n\u00eb lidhje me jet\u00ebn e tij dhe t\u00eb k\u00ebng\u00ebtarit Sinan Hoxha, si duket do t\u00eb marin fund. Definitivisht Seldi ka filluar nj\u00eb lidhje t\u00eb re dashurie, dhe ajo \u00ebsht\u00eb vajza e nj\u00eb gazetari shum\u00eb t\u00eb njohur nga Kosova, por q\u00eb jeton n\u00eb Suedi. Quhet Dafina, dhe \u00ebsht\u00eb vajza e gazetarit hulumtues q\u00eb [&hellip;]<\/p>\n","protected":false},"author":1,"featured_media":0,"comment_status":"open","ping_status":"closed","sticky":false,"template":"","format":"standard","meta":{"spay_email":"","jetpack_publicize_message":"","jetpack_is_tweetstorm":false,"jetpack_publicize_feature_enabled":true},"categories":[1],"tags":[19538,14967],"jetpack_publicize_connections":[],"yoast_head":"<!-- This site is optimized with the Yoast SEO plugin v19.1 - https:\/\/yoast.com\/wordpress\/plugins\/seo\/ -->\n<title>Seldi fejohet me Dafinen, vajzen e Milaim Zekes - Lajme nga Ulqini<\/title>\n<meta name=\"description\" content=\"Thashethemet e shumta n\u00eb lidhje me jet\u00ebn e tij dhe t\u00eb k\u00ebng\u00ebtarit Sinan Hoxha, si duket do t\u00eb marin fund. Definitivisht Seldi ka filluar nj\u00eb lidhje t\u00eb re\" \/>\n<meta name=\"robots\" content=\"index, follow, max-snippet:-1, max-image-preview:large, max-video-preview:-1\" \/>\n<link rel=\"canonical\" href=\"https:\/\/www.visit-ulcinj.com\/blog\/2011\/12\/03\/seldi-fejohet-me-dafinen-vajzen-e-milaim-zekes\/\" \/>\n<meta property=\"og:locale\" content=\"en_US\" \/>\n<meta property=\"og:type\" content=\"article\" \/>\n<meta property=\"og:title\" content=\"Seldi fejohet me Dafinen, vajzen e Milaim Zekes - Lajme nga Ulqini\" \/>\n<meta property=\"og:description\" content=\"Thashethemet e shumta n\u00eb lidhje me jet\u00ebn e tij dhe t\u00eb k\u00ebng\u00ebtarit Sinan Hoxha, si duket do t\u00eb marin fund. Definitivisht Seldi ka filluar nj\u00eb lidhje t\u00eb re\" \/>\n<meta property=\"og:url\" content=\"https:\/\/www.visit-ulcinj.com\/blog\/2011\/12\/03\/seldi-fejohet-me-dafinen-vajzen-e-milaim-zekes\/\" \/>\n<meta property=\"og:site_name\" content=\"Lajme nga Ulqini\" \/>\n<meta property=\"article:published_time\" content=\"2011-12-03T06:22:00+00:00\" \/>\n<meta property=\"og:image\" content=\"https:\/\/www.visit-ulcinj.com\/blog\/wp-content\/uploads\/2011\/12\/Seldi-fejohet-me-Dafina-Zeken.1-150x150.jpg\" \/>\n<meta name=\"twitter:label1\" content=\"Written by\" \/>\n\t<meta name=\"twitter:data1\" content=\"ulqini\" \/>\n\t<meta name=\"twitter:label2\" content=\"Est. reading time\" \/>\n\t<meta name=\"twitter:data2\" content=\"2 minutes\" \/>\n<script type=\"application\/ld+json\" class=\"yoast-schema-graph\">{\"@context\":\"https:\/\/schema.org\",\"@graph\":[{\"@type\":\"WebSite\",\"@id\":\"https:\/\/www.visit-ulcinj.com\/blog\/#website\",\"url\":\"https:\/\/www.visit-ulcinj.com\/blog\/\",\"name\":\"Lajme nga Ulqini\",\"description\":\"Lajme,Vijesti,Ulqini,Ulqin,Crna Gora,Mali i Zi\",\"potentialAction\":[{\"@type\":\"SearchAction\",\"target\":{\"@type\":\"EntryPoint\",\"urlTemplate\":\"https:\/\/www.visit-ulcinj.com\/blog\/?s={search_term_string}\"},\"query-input\":\"required name=search_term_string\"}],\"inLanguage\":\"en-US\"},{\"@type\":\"ImageObject\",\"inLanguage\":\"en-US\",\"@id\":\"https:\/\/www.visit-ulcinj.com\/blog\/2011\/12\/03\/seldi-fejohet-me-dafinen-vajzen-e-milaim-zekes\/#primaryimage\",\"url\":\"http:\/\/www.visit-ulcinj.com\/blog\/wp-content\/uploads\/2011\/12\/Seldi-fejohet-me-Dafina-Zeken.2.jpg\",\"contentUrl\":\"http:\/\/www.visit-ulcinj.com\/blog\/wp-content\/uploads\/2011\/12\/Seldi-fejohet-me-Dafina-Zeken.2.jpg\"},{\"@type\":\"WebPage\",\"@id\":\"https:\/\/www.visit-ulcinj.com\/blog\/2011\/12\/03\/seldi-fejohet-me-dafinen-vajzen-e-milaim-zekes\/#webpage\",\"url\":\"https:\/\/www.visit-ulcinj.com\/blog\/2011\/12\/03\/seldi-fejohet-me-dafinen-vajzen-e-milaim-zekes\/\",\"name\":\"Seldi fejohet me Dafinen, vajzen e Milaim Zekes - Lajme nga Ulqini\",\"isPartOf\":{\"@id\":\"https:\/\/www.visit-ulcinj.com\/blog\/#website\"},\"primaryImageOfPage\":{\"@id\":\"https:\/\/www.visit-ulcinj.com\/blog\/2011\/12\/03\/seldi-fejohet-me-dafinen-vajzen-e-milaim-zekes\/#primaryimage\"},\"datePublished\":\"2011-12-03T06:22:00+00:00\",\"dateModified\":\"2011-12-03T06:22:00+00:00\",\"author\":{\"@id\":\"https:\/\/www.visit-ulcinj.com\/blog\/#\/schema\/person\/dcab619c614d3038751c63bc2aadc06d\"},\"description\":\"Thashethemet e shumta n\u00eb lidhje me jet\u00ebn e tij dhe t\u00eb k\u00ebng\u00ebtarit Sinan Hoxha, si duket do t\u00eb marin fund. Definitivisht Seldi ka filluar nj\u00eb lidhje t\u00eb re\",\"breadcrumb\":{\"@id\":\"https:\/\/www.visit-ulcinj.com\/blog\/2011\/12\/03\/seldi-fejohet-me-dafinen-vajzen-e-milaim-zekes\/#breadcrumb\"},\"inLanguage\":\"en-US\",\"potentialAction\":[{\"@type\":\"ReadAction\",\"target\":[\"https:\/\/www.visit-ulcinj.com\/blog\/2011\/12\/03\/seldi-fejohet-me-dafinen-vajzen-e-milaim-zekes\/\"]}]},{\"@type\":\"BreadcrumbList\",\"@id\":\"https:\/\/www.visit-ulcinj.com\/blog\/2011\/12\/03\/seldi-fejohet-me-dafinen-vajzen-e-milaim-zekes\/#breadcrumb\",\"itemListElement\":[{\"@type\":\"ListItem\",\"position\":1,\"name\":\"Seldi fejohet me Dafinen, vajzen e Milaim Zekes\"}]},{\"@type\":\"Person\",\"@id\":\"https:\/\/www.visit-ulcinj.com\/blog\/#\/schema\/person\/dcab619c614d3038751c63bc2aadc06d\",\"name\":\"ulqini\",\"sameAs\":[\"http:\/\/www.visit-ulcinj.com\"],\"url\":\"https:\/\/www.visit-ulcinj.com\/blog\/author\/admin\/\"}]}<\/script>\n<!-- \/ Yoast SEO plugin. -->","yoast_head_json":{"title":"Seldi fejohet me Dafinen, vajzen e Milaim Zekes - Lajme nga Ulqini","description":"Thashethemet e shumta n\u00eb lidhje me jet\u00ebn e tij dhe t\u00eb k\u00ebng\u00ebtarit Sinan Hoxha, si duket do t\u00eb marin fund. Definitivisht Seldi ka filluar nj\u00eb lidhje t\u00eb re","robots":{"index":"index","follow":"follow","max-snippet":"max-snippet:-1","max-image-preview":"max-image-preview:large","max-video-preview":"max-video-preview:-1"},"canonical":"https:\/\/www.visit-ulcinj.com\/blog\/2011\/12\/03\/seldi-fejohet-me-dafinen-vajzen-e-milaim-zekes\/","og_locale":"en_US","og_type":"article","og_title":"Seldi fejohet me Dafinen, vajzen e Milaim Zekes - Lajme nga Ulqini","og_description":"Thashethemet e shumta n\u00eb lidhje me jet\u00ebn e tij dhe t\u00eb k\u00ebng\u00ebtarit Sinan Hoxha, si duket do t\u00eb marin fund. Definitivisht Seldi ka filluar nj\u00eb lidhje t\u00eb re","og_url":"https:\/\/www.visit-ulcinj.com\/blog\/2011\/12\/03\/seldi-fejohet-me-dafinen-vajzen-e-milaim-zekes\/","og_site_name":"Lajme nga Ulqini","article_published_time":"2011-12-03T06:22:00+00:00","og_image":[{"url":"https:\/\/www.visit-ulcinj.com\/blog\/wp-content\/uploads\/2011\/12\/Seldi-fejohet-me-Dafina-Zeken.1-150x150.jpg"}],"twitter_misc":{"Written by":"ulqini","Est. reading time":"2 minutes"},"schema":{"@context":"https:\/\/schema.org","@graph":[{"@type":"WebSite","@id":"https:\/\/www.visit-ulcinj.com\/blog\/#website","url":"https:\/\/www.visit-ulcinj.com\/blog\/","name":"Lajme nga Ulqini","description":"Lajme,Vijesti,Ulqini,Ulqin,Crna Gora,Mali i Zi","potentialAction":[{"@type":"SearchAction","target":{"@type":"EntryPoint","urlTemplate":"https:\/\/www.visit-ulcinj.com\/blog\/?s={search_term_string}"},"query-input":"required name=search_term_string"}],"inLanguage":"en-US"},{"@type":"ImageObject","inLanguage":"en-US","@id":"https:\/\/www.visit-ulcinj.com\/blog\/2011\/12\/03\/seldi-fejohet-me-dafinen-vajzen-e-milaim-zekes\/#primaryimage","url":"http:\/\/www.visit-ulcinj.com\/blog\/wp-content\/uploads\/2011\/12\/Seldi-fejohet-me-Dafina-Zeken.2.jpg","contentUrl":"http:\/\/www.visit-ulcinj.com\/blog\/wp-content\/uploads\/2011\/12\/Seldi-fejohet-me-Dafina-Zeken.2.jpg"},{"@type":"WebPage","@id":"https:\/\/www.visit-ulcinj.com\/blog\/2011\/12\/03\/seldi-fejohet-me-dafinen-vajzen-e-milaim-zekes\/#webpage","url":"https:\/\/www.visit-ulcinj.com\/blog\/2011\/12\/03\/seldi-fejohet-me-dafinen-vajzen-e-milaim-zekes\/","name":"Seldi fejohet me Dafinen, vajzen e Milaim Zekes - Lajme nga Ulqini","isPartOf":{"@id":"https:\/\/www.visit-ulcinj.com\/blog\/#website"},"primaryImageOfPage":{"@id":"https:\/\/www.visit-ulcinj.com\/blog\/2011\/12\/03\/seldi-fejohet-me-dafinen-vajzen-e-milaim-zekes\/#primaryimage"},"datePublished":"2011-12-03T06:22:00+00:00","dateModified":"2011-12-03T06:22:00+00:00","author":{"@id":"https:\/\/www.visit-ulcinj.com\/blog\/#\/schema\/person\/dcab619c614d3038751c63bc2aadc06d"},"description":"Thashethemet e shumta n\u00eb lidhje me jet\u00ebn e tij dhe t\u00eb k\u00ebng\u00ebtarit Sinan Hoxha, si duket do t\u00eb marin fund. Definitivisht Seldi ka filluar nj\u00eb lidhje t\u00eb re","breadcrumb":{"@id":"https:\/\/www.visit-ulcinj.com\/blog\/2011\/12\/03\/seldi-fejohet-me-dafinen-vajzen-e-milaim-zekes\/#breadcrumb"},"inLanguage":"en-US","potentialAction":[{"@type":"ReadAction","target":["https:\/\/www.visit-ulcinj.com\/blog\/2011\/12\/03\/seldi-fejohet-me-dafinen-vajzen-e-milaim-zekes\/"]}]},{"@type":"BreadcrumbList","@id":"https:\/\/www.visit-ulcinj.com\/blog\/2011\/12\/03\/seldi-fejohet-me-dafinen-vajzen-e-milaim-zekes\/#breadcrumb","itemListElement":[{"@type":"ListItem","position":1,"name":"Seldi fejohet me Dafinen, vajzen e Milaim Zekes"}]},{"@type":"Person","@id":"https:\/\/www.visit-ulcinj.com\/blog\/#\/schema\/person\/dcab619c614d3038751c63bc2aadc06d","name":"ulqini","sameAs":["http:\/\/www.visit-ulcinj.com"],"url":"https:\/\/www.visit-ulcinj.com\/blog\/author\/admin\/"}]}},"jetpack_featured_media_url":"","jetpack_sharing_enabled":true,"jetpack_shortlink":"https:\/\/wp.me\/pe6lTn-e2J","_links":{"self":[{"href":"https:\/\/www.visit-ulcinj.com\/blog\/wp-json\/wp\/v2\/posts\/53985"}],"collection":[{"href":"https:\/\/www.visit-ulcinj.com\/blog\/wp-json\/wp\/v2\/posts"}],"about":[{"href":"https:\/\/www.visit-ulcinj.com\/blog\/wp-json\/wp\/v2\/types\/post"}],"author":[{"embeddable":true,"href":"https:\/\/www.visit-ulcinj.com\/blog\/wp-json\/wp\/v2\/users\/1"}],"replies":[{"embeddable":true,"href":"https:\/\/www.visit-ulcinj.com\/blog\/wp-json\/wp\/v2\/comments?post=53985"}],"version-history":[{"count":1,"href":"https:\/\/www.visit-ulcinj.com\/blog\/wp-json\/wp\/v2\/posts\/53985\/revisions"}],"predecessor-version":[{"id":53992,"href":"https:\/\/www.visit-ulcinj.com\/blog\/wp-json\/wp\/v2\/posts\/53985\/revisions\/53992"}],"wp:attachment":[{"href":"https:\/\/www.visit-ulcinj.com\/blog\/wp-json\/wp\/v2\/media?parent=53985"}],"wp:term":[{"taxonomy":"category","embeddable":true,"href":"https:\/\/www.visit-ulcinj.com\/blog\/wp-json\/wp\/v2\/categories?post=53985"},{"taxonomy":"post_tag","embeddable":true,"href":"https:\/\/www.visit-ulcinj.com\/blog\/wp-json\/wp\/v2\/tags?post=53985"}],"curies":[{"name":"wp","href":"https:\/\/api.w.org\/{rel}","templated":true}]}}