{"id":53993,"date":"2011-12-03T07:51:33","date_gmt":"2011-12-03T06:51:33","guid":{"rendered":"http:\/\/www.visit-ulcinj.com\/blog\/?p=53993"},"modified":"2011-12-08T22:11:04","modified_gmt":"2011-12-08T21:11:04","slug":"grupi-hip-hop-it-nga-ulqini-%e2%80%9cshqiponjat%e2%80%9d-kercenohennxjerrin-klip-te-ri","status":"publish","type":"post","link":"https:\/\/www.visit-ulcinj.com\/blog\/2011\/12\/03\/grupi-hip-hop-it-nga-ulqini-%e2%80%9cshqiponjat%e2%80%9d-kercenohennxjerrin-klip-te-ri\/","title":{"rendered":"Grupi Hip-Hop-it nga Ulqini \u201cShqiponjat\u201d kerc\u00ebnohen,nxjerrin klip te ri"},"content":{"rendered":"<p><a href=\"http:\/\/www.visit-ulcinj.com\/blog\/wp-content\/uploads\/2011\/12\/Shqiponjat-ft-Dardan-Koliqi-Nuk-di-te-them-stop.jpg\"><img loading=\"lazy\" class=\"alignleft size-full wp-image-53994\" title=\"Shqiponjat ft Dardan Koliqi-Nuk di te them stop\" src=\"http:\/\/www.visit-ulcinj.com\/blog\/wp-content\/uploads\/2011\/12\/Shqiponjat-ft-Dardan-Koliqi-Nuk-di-te-them-stop.jpg\" alt=\"\" width=\"508\" height=\"380\" \/><\/a><strong>Grupi i Hip-Hop-it nga Ulqini \u201cShqiponjat\u201d dhe Dardan Koliqi vijn\u00eb me k\u00ebng\u00eb t\u00eb re.K\u00ebto dit\u00eb kan\u00eb lancuar projektin e tyre m\u00eb t\u00eb ri muzikor \u201cNuk di te them stop\u201d.<\/strong><\/p>\n<p><strong>Pas lansimit t\u00eb k\u00ebng\u00ebs t\u00eb Grupit Hip-Hop-it nga Ulqini \u201cShqiponjat\u201d qe titullohet \u201cKerkoj ate qe mtakon\u201d,pati nga njerzit anonym\u00eb k\u00ebrcenime telefonike,ky lajm i marr nga ATSH-agjensia telegrafike e Shqiperise.<\/strong><\/p>\n<p>Grupi i Hip-Hop-it nga Ulqini \u201cShqiponjat\u201d afer 3 vjetorit te themelimit te tyre,ka nxjerrur nje kenge me teme kombetare.Pikerishte me rastin e 28 Nentorit eshte nxjerr ne qarkullim kjo kenge qe titullohet \u201cKerkoj ate qe mtakon\u201d.<br \/>\n\u201cKenga eshte e qellimshme,nacionaliste,e planifikuar,kombetare,dhe me vargje gjysem provokativ per politikane shqiptar ketu ne Mal te Zi,se keshtu e don muzika Rap\u201d shprehen Xhibo dhe The Prick,dy artistet e ketij grupi muzikor .<br \/>\nKohes fundit mbas postimit ne youtube artistet jane pak si te kercenuar me telefonata dhe fjale nga persona te ndryshem anonim.<br \/>\n\u201cNuk mendoj qe kjo kenge shprehe apo nxite dhune nacionaliste,kjo thjeshte shprehe vullnetin dhe deshiren shpirterore te cdo shqiptari ne Mal te Zi.Imponimet apo fjale te ndryshme munde te manipulojne mendimin e shqiptareve ketu,por thjeshte kjo duhet ditur,se jane vete qytetaret qe na kane nxitur te bejme nje kenge te tille ne menyre indirekte apo direkte,dhe nuk duhet mohuar deshira e shqiptareve ne Mal te Zi per Bashkim Kombetar,ne fund te fundit me ane te kenges\u201d,n.q.s politika shqiptare ketu ka frige ta thot,ju lutem kete frige mos ia impononi popullit. shprehet njeri nga artistet.<br \/>\n\u201cShqiponjat\u201d eshte grup Hip-Hopi I krijuar nga fundi I vitit 2007, nga dy te rinj Granit Mehmeti(XHIBO) 20 vje\u00e7ar,dhe Gjergj Lulaj(The Prick)18 vje\u00e7ar,grupi eshte aktiv ne aktivitete te ndryshme,kane qene pjesmarres ne \u201cKenga Magjike 2008\u201d.Kane incizuar rreth 11 kenge,3 videoklipe,padyshim videoklipi me i sukseseshem i deri tanishem eshte ai ne bashkepunim me Kejsi Tolen,i kenges \u201cUAT\u201d ,nentorin e kaluar.<br \/>\nShume kush e din kengen \u201cE kam princip\u201d ,apo \u201cSikur Vip\u201d ,pa anashkaluar as \u201cQe po vijme\u201d , \u201cCdo dite\u201d e \u201cUAT\u201d te cilat per nje kohe te shkurter u bene hit nga shoqeria dhe rinia ne Ulqin ,Tuz e Plave por edhe me gjere ne Shqiperi.Por kete nentor \u201cShqiponjat\u201d nuk vijne me videoklip,ata kane preferuar nje kenge te rralle nga ato me tema te zakonshme.<br \/>\n\u201cSeshte e vetmja arsye kenga \u201cKerkoj ate qe mtakon\u201d ajo qe skemi nje videoklip te ri,por jane kushtet ekonomike,mungesa e sponzorave, ato qe na kane ndaluar pak,kurse jemi ketu pikerisht nga vullneti yne,dhe perkrahja e shoqerise,gjithsesi ne planin tone eshte nje videoklip i ri per te cilin nuk do japim nje date premtimi\u201d,shprehen \u201cShqiponjat\u201d.<\/p>\n<p><!--YouTube Error: bad URL entered--><br \/>\n<strong><\/strong><\/p>\n","protected":false},"excerpt":{"rendered":"<p>Grupi i Hip-Hop-it nga Ulqini \u201cShqiponjat\u201d dhe Dardan Koliqi vijn\u00eb me k\u00ebng\u00eb t\u00eb re.K\u00ebto dit\u00eb kan\u00eb lancuar projektin e tyre m\u00eb t\u00eb ri muzikor \u201cNuk di te them stop\u201d. Pas lansimit t\u00eb k\u00ebng\u00ebs t\u00eb Grupit Hip-Hop-it nga Ulqini \u201cShqiponjat\u201d qe titullohet \u201cKerkoj ate qe mtakon\u201d,pati nga njerzit anonym\u00eb k\u00ebrcenime telefonike,ky lajm i marr nga ATSH-agjensia [&hellip;]<\/p>\n","protected":false},"author":1,"featured_media":0,"comment_status":"open","ping_status":"closed","sticky":false,"template":"","format":"standard","meta":{"spay_email":"","jetpack_publicize_message":"","jetpack_is_tweetstorm":false,"jetpack_publicize_feature_enabled":true},"categories":[1],"tags":[212,17828,17834,18370,17811,17831,18362,14353,17808,14354,12340,17840,17839,18363,17835,17814,17810,17816,17071,17807,3516,14652,17837,17827,14358,222,17802,17812,17803,17820,19539,17825,17817,19535,17805,305,17823,17832,3506,17818,214,17680,14362,14363,18371,3507,17800,498,3500,16771,115,14364,17799,3327,17841,17826,15213,18236,3512,17806,11648,18289,17838,95,17813,17804,15141,19495,17836,14366,79,17073,18294,118,18368,18369,4642,1653,1909,14367,17801,18360,17822,14368,14369,17824,14370,18291,2083,3231,14371,41,3617,16769,16608,3722,14372,17844,17821,18372,16770,17830,17077,18295,14375,17833,17829,899,200,18,17819,17809,4265,14376],"jetpack_publicize_connections":[],"yoast_head":"<!-- This site is optimized with the Yoast SEO plugin v19.1 - https:\/\/yoast.com\/wordpress\/plugins\/seo\/ -->\n<title>Grupi Hip-Hop-it nga Ulqini \u201cShqiponjat\u201d kerc\u00ebnohen,nxjerrin klip te ri - Lajme nga Ulqini<\/title>\n<meta name=\"description\" content=\"Grupi i Hip-Hop-it nga Ulqini \u201cShqiponjat\u201d dhe Dardan Koliqi vijn\u00eb me k\u00ebng\u00eb t\u00eb re.K\u00ebto dit\u00eb kan\u00eb lancuar projektin e tyre m\u00eb t\u00eb ri muzikor \u201cNuk di te them\" \/>\n<meta name=\"robots\" content=\"index, follow, max-snippet:-1, max-image-preview:large, max-video-preview:-1\" \/>\n<link rel=\"canonical\" href=\"https:\/\/www.visit-ulcinj.com\/blog\/2011\/12\/03\/grupi-hip-hop-it-nga-ulqini-\u201cshqiponjat\u201d-kercenohennxjerrin-klip-te-ri\/\" \/>\n<meta property=\"og:locale\" content=\"en_US\" \/>\n<meta property=\"og:type\" content=\"article\" \/>\n<meta property=\"og:title\" content=\"Grupi Hip-Hop-it nga Ulqini \u201cShqiponjat\u201d kerc\u00ebnohen,nxjerrin klip te ri - Lajme nga Ulqini\" \/>\n<meta property=\"og:description\" content=\"Grupi i Hip-Hop-it nga Ulqini \u201cShqiponjat\u201d dhe Dardan Koliqi vijn\u00eb me k\u00ebng\u00eb t\u00eb re.K\u00ebto dit\u00eb kan\u00eb lancuar projektin e tyre m\u00eb t\u00eb ri muzikor \u201cNuk di te them\" \/>\n<meta property=\"og:url\" content=\"https:\/\/www.visit-ulcinj.com\/blog\/2011\/12\/03\/grupi-hip-hop-it-nga-ulqini-\u201cshqiponjat\u201d-kercenohennxjerrin-klip-te-ri\/\" \/>\n<meta property=\"og:site_name\" content=\"Lajme nga Ulqini\" \/>\n<meta property=\"article:published_time\" content=\"2011-12-03T06:51:33+00:00\" \/>\n<meta property=\"article:modified_time\" content=\"2011-12-08T21:11:04+00:00\" \/>\n<meta property=\"og:image\" content=\"http:\/\/www.visit-ulcinj.com\/blog\/wp-content\/uploads\/2011\/12\/Shqiponjat-ft-Dardan-Koliqi-Nuk-di-te-them-stop.jpg\" \/>\n<meta name=\"twitter:label1\" content=\"Written by\" \/>\n\t<meta name=\"twitter:data1\" content=\"ulqini\" \/>\n\t<meta name=\"twitter:label2\" content=\"Est. reading time\" \/>\n\t<meta name=\"twitter:data2\" content=\"2 minutes\" \/>\n<script type=\"application\/ld+json\" class=\"yoast-schema-graph\">{\"@context\":\"https:\/\/schema.org\",\"@graph\":[{\"@type\":\"WebSite\",\"@id\":\"https:\/\/www.visit-ulcinj.com\/blog\/#website\",\"url\":\"https:\/\/www.visit-ulcinj.com\/blog\/\",\"name\":\"Lajme nga Ulqini\",\"description\":\"Lajme,Vijesti,Ulqini,Ulqin,Crna Gora,Mali i Zi\",\"potentialAction\":[{\"@type\":\"SearchAction\",\"target\":{\"@type\":\"EntryPoint\",\"urlTemplate\":\"https:\/\/www.visit-ulcinj.com\/blog\/?s={search_term_string}\"},\"query-input\":\"required name=search_term_string\"}],\"inLanguage\":\"en-US\"},{\"@type\":\"ImageObject\",\"inLanguage\":\"en-US\",\"@id\":\"https:\/\/www.visit-ulcinj.com\/blog\/2011\/12\/03\/grupi-hip-hop-it-nga-ulqini-%e2%80%9cshqiponjat%e2%80%9d-kercenohennxjerrin-klip-te-ri\/#primaryimage\",\"url\":\"http:\/\/www.visit-ulcinj.com\/blog\/wp-content\/uploads\/2011\/12\/Shqiponjat-ft-Dardan-Koliqi-Nuk-di-te-them-stop.jpg\",\"contentUrl\":\"http:\/\/www.visit-ulcinj.com\/blog\/wp-content\/uploads\/2011\/12\/Shqiponjat-ft-Dardan-Koliqi-Nuk-di-te-them-stop.jpg\"},{\"@type\":\"WebPage\",\"@id\":\"https:\/\/www.visit-ulcinj.com\/blog\/2011\/12\/03\/grupi-hip-hop-it-nga-ulqini-%e2%80%9cshqiponjat%e2%80%9d-kercenohennxjerrin-klip-te-ri\/#webpage\",\"url\":\"https:\/\/www.visit-ulcinj.com\/blog\/2011\/12\/03\/grupi-hip-hop-it-nga-ulqini-%e2%80%9cshqiponjat%e2%80%9d-kercenohennxjerrin-klip-te-ri\/\",\"name\":\"Grupi Hip-Hop-it nga Ulqini \u201cShqiponjat\u201d kerc\u00ebnohen,nxjerrin klip te ri - Lajme nga Ulqini\",\"isPartOf\":{\"@id\":\"https:\/\/www.visit-ulcinj.com\/blog\/#website\"},\"primaryImageOfPage\":{\"@id\":\"https:\/\/www.visit-ulcinj.com\/blog\/2011\/12\/03\/grupi-hip-hop-it-nga-ulqini-%e2%80%9cshqiponjat%e2%80%9d-kercenohennxjerrin-klip-te-ri\/#primaryimage\"},\"datePublished\":\"2011-12-03T06:51:33+00:00\",\"dateModified\":\"2011-12-08T21:11:04+00:00\",\"author\":{\"@id\":\"https:\/\/www.visit-ulcinj.com\/blog\/#\/schema\/person\/dcab619c614d3038751c63bc2aadc06d\"},\"description\":\"Grupi i Hip-Hop-it nga Ulqini \u201cShqiponjat\u201d dhe Dardan Koliqi vijn\u00eb me k\u00ebng\u00eb t\u00eb re.K\u00ebto dit\u00eb kan\u00eb lancuar projektin e tyre m\u00eb t\u00eb ri muzikor \u201cNuk di te them\",\"breadcrumb\":{\"@id\":\"https:\/\/www.visit-ulcinj.com\/blog\/2011\/12\/03\/grupi-hip-hop-it-nga-ulqini-%e2%80%9cshqiponjat%e2%80%9d-kercenohennxjerrin-klip-te-ri\/#breadcrumb\"},\"inLanguage\":\"en-US\",\"potentialAction\":[{\"@type\":\"ReadAction\",\"target\":[\"https:\/\/www.visit-ulcinj.com\/blog\/2011\/12\/03\/grupi-hip-hop-it-nga-ulqini-%e2%80%9cshqiponjat%e2%80%9d-kercenohennxjerrin-klip-te-ri\/\"]}]},{\"@type\":\"BreadcrumbList\",\"@id\":\"https:\/\/www.visit-ulcinj.com\/blog\/2011\/12\/03\/grupi-hip-hop-it-nga-ulqini-%e2%80%9cshqiponjat%e2%80%9d-kercenohennxjerrin-klip-te-ri\/#breadcrumb\",\"itemListElement\":[{\"@type\":\"ListItem\",\"position\":1,\"name\":\"Grupi Hip-Hop-it nga Ulqini \u201cShqiponjat\u201d kerc\u00ebnohen,nxjerrin klip te ri\"}]},{\"@type\":\"Person\",\"@id\":\"https:\/\/www.visit-ulcinj.com\/blog\/#\/schema\/person\/dcab619c614d3038751c63bc2aadc06d\",\"name\":\"ulqini\",\"sameAs\":[\"http:\/\/www.visit-ulcinj.com\"],\"url\":\"https:\/\/www.visit-ulcinj.com\/blog\/author\/admin\/\"}]}<\/script>\n<!-- \/ Yoast SEO plugin. -->","yoast_head_json":{"title":"Grupi Hip-Hop-it nga Ulqini \u201cShqiponjat\u201d kerc\u00ebnohen,nxjerrin klip te ri - Lajme nga Ulqini","description":"Grupi i Hip-Hop-it nga Ulqini \u201cShqiponjat\u201d dhe Dardan Koliqi vijn\u00eb me k\u00ebng\u00eb t\u00eb re.K\u00ebto dit\u00eb kan\u00eb lancuar projektin e tyre m\u00eb t\u00eb ri muzikor \u201cNuk di te them","robots":{"index":"index","follow":"follow","max-snippet":"max-snippet:-1","max-image-preview":"max-image-preview:large","max-video-preview":"max-video-preview:-1"},"canonical":"https:\/\/www.visit-ulcinj.com\/blog\/2011\/12\/03\/grupi-hip-hop-it-nga-ulqini-\u201cshqiponjat\u201d-kercenohennxjerrin-klip-te-ri\/","og_locale":"en_US","og_type":"article","og_title":"Grupi Hip-Hop-it nga Ulqini \u201cShqiponjat\u201d kerc\u00ebnohen,nxjerrin klip te ri - Lajme nga Ulqini","og_description":"Grupi i Hip-Hop-it nga Ulqini \u201cShqiponjat\u201d dhe Dardan Koliqi vijn\u00eb me k\u00ebng\u00eb t\u00eb re.K\u00ebto dit\u00eb kan\u00eb lancuar projektin e tyre m\u00eb t\u00eb ri muzikor \u201cNuk di te them","og_url":"https:\/\/www.visit-ulcinj.com\/blog\/2011\/12\/03\/grupi-hip-hop-it-nga-ulqini-\u201cshqiponjat\u201d-kercenohennxjerrin-klip-te-ri\/","og_site_name":"Lajme nga Ulqini","article_published_time":"2011-12-03T06:51:33+00:00","article_modified_time":"2011-12-08T21:11:04+00:00","og_image":[{"url":"http:\/\/www.visit-ulcinj.com\/blog\/wp-content\/uploads\/2011\/12\/Shqiponjat-ft-Dardan-Koliqi-Nuk-di-te-them-stop.jpg"}],"twitter_misc":{"Written by":"ulqini","Est. reading time":"2 minutes"},"schema":{"@context":"https:\/\/schema.org","@graph":[{"@type":"WebSite","@id":"https:\/\/www.visit-ulcinj.com\/blog\/#website","url":"https:\/\/www.visit-ulcinj.com\/blog\/","name":"Lajme nga Ulqini","description":"Lajme,Vijesti,Ulqini,Ulqin,Crna Gora,Mali i Zi","potentialAction":[{"@type":"SearchAction","target":{"@type":"EntryPoint","urlTemplate":"https:\/\/www.visit-ulcinj.com\/blog\/?s={search_term_string}"},"query-input":"required name=search_term_string"}],"inLanguage":"en-US"},{"@type":"ImageObject","inLanguage":"en-US","@id":"https:\/\/www.visit-ulcinj.com\/blog\/2011\/12\/03\/grupi-hip-hop-it-nga-ulqini-%e2%80%9cshqiponjat%e2%80%9d-kercenohennxjerrin-klip-te-ri\/#primaryimage","url":"http:\/\/www.visit-ulcinj.com\/blog\/wp-content\/uploads\/2011\/12\/Shqiponjat-ft-Dardan-Koliqi-Nuk-di-te-them-stop.jpg","contentUrl":"http:\/\/www.visit-ulcinj.com\/blog\/wp-content\/uploads\/2011\/12\/Shqiponjat-ft-Dardan-Koliqi-Nuk-di-te-them-stop.jpg"},{"@type":"WebPage","@id":"https:\/\/www.visit-ulcinj.com\/blog\/2011\/12\/03\/grupi-hip-hop-it-nga-ulqini-%e2%80%9cshqiponjat%e2%80%9d-kercenohennxjerrin-klip-te-ri\/#webpage","url":"https:\/\/www.visit-ulcinj.com\/blog\/2011\/12\/03\/grupi-hip-hop-it-nga-ulqini-%e2%80%9cshqiponjat%e2%80%9d-kercenohennxjerrin-klip-te-ri\/","name":"Grupi Hip-Hop-it nga Ulqini \u201cShqiponjat\u201d kerc\u00ebnohen,nxjerrin klip te ri - Lajme nga Ulqini","isPartOf":{"@id":"https:\/\/www.visit-ulcinj.com\/blog\/#website"},"primaryImageOfPage":{"@id":"https:\/\/www.visit-ulcinj.com\/blog\/2011\/12\/03\/grupi-hip-hop-it-nga-ulqini-%e2%80%9cshqiponjat%e2%80%9d-kercenohennxjerrin-klip-te-ri\/#primaryimage"},"datePublished":"2011-12-03T06:51:33+00:00","dateModified":"2011-12-08T21:11:04+00:00","author":{"@id":"https:\/\/www.visit-ulcinj.com\/blog\/#\/schema\/person\/dcab619c614d3038751c63bc2aadc06d"},"description":"Grupi i Hip-Hop-it nga Ulqini \u201cShqiponjat\u201d dhe Dardan Koliqi vijn\u00eb me k\u00ebng\u00eb t\u00eb re.K\u00ebto dit\u00eb kan\u00eb lancuar projektin e tyre m\u00eb t\u00eb ri muzikor \u201cNuk di te them","breadcrumb":{"@id":"https:\/\/www.visit-ulcinj.com\/blog\/2011\/12\/03\/grupi-hip-hop-it-nga-ulqini-%e2%80%9cshqiponjat%e2%80%9d-kercenohennxjerrin-klip-te-ri\/#breadcrumb"},"inLanguage":"en-US","potentialAction":[{"@type":"ReadAction","target":["https:\/\/www.visit-ulcinj.com\/blog\/2011\/12\/03\/grupi-hip-hop-it-nga-ulqini-%e2%80%9cshqiponjat%e2%80%9d-kercenohennxjerrin-klip-te-ri\/"]}]},{"@type":"BreadcrumbList","@id":"https:\/\/www.visit-ulcinj.com\/blog\/2011\/12\/03\/grupi-hip-hop-it-nga-ulqini-%e2%80%9cshqiponjat%e2%80%9d-kercenohennxjerrin-klip-te-ri\/#breadcrumb","itemListElement":[{"@type":"ListItem","position":1,"name":"Grupi Hip-Hop-it nga Ulqini \u201cShqiponjat\u201d kerc\u00ebnohen,nxjerrin klip te ri"}]},{"@type":"Person","@id":"https:\/\/www.visit-ulcinj.com\/blog\/#\/schema\/person\/dcab619c614d3038751c63bc2aadc06d","name":"ulqini","sameAs":["http:\/\/www.visit-ulcinj.com"],"url":"https:\/\/www.visit-ulcinj.com\/blog\/author\/admin\/"}]}},"jetpack_featured_media_url":"","jetpack_sharing_enabled":true,"jetpack_shortlink":"https:\/\/wp.me\/pe6lTn-e2R","_links":{"self":[{"href":"https:\/\/www.visit-ulcinj.com\/blog\/wp-json\/wp\/v2\/posts\/53993"}],"collection":[{"href":"https:\/\/www.visit-ulcinj.com\/blog\/wp-json\/wp\/v2\/posts"}],"about":[{"href":"https:\/\/www.visit-ulcinj.com\/blog\/wp-json\/wp\/v2\/types\/post"}],"author":[{"embeddable":true,"href":"https:\/\/www.visit-ulcinj.com\/blog\/wp-json\/wp\/v2\/users\/1"}],"replies":[{"embeddable":true,"href":"https:\/\/www.visit-ulcinj.com\/blog\/wp-json\/wp\/v2\/comments?post=53993"}],"version-history":[{"count":3,"href":"https:\/\/www.visit-ulcinj.com\/blog\/wp-json\/wp\/v2\/posts\/53993\/revisions"}],"predecessor-version":[{"id":53996,"href":"https:\/\/www.visit-ulcinj.com\/blog\/wp-json\/wp\/v2\/posts\/53993\/revisions\/53996"}],"wp:attachment":[{"href":"https:\/\/www.visit-ulcinj.com\/blog\/wp-json\/wp\/v2\/media?parent=53993"}],"wp:term":[{"taxonomy":"category","embeddable":true,"href":"https:\/\/www.visit-ulcinj.com\/blog\/wp-json\/wp\/v2\/categories?post=53993"},{"taxonomy":"post_tag","embeddable":true,"href":"https:\/\/www.visit-ulcinj.com\/blog\/wp-json\/wp\/v2\/tags?post=53993"}],"curies":[{"name":"wp","href":"https:\/\/api.w.org\/{rel}","templated":true}]}}