{"id":5401,"date":"2008-11-03T18:15:08","date_gmt":"2008-11-03T23:15:08","guid":{"rendered":"http:\/\/www.visit-ulcinj.com\/blog\/?p=5401"},"modified":"2008-11-03T18:15:08","modified_gmt":"2008-11-03T23:15:08","slug":"perfaqesuesi-i-udsh-se-ne-selanik","status":"publish","type":"post","link":"https:\/\/www.visit-ulcinj.com\/blog\/2008\/11\/03\/perfaqesuesi-i-udsh-se-ne-selanik\/","title":{"rendered":"P\u00ebrfaq\u00ebsuesi i UDSH-s\u00eb n\u00eb Selanik"},"content":{"rendered":"<p><a href=\"http:\/\/www.visit-ulcinj.com\/blog\/wp-content\/uploads\/2008\/06\/nimani_dinosha.jpg\"><img loading=\"lazy\" class=\"alignleft size-medium wp-image-2108\" title=\"FERHAT DINOSHA_FUAD NIMANI_Livija Plaks\" src=\"http:\/\/www.visit-ulcinj.com\/blog\/wp-content\/uploads\/2008\/06\/nimani_dinosha.jpg\" alt=\"\" width=\"300\" height=\"250\" \/><\/a><strong>Tubim nd\u00ebrkomb\u00ebtar p\u00ebr proceset rajonale<\/strong><br \/>\nMe ftes\u00eb t\u00eb Projektit p\u00ebr Marr\u00ebdh\u00ebnie Etnike, kryetari i UDSH-s\u00eb, z. Ferhat Dinosha, ka q\u00ebndruar fundjav\u00ebn e shkuar n\u00eb Selanik t\u00eb Greqis\u00eb, ku \u00ebsht\u00eb mbajtur nj\u00eb tubim nd\u00ebrkomb\u00ebtar, me dy sesione: 1. Vendet e Rajonit dhe integrimet evropiane e euroatlantike dhe 2. Roli i lidershipit rajonal n\u00eb k\u00ebto procese.<br \/>\nN\u00eb tubim mor\u00ebn pjes\u00eb politikan\u00eb t\u00eb spikatur nga Shqip\u00ebria, Mali i Zi, Kosova, Serbia dhe BeH.<br \/>\nFakti se nga partit\u00eb shqiptare n\u00eb Mal t\u00eb Zi ishte ftuar vet\u00ebm z. Dinosha flet se UDSH-ja vazhdon t\u00eb jet\u00eb subjekt relevant politik, jo vet\u00ebm n\u00eb ngjarjet e brendshme, por edhe n\u00eb ato rajonale. Deri m\u00eb tash jan\u00eb mbajtur 11 konferenca me tema aktuale nga rajoni dhe kryetari i UDSH-s\u00eb ka marr\u00eb pjes\u00eb n\u00eb t\u00eb gjitha k\u00ebto, gj\u00eb q\u00eb d\u00ebshmon se pik\u00ebpamjet e tij q\u00eb dalin nga programi i partis\u00eb m\u00eb t\u00eb fort\u00eb shqiptare zgjojn\u00eb k\u00ebrsh\u00ebrin\u00eb e subjekteve relevante nd\u00ebrkomb\u00ebtare q\u00eb p\u00ebrciellin proceset demokratike n\u00eb Ballkanin Per\u00ebndimor. N\u00eb tubimin e Selanikut, ve\u00e7 kontributit dh\u00ebn\u00eb temave t\u00eb lartp\u00ebrmendura, z. Dinosha ka k\u00ebmbyer mendime me politikan\u00ebt e pranish\u00ebm nga Shqip\u00ebria, Kosova e Maqedonia p\u00ebr rrjedhat n\u00eb politikat shqiptare, sidomos pas njohjes s\u00eb Kosov\u00ebs s\u00eb pavarur nga ana e Malit t\u00eb Zi dhe t\u00eb Maqedonis\u00eb.<br \/>\n<strong>Koha Javore<\/strong><\/p>\n","protected":false},"excerpt":{"rendered":"<p>Tubim nd\u00ebrkomb\u00ebtar p\u00ebr proceset rajonale Me ftes\u00eb t\u00eb Projektit p\u00ebr Marr\u00ebdh\u00ebnie Etnike, kryetari i UDSH-s\u00eb, z. Ferhat Dinosha, ka q\u00ebndruar fundjav\u00ebn e shkuar n\u00eb Selanik t\u00eb Greqis\u00eb, ku \u00ebsht\u00eb mbajtur nj\u00eb tubim nd\u00ebrkomb\u00ebtar, me dy sesione: 1. Vendet e Rajonit dhe integrimet evropiane e euroatlantike dhe 2. Roli i lidershipit rajonal n\u00eb k\u00ebto procese. N\u00eb [&hellip;]<\/p>\n","protected":false},"author":1,"featured_media":0,"comment_status":"open","ping_status":"closed","sticky":false,"template":"","format":"standard","meta":{"spay_email":"","jetpack_publicize_message":"","jetpack_is_tweetstorm":false,"jetpack_publicize_feature_enabled":true},"categories":[12],"tags":[97,106],"jetpack_publicize_connections":[],"yoast_head":"<!-- This site is optimized with the Yoast SEO plugin v19.1 - https:\/\/yoast.com\/wordpress\/plugins\/seo\/ -->\n<title>P\u00ebrfaq\u00ebsuesi i UDSH-s\u00eb n\u00eb Selanik - Lajme nga Ulqini<\/title>\n<meta name=\"description\" content=\"Tubim nd\u00ebrkomb\u00ebtar p\u00ebr proceset rajonale Me ftes\u00eb t\u00eb Projektit p\u00ebr Marr\u00ebdh\u00ebnie Etnike, kryetari i UDSH-s\u00eb, z. Ferhat Dinosha, ka q\u00ebndruar fundjav\u00ebn e\" \/>\n<meta name=\"robots\" content=\"index, follow, max-snippet:-1, max-image-preview:large, max-video-preview:-1\" \/>\n<link rel=\"canonical\" href=\"https:\/\/www.visit-ulcinj.com\/blog\/2008\/11\/03\/perfaqesuesi-i-udsh-se-ne-selanik\/\" \/>\n<meta property=\"og:locale\" content=\"en_US\" \/>\n<meta property=\"og:type\" content=\"article\" \/>\n<meta property=\"og:title\" content=\"P\u00ebrfaq\u00ebsuesi i UDSH-s\u00eb n\u00eb Selanik - Lajme nga Ulqini\" \/>\n<meta property=\"og:description\" content=\"Tubim nd\u00ebrkomb\u00ebtar p\u00ebr proceset rajonale Me ftes\u00eb t\u00eb Projektit p\u00ebr Marr\u00ebdh\u00ebnie Etnike, kryetari i UDSH-s\u00eb, z. Ferhat Dinosha, ka q\u00ebndruar fundjav\u00ebn e\" \/>\n<meta property=\"og:url\" content=\"https:\/\/www.visit-ulcinj.com\/blog\/2008\/11\/03\/perfaqesuesi-i-udsh-se-ne-selanik\/\" \/>\n<meta property=\"og:site_name\" content=\"Lajme nga Ulqini\" \/>\n<meta property=\"article:published_time\" content=\"2008-11-03T23:15:08+00:00\" \/>\n<meta property=\"og:image\" content=\"http:\/\/www.visit-ulcinj.com\/blog\/wp-content\/uploads\/2008\/06\/nimani_dinosha.jpg\" \/>\n<meta name=\"twitter:label1\" content=\"Written by\" \/>\n\t<meta name=\"twitter:data1\" content=\"ulqini\" \/>\n\t<meta name=\"twitter:label2\" content=\"Est. reading time\" \/>\n\t<meta name=\"twitter:data2\" content=\"1 minute\" \/>\n<script type=\"application\/ld+json\" class=\"yoast-schema-graph\">{\"@context\":\"https:\/\/schema.org\",\"@graph\":[{\"@type\":\"WebSite\",\"@id\":\"https:\/\/www.visit-ulcinj.com\/blog\/#website\",\"url\":\"https:\/\/www.visit-ulcinj.com\/blog\/\",\"name\":\"Lajme nga Ulqini\",\"description\":\"Lajme,Vijesti,Ulqini,Ulqin,Crna Gora,Mali i Zi\",\"potentialAction\":[{\"@type\":\"SearchAction\",\"target\":{\"@type\":\"EntryPoint\",\"urlTemplate\":\"https:\/\/www.visit-ulcinj.com\/blog\/?s={search_term_string}\"},\"query-input\":\"required name=search_term_string\"}],\"inLanguage\":\"en-US\"},{\"@type\":\"ImageObject\",\"inLanguage\":\"en-US\",\"@id\":\"https:\/\/www.visit-ulcinj.com\/blog\/2008\/11\/03\/perfaqesuesi-i-udsh-se-ne-selanik\/#primaryimage\",\"url\":\"http:\/\/www.visit-ulcinj.com\/blog\/wp-content\/uploads\/2008\/06\/nimani_dinosha.jpg\",\"contentUrl\":\"http:\/\/www.visit-ulcinj.com\/blog\/wp-content\/uploads\/2008\/06\/nimani_dinosha.jpg\"},{\"@type\":\"WebPage\",\"@id\":\"https:\/\/www.visit-ulcinj.com\/blog\/2008\/11\/03\/perfaqesuesi-i-udsh-se-ne-selanik\/#webpage\",\"url\":\"https:\/\/www.visit-ulcinj.com\/blog\/2008\/11\/03\/perfaqesuesi-i-udsh-se-ne-selanik\/\",\"name\":\"P\u00ebrfaq\u00ebsuesi i UDSH-s\u00eb n\u00eb Selanik - Lajme nga Ulqini\",\"isPartOf\":{\"@id\":\"https:\/\/www.visit-ulcinj.com\/blog\/#website\"},\"primaryImageOfPage\":{\"@id\":\"https:\/\/www.visit-ulcinj.com\/blog\/2008\/11\/03\/perfaqesuesi-i-udsh-se-ne-selanik\/#primaryimage\"},\"datePublished\":\"2008-11-03T23:15:08+00:00\",\"dateModified\":\"2008-11-03T23:15:08+00:00\",\"author\":{\"@id\":\"https:\/\/www.visit-ulcinj.com\/blog\/#\/schema\/person\/dcab619c614d3038751c63bc2aadc06d\"},\"description\":\"Tubim nd\u00ebrkomb\u00ebtar p\u00ebr proceset rajonale Me ftes\u00eb t\u00eb Projektit p\u00ebr Marr\u00ebdh\u00ebnie Etnike, kryetari i UDSH-s\u00eb, z. Ferhat Dinosha, ka q\u00ebndruar fundjav\u00ebn e\",\"breadcrumb\":{\"@id\":\"https:\/\/www.visit-ulcinj.com\/blog\/2008\/11\/03\/perfaqesuesi-i-udsh-se-ne-selanik\/#breadcrumb\"},\"inLanguage\":\"en-US\",\"potentialAction\":[{\"@type\":\"ReadAction\",\"target\":[\"https:\/\/www.visit-ulcinj.com\/blog\/2008\/11\/03\/perfaqesuesi-i-udsh-se-ne-selanik\/\"]}]},{\"@type\":\"BreadcrumbList\",\"@id\":\"https:\/\/www.visit-ulcinj.com\/blog\/2008\/11\/03\/perfaqesuesi-i-udsh-se-ne-selanik\/#breadcrumb\",\"itemListElement\":[{\"@type\":\"ListItem\",\"position\":1,\"name\":\"P\u00ebrfaq\u00ebsuesi i UDSH-s\u00eb n\u00eb Selanik\"}]},{\"@type\":\"Person\",\"@id\":\"https:\/\/www.visit-ulcinj.com\/blog\/#\/schema\/person\/dcab619c614d3038751c63bc2aadc06d\",\"name\":\"ulqini\",\"sameAs\":[\"http:\/\/www.visit-ulcinj.com\"],\"url\":\"https:\/\/www.visit-ulcinj.com\/blog\/author\/admin\/\"}]}<\/script>\n<!-- \/ Yoast SEO plugin. -->","yoast_head_json":{"title":"P\u00ebrfaq\u00ebsuesi i UDSH-s\u00eb n\u00eb Selanik - Lajme nga Ulqini","description":"Tubim nd\u00ebrkomb\u00ebtar p\u00ebr proceset rajonale Me ftes\u00eb t\u00eb Projektit p\u00ebr Marr\u00ebdh\u00ebnie Etnike, kryetari i UDSH-s\u00eb, z. Ferhat Dinosha, ka q\u00ebndruar fundjav\u00ebn e","robots":{"index":"index","follow":"follow","max-snippet":"max-snippet:-1","max-image-preview":"max-image-preview:large","max-video-preview":"max-video-preview:-1"},"canonical":"https:\/\/www.visit-ulcinj.com\/blog\/2008\/11\/03\/perfaqesuesi-i-udsh-se-ne-selanik\/","og_locale":"en_US","og_type":"article","og_title":"P\u00ebrfaq\u00ebsuesi i UDSH-s\u00eb n\u00eb Selanik - Lajme nga Ulqini","og_description":"Tubim nd\u00ebrkomb\u00ebtar p\u00ebr proceset rajonale Me ftes\u00eb t\u00eb Projektit p\u00ebr Marr\u00ebdh\u00ebnie Etnike, kryetari i UDSH-s\u00eb, z. Ferhat Dinosha, ka q\u00ebndruar fundjav\u00ebn e","og_url":"https:\/\/www.visit-ulcinj.com\/blog\/2008\/11\/03\/perfaqesuesi-i-udsh-se-ne-selanik\/","og_site_name":"Lajme nga Ulqini","article_published_time":"2008-11-03T23:15:08+00:00","og_image":[{"url":"http:\/\/www.visit-ulcinj.com\/blog\/wp-content\/uploads\/2008\/06\/nimani_dinosha.jpg"}],"twitter_misc":{"Written by":"ulqini","Est. reading time":"1 minute"},"schema":{"@context":"https:\/\/schema.org","@graph":[{"@type":"WebSite","@id":"https:\/\/www.visit-ulcinj.com\/blog\/#website","url":"https:\/\/www.visit-ulcinj.com\/blog\/","name":"Lajme nga Ulqini","description":"Lajme,Vijesti,Ulqini,Ulqin,Crna Gora,Mali i Zi","potentialAction":[{"@type":"SearchAction","target":{"@type":"EntryPoint","urlTemplate":"https:\/\/www.visit-ulcinj.com\/blog\/?s={search_term_string}"},"query-input":"required name=search_term_string"}],"inLanguage":"en-US"},{"@type":"ImageObject","inLanguage":"en-US","@id":"https:\/\/www.visit-ulcinj.com\/blog\/2008\/11\/03\/perfaqesuesi-i-udsh-se-ne-selanik\/#primaryimage","url":"http:\/\/www.visit-ulcinj.com\/blog\/wp-content\/uploads\/2008\/06\/nimani_dinosha.jpg","contentUrl":"http:\/\/www.visit-ulcinj.com\/blog\/wp-content\/uploads\/2008\/06\/nimani_dinosha.jpg"},{"@type":"WebPage","@id":"https:\/\/www.visit-ulcinj.com\/blog\/2008\/11\/03\/perfaqesuesi-i-udsh-se-ne-selanik\/#webpage","url":"https:\/\/www.visit-ulcinj.com\/blog\/2008\/11\/03\/perfaqesuesi-i-udsh-se-ne-selanik\/","name":"P\u00ebrfaq\u00ebsuesi i UDSH-s\u00eb n\u00eb Selanik - Lajme nga Ulqini","isPartOf":{"@id":"https:\/\/www.visit-ulcinj.com\/blog\/#website"},"primaryImageOfPage":{"@id":"https:\/\/www.visit-ulcinj.com\/blog\/2008\/11\/03\/perfaqesuesi-i-udsh-se-ne-selanik\/#primaryimage"},"datePublished":"2008-11-03T23:15:08+00:00","dateModified":"2008-11-03T23:15:08+00:00","author":{"@id":"https:\/\/www.visit-ulcinj.com\/blog\/#\/schema\/person\/dcab619c614d3038751c63bc2aadc06d"},"description":"Tubim nd\u00ebrkomb\u00ebtar p\u00ebr proceset rajonale Me ftes\u00eb t\u00eb Projektit p\u00ebr Marr\u00ebdh\u00ebnie Etnike, kryetari i UDSH-s\u00eb, z. Ferhat Dinosha, ka q\u00ebndruar fundjav\u00ebn e","breadcrumb":{"@id":"https:\/\/www.visit-ulcinj.com\/blog\/2008\/11\/03\/perfaqesuesi-i-udsh-se-ne-selanik\/#breadcrumb"},"inLanguage":"en-US","potentialAction":[{"@type":"ReadAction","target":["https:\/\/www.visit-ulcinj.com\/blog\/2008\/11\/03\/perfaqesuesi-i-udsh-se-ne-selanik\/"]}]},{"@type":"BreadcrumbList","@id":"https:\/\/www.visit-ulcinj.com\/blog\/2008\/11\/03\/perfaqesuesi-i-udsh-se-ne-selanik\/#breadcrumb","itemListElement":[{"@type":"ListItem","position":1,"name":"P\u00ebrfaq\u00ebsuesi i UDSH-s\u00eb n\u00eb Selanik"}]},{"@type":"Person","@id":"https:\/\/www.visit-ulcinj.com\/blog\/#\/schema\/person\/dcab619c614d3038751c63bc2aadc06d","name":"ulqini","sameAs":["http:\/\/www.visit-ulcinj.com"],"url":"https:\/\/www.visit-ulcinj.com\/blog\/author\/admin\/"}]}},"jetpack_featured_media_url":"","jetpack_sharing_enabled":true,"jetpack_shortlink":"https:\/\/wp.me\/pe6lTn-1p7","_links":{"self":[{"href":"https:\/\/www.visit-ulcinj.com\/blog\/wp-json\/wp\/v2\/posts\/5401"}],"collection":[{"href":"https:\/\/www.visit-ulcinj.com\/blog\/wp-json\/wp\/v2\/posts"}],"about":[{"href":"https:\/\/www.visit-ulcinj.com\/blog\/wp-json\/wp\/v2\/types\/post"}],"author":[{"embeddable":true,"href":"https:\/\/www.visit-ulcinj.com\/blog\/wp-json\/wp\/v2\/users\/1"}],"replies":[{"embeddable":true,"href":"https:\/\/www.visit-ulcinj.com\/blog\/wp-json\/wp\/v2\/comments?post=5401"}],"version-history":[{"count":0,"href":"https:\/\/www.visit-ulcinj.com\/blog\/wp-json\/wp\/v2\/posts\/5401\/revisions"}],"wp:attachment":[{"href":"https:\/\/www.visit-ulcinj.com\/blog\/wp-json\/wp\/v2\/media?parent=5401"}],"wp:term":[{"taxonomy":"category","embeddable":true,"href":"https:\/\/www.visit-ulcinj.com\/blog\/wp-json\/wp\/v2\/categories?post=5401"},{"taxonomy":"post_tag","embeddable":true,"href":"https:\/\/www.visit-ulcinj.com\/blog\/wp-json\/wp\/v2\/tags?post=5401"}],"curies":[{"name":"wp","href":"https:\/\/api.w.org\/{rel}","templated":true}]}}