{"id":54035,"date":"2011-12-04T18:49:28","date_gmt":"2011-12-04T17:49:28","guid":{"rendered":"http:\/\/www.visit-ulcinj.com\/blog\/?p=54035"},"modified":"2011-12-04T18:49:28","modified_gmt":"2011-12-04T17:49:28","slug":"nora-istrefi-pozon-per-fadil-berishen","status":"publish","type":"post","link":"https:\/\/www.visit-ulcinj.com\/blog\/2011\/12\/04\/nora-istrefi-pozon-per-fadil-berishen\/","title":{"rendered":"Nora Istrefi pozon p\u00ebr Fadil Berish\u00ebn"},"content":{"rendered":"<p><a href=\"http:\/\/www.visit-ulcinj.com\/blog\/wp-content\/uploads\/2011\/12\/Nora-Istrefi.jpg\"><img loading=\"lazy\" class=\"alignleft size-full wp-image-54036\" title=\"Nora Istrefi\" src=\"http:\/\/www.visit-ulcinj.com\/blog\/wp-content\/uploads\/2011\/12\/Nora-Istrefi.jpg\" alt=\"\" width=\"509\" height=\"400\" \/><\/a>K\u00ebng\u00ebtarja e njohur kosovare, Nora Istrefi, k\u00ebto dit\u00eb ka hedhur n\u00eb qarkullim disa foto t\u00eb reja, t\u00eb cilat mbajn\u00eb n\u00ebnshkrimin e fotografit t\u00eb njohur, Fadil Berisha.<\/p>\n<p>Pas nj\u00eb numri t\u00eb madh k\u00ebng\u00ebtaresh q\u00eb kan\u00eb pozuar p\u00ebr Berish\u00ebn, edhe Nora ka zgjedhur Fadilin p\u00ebr t\u00eb pozuar gjat\u00eb dit\u00ebve kur k\u00ebng\u00ebtarja ka qen\u00eb p\u00ebr vizit\u00eb n\u00eb Shtetet e Bashkuara t\u00eb Amerik\u00ebs. Ne jemi m\u00ebsuar me pamjen seksi t\u00eb Nor\u00ebs, por k\u00ebt\u00eb radh\u00eb vjen me nj\u00eb pamje me shum\u00eb \u2018glamour\u2019, nd\u00ebrsa nuk ka ngurruar t\u00eb reklamoj\u00eb edhe tatto-n t\u00eb cil\u00ebn e ka realizuar n\u00eb krahun e majt\u00eb, nj\u00eb pistolet\u00eb t\u00eb vog\u00ebl p\u00ebr t\u00eb cil\u00ebn e akuzuan se \u00ebsht\u00eb duke kopjuar k\u00ebng\u00ebtaren e njohur Rihanna, transmeton Zurnal.<\/p>\n<p>Nora nuk e shihte t\u00eb arsyeshme t\u00eb jepte ndonj\u00eb sqarim mbi k\u00ebt\u00eb \u00e7\u00ebshtje, por vazhdoi me agjend\u00ebn e saj, ku nj\u00ebri prej impenjimeve ishte dhe udh\u00ebtimi drejt Shteteve t\u00eb Bashkuara p\u00ebr disa dit\u00eb pushime me t\u00eb fejuarin e saj Robertin, si dhe disa mikesha t\u00eb tjera.<\/p>\n<p>P\u00ebrve\u00e7 sh\u00ebtitjeve, k\u00ebng\u00ebtarja k\u00ebt\u00eb vizit\u00eb e ka shfryt\u00ebzuar p\u00ebr realizimin e fotove n\u00eb studion e famshme t\u00eb Fadilit, nd\u00ebrsa k\u00ebto imazhe ajo do t\u2019i shfryt\u00ebzoj\u00eb p\u00ebr kopertinat q\u00eb do e zgjedhin Nor\u00ebn si imazh t\u00eb faqes s\u00eb par\u00eb p\u00ebr festat e fund vitit.<\/p>\n<p><strong>Koha Net<br \/>\n<!--YouTube Error: bad URL entered--><br \/>\n<\/strong><\/p>\n","protected":false},"excerpt":{"rendered":"<p>K\u00ebng\u00ebtarja e njohur kosovare, Nora Istrefi, k\u00ebto dit\u00eb ka hedhur n\u00eb qarkullim disa foto t\u00eb reja, t\u00eb cilat mbajn\u00eb n\u00ebnshkrimin e fotografit t\u00eb njohur, Fadil Berisha. Pas nj\u00eb numri t\u00eb madh k\u00ebng\u00ebtaresh q\u00eb kan\u00eb pozuar p\u00ebr Berish\u00ebn, edhe Nora ka zgjedhur Fadilin p\u00ebr t\u00eb pozuar gjat\u00eb dit\u00ebve kur k\u00ebng\u00ebtarja ka qen\u00eb p\u00ebr vizit\u00eb n\u00eb Shtetet [&hellip;]<\/p>\n","protected":false},"author":1,"featured_media":0,"comment_status":"open","ping_status":"closed","sticky":false,"template":"","format":"standard","meta":{"spay_email":"","jetpack_publicize_message":"","jetpack_is_tweetstorm":false,"jetpack_publicize_feature_enabled":true},"categories":[1],"tags":[4939],"jetpack_publicize_connections":[],"yoast_head":"<!-- This site is optimized with the Yoast SEO plugin v19.1 - https:\/\/yoast.com\/wordpress\/plugins\/seo\/ -->\n<title>Nora Istrefi pozon p\u00ebr Fadil Berish\u00ebn - Lajme nga Ulqini<\/title>\n<meta name=\"description\" content=\"K\u00ebng\u00ebtarja e njohur kosovare, Nora Istrefi, k\u00ebto dit\u00eb ka hedhur n\u00eb qarkullim disa foto t\u00eb reja, t\u00eb cilat mbajn\u00eb n\u00ebnshkrimin e fotografit t\u00eb njohur, Fadil\" \/>\n<meta name=\"robots\" content=\"index, follow, max-snippet:-1, max-image-preview:large, max-video-preview:-1\" \/>\n<link rel=\"canonical\" href=\"https:\/\/www.visit-ulcinj.com\/blog\/2011\/12\/04\/nora-istrefi-pozon-per-fadil-berishen\/\" \/>\n<meta property=\"og:locale\" content=\"en_US\" \/>\n<meta property=\"og:type\" content=\"article\" \/>\n<meta property=\"og:title\" content=\"Nora Istrefi pozon p\u00ebr Fadil Berish\u00ebn - Lajme nga Ulqini\" \/>\n<meta property=\"og:description\" content=\"K\u00ebng\u00ebtarja e njohur kosovare, Nora Istrefi, k\u00ebto dit\u00eb ka hedhur n\u00eb qarkullim disa foto t\u00eb reja, t\u00eb cilat mbajn\u00eb n\u00ebnshkrimin e fotografit t\u00eb njohur, Fadil\" \/>\n<meta property=\"og:url\" content=\"https:\/\/www.visit-ulcinj.com\/blog\/2011\/12\/04\/nora-istrefi-pozon-per-fadil-berishen\/\" \/>\n<meta property=\"og:site_name\" content=\"Lajme nga Ulqini\" \/>\n<meta property=\"article:published_time\" content=\"2011-12-04T17:49:28+00:00\" \/>\n<meta property=\"og:image\" content=\"http:\/\/www.visit-ulcinj.com\/blog\/wp-content\/uploads\/2011\/12\/Nora-Istrefi.jpg\" \/>\n<meta name=\"twitter:label1\" content=\"Written by\" \/>\n\t<meta name=\"twitter:data1\" content=\"ulqini\" \/>\n\t<meta name=\"twitter:label2\" content=\"Est. reading time\" \/>\n\t<meta name=\"twitter:data2\" content=\"1 minute\" \/>\n<script type=\"application\/ld+json\" class=\"yoast-schema-graph\">{\"@context\":\"https:\/\/schema.org\",\"@graph\":[{\"@type\":\"WebSite\",\"@id\":\"https:\/\/www.visit-ulcinj.com\/blog\/#website\",\"url\":\"https:\/\/www.visit-ulcinj.com\/blog\/\",\"name\":\"Lajme nga Ulqini\",\"description\":\"Lajme,Vijesti,Ulqini,Ulqin,Crna Gora,Mali i Zi\",\"potentialAction\":[{\"@type\":\"SearchAction\",\"target\":{\"@type\":\"EntryPoint\",\"urlTemplate\":\"https:\/\/www.visit-ulcinj.com\/blog\/?s={search_term_string}\"},\"query-input\":\"required name=search_term_string\"}],\"inLanguage\":\"en-US\"},{\"@type\":\"ImageObject\",\"inLanguage\":\"en-US\",\"@id\":\"https:\/\/www.visit-ulcinj.com\/blog\/2011\/12\/04\/nora-istrefi-pozon-per-fadil-berishen\/#primaryimage\",\"url\":\"http:\/\/www.visit-ulcinj.com\/blog\/wp-content\/uploads\/2011\/12\/Nora-Istrefi.jpg\",\"contentUrl\":\"http:\/\/www.visit-ulcinj.com\/blog\/wp-content\/uploads\/2011\/12\/Nora-Istrefi.jpg\"},{\"@type\":\"WebPage\",\"@id\":\"https:\/\/www.visit-ulcinj.com\/blog\/2011\/12\/04\/nora-istrefi-pozon-per-fadil-berishen\/#webpage\",\"url\":\"https:\/\/www.visit-ulcinj.com\/blog\/2011\/12\/04\/nora-istrefi-pozon-per-fadil-berishen\/\",\"name\":\"Nora Istrefi pozon p\u00ebr Fadil Berish\u00ebn - Lajme nga Ulqini\",\"isPartOf\":{\"@id\":\"https:\/\/www.visit-ulcinj.com\/blog\/#website\"},\"primaryImageOfPage\":{\"@id\":\"https:\/\/www.visit-ulcinj.com\/blog\/2011\/12\/04\/nora-istrefi-pozon-per-fadil-berishen\/#primaryimage\"},\"datePublished\":\"2011-12-04T17:49:28+00:00\",\"dateModified\":\"2011-12-04T17:49:28+00:00\",\"author\":{\"@id\":\"https:\/\/www.visit-ulcinj.com\/blog\/#\/schema\/person\/dcab619c614d3038751c63bc2aadc06d\"},\"description\":\"K\u00ebng\u00ebtarja e njohur kosovare, Nora Istrefi, k\u00ebto dit\u00eb ka hedhur n\u00eb qarkullim disa foto t\u00eb reja, t\u00eb cilat mbajn\u00eb n\u00ebnshkrimin e fotografit t\u00eb njohur, Fadil\",\"breadcrumb\":{\"@id\":\"https:\/\/www.visit-ulcinj.com\/blog\/2011\/12\/04\/nora-istrefi-pozon-per-fadil-berishen\/#breadcrumb\"},\"inLanguage\":\"en-US\",\"potentialAction\":[{\"@type\":\"ReadAction\",\"target\":[\"https:\/\/www.visit-ulcinj.com\/blog\/2011\/12\/04\/nora-istrefi-pozon-per-fadil-berishen\/\"]}]},{\"@type\":\"BreadcrumbList\",\"@id\":\"https:\/\/www.visit-ulcinj.com\/blog\/2011\/12\/04\/nora-istrefi-pozon-per-fadil-berishen\/#breadcrumb\",\"itemListElement\":[{\"@type\":\"ListItem\",\"position\":1,\"name\":\"Nora Istrefi pozon p\u00ebr Fadil Berish\u00ebn\"}]},{\"@type\":\"Person\",\"@id\":\"https:\/\/www.visit-ulcinj.com\/blog\/#\/schema\/person\/dcab619c614d3038751c63bc2aadc06d\",\"name\":\"ulqini\",\"sameAs\":[\"http:\/\/www.visit-ulcinj.com\"],\"url\":\"https:\/\/www.visit-ulcinj.com\/blog\/author\/admin\/\"}]}<\/script>\n<!-- \/ Yoast SEO plugin. -->","yoast_head_json":{"title":"Nora Istrefi pozon p\u00ebr Fadil Berish\u00ebn - Lajme nga Ulqini","description":"K\u00ebng\u00ebtarja e njohur kosovare, Nora Istrefi, k\u00ebto dit\u00eb ka hedhur n\u00eb qarkullim disa foto t\u00eb reja, t\u00eb cilat mbajn\u00eb n\u00ebnshkrimin e fotografit t\u00eb njohur, Fadil","robots":{"index":"index","follow":"follow","max-snippet":"max-snippet:-1","max-image-preview":"max-image-preview:large","max-video-preview":"max-video-preview:-1"},"canonical":"https:\/\/www.visit-ulcinj.com\/blog\/2011\/12\/04\/nora-istrefi-pozon-per-fadil-berishen\/","og_locale":"en_US","og_type":"article","og_title":"Nora Istrefi pozon p\u00ebr Fadil Berish\u00ebn - Lajme nga Ulqini","og_description":"K\u00ebng\u00ebtarja e njohur kosovare, Nora Istrefi, k\u00ebto dit\u00eb ka hedhur n\u00eb qarkullim disa foto t\u00eb reja, t\u00eb cilat mbajn\u00eb n\u00ebnshkrimin e fotografit t\u00eb njohur, Fadil","og_url":"https:\/\/www.visit-ulcinj.com\/blog\/2011\/12\/04\/nora-istrefi-pozon-per-fadil-berishen\/","og_site_name":"Lajme nga Ulqini","article_published_time":"2011-12-04T17:49:28+00:00","og_image":[{"url":"http:\/\/www.visit-ulcinj.com\/blog\/wp-content\/uploads\/2011\/12\/Nora-Istrefi.jpg"}],"twitter_misc":{"Written by":"ulqini","Est. reading time":"1 minute"},"schema":{"@context":"https:\/\/schema.org","@graph":[{"@type":"WebSite","@id":"https:\/\/www.visit-ulcinj.com\/blog\/#website","url":"https:\/\/www.visit-ulcinj.com\/blog\/","name":"Lajme nga Ulqini","description":"Lajme,Vijesti,Ulqini,Ulqin,Crna Gora,Mali i Zi","potentialAction":[{"@type":"SearchAction","target":{"@type":"EntryPoint","urlTemplate":"https:\/\/www.visit-ulcinj.com\/blog\/?s={search_term_string}"},"query-input":"required name=search_term_string"}],"inLanguage":"en-US"},{"@type":"ImageObject","inLanguage":"en-US","@id":"https:\/\/www.visit-ulcinj.com\/blog\/2011\/12\/04\/nora-istrefi-pozon-per-fadil-berishen\/#primaryimage","url":"http:\/\/www.visit-ulcinj.com\/blog\/wp-content\/uploads\/2011\/12\/Nora-Istrefi.jpg","contentUrl":"http:\/\/www.visit-ulcinj.com\/blog\/wp-content\/uploads\/2011\/12\/Nora-Istrefi.jpg"},{"@type":"WebPage","@id":"https:\/\/www.visit-ulcinj.com\/blog\/2011\/12\/04\/nora-istrefi-pozon-per-fadil-berishen\/#webpage","url":"https:\/\/www.visit-ulcinj.com\/blog\/2011\/12\/04\/nora-istrefi-pozon-per-fadil-berishen\/","name":"Nora Istrefi pozon p\u00ebr Fadil Berish\u00ebn - Lajme nga Ulqini","isPartOf":{"@id":"https:\/\/www.visit-ulcinj.com\/blog\/#website"},"primaryImageOfPage":{"@id":"https:\/\/www.visit-ulcinj.com\/blog\/2011\/12\/04\/nora-istrefi-pozon-per-fadil-berishen\/#primaryimage"},"datePublished":"2011-12-04T17:49:28+00:00","dateModified":"2011-12-04T17:49:28+00:00","author":{"@id":"https:\/\/www.visit-ulcinj.com\/blog\/#\/schema\/person\/dcab619c614d3038751c63bc2aadc06d"},"description":"K\u00ebng\u00ebtarja e njohur kosovare, Nora Istrefi, k\u00ebto dit\u00eb ka hedhur n\u00eb qarkullim disa foto t\u00eb reja, t\u00eb cilat mbajn\u00eb n\u00ebnshkrimin e fotografit t\u00eb njohur, Fadil","breadcrumb":{"@id":"https:\/\/www.visit-ulcinj.com\/blog\/2011\/12\/04\/nora-istrefi-pozon-per-fadil-berishen\/#breadcrumb"},"inLanguage":"en-US","potentialAction":[{"@type":"ReadAction","target":["https:\/\/www.visit-ulcinj.com\/blog\/2011\/12\/04\/nora-istrefi-pozon-per-fadil-berishen\/"]}]},{"@type":"BreadcrumbList","@id":"https:\/\/www.visit-ulcinj.com\/blog\/2011\/12\/04\/nora-istrefi-pozon-per-fadil-berishen\/#breadcrumb","itemListElement":[{"@type":"ListItem","position":1,"name":"Nora Istrefi pozon p\u00ebr Fadil Berish\u00ebn"}]},{"@type":"Person","@id":"https:\/\/www.visit-ulcinj.com\/blog\/#\/schema\/person\/dcab619c614d3038751c63bc2aadc06d","name":"ulqini","sameAs":["http:\/\/www.visit-ulcinj.com"],"url":"https:\/\/www.visit-ulcinj.com\/blog\/author\/admin\/"}]}},"jetpack_featured_media_url":"","jetpack_sharing_enabled":true,"jetpack_shortlink":"https:\/\/wp.me\/pe6lTn-e3x","_links":{"self":[{"href":"https:\/\/www.visit-ulcinj.com\/blog\/wp-json\/wp\/v2\/posts\/54035"}],"collection":[{"href":"https:\/\/www.visit-ulcinj.com\/blog\/wp-json\/wp\/v2\/posts"}],"about":[{"href":"https:\/\/www.visit-ulcinj.com\/blog\/wp-json\/wp\/v2\/types\/post"}],"author":[{"embeddable":true,"href":"https:\/\/www.visit-ulcinj.com\/blog\/wp-json\/wp\/v2\/users\/1"}],"replies":[{"embeddable":true,"href":"https:\/\/www.visit-ulcinj.com\/blog\/wp-json\/wp\/v2\/comments?post=54035"}],"version-history":[{"count":1,"href":"https:\/\/www.visit-ulcinj.com\/blog\/wp-json\/wp\/v2\/posts\/54035\/revisions"}],"predecessor-version":[{"id":54037,"href":"https:\/\/www.visit-ulcinj.com\/blog\/wp-json\/wp\/v2\/posts\/54035\/revisions\/54037"}],"wp:attachment":[{"href":"https:\/\/www.visit-ulcinj.com\/blog\/wp-json\/wp\/v2\/media?parent=54035"}],"wp:term":[{"taxonomy":"category","embeddable":true,"href":"https:\/\/www.visit-ulcinj.com\/blog\/wp-json\/wp\/v2\/categories?post=54035"},{"taxonomy":"post_tag","embeddable":true,"href":"https:\/\/www.visit-ulcinj.com\/blog\/wp-json\/wp\/v2\/tags?post=54035"}],"curies":[{"name":"wp","href":"https:\/\/api.w.org\/{rel}","templated":true}]}}