{"id":54074,"date":"2011-12-06T19:32:24","date_gmt":"2011-12-06T18:32:24","guid":{"rendered":"http:\/\/www.visit-ulcinj.com\/blog\/?p=54074"},"modified":"2011-12-06T19:32:24","modified_gmt":"2011-12-06T18:32:24","slug":"sadik-haxhicani-mjeshter-qe-gurit-ia-jep-shpirtindhe-ai-flet","status":"publish","type":"post","link":"https:\/\/www.visit-ulcinj.com\/blog\/2011\/12\/06\/sadik-haxhicani-mjeshter-qe-gurit-ia-jep-shpirtindhe-ai-flet\/","title":{"rendered":"Sadik Haxhicani: Mjeshter q\u00eb gurit ia jep shpirtin,dhe ai flet"},"content":{"rendered":"<p><a href=\"http:\/\/www.visit-ulcinj.com\/blog\/wp-content\/uploads\/2011\/12\/Sadik-Haxhicani_Ismet-Karamanaga_kalaja-e-ulqinit.jpg\"><img loading=\"lazy\" class=\"alignleft size-full wp-image-54075\" title=\"Sadik Haxhicani_Ismet Karamanaga_kalaja e ulqinit\" src=\"http:\/\/www.visit-ulcinj.com\/blog\/wp-content\/uploads\/2011\/12\/Sadik-Haxhicani_Ismet-Karamanaga_kalaja-e-ulqinit.jpg\" alt=\"\" width=\"508\" height=\"380\" srcset=\"https:\/\/www.visit-ulcinj.com\/blog\/wp-content\/uploads\/2011\/12\/Sadik-Haxhicani_Ismet-Karamanaga_kalaja-e-ulqinit.jpg 960w, https:\/\/www.visit-ulcinj.com\/blog\/wp-content\/uploads\/2011\/12\/Sadik-Haxhicani_Ismet-Karamanaga_kalaja-e-ulqinit-300x225.jpg 300w\" sizes=\"(max-width: 508px) 100vw, 508px\" \/><\/a>Sadik Haxhicani dhe i biri Tahiri.. nj\u00eb trashigmi brez pas brezit, nj\u00eb mjeshtri virtuoze, dhe guri i cili n\u00ebn tingujt e dalt\u00ebs dhe \u00e7eki\u00e7it fiton form\u00ebn dhe frym\u00ebn e k\u00ebtyre mjeshtrave t\u00eb pa lodhur..m\u00eb duket se flasin me gur&#8230;<br \/>\nSadiku \u00ebsht\u00eb nj\u00eb njeri modest i \u201cbut\u00eb\u201d si\u00e7 thot\u00eb populli i yn\u00eb. Flet\u00eb shum\u00eb pak, posa\u00e7\u00ebrisht\u00eb duke letuar gurin. Edhe djemt, Tahiri dhe Xhemali e kan\u00eb marr\u00eb \u201cxenatin\u201d nga Sadiku. Ky \u201ctrio\u201d, p\u00ebr pdo dit\u00eb, p\u00ebrve\u00e7 Xhumas\u00eb punon, m\u00eb mire t\u00eb them tash n\u00eb fillim modelon dhe i jep\u00eb nj\u00eb frym\u00eb dhe nj\u00eb form\u00eb gurit, t\u00eb cilin m\u00eb von\u00eb do ta vendosin n\u00eb mur\u00eb. Un\u00eb i cili af\u00ebr 6 vite me radh\u00eb e p\u00ebrcill\u00eb pun\u00ebn dhe mjeshtrin\u00eb e tyre, kur do here si kaloj pran\u00eb sht\u00ebpis\u00eb tone t\u00eb dikur\u00ebshme, mbes\u00eb i fascinuar. Kjo sht\u00ebpi, duke falenderuar dur\u00ebve t\u00eb arta t\u00eb Sadikut dhe djem\u00ebve tij, dhe natyrisht vulnetit dhe mjeteve finansiare t\u00eb nipit tim Maliq Karamanag\u00ebs, ngritet sot si nj\u00eb \u201cfeniks\u201d n\u00eb Kalan\u00eb ton\u00eb shekullore. Termeti katastrofal i vitit 79 e ka rr\u00ebzuar fare, por gjurm\u00ebt dhe gjenin e familijes ton\u00eb nuk ka mujt me e zhdukur, dhe p\u00ebr te nj\u00eb falemnderim i madh\u00eb t\u00eb gjith\u00eb atyre t\u00eb cil\u00ebt e kan\u00eb dh\u00ebn\u00eb kontributin p\u00ebr rinovimin e sht\u00ebpis\u00eb ton\u00eb t\u00eb lindjes. Dhe p\u00ebr te them un\u00eb, se k\u00ebto zot\u00ebrinj me mjeshtrin e vet\u00eb kan\u00eb l\u00ebn\u00eb gjurm\u00ebt t\u00eb pa l\u00ebshyer, n\u00eb Kalan\u00eb tone. Sht\u00ebpia t\u00eb cil\u00ebn e kan\u00eb nd\u00ebrtuar k\u00ebto mjeshtra t\u00eb pa lodhur, ka me mbet\u00eb si nj\u00eb p\u00ebrmendore e nj\u00eb vepre e cila p\u00ebrmbush dhe plot\u00ebson t\u00eb gjitha normat t\u00eb cil\u00ebt sundojn n\u00eb mjedise si\u00e7 \u00ebsht\u00eb Kalaja e jon\u00eb.<br \/>\n<a href=\"http:\/\/www.visit-ulcinj.com\/blog\/wp-content\/uploads\/2011\/12\/Sadik-Haxhicani_Tahir-Haxhicani_kalaja-e-ulqinit.jpg\"><img loading=\"lazy\" class=\"alignleft size-full wp-image-54076\" title=\"Sadik Haxhicani_Tahir Haxhicani_kalaja e ulqinit\" src=\"http:\/\/www.visit-ulcinj.com\/blog\/wp-content\/uploads\/2011\/12\/Sadik-Haxhicani_Tahir-Haxhicani_kalaja-e-ulqinit.jpg\" alt=\"\" width=\"508\" height=\"300\" \/><\/a><br \/>\nTheme se, puna e tyre \u00ebsht\u00eb nj\u00eb mjeshtri e rall\u00eb e jasht\u00ebzakon\u00ebsh\u00ebme, nj\u00eb artizanat i cili duhet t\u00eb stimulohet dhe kultivohet. K\u00ebt\u00eb e theme m\u00eb q\u00ebllim, sepse Sadiku, pavar\u00ebsisht\u00eb se punon mbi 40 vite, nuk ka pension, dhe asnj\u00eb far stimulimit nga shoq\u00ebria. Sa, dhe si e vler\u00ebson , \u201cshoq\u00ebria\u201d e jon pun\u00ebn e t\u00eb gjit\u00eb atyre t\u00eb cil\u00ebt i kan\u00eb, dhe ende i kultivojn zanatet e vjet\u00ebr, \u00ebsht\u00eb e tep\u00ebrt t\u00eb komentohet, duke qen\u00eb d\u00ebshmitar se sa pak kan\u00eb mbetur tek ne. Mjafton t\u00eb kalohet \u201cpazarit\u201dtone, p\u00ebr t\u00eb cilin dikur, kan\u00eb ardh\u00eb mira mysafir\u00eb nga vendi dhe bota, dhe t\u00eb shohim se n\u00eb secil\u00ebn p\u00ebllamb na ka mbulu hamburgeri, dhe ki\u00e7i. Dikur k\u00ebtu \u00ebsht\u00eb g\u00ebrshetuar Orijenti dhe Perendimi n\u00eb nj\u00eb hapsir\u00eb kaq\u00eb t\u00eb vog\u00ebl, dhe p\u00ebr te shoq\u00ebria duhet t\u00eb stimulojn zanate t\u00eb vjet\u00ebr, dhe n\u00eb k\u00ebt\u00eb m\u00ebnyr\u00eb sadopak t\u00eb mundohemi t\u00eb u kthejm qytetit tone shk\u00eblqimin t\u00eb cilin e ka pasur deri ke vitet e 90.. Dhe p\u00ebr te mendoj se duhet t\u00eb stimulohen zanatet e vjet\u00ebr, dhe njer\u00ebzit t\u00eb ken nj\u00eb siguri, dhe most \u00eb lehen pas dore.<br \/>\nSadiku, me krenari thot\u00eb se, \u201ene e kemi n\u00eb gjak gurin, un\u00eb e kam nga babai im, kurse djem\u00ebt nga un\u00eb\u201c. Tash m\u00eb, thot\u00eb Sadiku djem\u00ebt jan edhe m\u00eb t\u00eb mir\u00eb se une, sepse ato jan adaptuar koh\u00ebs e re n\u00eb nd\u00ebrtimtari, por sido si t\u00eb jet\u00eb, guri \u00ebsht\u00eb dhe ka me mbet\u00eb elementi kryesor tek ne.<\/p>\n<p><a href=\"https:\/\/www.facebook.com\/media\/set\/?set=a.2731230484170.2149801.1359492972&amp;type=3\" target=\"_blank\"><strong>Lexo\u00a0 me teper &gt;&gt;Ismet Karamanaga Facebook<\/strong><\/a>&gt;&gt;<br \/>\n\n\t\t<style type=\"text\/css\">\n\t\t\t#gallery-1 {\n\t\t\t\tmargin: auto;\n\t\t\t}\n\t\t\t#gallery-1 .gallery-item {\n\t\t\t\tfloat: left;\n\t\t\t\tmargin-top: 10px;\n\t\t\t\ttext-align: center;\n\t\t\t\twidth: 33%;\n\t\t\t}\n\t\t\t#gallery-1 img {\n\t\t\t\tborder: 2px solid #cfcfcf;\n\t\t\t}\n\t\t\t#gallery-1 .gallery-caption {\n\t\t\t\tmargin-left: 0;\n\t\t\t}\n\t\t\t\/* see gallery_shortcode() in wp-includes\/media.php *\/\n\t\t<\/style>\n\t\t<div id='gallery-1' class='gallery galleryid-54074 gallery-columns-3 gallery-size-thumbnail'><dl class='gallery-item'>\n\t\t\t<dt class='gallery-icon landscape'>\n\t\t\t\t<a href='https:\/\/www.visit-ulcinj.com\/blog\/wp-content\/uploads\/2011\/12\/Sadik-Haxhicani_Ismet-Karamanaga_kalaja-e-ulqinit.jpg'><img width=\"150\" height=\"150\" src=\"https:\/\/www.visit-ulcinj.com\/blog\/wp-content\/uploads\/2011\/12\/Sadik-Haxhicani_Ismet-Karamanaga_kalaja-e-ulqinit-150x150.jpg\" class=\"attachment-thumbnail size-thumbnail\" alt=\"\" loading=\"lazy\" \/><\/a>\n\t\t\t<\/dt><\/dl><dl class='gallery-item'>\n\t\t\t<dt class='gallery-icon landscape'>\n\t\t\t\t<a href='https:\/\/www.visit-ulcinj.com\/blog\/wp-content\/uploads\/2011\/12\/Sadik-Haxhicani_Tahir-Haxhicani_kalaja-e-ulqinit.jpg'><img width=\"150\" height=\"150\" src=\"https:\/\/www.visit-ulcinj.com\/blog\/wp-content\/uploads\/2011\/12\/Sadik-Haxhicani_Tahir-Haxhicani_kalaja-e-ulqinit-150x150.jpg\" class=\"attachment-thumbnail size-thumbnail\" alt=\"\" loading=\"lazy\" \/><\/a>\n\t\t\t<\/dt><\/dl><dl class='gallery-item'>\n\t\t\t<dt class='gallery-icon landscape'>\n\t\t\t\t<a href='https:\/\/www.visit-ulcinj.com\/blog\/wp-content\/uploads\/2011\/12\/Sadik-Haxhicani_Mjeshter-q\u00eb-gurit-ia-jep-shpirtindhe-ai-flet.1.jpg'><img width=\"150\" height=\"150\" src=\"https:\/\/www.visit-ulcinj.com\/blog\/wp-content\/uploads\/2011\/12\/Sadik-Haxhicani_Mjeshter-q\u00eb-gurit-ia-jep-shpirtindhe-ai-flet.1-150x150.jpg\" class=\"attachment-thumbnail size-thumbnail\" alt=\"\" loading=\"lazy\" \/><\/a>\n\t\t\t<\/dt><\/dl><br style=\"clear: both\" \/><dl class='gallery-item'>\n\t\t\t<dt class='gallery-icon landscape'>\n\t\t\t\t<a href='https:\/\/www.visit-ulcinj.com\/blog\/wp-content\/uploads\/2011\/12\/Sadik-Haxhicani_Mjeshter-q\u00eb-gurit-ia-jep-shpirtindhe-ai-flet.2.jpg'><img width=\"150\" height=\"150\" src=\"https:\/\/www.visit-ulcinj.com\/blog\/wp-content\/uploads\/2011\/12\/Sadik-Haxhicani_Mjeshter-q\u00eb-gurit-ia-jep-shpirtindhe-ai-flet.2-150x150.jpg\" class=\"attachment-thumbnail size-thumbnail\" alt=\"\" loading=\"lazy\" \/><\/a>\n\t\t\t<\/dt><\/dl><dl class='gallery-item'>\n\t\t\t<dt class='gallery-icon landscape'>\n\t\t\t\t<a href='https:\/\/www.visit-ulcinj.com\/blog\/wp-content\/uploads\/2011\/12\/Sadik-Haxhicani_Mjeshter-q\u00eb-gurit-ia-jep-shpirtindhe-ai-flet.3.jpg'><img width=\"150\" height=\"150\" src=\"https:\/\/www.visit-ulcinj.com\/blog\/wp-content\/uploads\/2011\/12\/Sadik-Haxhicani_Mjeshter-q\u00eb-gurit-ia-jep-shpirtindhe-ai-flet.3-150x150.jpg\" class=\"attachment-thumbnail size-thumbnail\" alt=\"\" loading=\"lazy\" \/><\/a>\n\t\t\t<\/dt><\/dl><dl class='gallery-item'>\n\t\t\t<dt class='gallery-icon landscape'>\n\t\t\t\t<a href='https:\/\/www.visit-ulcinj.com\/blog\/wp-content\/uploads\/2011\/12\/Sadik-Haxhicani_Mjeshter-q\u00eb-gurit-ia-jep-shpirtindhe-ai-flet.4.jpg'><img width=\"150\" height=\"150\" src=\"https:\/\/www.visit-ulcinj.com\/blog\/wp-content\/uploads\/2011\/12\/Sadik-Haxhicani_Mjeshter-q\u00eb-gurit-ia-jep-shpirtindhe-ai-flet.4-150x150.jpg\" class=\"attachment-thumbnail size-thumbnail\" alt=\"\" loading=\"lazy\" \/><\/a>\n\t\t\t<\/dt><\/dl><br style=\"clear: both\" \/><dl class='gallery-item'>\n\t\t\t<dt class='gallery-icon portrait'>\n\t\t\t\t<a href='https:\/\/www.visit-ulcinj.com\/blog\/wp-content\/uploads\/2011\/12\/Sadik-Haxhicani_Mjeshter-q\u00eb-gurit-ia-jep-shpirtindhe-ai-flet.5.jpg'><img width=\"150\" height=\"150\" src=\"https:\/\/www.visit-ulcinj.com\/blog\/wp-content\/uploads\/2011\/12\/Sadik-Haxhicani_Mjeshter-q\u00eb-gurit-ia-jep-shpirtindhe-ai-flet.5-150x150.jpg\" class=\"attachment-thumbnail size-thumbnail\" alt=\"\" loading=\"lazy\" \/><\/a>\n\t\t\t<\/dt><\/dl><dl class='gallery-item'>\n\t\t\t<dt class='gallery-icon landscape'>\n\t\t\t\t<a href='https:\/\/www.visit-ulcinj.com\/blog\/wp-content\/uploads\/2011\/12\/Sadik-Haxhicani_Mjeshter-q\u00eb-gurit-ia-jep-shpirtindhe-ai-flet.6.jpg'><img width=\"150\" height=\"150\" src=\"https:\/\/www.visit-ulcinj.com\/blog\/wp-content\/uploads\/2011\/12\/Sadik-Haxhicani_Mjeshter-q\u00eb-gurit-ia-jep-shpirtindhe-ai-flet.6-150x150.jpg\" class=\"attachment-thumbnail size-thumbnail\" alt=\"\" loading=\"lazy\" \/><\/a>\n\t\t\t<\/dt><\/dl><dl class='gallery-item'>\n\t\t\t<dt class='gallery-icon landscape'>\n\t\t\t\t<a href='https:\/\/www.visit-ulcinj.com\/blog\/wp-content\/uploads\/2011\/12\/Sadik-Haxhicani_Mjeshter-q\u00eb-gurit-ia-jep-shpirtindhe-ai-flet.7.jpg'><img width=\"150\" height=\"150\" src=\"https:\/\/www.visit-ulcinj.com\/blog\/wp-content\/uploads\/2011\/12\/Sadik-Haxhicani_Mjeshter-q\u00eb-gurit-ia-jep-shpirtindhe-ai-flet.7-150x150.jpg\" class=\"attachment-thumbnail size-thumbnail\" alt=\"\" loading=\"lazy\" \/><\/a>\n\t\t\t<\/dt><\/dl><br style=\"clear: both\" \/><dl class='gallery-item'>\n\t\t\t<dt class='gallery-icon landscape'>\n\t\t\t\t<a href='https:\/\/www.visit-ulcinj.com\/blog\/wp-content\/uploads\/2011\/12\/Sadik-Haxhicani_Mjeshter-q\u00eb-gurit-ia-jep-shpirtindhe-ai-flet.8.jpg'><img width=\"150\" height=\"150\" src=\"https:\/\/www.visit-ulcinj.com\/blog\/wp-content\/uploads\/2011\/12\/Sadik-Haxhicani_Mjeshter-q\u00eb-gurit-ia-jep-shpirtindhe-ai-flet.8-150x150.jpg\" class=\"attachment-thumbnail size-thumbnail\" alt=\"\" loading=\"lazy\" \/><\/a>\n\t\t\t<\/dt><\/dl><dl class='gallery-item'>\n\t\t\t<dt class='gallery-icon portrait'>\n\t\t\t\t<a href='https:\/\/www.visit-ulcinj.com\/blog\/wp-content\/uploads\/2011\/12\/Sadik-Haxhicani_Mjeshter-q\u00eb-gurit-ia-jep-shpirtindhe-ai-flet.jpg'><img width=\"150\" height=\"150\" src=\"https:\/\/www.visit-ulcinj.com\/blog\/wp-content\/uploads\/2011\/12\/Sadik-Haxhicani_Mjeshter-q\u00eb-gurit-ia-jep-shpirtindhe-ai-flet-150x150.jpg\" class=\"attachment-thumbnail size-thumbnail\" alt=\"\" loading=\"lazy\" \/><\/a>\n\t\t\t<\/dt><\/dl><dl class='gallery-item'>\n\t\t\t<dt class='gallery-icon portrait'>\n\t\t\t\t<a href='https:\/\/www.visit-ulcinj.com\/blog\/wp-content\/uploads\/2011\/12\/Tahir-Haxhicani_Mjeshter-q\u00eb-gurit-ia-jep-shpirtindhe-ai-flet.jpg'><img width=\"150\" height=\"150\" src=\"https:\/\/www.visit-ulcinj.com\/blog\/wp-content\/uploads\/2011\/12\/Tahir-Haxhicani_Mjeshter-q\u00eb-gurit-ia-jep-shpirtindhe-ai-flet-150x150.jpg\" class=\"attachment-thumbnail size-thumbnail\" alt=\"\" loading=\"lazy\" \/><\/a>\n\t\t\t<\/dt><\/dl><br style=\"clear: both\" \/>\n\t\t<\/div>\n<br \/>\n<!--YouTube Error: bad URL entered--><\/p>\n","protected":false},"excerpt":{"rendered":"<p>Sadik Haxhicani dhe i biri Tahiri.. nj\u00eb trashigmi brez pas brezit, nj\u00eb mjeshtri virtuoze, dhe guri i cili n\u00ebn tingujt e dalt\u00ebs dhe \u00e7eki\u00e7it fiton form\u00ebn dhe frym\u00ebn e k\u00ebtyre mjeshtrave t\u00eb pa lodhur..m\u00eb duket se flasin me gur&#8230; Sadiku \u00ebsht\u00eb nj\u00eb njeri modest i \u201cbut\u00eb\u201d si\u00e7 thot\u00eb populli i yn\u00eb. Flet\u00eb shum\u00eb pak, posa\u00e7\u00ebrisht\u00eb [&hellip;]<\/p>\n","protected":false},"author":1,"featured_media":0,"comment_status":"open","ping_status":"closed","sticky":false,"template":"","format":"standard","meta":{"spay_email":"","jetpack_publicize_message":"","jetpack_is_tweetstorm":false,"jetpack_publicize_feature_enabled":true},"categories":[14249],"tags":[306,310,200,18],"jetpack_publicize_connections":[],"yoast_head":"<!-- This site is optimized with the Yoast SEO plugin v19.1 - https:\/\/yoast.com\/wordpress\/plugins\/seo\/ -->\n<title>Sadik Haxhicani: Mjeshter q\u00eb gurit ia jep shpirtin,dhe ai flet - Lajme nga Ulqini<\/title>\n<meta name=\"description\" content=\"Sadik Haxhicani dhe i biri Tahiri.. nj\u00eb trashigmi brez pas brezit, nj\u00eb mjeshtri virtuoze, dhe guri i cili n\u00ebn tingujt e dalt\u00ebs dhe \u00e7eki\u00e7it fiton form\u00ebn\" \/>\n<meta name=\"robots\" content=\"index, follow, max-snippet:-1, max-image-preview:large, max-video-preview:-1\" \/>\n<link rel=\"canonical\" href=\"https:\/\/www.visit-ulcinj.com\/blog\/2011\/12\/06\/sadik-haxhicani-mjeshter-qe-gurit-ia-jep-shpirtindhe-ai-flet\/\" \/>\n<meta property=\"og:locale\" content=\"en_US\" \/>\n<meta property=\"og:type\" content=\"article\" \/>\n<meta property=\"og:title\" content=\"Sadik Haxhicani: Mjeshter q\u00eb gurit ia jep shpirtin,dhe ai flet - Lajme nga Ulqini\" \/>\n<meta property=\"og:description\" content=\"Sadik Haxhicani dhe i biri Tahiri.. nj\u00eb trashigmi brez pas brezit, nj\u00eb mjeshtri virtuoze, dhe guri i cili n\u00ebn tingujt e dalt\u00ebs dhe \u00e7eki\u00e7it fiton form\u00ebn\" \/>\n<meta property=\"og:url\" content=\"https:\/\/www.visit-ulcinj.com\/blog\/2011\/12\/06\/sadik-haxhicani-mjeshter-qe-gurit-ia-jep-shpirtindhe-ai-flet\/\" \/>\n<meta property=\"og:site_name\" content=\"Lajme nga Ulqini\" \/>\n<meta property=\"article:published_time\" content=\"2011-12-06T18:32:24+00:00\" \/>\n<meta property=\"og:image\" content=\"https:\/\/www.visit-ulcinj.com\/blog\/wp-content\/uploads\/2011\/12\/Sadik-Haxhicani_Ismet-Karamanaga_kalaja-e-ulqinit-150x150.jpg\" \/>\n<meta name=\"twitter:label1\" content=\"Written by\" \/>\n\t<meta name=\"twitter:data1\" content=\"ulqini\" \/>\n\t<meta name=\"twitter:label2\" content=\"Est. reading time\" \/>\n\t<meta name=\"twitter:data2\" content=\"3 minutes\" \/>\n<script type=\"application\/ld+json\" class=\"yoast-schema-graph\">{\"@context\":\"https:\/\/schema.org\",\"@graph\":[{\"@type\":\"WebSite\",\"@id\":\"https:\/\/www.visit-ulcinj.com\/blog\/#website\",\"url\":\"https:\/\/www.visit-ulcinj.com\/blog\/\",\"name\":\"Lajme nga Ulqini\",\"description\":\"Lajme,Vijesti,Ulqini,Ulqin,Crna Gora,Mali i Zi\",\"potentialAction\":[{\"@type\":\"SearchAction\",\"target\":{\"@type\":\"EntryPoint\",\"urlTemplate\":\"https:\/\/www.visit-ulcinj.com\/blog\/?s={search_term_string}\"},\"query-input\":\"required name=search_term_string\"}],\"inLanguage\":\"en-US\"},{\"@type\":\"ImageObject\",\"inLanguage\":\"en-US\",\"@id\":\"https:\/\/www.visit-ulcinj.com\/blog\/2011\/12\/06\/sadik-haxhicani-mjeshter-qe-gurit-ia-jep-shpirtindhe-ai-flet\/#primaryimage\",\"url\":\"https:\/\/www.visit-ulcinj.com\/blog\/wp-content\/uploads\/2011\/12\/Sadik-Haxhicani_Ismet-Karamanaga_kalaja-e-ulqinit.jpg\",\"contentUrl\":\"https:\/\/www.visit-ulcinj.com\/blog\/wp-content\/uploads\/2011\/12\/Sadik-Haxhicani_Ismet-Karamanaga_kalaja-e-ulqinit.jpg\",\"width\":\"960\",\"height\":\"720\"},{\"@type\":\"WebPage\",\"@id\":\"https:\/\/www.visit-ulcinj.com\/blog\/2011\/12\/06\/sadik-haxhicani-mjeshter-qe-gurit-ia-jep-shpirtindhe-ai-flet\/#webpage\",\"url\":\"https:\/\/www.visit-ulcinj.com\/blog\/2011\/12\/06\/sadik-haxhicani-mjeshter-qe-gurit-ia-jep-shpirtindhe-ai-flet\/\",\"name\":\"Sadik Haxhicani: Mjeshter q\u00eb gurit ia jep shpirtin,dhe ai flet - Lajme nga Ulqini\",\"isPartOf\":{\"@id\":\"https:\/\/www.visit-ulcinj.com\/blog\/#website\"},\"primaryImageOfPage\":{\"@id\":\"https:\/\/www.visit-ulcinj.com\/blog\/2011\/12\/06\/sadik-haxhicani-mjeshter-qe-gurit-ia-jep-shpirtindhe-ai-flet\/#primaryimage\"},\"datePublished\":\"2011-12-06T18:32:24+00:00\",\"dateModified\":\"2011-12-06T18:32:24+00:00\",\"author\":{\"@id\":\"https:\/\/www.visit-ulcinj.com\/blog\/#\/schema\/person\/dcab619c614d3038751c63bc2aadc06d\"},\"description\":\"Sadik Haxhicani dhe i biri Tahiri.. nj\u00eb trashigmi brez pas brezit, nj\u00eb mjeshtri virtuoze, dhe guri i cili n\u00ebn tingujt e dalt\u00ebs dhe \u00e7eki\u00e7it fiton form\u00ebn\",\"breadcrumb\":{\"@id\":\"https:\/\/www.visit-ulcinj.com\/blog\/2011\/12\/06\/sadik-haxhicani-mjeshter-qe-gurit-ia-jep-shpirtindhe-ai-flet\/#breadcrumb\"},\"inLanguage\":\"en-US\",\"potentialAction\":[{\"@type\":\"ReadAction\",\"target\":[\"https:\/\/www.visit-ulcinj.com\/blog\/2011\/12\/06\/sadik-haxhicani-mjeshter-qe-gurit-ia-jep-shpirtindhe-ai-flet\/\"]}]},{\"@type\":\"BreadcrumbList\",\"@id\":\"https:\/\/www.visit-ulcinj.com\/blog\/2011\/12\/06\/sadik-haxhicani-mjeshter-qe-gurit-ia-jep-shpirtindhe-ai-flet\/#breadcrumb\",\"itemListElement\":[{\"@type\":\"ListItem\",\"position\":1,\"name\":\"Sadik Haxhicani: Mjeshter q\u00eb gurit ia jep shpirtin,dhe ai flet\"}]},{\"@type\":\"Person\",\"@id\":\"https:\/\/www.visit-ulcinj.com\/blog\/#\/schema\/person\/dcab619c614d3038751c63bc2aadc06d\",\"name\":\"ulqini\",\"sameAs\":[\"http:\/\/www.visit-ulcinj.com\"],\"url\":\"https:\/\/www.visit-ulcinj.com\/blog\/author\/admin\/\"}]}<\/script>\n<!-- \/ Yoast SEO plugin. -->","yoast_head_json":{"title":"Sadik Haxhicani: Mjeshter q\u00eb gurit ia jep shpirtin,dhe ai flet - Lajme nga Ulqini","description":"Sadik Haxhicani dhe i biri Tahiri.. nj\u00eb trashigmi brez pas brezit, nj\u00eb mjeshtri virtuoze, dhe guri i cili n\u00ebn tingujt e dalt\u00ebs dhe \u00e7eki\u00e7it fiton form\u00ebn","robots":{"index":"index","follow":"follow","max-snippet":"max-snippet:-1","max-image-preview":"max-image-preview:large","max-video-preview":"max-video-preview:-1"},"canonical":"https:\/\/www.visit-ulcinj.com\/blog\/2011\/12\/06\/sadik-haxhicani-mjeshter-qe-gurit-ia-jep-shpirtindhe-ai-flet\/","og_locale":"en_US","og_type":"article","og_title":"Sadik Haxhicani: Mjeshter q\u00eb gurit ia jep shpirtin,dhe ai flet - Lajme nga Ulqini","og_description":"Sadik Haxhicani dhe i biri Tahiri.. nj\u00eb trashigmi brez pas brezit, nj\u00eb mjeshtri virtuoze, dhe guri i cili n\u00ebn tingujt e dalt\u00ebs dhe \u00e7eki\u00e7it fiton form\u00ebn","og_url":"https:\/\/www.visit-ulcinj.com\/blog\/2011\/12\/06\/sadik-haxhicani-mjeshter-qe-gurit-ia-jep-shpirtindhe-ai-flet\/","og_site_name":"Lajme nga Ulqini","article_published_time":"2011-12-06T18:32:24+00:00","og_image":[{"url":"https:\/\/www.visit-ulcinj.com\/blog\/wp-content\/uploads\/2011\/12\/Sadik-Haxhicani_Ismet-Karamanaga_kalaja-e-ulqinit-150x150.jpg"}],"twitter_misc":{"Written by":"ulqini","Est. reading time":"3 minutes"},"schema":{"@context":"https:\/\/schema.org","@graph":[{"@type":"WebSite","@id":"https:\/\/www.visit-ulcinj.com\/blog\/#website","url":"https:\/\/www.visit-ulcinj.com\/blog\/","name":"Lajme nga Ulqini","description":"Lajme,Vijesti,Ulqini,Ulqin,Crna Gora,Mali i Zi","potentialAction":[{"@type":"SearchAction","target":{"@type":"EntryPoint","urlTemplate":"https:\/\/www.visit-ulcinj.com\/blog\/?s={search_term_string}"},"query-input":"required name=search_term_string"}],"inLanguage":"en-US"},{"@type":"ImageObject","inLanguage":"en-US","@id":"https:\/\/www.visit-ulcinj.com\/blog\/2011\/12\/06\/sadik-haxhicani-mjeshter-qe-gurit-ia-jep-shpirtindhe-ai-flet\/#primaryimage","url":"https:\/\/www.visit-ulcinj.com\/blog\/wp-content\/uploads\/2011\/12\/Sadik-Haxhicani_Ismet-Karamanaga_kalaja-e-ulqinit.jpg","contentUrl":"https:\/\/www.visit-ulcinj.com\/blog\/wp-content\/uploads\/2011\/12\/Sadik-Haxhicani_Ismet-Karamanaga_kalaja-e-ulqinit.jpg","width":"960","height":"720"},{"@type":"WebPage","@id":"https:\/\/www.visit-ulcinj.com\/blog\/2011\/12\/06\/sadik-haxhicani-mjeshter-qe-gurit-ia-jep-shpirtindhe-ai-flet\/#webpage","url":"https:\/\/www.visit-ulcinj.com\/blog\/2011\/12\/06\/sadik-haxhicani-mjeshter-qe-gurit-ia-jep-shpirtindhe-ai-flet\/","name":"Sadik Haxhicani: Mjeshter q\u00eb gurit ia jep shpirtin,dhe ai flet - Lajme nga Ulqini","isPartOf":{"@id":"https:\/\/www.visit-ulcinj.com\/blog\/#website"},"primaryImageOfPage":{"@id":"https:\/\/www.visit-ulcinj.com\/blog\/2011\/12\/06\/sadik-haxhicani-mjeshter-qe-gurit-ia-jep-shpirtindhe-ai-flet\/#primaryimage"},"datePublished":"2011-12-06T18:32:24+00:00","dateModified":"2011-12-06T18:32:24+00:00","author":{"@id":"https:\/\/www.visit-ulcinj.com\/blog\/#\/schema\/person\/dcab619c614d3038751c63bc2aadc06d"},"description":"Sadik Haxhicani dhe i biri Tahiri.. nj\u00eb trashigmi brez pas brezit, nj\u00eb mjeshtri virtuoze, dhe guri i cili n\u00ebn tingujt e dalt\u00ebs dhe \u00e7eki\u00e7it fiton form\u00ebn","breadcrumb":{"@id":"https:\/\/www.visit-ulcinj.com\/blog\/2011\/12\/06\/sadik-haxhicani-mjeshter-qe-gurit-ia-jep-shpirtindhe-ai-flet\/#breadcrumb"},"inLanguage":"en-US","potentialAction":[{"@type":"ReadAction","target":["https:\/\/www.visit-ulcinj.com\/blog\/2011\/12\/06\/sadik-haxhicani-mjeshter-qe-gurit-ia-jep-shpirtindhe-ai-flet\/"]}]},{"@type":"BreadcrumbList","@id":"https:\/\/www.visit-ulcinj.com\/blog\/2011\/12\/06\/sadik-haxhicani-mjeshter-qe-gurit-ia-jep-shpirtindhe-ai-flet\/#breadcrumb","itemListElement":[{"@type":"ListItem","position":1,"name":"Sadik Haxhicani: Mjeshter q\u00eb gurit ia jep shpirtin,dhe ai flet"}]},{"@type":"Person","@id":"https:\/\/www.visit-ulcinj.com\/blog\/#\/schema\/person\/dcab619c614d3038751c63bc2aadc06d","name":"ulqini","sameAs":["http:\/\/www.visit-ulcinj.com"],"url":"https:\/\/www.visit-ulcinj.com\/blog\/author\/admin\/"}]}},"jetpack_featured_media_url":"","jetpack_sharing_enabled":true,"jetpack_shortlink":"https:\/\/wp.me\/pe6lTn-e4a","_links":{"self":[{"href":"https:\/\/www.visit-ulcinj.com\/blog\/wp-json\/wp\/v2\/posts\/54074"}],"collection":[{"href":"https:\/\/www.visit-ulcinj.com\/blog\/wp-json\/wp\/v2\/posts"}],"about":[{"href":"https:\/\/www.visit-ulcinj.com\/blog\/wp-json\/wp\/v2\/types\/post"}],"author":[{"embeddable":true,"href":"https:\/\/www.visit-ulcinj.com\/blog\/wp-json\/wp\/v2\/users\/1"}],"replies":[{"embeddable":true,"href":"https:\/\/www.visit-ulcinj.com\/blog\/wp-json\/wp\/v2\/comments?post=54074"}],"version-history":[{"count":1,"href":"https:\/\/www.visit-ulcinj.com\/blog\/wp-json\/wp\/v2\/posts\/54074\/revisions"}],"predecessor-version":[{"id":54088,"href":"https:\/\/www.visit-ulcinj.com\/blog\/wp-json\/wp\/v2\/posts\/54074\/revisions\/54088"}],"wp:attachment":[{"href":"https:\/\/www.visit-ulcinj.com\/blog\/wp-json\/wp\/v2\/media?parent=54074"}],"wp:term":[{"taxonomy":"category","embeddable":true,"href":"https:\/\/www.visit-ulcinj.com\/blog\/wp-json\/wp\/v2\/categories?post=54074"},{"taxonomy":"post_tag","embeddable":true,"href":"https:\/\/www.visit-ulcinj.com\/blog\/wp-json\/wp\/v2\/tags?post=54074"}],"curies":[{"name":"wp","href":"https:\/\/api.w.org\/{rel}","templated":true}]}}