{"id":54100,"date":"2011-12-07T16:28:44","date_gmt":"2011-12-07T15:28:44","guid":{"rendered":"http:\/\/www.visit-ulcinj.com\/blog\/?p=54100"},"modified":"2011-12-07T17:14:09","modified_gmt":"2011-12-07T16:14:09","slug":"kkulqini-i-pari-ne-renditjen-e-pergjithshme-ne-podgorice","status":"publish","type":"post","link":"https:\/\/www.visit-ulcinj.com\/blog\/2011\/12\/07\/kkulqini-i-pari-ne-renditjen-e-pergjithshme-ne-podgorice\/","title":{"rendered":"KK&#8221;Ulqini&#8221; i pari n\u00eb renditjen e p\u00ebrgjithshme n\u00eb Podgoric\u00eb"},"content":{"rendered":"<p><a href=\"http:\/\/www.visit-ulcinj.com\/blog\/wp-content\/uploads\/2011\/12\/KK-Ulqini_KK-Ulcinj_Kup-Oslobogjenja-Podgorice_2011.jpg\"><img loading=\"lazy\" class=\"alignleft size-full wp-image-54101\" title=\"KK Ulqini_KK Ulcinj_Kup Oslobogjenja Podgorice_2011\" src=\"http:\/\/www.visit-ulcinj.com\/blog\/wp-content\/uploads\/2011\/12\/KK-Ulqini_KK-Ulcinj_Kup-Oslobogjenja-Podgorice_2011.jpg\" alt=\"\" width=\"508\" height=\"380\" srcset=\"https:\/\/www.visit-ulcinj.com\/blog\/wp-content\/uploads\/2011\/12\/KK-Ulqini_KK-Ulcinj_Kup-Oslobogjenja-Podgorice_2011.jpg 960w, https:\/\/www.visit-ulcinj.com\/blog\/wp-content\/uploads\/2011\/12\/KK-Ulqini_KK-Ulcinj_Kup-Oslobogjenja-Podgorice_2011-300x225.jpg 300w\" sizes=\"(max-width: 508px) 100vw, 508px\" \/><\/a>M\u00eb 03 dhjetor 2011 u mbajt Kupa 32-t\u00eb e Karates\u00eb &#8220;Kup Oslobogjenja Podgorice&#8221;, ku mor\u00ebn pjes\u00eb 30 klube me mbi 700 garues, nga Bosna, Serbia, Kosova dhe klubet nga Mali i Zi.<\/p>\n<p>Klubi i karates\u00eb &#8220;Ulqini&#8221; u rendit n\u00eb vendin e par\u00eb n\u00eb renditjen e p\u00ebrgjithshme, n\u00eb vend t\u00eb dyt\u00eb u rendit \u00a0KK &#8220;Omlladinac&#8221; nga Podgorica, vendi i tret\u00eb i takoi KK &#8220;Bar&#8221; nga Tivari, vendi i kat\u00ebrt KK &#8220;Gorazhda&#8221; nga Bosna, nd\u00ebrsa vendi i pest\u00eb i takoi KK &#8220;Gorshtak&#8221; nga Kollashini.<br \/>\n<a href=\"http:\/\/www.visit-ulcinj.com\/blog\/wp-content\/uploads\/2011\/12\/KK-Ulqini_KK-Ulcinj_Kup-Oslobogjenja-Podgorice_2011.1.jpg\"><img loading=\"lazy\" class=\"alignleft size-full wp-image-54102\" title=\"KK Ulqini_KK Ulcinj_Kup Oslobogjenja Podgorice_2011.1\" src=\"http:\/\/www.visit-ulcinj.com\/blog\/wp-content\/uploads\/2011\/12\/KK-Ulqini_KK-Ulcinj_Kup-Oslobogjenja-Podgorice_2011.1.jpg\" alt=\"\" width=\"508\" height=\"330\" \/><\/a><\/p>\n<p>KK &#8220;Ulqini&#8221; n\u00eb k\u00ebt\u00eb turne mori pjes\u00eb me 63 garues, p\u00ebr shumic\u00ebn prej t\u00eb cil\u00ebve kjo ishte hera e par\u00eb q\u00eb mor\u00ebn pjes\u00eb n\u00eb nj\u00eb gar\u00eb dhe arriti t\u00eb fitoj\u00eb gjithsej 76 medalje n\u00eb disiplinat ekipore dhe individuale: 23 t\u00eb arta, 24 t\u00eb argjendta, 29 t\u00eb bronzta, si dhe kup\u00ebn e vendit t\u00eb par\u00eb n\u00eb renditjen e p\u00ebrgjithshme.<\/p>\n<p>-\u00cbsht\u00eb ky nj\u00eb sukses i pritur &#8211; thot\u00eb ish-kryetrajneri i KK \u201cUlqini\u201d Ruzhdi Rama pasi q\u00eb para pak kohe n\u00eb KK \u201cUlqini\u201d \u00ebsht\u00eb zgjedhur kryetrajneri i ri i klubit Kujtim Sukaliqi.<\/p>\n<p>-Jam krenar dhe shum\u00eb i g\u00ebzuar q\u00eb pas nj\u00eb periudhe shum\u00eb t\u00eb gjat\u00eb dhe nganj\u00ebher\u00eb edhe mjaft t\u00eb v\u00ebshtir\u00eb n\u00eb krye t\u00eb klubit si kryetrajner erdhi kjo dit\u00eb q\u00eb t\u00eb z\u00ebvend\u00ebsohem nga nx\u00ebn\u00ebsi im. Me k\u00ebt\u00eb ia kam arritur q\u00ebllimit, sepse n\u00eb k\u00ebt\u00eb moment klubi \u00ebsht\u00eb shum\u00eb i fort\u00eb si me garues, ashtu edhe me trajner\u00eb profesionist\u00eb. Uroj kryetrajnerin e ri t\u00eb klubit q\u00eb rezultatet t\u00eb mos i mungojn\u00eb, s\u00eb bashku me trajner\u00ebt e tjer\u00eb t\u00eb klubit Naim Duraku, Anell Beganoviq, Blerim Sukaliq, Dardan Cek\u00ebn dhe udh\u00ebheq\u00ebsin e k\u00ebtij ekipi profesional t\u00eb trajner\u00ebve Gjorgje Daboviqin.<br \/>\n<a href=\"http:\/\/www.visit-ulcinj.com\/blog\/wp-content\/uploads\/2011\/12\/KK-Ulqini_KK-Ulcinj_Kup-Oslobogjenja-Podgorice_2011.2.jpg\"><img loading=\"lazy\" class=\"alignleft size-full wp-image-54103\" title=\"KK Ulqini_KK Ulcinj_Kup Oslobogjenja Podgorice_2011.2\" src=\"http:\/\/www.visit-ulcinj.com\/blog\/wp-content\/uploads\/2011\/12\/KK-Ulqini_KK-Ulcinj_Kup-Oslobogjenja-Podgorice_2011.2.jpg\" alt=\"\" width=\"508\" height=\"330\" \/><\/a><\/p>\n<p>N\u00eb k\u00ebt\u00eb gar\u00eb me nga dy medalje t\u00eb arta u kuror\u00ebzuan\u00a0 Gabriella Junkoviq, Nermin Suma, Admir Luka, dhe Antigona Rama. Me nga nj\u00eb t\u00eb art\u00eb u kuror\u00ebzuan Ridvan Xhurreta, Gabriell Bytyqi, Pjeter Hota, Diell\u00ebza Rama, Ensar Marshiq, Egzona Nika, Hekuran Sojeva, Izabella Ivanoviq, Radica Dashiq, Jeton Luka, Edin Kraja, Lulzim Suma, Behlul Peri, Venesa Nuhi dhe Angjella Marnikoviq.<br \/>\n<a href=\"http:\/\/www.visit-ulcinj.com\/blog\/wp-content\/uploads\/2011\/12\/KK-Ulqini_KK-Ulcinj_Kup-Oslobogjenja-Podgorice_2011.3.jpg\"><img loading=\"lazy\" class=\"alignleft size-full wp-image-54104\" title=\"KK Ulqini_KK Ulcinj_Kup Oslobogjenja Podgorice_2011.3\" src=\"http:\/\/www.visit-ulcinj.com\/blog\/wp-content\/uploads\/2011\/12\/KK-Ulqini_KK-Ulcinj_Kup-Oslobogjenja-Podgorice_2011.3.jpg\" alt=\"\" width=\"508\" height=\"330\" \/><\/a><\/p>\n<p>Me medalje t\u00eb tjera u kuror\u00ebzuan Aldin Buliq, Stefan Radoviq, Liridona Ceka, Ermin Gjeloshi, Fiona Kraja, Emro Bajrami, Riad Tula, Argjend Rizaja, Alban Suma, Azmir Veliq, Elvir Islami, Adnan Gjeloshi, Lluka Llazoviq, Anis Pali, Martin Simonoviq, Albert Rudoviq, Kristian Junkoviq, Bylbyl Rexhepi, Christopher Rudoviq, Eliza Salihu, Blerdi Kapllani, Edmond Demiri, Egzon Kraja, Adnan Kuqi, Bledar Seferi, Idriz Sadikoviq, Hysen Rama, Ibrahim Zogaj, Edon Ceka, Marko Daboviq, Arben Elezi, Flaka Avdiu, Katarina Marnikoviq, Nderim Cuca, Valentino Sadikoviq, Erion Nika, Enis Rexha, Lavdim Tula, Liridon Elezi, Sretena Gjuriq, Ena Kova\u00e7eviq dhe Hantije Ibro\u00e7i.<\/p>\n<p>\n\t\t<style type=\"text\/css\">\n\t\t\t#gallery-1 {\n\t\t\t\tmargin: auto;\n\t\t\t}\n\t\t\t#gallery-1 .gallery-item {\n\t\t\t\tfloat: left;\n\t\t\t\tmargin-top: 10px;\n\t\t\t\ttext-align: center;\n\t\t\t\twidth: 33%;\n\t\t\t}\n\t\t\t#gallery-1 img {\n\t\t\t\tborder: 2px solid #cfcfcf;\n\t\t\t}\n\t\t\t#gallery-1 .gallery-caption {\n\t\t\t\tmargin-left: 0;\n\t\t\t}\n\t\t\t\/* see gallery_shortcode() in wp-includes\/media.php *\/\n\t\t<\/style>\n\t\t<div id='gallery-1' class='gallery galleryid-54100 gallery-columns-3 gallery-size-thumbnail'><dl class='gallery-item'>\n\t\t\t<dt class='gallery-icon landscape'>\n\t\t\t\t<a href='https:\/\/www.visit-ulcinj.com\/blog\/wp-content\/uploads\/2011\/12\/KK-Ulqini_KK-Ulcinj_Kup-Oslobogjenja-Podgorice_2011.jpg'><img width=\"150\" height=\"150\" src=\"https:\/\/www.visit-ulcinj.com\/blog\/wp-content\/uploads\/2011\/12\/KK-Ulqini_KK-Ulcinj_Kup-Oslobogjenja-Podgorice_2011-150x150.jpg\" class=\"attachment-thumbnail size-thumbnail\" alt=\"\" loading=\"lazy\" \/><\/a>\n\t\t\t<\/dt><\/dl><dl class='gallery-item'>\n\t\t\t<dt class='gallery-icon landscape'>\n\t\t\t\t<a href='https:\/\/www.visit-ulcinj.com\/blog\/wp-content\/uploads\/2011\/12\/KK-Ulqini_KK-Ulcinj_Kup-Oslobogjenja-Podgorice_2011.1.jpg'><img width=\"150\" height=\"150\" src=\"https:\/\/www.visit-ulcinj.com\/blog\/wp-content\/uploads\/2011\/12\/KK-Ulqini_KK-Ulcinj_Kup-Oslobogjenja-Podgorice_2011.1-150x150.jpg\" class=\"attachment-thumbnail size-thumbnail\" alt=\"\" loading=\"lazy\" \/><\/a>\n\t\t\t<\/dt><\/dl><dl class='gallery-item'>\n\t\t\t<dt class='gallery-icon landscape'>\n\t\t\t\t<a href='https:\/\/www.visit-ulcinj.com\/blog\/wp-content\/uploads\/2011\/12\/KK-Ulqini_KK-Ulcinj_Kup-Oslobogjenja-Podgorice_2011.2.jpg'><img width=\"150\" height=\"150\" src=\"https:\/\/www.visit-ulcinj.com\/blog\/wp-content\/uploads\/2011\/12\/KK-Ulqini_KK-Ulcinj_Kup-Oslobogjenja-Podgorice_2011.2-150x150.jpg\" class=\"attachment-thumbnail size-thumbnail\" alt=\"\" loading=\"lazy\" \/><\/a>\n\t\t\t<\/dt><\/dl><br style=\"clear: both\" \/><dl class='gallery-item'>\n\t\t\t<dt class='gallery-icon landscape'>\n\t\t\t\t<a href='https:\/\/www.visit-ulcinj.com\/blog\/wp-content\/uploads\/2011\/12\/KK-Ulqini_KK-Ulcinj_Kup-Oslobogjenja-Podgorice_2011.3.jpg'><img width=\"150\" height=\"150\" src=\"https:\/\/www.visit-ulcinj.com\/blog\/wp-content\/uploads\/2011\/12\/KK-Ulqini_KK-Ulcinj_Kup-Oslobogjenja-Podgorice_2011.3-150x150.jpg\" class=\"attachment-thumbnail size-thumbnail\" alt=\"\" loading=\"lazy\" \/><\/a>\n\t\t\t<\/dt><\/dl><dl class='gallery-item'>\n\t\t\t<dt class='gallery-icon landscape'>\n\t\t\t\t<a href='https:\/\/www.visit-ulcinj.com\/blog\/wp-content\/uploads\/2011\/12\/KK-Ulqini_KK-Ulcinj_Kup-Oslobogjenja-Podgorice_2011.4.jpg'><img width=\"150\" height=\"150\" src=\"https:\/\/www.visit-ulcinj.com\/blog\/wp-content\/uploads\/2011\/12\/KK-Ulqini_KK-Ulcinj_Kup-Oslobogjenja-Podgorice_2011.4-150x150.jpg\" class=\"attachment-thumbnail size-thumbnail\" alt=\"\" loading=\"lazy\" \/><\/a>\n\t\t\t<\/dt><\/dl><dl class='gallery-item'>\n\t\t\t<dt class='gallery-icon landscape'>\n\t\t\t\t<a href='https:\/\/www.visit-ulcinj.com\/blog\/wp-content\/uploads\/2011\/12\/KK-Ulqini_KK-Ulcinj_Kup-Oslobogjenja-Podgorice_2011.5.jpg'><img width=\"150\" height=\"150\" src=\"https:\/\/www.visit-ulcinj.com\/blog\/wp-content\/uploads\/2011\/12\/KK-Ulqini_KK-Ulcinj_Kup-Oslobogjenja-Podgorice_2011.5-150x150.jpg\" class=\"attachment-thumbnail size-thumbnail\" alt=\"\" loading=\"lazy\" \/><\/a>\n\t\t\t<\/dt><\/dl><br style=\"clear: both\" \/><dl class='gallery-item'>\n\t\t\t<dt class='gallery-icon landscape'>\n\t\t\t\t<a href='https:\/\/www.visit-ulcinj.com\/blog\/wp-content\/uploads\/2011\/12\/KK-Ulqini_KK-Ulcinj_Kup-Oslobogjenja-Podgorice_2011.6.jpg'><img width=\"150\" height=\"150\" src=\"https:\/\/www.visit-ulcinj.com\/blog\/wp-content\/uploads\/2011\/12\/KK-Ulqini_KK-Ulcinj_Kup-Oslobogjenja-Podgorice_2011.6-150x150.jpg\" class=\"attachment-thumbnail size-thumbnail\" alt=\"\" loading=\"lazy\" \/><\/a>\n\t\t\t<\/dt><\/dl><dl class='gallery-item'>\n\t\t\t<dt class='gallery-icon landscape'>\n\t\t\t\t<a href='https:\/\/www.visit-ulcinj.com\/blog\/wp-content\/uploads\/2011\/12\/KK-Ulqini_KK-Ulcinj_Kup-Oslobogjenja-Podgorice_2011.7.jpg'><img width=\"150\" height=\"150\" src=\"https:\/\/www.visit-ulcinj.com\/blog\/wp-content\/uploads\/2011\/12\/KK-Ulqini_KK-Ulcinj_Kup-Oslobogjenja-Podgorice_2011.7-150x150.jpg\" class=\"attachment-thumbnail size-thumbnail\" alt=\"\" loading=\"lazy\" \/><\/a>\n\t\t\t<\/dt><\/dl><dl class='gallery-item'>\n\t\t\t<dt class='gallery-icon landscape'>\n\t\t\t\t<a href='https:\/\/www.visit-ulcinj.com\/blog\/wp-content\/uploads\/2011\/12\/KK-Ulqini_KK-Ulcinj_Kup-Oslobogjenja-Podgorice_2011.8.jpg'><img width=\"150\" height=\"150\" src=\"https:\/\/www.visit-ulcinj.com\/blog\/wp-content\/uploads\/2011\/12\/KK-Ulqini_KK-Ulcinj_Kup-Oslobogjenja-Podgorice_2011.8-150x150.jpg\" class=\"attachment-thumbnail size-thumbnail\" alt=\"\" loading=\"lazy\" \/><\/a>\n\t\t\t<\/dt><\/dl><br style=\"clear: both\" \/><dl class='gallery-item'>\n\t\t\t<dt class='gallery-icon landscape'>\n\t\t\t\t<a href='https:\/\/www.visit-ulcinj.com\/blog\/wp-content\/uploads\/2011\/12\/KK-Ulqini_KK-Ulcinj_Kup-Oslobogjenja-Podgorice_2011.9.jpg'><img width=\"150\" height=\"150\" src=\"https:\/\/www.visit-ulcinj.com\/blog\/wp-content\/uploads\/2011\/12\/KK-Ulqini_KK-Ulcinj_Kup-Oslobogjenja-Podgorice_2011.9-150x150.jpg\" class=\"attachment-thumbnail size-thumbnail\" alt=\"\" loading=\"lazy\" \/><\/a>\n\t\t\t<\/dt><\/dl><dl class='gallery-item'>\n\t\t\t<dt class='gallery-icon landscape'>\n\t\t\t\t<a href='https:\/\/www.visit-ulcinj.com\/blog\/wp-content\/uploads\/2011\/12\/KK-Ulqini_KK-Ulcinj_Kup-Oslobogjenja-Podgorice_2011.10.jpg'><img width=\"150\" height=\"150\" src=\"https:\/\/www.visit-ulcinj.com\/blog\/wp-content\/uploads\/2011\/12\/KK-Ulqini_KK-Ulcinj_Kup-Oslobogjenja-Podgorice_2011.10-150x150.jpg\" class=\"attachment-thumbnail size-thumbnail\" alt=\"\" loading=\"lazy\" \/><\/a>\n\t\t\t<\/dt><\/dl><dl class='gallery-item'>\n\t\t\t<dt class='gallery-icon landscape'>\n\t\t\t\t<a href='https:\/\/www.visit-ulcinj.com\/blog\/wp-content\/uploads\/2011\/12\/KK-Ulqini_KK-Ulcinj_Kup-Oslobogjenja-Podgorice_2011.11.jpg'><img width=\"150\" height=\"150\" src=\"https:\/\/www.visit-ulcinj.com\/blog\/wp-content\/uploads\/2011\/12\/KK-Ulqini_KK-Ulcinj_Kup-Oslobogjenja-Podgorice_2011.11-150x150.jpg\" class=\"attachment-thumbnail size-thumbnail\" alt=\"\" loading=\"lazy\" \/><\/a>\n\t\t\t<\/dt><\/dl><br style=\"clear: both\" \/><dl class='gallery-item'>\n\t\t\t<dt class='gallery-icon landscape'>\n\t\t\t\t<a href='https:\/\/www.visit-ulcinj.com\/blog\/wp-content\/uploads\/2011\/12\/KK-Ulqini_KK-Ulcinj_Kup-Oslobogjenja-Podgorice_2011.12.jpg'><img width=\"150\" height=\"150\" src=\"https:\/\/www.visit-ulcinj.com\/blog\/wp-content\/uploads\/2011\/12\/KK-Ulqini_KK-Ulcinj_Kup-Oslobogjenja-Podgorice_2011.12-150x150.jpg\" class=\"attachment-thumbnail size-thumbnail\" alt=\"\" loading=\"lazy\" \/><\/a>\n\t\t\t<\/dt><\/dl><dl class='gallery-item'>\n\t\t\t<dt class='gallery-icon landscape'>\n\t\t\t\t<a href='https:\/\/www.visit-ulcinj.com\/blog\/wp-content\/uploads\/2011\/12\/KK-Ulqini_KK-Ulcinj_Kup-Oslobogjenja-Podgorice_2011.13.jpg'><img width=\"150\" height=\"150\" src=\"https:\/\/www.visit-ulcinj.com\/blog\/wp-content\/uploads\/2011\/12\/KK-Ulqini_KK-Ulcinj_Kup-Oslobogjenja-Podgorice_2011.13-150x150.jpg\" class=\"attachment-thumbnail size-thumbnail\" alt=\"\" loading=\"lazy\" \/><\/a>\n\t\t\t<\/dt><\/dl><dl class='gallery-item'>\n\t\t\t<dt class='gallery-icon landscape'>\n\t\t\t\t<a href='https:\/\/www.visit-ulcinj.com\/blog\/wp-content\/uploads\/2011\/12\/KK-Ulqini_KK-Ulcinj_Kup-Oslobogjenja-Podgorice_2011.14.jpg'><img width=\"150\" height=\"150\" src=\"https:\/\/www.visit-ulcinj.com\/blog\/wp-content\/uploads\/2011\/12\/KK-Ulqini_KK-Ulcinj_Kup-Oslobogjenja-Podgorice_2011.14-150x150.jpg\" class=\"attachment-thumbnail size-thumbnail\" alt=\"\" loading=\"lazy\" \/><\/a>\n\t\t\t<\/dt><\/dl><br style=\"clear: both\" \/>\n\t\t<\/div>\n<br \/>\n<!--YouTube Error: bad URL entered--><\/p>\n","protected":false},"excerpt":{"rendered":"<p>M\u00eb 03 dhjetor 2011 u mbajt Kupa 32-t\u00eb e Karates\u00eb &#8220;Kup Oslobogjenja Podgorice&#8221;, ku mor\u00ebn pjes\u00eb 30 klube me mbi 700 garues, nga Bosna, Serbia, Kosova dhe klubet nga Mali i Zi. Klubi i karates\u00eb &#8220;Ulqini&#8221; u rendit n\u00eb vendin e par\u00eb n\u00eb renditjen e p\u00ebrgjithshme, n\u00eb vend t\u00eb dyt\u00eb u rendit \u00a0KK &#8220;Omlladinac&#8221; nga [&hellip;]<\/p>\n","protected":false},"author":1,"featured_media":0,"comment_status":"open","ping_status":"closed","sticky":false,"template":"","format":"standard","meta":{"spay_email":"","jetpack_publicize_message":"","jetpack_is_tweetstorm":false,"jetpack_publicize_feature_enabled":true},"categories":[3],"tags":[5848,19554,5834,19551,19558,19547,9553,5829,19556,2065,19564,19550,19552,19573,5836,16264,7326,19559,19560,5821,5831,2920,19561,2927,10589,19571,10585,19553,12884,5864,5838,2917,19567,19549,12883,19565,19569,8984,9555,19491,19572,19563,5840,19562,8982,5845,5024,5841,14707,19574,12882,16004,10594,9552,19548,19555,2934,12881,19557,5846,2915,19570,10576,12885,19568,9548,16262,19566,10934],"jetpack_publicize_connections":[],"yoast_head":"<!-- This site is optimized with the Yoast SEO plugin v19.1 - https:\/\/yoast.com\/wordpress\/plugins\/seo\/ -->\n<title>KK&quot;Ulqini&quot; i pari n\u00eb renditjen e p\u00ebrgjithshme n\u00eb Podgoric\u00eb - Lajme nga Ulqini<\/title>\n<meta name=\"description\" content=\"M\u00eb 03 dhjetor 2011 u mbajt Kupa 32-t\u00eb e Karates\u00eb &quot;Kup Oslobogjenja Podgorice&quot;, ku mor\u00ebn pjes\u00eb 30 klube me mbi 700 garues, nga Bosna, Serbia, Kosova dhe\" \/>\n<meta name=\"robots\" content=\"index, follow, max-snippet:-1, max-image-preview:large, max-video-preview:-1\" \/>\n<link rel=\"canonical\" href=\"https:\/\/www.visit-ulcinj.com\/blog\/2011\/12\/07\/kkulqini-i-pari-ne-renditjen-e-pergjithshme-ne-podgorice\/\" \/>\n<meta property=\"og:locale\" content=\"en_US\" \/>\n<meta property=\"og:type\" content=\"article\" \/>\n<meta property=\"og:title\" content=\"KK&quot;Ulqini&quot; i pari n\u00eb renditjen e p\u00ebrgjithshme n\u00eb Podgoric\u00eb - Lajme nga Ulqini\" \/>\n<meta property=\"og:description\" content=\"M\u00eb 03 dhjetor 2011 u mbajt Kupa 32-t\u00eb e Karates\u00eb &quot;Kup Oslobogjenja Podgorice&quot;, ku mor\u00ebn pjes\u00eb 30 klube me mbi 700 garues, nga Bosna, Serbia, Kosova dhe\" \/>\n<meta property=\"og:url\" content=\"https:\/\/www.visit-ulcinj.com\/blog\/2011\/12\/07\/kkulqini-i-pari-ne-renditjen-e-pergjithshme-ne-podgorice\/\" \/>\n<meta property=\"og:site_name\" content=\"Lajme nga Ulqini\" \/>\n<meta property=\"article:published_time\" content=\"2011-12-07T15:28:44+00:00\" \/>\n<meta property=\"article:modified_time\" content=\"2011-12-07T16:14:09+00:00\" \/>\n<meta property=\"og:image\" content=\"https:\/\/www.visit-ulcinj.com\/blog\/wp-content\/uploads\/2011\/12\/KK-Ulqini_KK-Ulcinj_Kup-Oslobogjenja-Podgorice_2011-150x150.jpg\" \/>\n<meta name=\"twitter:label1\" content=\"Written by\" \/>\n\t<meta name=\"twitter:data1\" content=\"ulqini\" \/>\n\t<meta name=\"twitter:label2\" content=\"Est. reading time\" \/>\n\t<meta name=\"twitter:data2\" content=\"2 minutes\" \/>\n<script type=\"application\/ld+json\" class=\"yoast-schema-graph\">{\"@context\":\"https:\/\/schema.org\",\"@graph\":[{\"@type\":\"WebSite\",\"@id\":\"https:\/\/www.visit-ulcinj.com\/blog\/#website\",\"url\":\"https:\/\/www.visit-ulcinj.com\/blog\/\",\"name\":\"Lajme nga Ulqini\",\"description\":\"Lajme,Vijesti,Ulqini,Ulqin,Crna Gora,Mali i Zi\",\"potentialAction\":[{\"@type\":\"SearchAction\",\"target\":{\"@type\":\"EntryPoint\",\"urlTemplate\":\"https:\/\/www.visit-ulcinj.com\/blog\/?s={search_term_string}\"},\"query-input\":\"required name=search_term_string\"}],\"inLanguage\":\"en-US\"},{\"@type\":\"ImageObject\",\"inLanguage\":\"en-US\",\"@id\":\"https:\/\/www.visit-ulcinj.com\/blog\/2011\/12\/07\/kkulqini-i-pari-ne-renditjen-e-pergjithshme-ne-podgorice\/#primaryimage\",\"url\":\"https:\/\/www.visit-ulcinj.com\/blog\/wp-content\/uploads\/2011\/12\/KK-Ulqini_KK-Ulcinj_Kup-Oslobogjenja-Podgorice_2011.jpg\",\"contentUrl\":\"https:\/\/www.visit-ulcinj.com\/blog\/wp-content\/uploads\/2011\/12\/KK-Ulqini_KK-Ulcinj_Kup-Oslobogjenja-Podgorice_2011.jpg\",\"width\":\"960\",\"height\":\"720\"},{\"@type\":\"WebPage\",\"@id\":\"https:\/\/www.visit-ulcinj.com\/blog\/2011\/12\/07\/kkulqini-i-pari-ne-renditjen-e-pergjithshme-ne-podgorice\/#webpage\",\"url\":\"https:\/\/www.visit-ulcinj.com\/blog\/2011\/12\/07\/kkulqini-i-pari-ne-renditjen-e-pergjithshme-ne-podgorice\/\",\"name\":\"KK\\\"Ulqini\\\" i pari n\u00eb renditjen e p\u00ebrgjithshme n\u00eb Podgoric\u00eb - Lajme nga Ulqini\",\"isPartOf\":{\"@id\":\"https:\/\/www.visit-ulcinj.com\/blog\/#website\"},\"primaryImageOfPage\":{\"@id\":\"https:\/\/www.visit-ulcinj.com\/blog\/2011\/12\/07\/kkulqini-i-pari-ne-renditjen-e-pergjithshme-ne-podgorice\/#primaryimage\"},\"datePublished\":\"2011-12-07T15:28:44+00:00\",\"dateModified\":\"2011-12-07T16:14:09+00:00\",\"author\":{\"@id\":\"https:\/\/www.visit-ulcinj.com\/blog\/#\/schema\/person\/dcab619c614d3038751c63bc2aadc06d\"},\"description\":\"M\u00eb 03 dhjetor 2011 u mbajt Kupa 32-t\u00eb e Karates\u00eb \\\"Kup Oslobogjenja Podgorice\\\", ku mor\u00ebn pjes\u00eb 30 klube me mbi 700 garues, nga Bosna, Serbia, Kosova dhe\",\"breadcrumb\":{\"@id\":\"https:\/\/www.visit-ulcinj.com\/blog\/2011\/12\/07\/kkulqini-i-pari-ne-renditjen-e-pergjithshme-ne-podgorice\/#breadcrumb\"},\"inLanguage\":\"en-US\",\"potentialAction\":[{\"@type\":\"ReadAction\",\"target\":[\"https:\/\/www.visit-ulcinj.com\/blog\/2011\/12\/07\/kkulqini-i-pari-ne-renditjen-e-pergjithshme-ne-podgorice\/\"]}]},{\"@type\":\"BreadcrumbList\",\"@id\":\"https:\/\/www.visit-ulcinj.com\/blog\/2011\/12\/07\/kkulqini-i-pari-ne-renditjen-e-pergjithshme-ne-podgorice\/#breadcrumb\",\"itemListElement\":[{\"@type\":\"ListItem\",\"position\":1,\"name\":\"KK&#8221;Ulqini&#8221; i pari n\u00eb renditjen e p\u00ebrgjithshme n\u00eb Podgoric\u00eb\"}]},{\"@type\":\"Person\",\"@id\":\"https:\/\/www.visit-ulcinj.com\/blog\/#\/schema\/person\/dcab619c614d3038751c63bc2aadc06d\",\"name\":\"ulqini\",\"sameAs\":[\"http:\/\/www.visit-ulcinj.com\"],\"url\":\"https:\/\/www.visit-ulcinj.com\/blog\/author\/admin\/\"}]}<\/script>\n<!-- \/ Yoast SEO plugin. -->","yoast_head_json":{"title":"KK\"Ulqini\" i pari n\u00eb renditjen e p\u00ebrgjithshme n\u00eb Podgoric\u00eb - Lajme nga Ulqini","description":"M\u00eb 03 dhjetor 2011 u mbajt Kupa 32-t\u00eb e Karates\u00eb \"Kup Oslobogjenja Podgorice\", ku mor\u00ebn pjes\u00eb 30 klube me mbi 700 garues, nga Bosna, Serbia, Kosova dhe","robots":{"index":"index","follow":"follow","max-snippet":"max-snippet:-1","max-image-preview":"max-image-preview:large","max-video-preview":"max-video-preview:-1"},"canonical":"https:\/\/www.visit-ulcinj.com\/blog\/2011\/12\/07\/kkulqini-i-pari-ne-renditjen-e-pergjithshme-ne-podgorice\/","og_locale":"en_US","og_type":"article","og_title":"KK\"Ulqini\" i pari n\u00eb renditjen e p\u00ebrgjithshme n\u00eb Podgoric\u00eb - Lajme nga Ulqini","og_description":"M\u00eb 03 dhjetor 2011 u mbajt Kupa 32-t\u00eb e Karates\u00eb \"Kup Oslobogjenja Podgorice\", ku mor\u00ebn pjes\u00eb 30 klube me mbi 700 garues, nga Bosna, Serbia, Kosova dhe","og_url":"https:\/\/www.visit-ulcinj.com\/blog\/2011\/12\/07\/kkulqini-i-pari-ne-renditjen-e-pergjithshme-ne-podgorice\/","og_site_name":"Lajme nga Ulqini","article_published_time":"2011-12-07T15:28:44+00:00","article_modified_time":"2011-12-07T16:14:09+00:00","og_image":[{"url":"https:\/\/www.visit-ulcinj.com\/blog\/wp-content\/uploads\/2011\/12\/KK-Ulqini_KK-Ulcinj_Kup-Oslobogjenja-Podgorice_2011-150x150.jpg"}],"twitter_misc":{"Written by":"ulqini","Est. reading time":"2 minutes"},"schema":{"@context":"https:\/\/schema.org","@graph":[{"@type":"WebSite","@id":"https:\/\/www.visit-ulcinj.com\/blog\/#website","url":"https:\/\/www.visit-ulcinj.com\/blog\/","name":"Lajme nga Ulqini","description":"Lajme,Vijesti,Ulqini,Ulqin,Crna Gora,Mali i Zi","potentialAction":[{"@type":"SearchAction","target":{"@type":"EntryPoint","urlTemplate":"https:\/\/www.visit-ulcinj.com\/blog\/?s={search_term_string}"},"query-input":"required name=search_term_string"}],"inLanguage":"en-US"},{"@type":"ImageObject","inLanguage":"en-US","@id":"https:\/\/www.visit-ulcinj.com\/blog\/2011\/12\/07\/kkulqini-i-pari-ne-renditjen-e-pergjithshme-ne-podgorice\/#primaryimage","url":"https:\/\/www.visit-ulcinj.com\/blog\/wp-content\/uploads\/2011\/12\/KK-Ulqini_KK-Ulcinj_Kup-Oslobogjenja-Podgorice_2011.jpg","contentUrl":"https:\/\/www.visit-ulcinj.com\/blog\/wp-content\/uploads\/2011\/12\/KK-Ulqini_KK-Ulcinj_Kup-Oslobogjenja-Podgorice_2011.jpg","width":"960","height":"720"},{"@type":"WebPage","@id":"https:\/\/www.visit-ulcinj.com\/blog\/2011\/12\/07\/kkulqini-i-pari-ne-renditjen-e-pergjithshme-ne-podgorice\/#webpage","url":"https:\/\/www.visit-ulcinj.com\/blog\/2011\/12\/07\/kkulqini-i-pari-ne-renditjen-e-pergjithshme-ne-podgorice\/","name":"KK\"Ulqini\" i pari n\u00eb renditjen e p\u00ebrgjithshme n\u00eb Podgoric\u00eb - Lajme nga Ulqini","isPartOf":{"@id":"https:\/\/www.visit-ulcinj.com\/blog\/#website"},"primaryImageOfPage":{"@id":"https:\/\/www.visit-ulcinj.com\/blog\/2011\/12\/07\/kkulqini-i-pari-ne-renditjen-e-pergjithshme-ne-podgorice\/#primaryimage"},"datePublished":"2011-12-07T15:28:44+00:00","dateModified":"2011-12-07T16:14:09+00:00","author":{"@id":"https:\/\/www.visit-ulcinj.com\/blog\/#\/schema\/person\/dcab619c614d3038751c63bc2aadc06d"},"description":"M\u00eb 03 dhjetor 2011 u mbajt Kupa 32-t\u00eb e Karates\u00eb \"Kup Oslobogjenja Podgorice\", ku mor\u00ebn pjes\u00eb 30 klube me mbi 700 garues, nga Bosna, Serbia, Kosova dhe","breadcrumb":{"@id":"https:\/\/www.visit-ulcinj.com\/blog\/2011\/12\/07\/kkulqini-i-pari-ne-renditjen-e-pergjithshme-ne-podgorice\/#breadcrumb"},"inLanguage":"en-US","potentialAction":[{"@type":"ReadAction","target":["https:\/\/www.visit-ulcinj.com\/blog\/2011\/12\/07\/kkulqini-i-pari-ne-renditjen-e-pergjithshme-ne-podgorice\/"]}]},{"@type":"BreadcrumbList","@id":"https:\/\/www.visit-ulcinj.com\/blog\/2011\/12\/07\/kkulqini-i-pari-ne-renditjen-e-pergjithshme-ne-podgorice\/#breadcrumb","itemListElement":[{"@type":"ListItem","position":1,"name":"KK&#8221;Ulqini&#8221; i pari n\u00eb renditjen e p\u00ebrgjithshme n\u00eb Podgoric\u00eb"}]},{"@type":"Person","@id":"https:\/\/www.visit-ulcinj.com\/blog\/#\/schema\/person\/dcab619c614d3038751c63bc2aadc06d","name":"ulqini","sameAs":["http:\/\/www.visit-ulcinj.com"],"url":"https:\/\/www.visit-ulcinj.com\/blog\/author\/admin\/"}]}},"jetpack_featured_media_url":"","jetpack_sharing_enabled":true,"jetpack_shortlink":"https:\/\/wp.me\/pe6lTn-e4A","_links":{"self":[{"href":"https:\/\/www.visit-ulcinj.com\/blog\/wp-json\/wp\/v2\/posts\/54100"}],"collection":[{"href":"https:\/\/www.visit-ulcinj.com\/blog\/wp-json\/wp\/v2\/posts"}],"about":[{"href":"https:\/\/www.visit-ulcinj.com\/blog\/wp-json\/wp\/v2\/types\/post"}],"author":[{"embeddable":true,"href":"https:\/\/www.visit-ulcinj.com\/blog\/wp-json\/wp\/v2\/users\/1"}],"replies":[{"embeddable":true,"href":"https:\/\/www.visit-ulcinj.com\/blog\/wp-json\/wp\/v2\/comments?post=54100"}],"version-history":[{"count":6,"href":"https:\/\/www.visit-ulcinj.com\/blog\/wp-json\/wp\/v2\/posts\/54100\/revisions"}],"predecessor-version":[{"id":54117,"href":"https:\/\/www.visit-ulcinj.com\/blog\/wp-json\/wp\/v2\/posts\/54100\/revisions\/54117"}],"wp:attachment":[{"href":"https:\/\/www.visit-ulcinj.com\/blog\/wp-json\/wp\/v2\/media?parent=54100"}],"wp:term":[{"taxonomy":"category","embeddable":true,"href":"https:\/\/www.visit-ulcinj.com\/blog\/wp-json\/wp\/v2\/categories?post=54100"},{"taxonomy":"post_tag","embeddable":true,"href":"https:\/\/www.visit-ulcinj.com\/blog\/wp-json\/wp\/v2\/tags?post=54100"}],"curies":[{"name":"wp","href":"https:\/\/api.w.org\/{rel}","templated":true}]}}