{"id":54120,"date":"2011-12-07T17:08:17","date_gmt":"2011-12-07T16:08:17","guid":{"rendered":"http:\/\/www.visit-ulcinj.com\/blog\/?p=54120"},"modified":"2011-12-07T18:20:20","modified_gmt":"2011-12-07T17:20:20","slug":"ulqini-12-ore-pa-energji-elektrike","status":"publish","type":"post","link":"https:\/\/www.visit-ulcinj.com\/blog\/2011\/12\/07\/ulqini-12-ore-pa-energji-elektrike\/","title":{"rendered":"Ulqini 12 or\u00eb pa energji elektrike"},"content":{"rendered":"<p><a href=\"http:\/\/www.visit-ulcinj.com\/blog\/wp-content\/uploads\/2011\/12\/Elektro-Distribucioni-i-Ulqinit_picnik.jpg\"><img loading=\"lazy\" class=\"alignleft size-full wp-image-54122\" title=\"Elektro-Distribucioni i Ulqinit_picnik\" src=\"http:\/\/www.visit-ulcinj.com\/blog\/wp-content\/uploads\/2011\/12\/Elektro-Distribucioni-i-Ulqinit_picnik.jpg\" alt=\"\" width=\"508\" height=\"380\" \/><\/a>I t\u00ebr\u00eb rajoni i Komun\u00ebs s\u00eb Ulqinit duke p\u00ebrfshir\u00eb qytetin dhe disa\u00a0 fshatra kan\u00eb mbetur pa energji elektrike q\u00eb nga or\u00ebt e hershme t\u00eb m\u00ebngjesit 01:00 e deri rreth or\u00ebs 9:30 t\u00eb m\u00ebngjesit dhe prej or\u00ebs 18:30 deri n\u00eb or\u00ebn 21 e mbr\u00ebmjes njofton Ulqini Online.<\/p>\n<p>Mungesa e rrym\u00ebs ka \u00e7rregulluar jet\u00ebn e qytetar\u00ebve dhe ka krijuar v\u00ebshtir\u00ebsi, sidomos n\u00eb institucione. Gjenerator\u00ebt kan\u00eb ushtuar t\u00ebr\u00eb dit\u00ebn n\u00eb qytet. Si\u00e7 m\u00ebsohet problemi ishte tek djegja e trafos qendrore t\u00eb qytetit, gj\u00eb q\u00eb u p\u00ebrs\u00ebrit edhe n\u00eb or\u00ebt e mbr\u00ebmjes.<br \/>\n<a href=\"http:\/\/www.visit-ulcinj.com\/blog\/wp-content\/uploads\/2011\/12\/Rjeti-i-rrymes-elektrike-ne-Ulqin.jpg\"><img loading=\"lazy\" class=\"alignleft size-full wp-image-54124\" title=\"Rjeti i rrymes elektrike ne Ulqin\" src=\"http:\/\/www.visit-ulcinj.com\/blog\/wp-content\/uploads\/2011\/12\/Rjeti-i-rrymes-elektrike-ne-Ulqin.jpg\" alt=\"\" width=\"508\" height=\"330\" \/><\/a><\/p>\n<p><strong>Ankimet e juaja mundeni ti d\u00ebrgoni n\u00eb telefonat kujdestar <\/strong><strong>\u00a0<\/strong><strong>\u00a0030 412 112 \u00a0(00-24h) &amp; \u00a0067 250 534 (00-24h).<\/strong><strong><\/strong><br \/>\n\n\t\t<style type=\"text\/css\">\n\t\t\t#gallery-1 {\n\t\t\t\tmargin: auto;\n\t\t\t}\n\t\t\t#gallery-1 .gallery-item {\n\t\t\t\tfloat: left;\n\t\t\t\tmargin-top: 10px;\n\t\t\t\ttext-align: center;\n\t\t\t\twidth: 33%;\n\t\t\t}\n\t\t\t#gallery-1 img {\n\t\t\t\tborder: 2px solid #cfcfcf;\n\t\t\t}\n\t\t\t#gallery-1 .gallery-caption {\n\t\t\t\tmargin-left: 0;\n\t\t\t}\n\t\t\t\/* see gallery_shortcode() in wp-includes\/media.php *\/\n\t\t<\/style>\n\t\t<div id='gallery-1' class='gallery galleryid-54120 gallery-columns-3 gallery-size-thumbnail'><dl class='gallery-item'>\n\t\t\t<dt class='gallery-icon landscape'>\n\t\t\t\t<a href='https:\/\/www.visit-ulcinj.com\/blog\/2011\/12\/07\/ulqini-12-ore-pa-energji-elektrike\/elektro-distribucioni-i-ulqinit_picnik\/'><img width=\"150\" height=\"150\" src=\"https:\/\/www.visit-ulcinj.com\/blog\/wp-content\/uploads\/2011\/12\/Elektro-Distribucioni-i-Ulqinit_picnik-150x150.jpg\" class=\"attachment-thumbnail size-thumbnail\" alt=\"\" loading=\"lazy\" \/><\/a>\n\t\t\t<\/dt><\/dl><dl class='gallery-item'>\n\t\t\t<dt class='gallery-icon landscape'>\n\t\t\t\t<a href='https:\/\/www.visit-ulcinj.com\/blog\/2011\/12\/07\/ulqini-12-ore-pa-energji-elektrike\/rjeti-i-rrymes-elektrike-ne-ulqin\/'><img width=\"150\" height=\"150\" src=\"https:\/\/www.visit-ulcinj.com\/blog\/wp-content\/uploads\/2011\/12\/Rjeti-i-rrymes-elektrike-ne-Ulqin-150x150.jpg\" class=\"attachment-thumbnail size-thumbnail\" alt=\"\" loading=\"lazy\" \/><\/a>\n\t\t\t<\/dt><\/dl><dl class='gallery-item'>\n\t\t\t<dt class='gallery-icon landscape'>\n\t\t\t\t<a href='https:\/\/www.visit-ulcinj.com\/blog\/2011\/12\/07\/ulqini-12-ore-pa-energji-elektrike\/trafostanica-e-rrymes-ne-ulqin_picnik\/'><img width=\"150\" height=\"150\" src=\"https:\/\/www.visit-ulcinj.com\/blog\/wp-content\/uploads\/2011\/12\/Trafostanica-e-rrymes-ne-Ulqin_picnik-150x150.jpg\" class=\"attachment-thumbnail size-thumbnail\" alt=\"\" loading=\"lazy\" \/><\/a>\n\t\t\t<\/dt><\/dl><br style=\"clear: both\" \/>\n\t\t<\/div>\n<\/p>\n","protected":false},"excerpt":{"rendered":"<p>I t\u00ebr\u00eb rajoni i Komun\u00ebs s\u00eb Ulqinit duke p\u00ebrfshir\u00eb qytetin dhe disa\u00a0 fshatra kan\u00eb mbetur pa energji elektrike q\u00eb nga or\u00ebt e hershme t\u00eb m\u00ebngjesit 01:00 e deri rreth or\u00ebs 9:30 t\u00eb m\u00ebngjesit dhe prej or\u00ebs 18:30 deri n\u00eb or\u00ebn 21 e mbr\u00ebmjes njofton Ulqini Online. Mungesa e rrym\u00ebs ka \u00e7rregulluar jet\u00ebn e qytetar\u00ebve dhe [&hellip;]<\/p>\n","protected":false},"author":1,"featured_media":0,"comment_status":"open","ping_status":"closed","sticky":false,"template":"","format":"standard","meta":{"spay_email":"","jetpack_publicize_message":"","jetpack_is_tweetstorm":false,"jetpack_publicize_feature_enabled":true},"categories":[1,12],"tags":[19578,19575,19576,19577,200,18],"jetpack_publicize_connections":[],"yoast_head":"<!-- This site is optimized with the Yoast SEO plugin v19.1 - https:\/\/yoast.com\/wordpress\/plugins\/seo\/ -->\n<title>Ulqini 12 or\u00eb pa energji elektrike - Lajme nga Ulqini<\/title>\n<meta name=\"description\" content=\"I t\u00ebr\u00eb rajoni i Komun\u00ebs s\u00eb Ulqinit duke p\u00ebrfshir\u00eb qytetin dhe disa\u00a0 fshatra kan\u00eb mbetur pa energji elektrike q\u00eb nga or\u00ebt e hershme t\u00eb m\u00ebngjesit 01:00 e\" \/>\n<meta name=\"robots\" content=\"index, follow, max-snippet:-1, max-image-preview:large, max-video-preview:-1\" \/>\n<link rel=\"canonical\" href=\"https:\/\/www.visit-ulcinj.com\/blog\/2011\/12\/07\/ulqini-12-ore-pa-energji-elektrike\/\" \/>\n<meta property=\"og:locale\" content=\"en_US\" \/>\n<meta property=\"og:type\" content=\"article\" \/>\n<meta property=\"og:title\" content=\"Ulqini 12 or\u00eb pa energji elektrike - Lajme nga Ulqini\" \/>\n<meta property=\"og:description\" content=\"I t\u00ebr\u00eb rajoni i Komun\u00ebs s\u00eb Ulqinit duke p\u00ebrfshir\u00eb qytetin dhe disa\u00a0 fshatra kan\u00eb mbetur pa energji elektrike q\u00eb nga or\u00ebt e hershme t\u00eb m\u00ebngjesit 01:00 e\" \/>\n<meta property=\"og:url\" content=\"https:\/\/www.visit-ulcinj.com\/blog\/2011\/12\/07\/ulqini-12-ore-pa-energji-elektrike\/\" \/>\n<meta property=\"og:site_name\" content=\"Lajme nga Ulqini\" \/>\n<meta property=\"article:published_time\" content=\"2011-12-07T16:08:17+00:00\" \/>\n<meta property=\"article:modified_time\" content=\"2011-12-07T17:20:20+00:00\" \/>\n<meta property=\"og:image\" content=\"https:\/\/www.visit-ulcinj.com\/blog\/wp-content\/uploads\/2011\/12\/Elektro-Distribucioni-i-Ulqinit_picnik-150x150.jpg\" \/>\n<meta name=\"twitter:label1\" content=\"Written by\" \/>\n\t<meta name=\"twitter:data1\" content=\"ulqini\" \/>\n\t<meta name=\"twitter:label2\" content=\"Est. reading time\" \/>\n\t<meta name=\"twitter:data2\" content=\"1 minute\" \/>\n<script type=\"application\/ld+json\" class=\"yoast-schema-graph\">{\"@context\":\"https:\/\/schema.org\",\"@graph\":[{\"@type\":\"WebSite\",\"@id\":\"https:\/\/www.visit-ulcinj.com\/blog\/#website\",\"url\":\"https:\/\/www.visit-ulcinj.com\/blog\/\",\"name\":\"Lajme nga Ulqini\",\"description\":\"Lajme,Vijesti,Ulqini,Ulqin,Crna Gora,Mali i Zi\",\"potentialAction\":[{\"@type\":\"SearchAction\",\"target\":{\"@type\":\"EntryPoint\",\"urlTemplate\":\"https:\/\/www.visit-ulcinj.com\/blog\/?s={search_term_string}\"},\"query-input\":\"required name=search_term_string\"}],\"inLanguage\":\"en-US\"},{\"@type\":\"ImageObject\",\"inLanguage\":\"en-US\",\"@id\":\"https:\/\/www.visit-ulcinj.com\/blog\/2011\/12\/07\/ulqini-12-ore-pa-energji-elektrike\/#primaryimage\",\"url\":\"https:\/\/www.visit-ulcinj.com\/blog\/wp-content\/uploads\/2011\/12\/Elektro-Distribucioni-i-Ulqinit_picnik.jpg\",\"contentUrl\":\"https:\/\/www.visit-ulcinj.com\/blog\/wp-content\/uploads\/2011\/12\/Elektro-Distribucioni-i-Ulqinit_picnik.jpg\",\"width\":\"1006\",\"height\":\"673\"},{\"@type\":\"WebPage\",\"@id\":\"https:\/\/www.visit-ulcinj.com\/blog\/2011\/12\/07\/ulqini-12-ore-pa-energji-elektrike\/#webpage\",\"url\":\"https:\/\/www.visit-ulcinj.com\/blog\/2011\/12\/07\/ulqini-12-ore-pa-energji-elektrike\/\",\"name\":\"Ulqini 12 or\u00eb pa energji elektrike - Lajme nga Ulqini\",\"isPartOf\":{\"@id\":\"https:\/\/www.visit-ulcinj.com\/blog\/#website\"},\"primaryImageOfPage\":{\"@id\":\"https:\/\/www.visit-ulcinj.com\/blog\/2011\/12\/07\/ulqini-12-ore-pa-energji-elektrike\/#primaryimage\"},\"datePublished\":\"2011-12-07T16:08:17+00:00\",\"dateModified\":\"2011-12-07T17:20:20+00:00\",\"author\":{\"@id\":\"https:\/\/www.visit-ulcinj.com\/blog\/#\/schema\/person\/dcab619c614d3038751c63bc2aadc06d\"},\"description\":\"I t\u00ebr\u00eb rajoni i Komun\u00ebs s\u00eb Ulqinit duke p\u00ebrfshir\u00eb qytetin dhe disa\u00a0 fshatra kan\u00eb mbetur pa energji elektrike q\u00eb nga or\u00ebt e hershme t\u00eb m\u00ebngjesit 01:00 e\",\"breadcrumb\":{\"@id\":\"https:\/\/www.visit-ulcinj.com\/blog\/2011\/12\/07\/ulqini-12-ore-pa-energji-elektrike\/#breadcrumb\"},\"inLanguage\":\"en-US\",\"potentialAction\":[{\"@type\":\"ReadAction\",\"target\":[\"https:\/\/www.visit-ulcinj.com\/blog\/2011\/12\/07\/ulqini-12-ore-pa-energji-elektrike\/\"]}]},{\"@type\":\"BreadcrumbList\",\"@id\":\"https:\/\/www.visit-ulcinj.com\/blog\/2011\/12\/07\/ulqini-12-ore-pa-energji-elektrike\/#breadcrumb\",\"itemListElement\":[{\"@type\":\"ListItem\",\"position\":1,\"name\":\"Ulqini 12 or\u00eb pa energji elektrike\"}]},{\"@type\":\"Person\",\"@id\":\"https:\/\/www.visit-ulcinj.com\/blog\/#\/schema\/person\/dcab619c614d3038751c63bc2aadc06d\",\"name\":\"ulqini\",\"sameAs\":[\"http:\/\/www.visit-ulcinj.com\"],\"url\":\"https:\/\/www.visit-ulcinj.com\/blog\/author\/admin\/\"}]}<\/script>\n<!-- \/ Yoast SEO plugin. -->","yoast_head_json":{"title":"Ulqini 12 or\u00eb pa energji elektrike - Lajme nga Ulqini","description":"I t\u00ebr\u00eb rajoni i Komun\u00ebs s\u00eb Ulqinit duke p\u00ebrfshir\u00eb qytetin dhe disa\u00a0 fshatra kan\u00eb mbetur pa energji elektrike q\u00eb nga or\u00ebt e hershme t\u00eb m\u00ebngjesit 01:00 e","robots":{"index":"index","follow":"follow","max-snippet":"max-snippet:-1","max-image-preview":"max-image-preview:large","max-video-preview":"max-video-preview:-1"},"canonical":"https:\/\/www.visit-ulcinj.com\/blog\/2011\/12\/07\/ulqini-12-ore-pa-energji-elektrike\/","og_locale":"en_US","og_type":"article","og_title":"Ulqini 12 or\u00eb pa energji elektrike - Lajme nga Ulqini","og_description":"I t\u00ebr\u00eb rajoni i Komun\u00ebs s\u00eb Ulqinit duke p\u00ebrfshir\u00eb qytetin dhe disa\u00a0 fshatra kan\u00eb mbetur pa energji elektrike q\u00eb nga or\u00ebt e hershme t\u00eb m\u00ebngjesit 01:00 e","og_url":"https:\/\/www.visit-ulcinj.com\/blog\/2011\/12\/07\/ulqini-12-ore-pa-energji-elektrike\/","og_site_name":"Lajme nga Ulqini","article_published_time":"2011-12-07T16:08:17+00:00","article_modified_time":"2011-12-07T17:20:20+00:00","og_image":[{"url":"https:\/\/www.visit-ulcinj.com\/blog\/wp-content\/uploads\/2011\/12\/Elektro-Distribucioni-i-Ulqinit_picnik-150x150.jpg"}],"twitter_misc":{"Written by":"ulqini","Est. reading time":"1 minute"},"schema":{"@context":"https:\/\/schema.org","@graph":[{"@type":"WebSite","@id":"https:\/\/www.visit-ulcinj.com\/blog\/#website","url":"https:\/\/www.visit-ulcinj.com\/blog\/","name":"Lajme nga Ulqini","description":"Lajme,Vijesti,Ulqini,Ulqin,Crna Gora,Mali i Zi","potentialAction":[{"@type":"SearchAction","target":{"@type":"EntryPoint","urlTemplate":"https:\/\/www.visit-ulcinj.com\/blog\/?s={search_term_string}"},"query-input":"required name=search_term_string"}],"inLanguage":"en-US"},{"@type":"ImageObject","inLanguage":"en-US","@id":"https:\/\/www.visit-ulcinj.com\/blog\/2011\/12\/07\/ulqini-12-ore-pa-energji-elektrike\/#primaryimage","url":"https:\/\/www.visit-ulcinj.com\/blog\/wp-content\/uploads\/2011\/12\/Elektro-Distribucioni-i-Ulqinit_picnik.jpg","contentUrl":"https:\/\/www.visit-ulcinj.com\/blog\/wp-content\/uploads\/2011\/12\/Elektro-Distribucioni-i-Ulqinit_picnik.jpg","width":"1006","height":"673"},{"@type":"WebPage","@id":"https:\/\/www.visit-ulcinj.com\/blog\/2011\/12\/07\/ulqini-12-ore-pa-energji-elektrike\/#webpage","url":"https:\/\/www.visit-ulcinj.com\/blog\/2011\/12\/07\/ulqini-12-ore-pa-energji-elektrike\/","name":"Ulqini 12 or\u00eb pa energji elektrike - Lajme nga Ulqini","isPartOf":{"@id":"https:\/\/www.visit-ulcinj.com\/blog\/#website"},"primaryImageOfPage":{"@id":"https:\/\/www.visit-ulcinj.com\/blog\/2011\/12\/07\/ulqini-12-ore-pa-energji-elektrike\/#primaryimage"},"datePublished":"2011-12-07T16:08:17+00:00","dateModified":"2011-12-07T17:20:20+00:00","author":{"@id":"https:\/\/www.visit-ulcinj.com\/blog\/#\/schema\/person\/dcab619c614d3038751c63bc2aadc06d"},"description":"I t\u00ebr\u00eb rajoni i Komun\u00ebs s\u00eb Ulqinit duke p\u00ebrfshir\u00eb qytetin dhe disa\u00a0 fshatra kan\u00eb mbetur pa energji elektrike q\u00eb nga or\u00ebt e hershme t\u00eb m\u00ebngjesit 01:00 e","breadcrumb":{"@id":"https:\/\/www.visit-ulcinj.com\/blog\/2011\/12\/07\/ulqini-12-ore-pa-energji-elektrike\/#breadcrumb"},"inLanguage":"en-US","potentialAction":[{"@type":"ReadAction","target":["https:\/\/www.visit-ulcinj.com\/blog\/2011\/12\/07\/ulqini-12-ore-pa-energji-elektrike\/"]}]},{"@type":"BreadcrumbList","@id":"https:\/\/www.visit-ulcinj.com\/blog\/2011\/12\/07\/ulqini-12-ore-pa-energji-elektrike\/#breadcrumb","itemListElement":[{"@type":"ListItem","position":1,"name":"Ulqini 12 or\u00eb pa energji elektrike"}]},{"@type":"Person","@id":"https:\/\/www.visit-ulcinj.com\/blog\/#\/schema\/person\/dcab619c614d3038751c63bc2aadc06d","name":"ulqini","sameAs":["http:\/\/www.visit-ulcinj.com"],"url":"https:\/\/www.visit-ulcinj.com\/blog\/author\/admin\/"}]}},"jetpack_featured_media_url":"","jetpack_sharing_enabled":true,"jetpack_shortlink":"https:\/\/wp.me\/pe6lTn-e4U","_links":{"self":[{"href":"https:\/\/www.visit-ulcinj.com\/blog\/wp-json\/wp\/v2\/posts\/54120"}],"collection":[{"href":"https:\/\/www.visit-ulcinj.com\/blog\/wp-json\/wp\/v2\/posts"}],"about":[{"href":"https:\/\/www.visit-ulcinj.com\/blog\/wp-json\/wp\/v2\/types\/post"}],"author":[{"embeddable":true,"href":"https:\/\/www.visit-ulcinj.com\/blog\/wp-json\/wp\/v2\/users\/1"}],"replies":[{"embeddable":true,"href":"https:\/\/www.visit-ulcinj.com\/blog\/wp-json\/wp\/v2\/comments?post=54120"}],"version-history":[{"count":3,"href":"https:\/\/www.visit-ulcinj.com\/blog\/wp-json\/wp\/v2\/posts\/54120\/revisions"}],"predecessor-version":[{"id":54139,"href":"https:\/\/www.visit-ulcinj.com\/blog\/wp-json\/wp\/v2\/posts\/54120\/revisions\/54139"}],"wp:attachment":[{"href":"https:\/\/www.visit-ulcinj.com\/blog\/wp-json\/wp\/v2\/media?parent=54120"}],"wp:term":[{"taxonomy":"category","embeddable":true,"href":"https:\/\/www.visit-ulcinj.com\/blog\/wp-json\/wp\/v2\/categories?post=54120"},{"taxonomy":"post_tag","embeddable":true,"href":"https:\/\/www.visit-ulcinj.com\/blog\/wp-json\/wp\/v2\/tags?post=54120"}],"curies":[{"name":"wp","href":"https:\/\/api.w.org\/{rel}","templated":true}]}}