{"id":54130,"date":"2011-12-07T17:49:04","date_gmt":"2011-12-07T16:49:04","guid":{"rendered":"http:\/\/www.visit-ulcinj.com\/blog\/?p=54130"},"modified":"2011-12-07T17:54:33","modified_gmt":"2011-12-07T16:54:33","slug":"ftese-mali-i-zi-ne-bashkimin-evropian-%e2%80%9ccfare-perfitoj-une-e-cfare-perfiton-qyteti-im%e2%80%9d","status":"publish","type":"post","link":"https:\/\/www.visit-ulcinj.com\/blog\/2011\/12\/07\/ftese-mali-i-zi-ne-bashkimin-evropian-%e2%80%9ccfare-perfitoj-une-e-cfare-perfiton-qyteti-im%e2%80%9d\/","title":{"rendered":"Ftes\u00eb: Mali i Zi n\u00eb Bashkimin Evropian: \u201c\u00c7far\u00eb p\u00ebrfitoj UN\u00cb, e \u00e7far\u00eb p\u00ebrfiton QYTETI im?\u201d"},"content":{"rendered":"<p><a href=\"http:\/\/www.visit-ulcinj.com\/blog\/wp-content\/uploads\/2011\/12\/OJQ-_Horizonti-i-ri_-Ulqin.jpg\"><img loading=\"lazy\" class=\"alignleft size-full wp-image-54131\" title=\"OJQ _Horizonti i ri_ Ulqin\" src=\"http:\/\/www.visit-ulcinj.com\/blog\/wp-content\/uploads\/2011\/12\/OJQ-_Horizonti-i-ri_-Ulqin.jpg\" alt=\"\" width=\"508\" height=\"200\" \/><\/a><\/p>\n<p>&nbsp;<\/p>\n<p style=\"text-align: right;\">Podgoric\u00eb, 7 dhjetor, 2011<\/p>\n<p>&nbsp;<\/p>\n<p align=\"center\"><strong>F T E S \u00cb<\/strong><\/p>\n<p align=\"center\"><strong>\u00a0<\/strong><\/p>\n<p align=\"center\"><strong>MALI I ZI n\u00eb BASHKIMIN EVROPIAN:<\/strong><\/p>\n<p align=\"center\"><strong>\u201c\u00c7far\u00eb p\u00ebrfitoj UN\u00cb, e \u00e7far\u00eb p\u00ebrfiton QYTETI im?\u201d<\/strong><\/p>\n<p align=\"center\"><strong>\u00a0<\/strong><\/p>\n<p>Qendra p\u00ebr Edukim Qytetar (CGO) n\u00eb bashk\u00ebpunim me Qendr\u00ebn p\u00ebr Monitorim (CEMI) nga<\/p>\n<p>Podgorica dhe Iniciativ\u00ebn Qytetare (GI) nga Beogradi, \u00ebsht\u00eb duke implementuar projektin<\/p>\n<p>&#8220;Evropa n\u00eb qytetin tim,&#8221; i cili \u00ebsht\u00eb i mb\u00ebshtetur nga Delegacioni i BE-s\u00eb n\u00eb Mal t\u00eb Zi.<\/p>\n<p>Projekti &#8220;Evropa n\u00eb qytetin tim&#8221;, synon t\u00eb forcoj\u00eb kapacitetet dhe rolin e komuniteteve lokale<\/p>\n<p>dhe shoq\u00ebris\u00eb civile n\u00eb Mal t\u00eb Zi, n\u00eb m\u00ebnyr\u00eb q\u00eb t\u00eb krijoj\u00eb nj\u00eb kontribut t\u00eb q\u00ebndrueshme dhe<\/p>\n<p>efektiv p\u00ebr procesin e integrimit n\u00eb BE.<\/p>\n<p>Nj\u00eb nga aktivitetet e projektit \u00ebsht\u00eb edhe organizimi i 18 takimeve publike n\u00eb 9 komuna t\u00eb<\/p>\n<p>Malit t\u00eb Zi (Podgoric\u00eb, Nikshiq, Cetin\u00eb, Ulqin, Budva, Herceg Novi, Bjello Pole, Pljevlja,<\/p>\n<p>Kollashin), gjat\u00eb t\u00eb cil\u00ebve do t\u00eb trajtojm\u00eb ato tema q\u00eb vet\u00eb qytetar\u00ebt i kan\u00eb identifikuar si m\u00eb<\/p>\n<p>interesante dhe p\u00ebr t\u00eb cilat ata do t\u00eb donin t\u00eb dinin m\u00eb shum\u00eb (n\u00eb aspektin e rregullave dhe<\/p>\n<p>politikave si dhe zbatimin e tyre me standardet e BE-s\u00eb).<\/p>\n<p>Forumi publik, i shtati me radh\u00eb, do t\u00eb mbahet n\u00eb Ulqin<strong>, t\u00eb enjten, me 8 dhjetor 2011<\/strong>, n\u00eb<\/p>\n<p>tem\u00ebn: <strong>\u201cPun\u00ebsimi dhe politika sociale n\u00eb BE\u201d.<\/strong><\/p>\n<p><strong>\u00a0<\/strong><\/p>\n<p><strong>Takimi mbahet n\u00eb Sall\u00ebn e vog\u00ebl t\u00eb Komun\u00ebs s\u00eb Ulqinit, me fillim n\u00eb or\u00ebn e 11:00.<\/strong><\/p>\n<p>Panelist\u00eb do t\u00eb jen\u00eb: <strong>Dalliborka ULAREVIQ<\/strong>, drejtore ekzekutive e Qendr\u00ebs p\u00ebr edukimin<\/p>\n<p>qytetar, <strong>Gjina GJONOVIQ <\/strong>u.d. e Sekretares p\u00ebr Administrat\u00eb t\u00eb Komun\u00ebs s\u00eb Ulqinit, <strong>Irena<\/strong><\/p>\n<p><strong>PERIQ<\/strong>, Agjencia e Pun\u00ebsimit e Malit t\u00eb Zi, <strong>Vojin GOLUBOVIQ<\/strong>, Instituti p\u00ebr Studime<\/p>\n<p>Strategjike dhe prognoza i Malit i Zi, <strong>Boris MARIQ<\/strong>, K\u00ebshilltari ligjor n\u00eb Qendr\u00ebn p\u00ebr<\/p>\n<p>Edukim Qytetar dhe <strong>Nazif Veliqi<\/strong>, nga OJQ &#8220;Horizonti i ri&#8221; Ulqin. Panel diskutimi do t\u00eb<\/p>\n<p>moderohet nga <strong>Allmir \u00c7aushi<\/strong>.<\/p>\n<p>&nbsp;<\/p>\n<p align=\"center\">Ju mir\u00ebpresim!<\/p>\n<p align=\"center\">Me respekt,<\/p>\n<p>\u00a0\u00a0\u00a0\u00a0\u00a0\u00a0\u00a0\u00a0\u00a0\u00a0\u00a0\u00a0\u00a0\u00a0\u00a0\u00a0\u00a0\u00a0\u00a0\u00a0\u00a0\u00a0\u00a0\u00a0\u00a0\u00a0\u00a0 \u00a0\u00a0\u00a0\u00a0\u00a0\u00a0\u00a0\u00a0\u00a0\u00a0\u00a0\u00a0\u00a0\u00a0\u00a0\u00a0\u00a0\u00a0\u00a0\u00a0\u00a0\u00a0\u00a0\u00a0\u00a0\u00a0\u00a0\u00a0\u00a0\u00a0\u00a0\u00a0\u00a0\u00a0\u00a0\u00a0\u00a0\u00a0\u00a0\u00a0\u00a0\u00a0\u00a0\u00a0\u00a0\u00a0\u00a0\u00a0\u00a0\u00a0\u00a0\u00a0\u00a0\u00a0\u00a0\u00a0\u00a0\u00a0\u00a0\u00a0\u00a0\u00a0\u00a0\u00a0\u00a0\u00a0\u00a0\u00a0\u00a0\u00a0\u00a0\u00a0\u00a0\u00a0\u00a0\u00a0\u00a0\u00a0\u00a0\u00a0\u00a0\u00a0\u00a0\u00a0\u00a0\u00a0\u00a0\u00a0\u00a0\u00a0\u00a0\u00a0\u00a0\u00a0\u00a0\u00a0<strong><\/strong><\/p>\n<p style=\"text-align: left;\"><strong>Ana Vujosheviq<br \/>\nKoordinatore e programit\u00a0<\/strong>\u00a0\u00a0\u00a0\u00a0\u00a0\u00a0\u00a0\u00a0\u00a0\u00a0\u00a0\u00a0\u00a0\u00a0\u00a0\u00a0\u00a0\u00a0\u00a0\u00a0\u00a0 <strong>\u00a0 \u00a0 \u00a0 \u00a0 \u00a0 \u00a0 \u00a0 \u00a0 \u00a0 \u00a0 \u00a0 \u00a0 \u00a0 \u00a0 \u00a0 \u00a0 \u00a0 \u00a0 \u00a0 \u00a0 \u00a0 \u00a0 \u00a0 \u00a0 \u00a0 \u00a0 \u00a0 \u00a0 \u00a0\u00a0\u00a0\u00a0\u00a0\u00a0\u00a0\u00a0\u00a0\u00a0\u00a0\u00a0\u00a0\u00a0\u00a0\u00a0\u00a0\u00a0\u00a0\u00a0\u00a0\u00a0\u00a0<\/strong><\/p>\n<p style=\"text-align: right;\"><strong>Gjina Gjonoviq<\/strong><br \/>\n<strong>Nazif Veliqi<\/strong><br \/>\n<strong>Koordinator\u00eb lokal<\/strong><\/p>\n","protected":false},"excerpt":{"rendered":"<p>&nbsp; Podgoric\u00eb, 7 dhjetor, 2011 &nbsp; F T E S \u00cb \u00a0 MALI I ZI n\u00eb BASHKIMIN EVROPIAN: \u201c\u00c7far\u00eb p\u00ebrfitoj UN\u00cb, e \u00e7far\u00eb p\u00ebrfiton QYTETI im?\u201d \u00a0 Qendra p\u00ebr Edukim Qytetar (CGO) n\u00eb bashk\u00ebpunim me Qendr\u00ebn p\u00ebr Monitorim (CEMI) nga Podgorica dhe Iniciativ\u00ebn Qytetare (GI) nga Beogradi, \u00ebsht\u00eb duke implementuar projektin &#8220;Evropa n\u00eb qytetin tim,&#8221; [&hellip;]<\/p>\n","protected":false},"author":1,"featured_media":0,"comment_status":"open","ping_status":"closed","sticky":false,"template":"","format":"standard","meta":{"spay_email":"","jetpack_publicize_message":"","jetpack_is_tweetstorm":false,"jetpack_publicize_feature_enabled":true},"categories":[1],"tags":[19579,2442,200,18],"jetpack_publicize_connections":[],"yoast_head":"<!-- This site is optimized with the Yoast SEO plugin v19.1 - https:\/\/yoast.com\/wordpress\/plugins\/seo\/ -->\n<title>Ftes\u00eb: Mali i Zi n\u00eb Bashkimin Evropian: \u201c\u00c7far\u00eb p\u00ebrfitoj UN\u00cb, e \u00e7far\u00eb p\u00ebrfiton QYTETI im?\u201d - Lajme nga Ulqini<\/title>\n<meta name=\"description\" content=\"&nbsp; Podgoric\u00eb, 7 dhjetor, 2011 &nbsp; F T E S \u00cb \u00a0 MALI I ZI n\u00eb BASHKIMIN EVROPIAN: \u201c\u00c7far\u00eb p\u00ebrfitoj UN\u00cb, e \u00e7far\u00eb p\u00ebrfiton QYTETI im?\u201d \u00a0 Qendra p\u00ebr\" \/>\n<meta name=\"robots\" content=\"index, follow, max-snippet:-1, max-image-preview:large, max-video-preview:-1\" \/>\n<link rel=\"canonical\" href=\"https:\/\/www.visit-ulcinj.com\/blog\/2011\/12\/07\/ftese-mali-i-zi-ne-bashkimin-evropian-\u201ccfare-perfitoj-une-e-cfare-perfiton-qyteti-im\u201d\/\" \/>\n<meta property=\"og:locale\" content=\"en_US\" \/>\n<meta property=\"og:type\" content=\"article\" \/>\n<meta property=\"og:title\" content=\"Ftes\u00eb: Mali i Zi n\u00eb Bashkimin Evropian: \u201c\u00c7far\u00eb p\u00ebrfitoj UN\u00cb, e \u00e7far\u00eb p\u00ebrfiton QYTETI im?\u201d - Lajme nga Ulqini\" \/>\n<meta property=\"og:description\" content=\"&nbsp; Podgoric\u00eb, 7 dhjetor, 2011 &nbsp; F T E S \u00cb \u00a0 MALI I ZI n\u00eb BASHKIMIN EVROPIAN: \u201c\u00c7far\u00eb p\u00ebrfitoj UN\u00cb, e \u00e7far\u00eb p\u00ebrfiton QYTETI im?\u201d \u00a0 Qendra p\u00ebr\" \/>\n<meta property=\"og:url\" content=\"https:\/\/www.visit-ulcinj.com\/blog\/2011\/12\/07\/ftese-mali-i-zi-ne-bashkimin-evropian-\u201ccfare-perfitoj-une-e-cfare-perfiton-qyteti-im\u201d\/\" \/>\n<meta property=\"og:site_name\" content=\"Lajme nga Ulqini\" \/>\n<meta property=\"article:published_time\" content=\"2011-12-07T16:49:04+00:00\" \/>\n<meta property=\"article:modified_time\" content=\"2011-12-07T16:54:33+00:00\" \/>\n<meta property=\"og:image\" content=\"http:\/\/www.visit-ulcinj.com\/blog\/wp-content\/uploads\/2011\/12\/OJQ-_Horizonti-i-ri_-Ulqin.jpg\" \/>\n<meta name=\"twitter:label1\" content=\"Written by\" \/>\n\t<meta name=\"twitter:data1\" content=\"ulqini\" \/>\n\t<meta name=\"twitter:label2\" content=\"Est. reading time\" \/>\n\t<meta name=\"twitter:data2\" content=\"2 minutes\" \/>\n<script type=\"application\/ld+json\" class=\"yoast-schema-graph\">{\"@context\":\"https:\/\/schema.org\",\"@graph\":[{\"@type\":\"WebSite\",\"@id\":\"https:\/\/www.visit-ulcinj.com\/blog\/#website\",\"url\":\"https:\/\/www.visit-ulcinj.com\/blog\/\",\"name\":\"Lajme nga Ulqini\",\"description\":\"Lajme,Vijesti,Ulqini,Ulqin,Crna Gora,Mali i Zi\",\"potentialAction\":[{\"@type\":\"SearchAction\",\"target\":{\"@type\":\"EntryPoint\",\"urlTemplate\":\"https:\/\/www.visit-ulcinj.com\/blog\/?s={search_term_string}\"},\"query-input\":\"required name=search_term_string\"}],\"inLanguage\":\"en-US\"},{\"@type\":\"ImageObject\",\"inLanguage\":\"en-US\",\"@id\":\"https:\/\/www.visit-ulcinj.com\/blog\/2011\/12\/07\/ftese-mali-i-zi-ne-bashkimin-evropian-%e2%80%9ccfare-perfitoj-une-e-cfare-perfiton-qyteti-im%e2%80%9d\/#primaryimage\",\"url\":\"https:\/\/www.visit-ulcinj.com\/blog\/wp-content\/uploads\/2011\/12\/OJQ-_Horizonti-i-ri_-Ulqin.jpg\",\"contentUrl\":\"https:\/\/www.visit-ulcinj.com\/blog\/wp-content\/uploads\/2011\/12\/OJQ-_Horizonti-i-ri_-Ulqin.jpg\",\"width\":\"1006\",\"height\":\"231\"},{\"@type\":\"WebPage\",\"@id\":\"https:\/\/www.visit-ulcinj.com\/blog\/2011\/12\/07\/ftese-mali-i-zi-ne-bashkimin-evropian-%e2%80%9ccfare-perfitoj-une-e-cfare-perfiton-qyteti-im%e2%80%9d\/#webpage\",\"url\":\"https:\/\/www.visit-ulcinj.com\/blog\/2011\/12\/07\/ftese-mali-i-zi-ne-bashkimin-evropian-%e2%80%9ccfare-perfitoj-une-e-cfare-perfiton-qyteti-im%e2%80%9d\/\",\"name\":\"Ftes\u00eb: Mali i Zi n\u00eb Bashkimin Evropian: \u201c\u00c7far\u00eb p\u00ebrfitoj UN\u00cb, e \u00e7far\u00eb p\u00ebrfiton QYTETI im?\u201d - Lajme nga Ulqini\",\"isPartOf\":{\"@id\":\"https:\/\/www.visit-ulcinj.com\/blog\/#website\"},\"primaryImageOfPage\":{\"@id\":\"https:\/\/www.visit-ulcinj.com\/blog\/2011\/12\/07\/ftese-mali-i-zi-ne-bashkimin-evropian-%e2%80%9ccfare-perfitoj-une-e-cfare-perfiton-qyteti-im%e2%80%9d\/#primaryimage\"},\"datePublished\":\"2011-12-07T16:49:04+00:00\",\"dateModified\":\"2011-12-07T16:54:33+00:00\",\"author\":{\"@id\":\"https:\/\/www.visit-ulcinj.com\/blog\/#\/schema\/person\/dcab619c614d3038751c63bc2aadc06d\"},\"description\":\"&nbsp; Podgoric\u00eb, 7 dhjetor, 2011 &nbsp; F T E S \u00cb \u00a0 MALI I ZI n\u00eb BASHKIMIN EVROPIAN: \u201c\u00c7far\u00eb p\u00ebrfitoj UN\u00cb, e \u00e7far\u00eb p\u00ebrfiton QYTETI im?\u201d \u00a0 Qendra p\u00ebr\",\"breadcrumb\":{\"@id\":\"https:\/\/www.visit-ulcinj.com\/blog\/2011\/12\/07\/ftese-mali-i-zi-ne-bashkimin-evropian-%e2%80%9ccfare-perfitoj-une-e-cfare-perfiton-qyteti-im%e2%80%9d\/#breadcrumb\"},\"inLanguage\":\"en-US\",\"potentialAction\":[{\"@type\":\"ReadAction\",\"target\":[\"https:\/\/www.visit-ulcinj.com\/blog\/2011\/12\/07\/ftese-mali-i-zi-ne-bashkimin-evropian-%e2%80%9ccfare-perfitoj-une-e-cfare-perfiton-qyteti-im%e2%80%9d\/\"]}]},{\"@type\":\"BreadcrumbList\",\"@id\":\"https:\/\/www.visit-ulcinj.com\/blog\/2011\/12\/07\/ftese-mali-i-zi-ne-bashkimin-evropian-%e2%80%9ccfare-perfitoj-une-e-cfare-perfiton-qyteti-im%e2%80%9d\/#breadcrumb\",\"itemListElement\":[{\"@type\":\"ListItem\",\"position\":1,\"name\":\"Ftes\u00eb: Mali i Zi n\u00eb Bashkimin Evropian: \u201c\u00c7far\u00eb p\u00ebrfitoj UN\u00cb, e \u00e7far\u00eb p\u00ebrfiton QYTETI im?\u201d\"}]},{\"@type\":\"Person\",\"@id\":\"https:\/\/www.visit-ulcinj.com\/blog\/#\/schema\/person\/dcab619c614d3038751c63bc2aadc06d\",\"name\":\"ulqini\",\"sameAs\":[\"http:\/\/www.visit-ulcinj.com\"],\"url\":\"https:\/\/www.visit-ulcinj.com\/blog\/author\/admin\/\"}]}<\/script>\n<!-- \/ Yoast SEO plugin. -->","yoast_head_json":{"title":"Ftes\u00eb: Mali i Zi n\u00eb Bashkimin Evropian: \u201c\u00c7far\u00eb p\u00ebrfitoj UN\u00cb, e \u00e7far\u00eb p\u00ebrfiton QYTETI im?\u201d - Lajme nga Ulqini","description":"&nbsp; Podgoric\u00eb, 7 dhjetor, 2011 &nbsp; F T E S \u00cb \u00a0 MALI I ZI n\u00eb BASHKIMIN EVROPIAN: \u201c\u00c7far\u00eb p\u00ebrfitoj UN\u00cb, e \u00e7far\u00eb p\u00ebrfiton QYTETI im?\u201d \u00a0 Qendra p\u00ebr","robots":{"index":"index","follow":"follow","max-snippet":"max-snippet:-1","max-image-preview":"max-image-preview:large","max-video-preview":"max-video-preview:-1"},"canonical":"https:\/\/www.visit-ulcinj.com\/blog\/2011\/12\/07\/ftese-mali-i-zi-ne-bashkimin-evropian-\u201ccfare-perfitoj-une-e-cfare-perfiton-qyteti-im\u201d\/","og_locale":"en_US","og_type":"article","og_title":"Ftes\u00eb: Mali i Zi n\u00eb Bashkimin Evropian: \u201c\u00c7far\u00eb p\u00ebrfitoj UN\u00cb, e \u00e7far\u00eb p\u00ebrfiton QYTETI im?\u201d - Lajme nga Ulqini","og_description":"&nbsp; Podgoric\u00eb, 7 dhjetor, 2011 &nbsp; F T E S \u00cb \u00a0 MALI I ZI n\u00eb BASHKIMIN EVROPIAN: \u201c\u00c7far\u00eb p\u00ebrfitoj UN\u00cb, e \u00e7far\u00eb p\u00ebrfiton QYTETI im?\u201d \u00a0 Qendra p\u00ebr","og_url":"https:\/\/www.visit-ulcinj.com\/blog\/2011\/12\/07\/ftese-mali-i-zi-ne-bashkimin-evropian-\u201ccfare-perfitoj-une-e-cfare-perfiton-qyteti-im\u201d\/","og_site_name":"Lajme nga Ulqini","article_published_time":"2011-12-07T16:49:04+00:00","article_modified_time":"2011-12-07T16:54:33+00:00","og_image":[{"url":"http:\/\/www.visit-ulcinj.com\/blog\/wp-content\/uploads\/2011\/12\/OJQ-_Horizonti-i-ri_-Ulqin.jpg"}],"twitter_misc":{"Written by":"ulqini","Est. reading time":"2 minutes"},"schema":{"@context":"https:\/\/schema.org","@graph":[{"@type":"WebSite","@id":"https:\/\/www.visit-ulcinj.com\/blog\/#website","url":"https:\/\/www.visit-ulcinj.com\/blog\/","name":"Lajme nga Ulqini","description":"Lajme,Vijesti,Ulqini,Ulqin,Crna Gora,Mali i Zi","potentialAction":[{"@type":"SearchAction","target":{"@type":"EntryPoint","urlTemplate":"https:\/\/www.visit-ulcinj.com\/blog\/?s={search_term_string}"},"query-input":"required name=search_term_string"}],"inLanguage":"en-US"},{"@type":"ImageObject","inLanguage":"en-US","@id":"https:\/\/www.visit-ulcinj.com\/blog\/2011\/12\/07\/ftese-mali-i-zi-ne-bashkimin-evropian-%e2%80%9ccfare-perfitoj-une-e-cfare-perfiton-qyteti-im%e2%80%9d\/#primaryimage","url":"https:\/\/www.visit-ulcinj.com\/blog\/wp-content\/uploads\/2011\/12\/OJQ-_Horizonti-i-ri_-Ulqin.jpg","contentUrl":"https:\/\/www.visit-ulcinj.com\/blog\/wp-content\/uploads\/2011\/12\/OJQ-_Horizonti-i-ri_-Ulqin.jpg","width":"1006","height":"231"},{"@type":"WebPage","@id":"https:\/\/www.visit-ulcinj.com\/blog\/2011\/12\/07\/ftese-mali-i-zi-ne-bashkimin-evropian-%e2%80%9ccfare-perfitoj-une-e-cfare-perfiton-qyteti-im%e2%80%9d\/#webpage","url":"https:\/\/www.visit-ulcinj.com\/blog\/2011\/12\/07\/ftese-mali-i-zi-ne-bashkimin-evropian-%e2%80%9ccfare-perfitoj-une-e-cfare-perfiton-qyteti-im%e2%80%9d\/","name":"Ftes\u00eb: Mali i Zi n\u00eb Bashkimin Evropian: \u201c\u00c7far\u00eb p\u00ebrfitoj UN\u00cb, e \u00e7far\u00eb p\u00ebrfiton QYTETI im?\u201d - Lajme nga Ulqini","isPartOf":{"@id":"https:\/\/www.visit-ulcinj.com\/blog\/#website"},"primaryImageOfPage":{"@id":"https:\/\/www.visit-ulcinj.com\/blog\/2011\/12\/07\/ftese-mali-i-zi-ne-bashkimin-evropian-%e2%80%9ccfare-perfitoj-une-e-cfare-perfiton-qyteti-im%e2%80%9d\/#primaryimage"},"datePublished":"2011-12-07T16:49:04+00:00","dateModified":"2011-12-07T16:54:33+00:00","author":{"@id":"https:\/\/www.visit-ulcinj.com\/blog\/#\/schema\/person\/dcab619c614d3038751c63bc2aadc06d"},"description":"&nbsp; Podgoric\u00eb, 7 dhjetor, 2011 &nbsp; F T E S \u00cb \u00a0 MALI I ZI n\u00eb BASHKIMIN EVROPIAN: \u201c\u00c7far\u00eb p\u00ebrfitoj UN\u00cb, e \u00e7far\u00eb p\u00ebrfiton QYTETI im?\u201d \u00a0 Qendra p\u00ebr","breadcrumb":{"@id":"https:\/\/www.visit-ulcinj.com\/blog\/2011\/12\/07\/ftese-mali-i-zi-ne-bashkimin-evropian-%e2%80%9ccfare-perfitoj-une-e-cfare-perfiton-qyteti-im%e2%80%9d\/#breadcrumb"},"inLanguage":"en-US","potentialAction":[{"@type":"ReadAction","target":["https:\/\/www.visit-ulcinj.com\/blog\/2011\/12\/07\/ftese-mali-i-zi-ne-bashkimin-evropian-%e2%80%9ccfare-perfitoj-une-e-cfare-perfiton-qyteti-im%e2%80%9d\/"]}]},{"@type":"BreadcrumbList","@id":"https:\/\/www.visit-ulcinj.com\/blog\/2011\/12\/07\/ftese-mali-i-zi-ne-bashkimin-evropian-%e2%80%9ccfare-perfitoj-une-e-cfare-perfiton-qyteti-im%e2%80%9d\/#breadcrumb","itemListElement":[{"@type":"ListItem","position":1,"name":"Ftes\u00eb: Mali i Zi n\u00eb Bashkimin Evropian: \u201c\u00c7far\u00eb p\u00ebrfitoj UN\u00cb, e \u00e7far\u00eb p\u00ebrfiton QYTETI im?\u201d"}]},{"@type":"Person","@id":"https:\/\/www.visit-ulcinj.com\/blog\/#\/schema\/person\/dcab619c614d3038751c63bc2aadc06d","name":"ulqini","sameAs":["http:\/\/www.visit-ulcinj.com"],"url":"https:\/\/www.visit-ulcinj.com\/blog\/author\/admin\/"}]}},"jetpack_featured_media_url":"","jetpack_sharing_enabled":true,"jetpack_shortlink":"https:\/\/wp.me\/pe6lTn-e54","_links":{"self":[{"href":"https:\/\/www.visit-ulcinj.com\/blog\/wp-json\/wp\/v2\/posts\/54130"}],"collection":[{"href":"https:\/\/www.visit-ulcinj.com\/blog\/wp-json\/wp\/v2\/posts"}],"about":[{"href":"https:\/\/www.visit-ulcinj.com\/blog\/wp-json\/wp\/v2\/types\/post"}],"author":[{"embeddable":true,"href":"https:\/\/www.visit-ulcinj.com\/blog\/wp-json\/wp\/v2\/users\/1"}],"replies":[{"embeddable":true,"href":"https:\/\/www.visit-ulcinj.com\/blog\/wp-json\/wp\/v2\/comments?post=54130"}],"version-history":[{"count":6,"href":"https:\/\/www.visit-ulcinj.com\/blog\/wp-json\/wp\/v2\/posts\/54130\/revisions"}],"predecessor-version":[{"id":54138,"href":"https:\/\/www.visit-ulcinj.com\/blog\/wp-json\/wp\/v2\/posts\/54130\/revisions\/54138"}],"wp:attachment":[{"href":"https:\/\/www.visit-ulcinj.com\/blog\/wp-json\/wp\/v2\/media?parent=54130"}],"wp:term":[{"taxonomy":"category","embeddable":true,"href":"https:\/\/www.visit-ulcinj.com\/blog\/wp-json\/wp\/v2\/categories?post=54130"},{"taxonomy":"post_tag","embeddable":true,"href":"https:\/\/www.visit-ulcinj.com\/blog\/wp-json\/wp\/v2\/tags?post=54130"}],"curies":[{"name":"wp","href":"https:\/\/api.w.org\/{rel}","templated":true}]}}