{"id":54143,"date":"2011-12-08T20:09:10","date_gmt":"2011-12-08T19:09:10","guid":{"rendered":"http:\/\/www.visit-ulcinj.com\/blog\/?p=54143"},"modified":"2011-12-08T20:09:10","modified_gmt":"2011-12-08T19:09:10","slug":"nvo-%e2%80%9emogul%e2%80%9d-predstavila-analizu-monitoringa-jp-%e2%80%9emorsko-dobro%e2%80%9d","status":"publish","type":"post","link":"https:\/\/www.visit-ulcinj.com\/blog\/2011\/12\/08\/nvo-%e2%80%9emogul%e2%80%9d-predstavila-analizu-monitoringa-jp-%e2%80%9emorsko-dobro%e2%80%9d\/","title":{"rendered":"NVO \u201eMogul\u201d predstavila analizu monitoringa JP \u201eMorsko Dobro\u201d"},"content":{"rendered":"<p><strong><a href=\"http:\/\/www.visit-ulcinj.com\/blog\/wp-content\/uploads\/2011\/12\/NVO-Mogul-Ulcinj_analiza-monitoringa-JP_Morsko-Dobro_Crna-Gora.jpg\"><img loading=\"lazy\" class=\"alignleft size-full wp-image-54144\" title=\"NVO Mogul Ulcinj_analiza monitoringa JP_Morsko Dobro_Crna Gora\" src=\"http:\/\/www.visit-ulcinj.com\/blog\/wp-content\/uploads\/2011\/12\/NVO-Mogul-Ulcinj_analiza-monitoringa-JP_Morsko-Dobro_Crna-Gora.jpg\" alt=\"\" width=\"508\" height=\"620\" \/><\/a>Sumnja u prihode iz Ulcinja<\/strong><\/p>\n<p><strong>Dritan Abazovi\u0107 izjavio je da je prosto nevjerovatno da su prihodi iz Ulcinja malo vi\u0161i od op\u0161tina Tivat i Kotor, a manji od Herceg Novog jer se u najju\u017enijoj op\u0161tini nalazi 56 odsto zone morskog dobra<\/strong><\/p>\n<p>ULCINj \u2013 Nevladina organizacija \u201eMogul\u201d iz Ulcinja izrazila je sumnju u podatke o ostvarenim prihodima JP za upravljanje morskim dobrom u najju\u017enijoj op\u0161tini. Na konferenciji za novinare, na kojoj je ta NVO predstavila rezultate monitoringa te institucije, predsjednik Upravnog odbora \u201eMogula\u201d Dritan Abazovi\u0107 izjavio je da \u201eprosto nevjerovatno da su su prihodi iz Ulcinja (528.000 eura), ne\u0161to malo vi\u0161i od op\u0161tina Tivat ( 398.000 eura) i Kotor (430.000 eura), a manji od Herceg Novog (648.000 eura).<br \/>\n\u2013 Ne vjerujemo u podatak JP \u201eMorsko dobro\u201d da je u 2011. godini iz najju\u017enije op\u0161tine prihodovano ne\u0161to preko pola miliona eura, jer je nelogi\u010dno da op\u0161tina u kojoj se nalazi 56.3 odsto zone morskog dobra, participira sa tako malim iznosom u ukupnim sredstvima koje to preduze\u0107e prihoduje sa Primorja. Nijedna od navedenih op\u0161tina po resursima ne mo\u017ee da se poredi sa op\u0161tinom Ulcinj. To izaziva sumnju i da ne bismo spekulisali tra\u017eili smo da nam se dostave svi zakupci, imenom i prezimenom kao i iznosi njihovih ugovora \u2013 kazao je Abazovi\u0107 i dodao da \u0107e \u201eMogul\u201c, ukoliko se poka\u017ee da je sve u redu o svemu obavijestiti javnost.<br \/>\n\u201eMogul\u201c je, prema njegovim rije\u010dima, podnio vi\u0161e od 73 zahtjeva za slobodan pristup informacijama razli\u010ditih vrsta, a ve\u0107ina se odnosila na instituciju Morskog dobra koja ustupa prostor pod zakup.<br \/>\n\u2013 Interesovalo nas je koliki su ostvareni prihodi iz op\u0161tine Ulcinj ali komparativno sa ostalim op\u0161tinama u toku 2010. i 2011. godine. Prema tim podacima u toku 2010. iz Ulcinja je prikupljeno 915 hiljada eura, od \u010dega 497.000 sa Bojane, koju oni vode kao posebnu op\u0161tinu u Crnoj Gori. To je ujedno godina u kojoj je \u201eMorsko dobro\u201d najvi\u0161e investiralo u Ulcinj (460.000 eura), a to se dogodilo jer je podr\u017ean projekat gradnje lu\u010dice Kacema. Ove godine ukupno je investirano 275 od 528 hiljada eura prihoda. Od ukupnih prihoda koje je JPMD ostvarilo u Crnoj Gori u iznosu od 3.5 miliona eura u Ulcinj je investirano 7.7 odsto \u0161to je, ako se izuzme pro\u0161la godina, konstatno zapostavljanje Ulcinja u odnosu na druge primorske op\u0161tine \u2013 rekao je Abazovi\u0107.<br \/>\n<a href=\"http:\/\/www.visit-ulcinj.com\/blog\/wp-content\/uploads\/2011\/12\/nvo_mogul_ulcinjska-nevladina-organizaciji_crna-gora.jpg\"><img loading=\"lazy\" class=\"alignleft size-full wp-image-54145\" title=\"nvo_mogul_ulcinjska-nevladina-organizaciji_crna-gora\" src=\"http:\/\/www.visit-ulcinj.com\/blog\/wp-content\/uploads\/2011\/12\/nvo_mogul_ulcinjska-nevladina-organizaciji_crna-gora.jpg\" alt=\"\" width=\"336\" height=\"338\" srcset=\"https:\/\/www.visit-ulcinj.com\/blog\/wp-content\/uploads\/2011\/12\/nvo_mogul_ulcinjska-nevladina-organizaciji_crna-gora.jpg 336w, https:\/\/www.visit-ulcinj.com\/blog\/wp-content\/uploads\/2011\/12\/nvo_mogul_ulcinjska-nevladina-organizaciji_crna-gora-150x150.jpg 150w, https:\/\/www.visit-ulcinj.com\/blog\/wp-content\/uploads\/2011\/12\/nvo_mogul_ulcinjska-nevladina-organizaciji_crna-gora-298x300.jpg 298w\" sizes=\"(max-width: 336px) 100vw, 336px\" \/><\/a>On je kao primjere zapostavljanja interesa i marginalizacije najju\u017enije op\u0161tine naveo nekoliko slu\u010dajeva.<br \/>\n\u2013 Svega tri Ulcinjanina rade u jednoj od osam organizacionih jedinica tog preduze\u0107a. To je, ako govorimo u procentima, 4.6 odsto zaposlenih, \u0161to je po na\u0161em mi\u0161ljenju kriminalno mali broj. Pet \u010dlanova UO JP \u201eMorsko dobro\u201d za godinu dana prihodovalo je 74.000 eura, odnosno 1.233 eura po osobi. U njihovim primanjima u\u010destvuju i Ulcinjani, ali oni ipak nisu bili sposobni da zaposle nijednu osobu iz Ulcinja i obezbijede im plate, pa zaista ne mo\u017eemo govoriti o korektnosti. Tako\u0111e, Ulcinja nije bilo nigdje ni u programu tro\u0161kova za odr\u017eavanje zelenila u zoni morskog dobra 2010. godine. Sve ostale op\u0161tine podijelile su 77.000 eura a razlog za\u0161to nas nema nije poznat \u2013 naglasio je Abazovi\u0107. Koordinator te NVO D\u017eemal Perovi\u0107 saop\u0161tio je da je u toku nekoliko projekata kojima je tema antikorupcija a imaju za cilj pove\u0107anje nivoa odgovornosti institucija vlasti u vr\u0161enju javnih funkcija i pove\u0107anje interesovanja gra\u0111ana za aktuelne probleme lokalne zajednice.<\/p>\n<p><a href=\"http:\/\/www.dan.co.me\/?nivo=3&amp;rubrika=Regioni&amp;clanak=310359&amp;datum=2011-12-08\" target=\"_blank\"><strong>M.Kne\u017eevi\u0107<\/strong><br \/>\n<strong> DAN<\/strong><\/a><\/p>\n<p><strong> Ulcinj podijeljen na dvije op\u0161tine<\/strong><\/p>\n<p>U dokumentu Javnog preduze\u0107a za upravljanje morskim dobrom, koji prikazuje prihode po op\u0161tinama u 2010. i 2011. godini stoji da u Crnoj Gori postoji sedam primorskih op\u0161tina u kojima se nalazi zona morskog dobra. Pored Herceg Novog, Kotora, Tivta, Budve, Bara i Ulcinja, kao sedma op\u0161tina navedena je Bojana \u2013Ulcinj. Za\u0161to je Ulcinj podijeljen na dvije op\u0161tine u NVO \u201eMogul\u201c nisu znali, ali su najavili da \u0107e tra\u017eiti obja\u0161njenje.<br \/>\n\u2013 Mi smo podatke za Bojanu i Ulcinj podveli pod jednu op\u0161tinu jer se radi o prihodu koji dolazi iz nepodijeljene op\u0161tine. Da li je u pitanju tehni\u010dka gre\u0161ka ili ne\u0161to drugo vidje\u0107emo, nadamo se uskoro \u2013 rekao je Abazovi\u0107.<\/p>\n<p><a href=\"http:\/\/www.dan.co.me\/?nivo=3&amp;rubrika=Regioni&amp;clanak=310359&amp;datum=2011-12-08\" target=\"_blank\"><strong>Izvor\u00a0: DAN<\/strong><\/a><\/p>\n<!--YouTube Error: bad URL entered-->\n","protected":false},"excerpt":{"rendered":"<p>Sumnja u prihode iz Ulcinja Dritan Abazovi\u0107 izjavio je da je prosto nevjerovatno da su prihodi iz Ulcinja malo vi\u0161i od op\u0161tina Tivat i Kotor, a manji od Herceg Novog jer se u najju\u017enijoj op\u0161tini nalazi 56 odsto zone morskog dobra ULCINj \u2013 Nevladina organizacija \u201eMogul\u201d iz Ulcinja izrazila je sumnju u podatke o ostvarenim [&hellip;]<\/p>\n","protected":false},"author":1,"featured_media":0,"comment_status":"open","ping_status":"closed","sticky":false,"template":"","format":"standard","meta":{"spay_email":"","jetpack_publicize_message":"","jetpack_is_tweetstorm":false,"jetpack_publicize_feature_enabled":true},"categories":[8337],"tags":[138,19582,13706,15077,19580,19581,849,136,265],"jetpack_publicize_connections":[],"yoast_head":"<!-- This site is optimized with the Yoast SEO plugin v19.1 - https:\/\/yoast.com\/wordpress\/plugins\/seo\/ -->\n<title>NVO \u201eMogul\u201d predstavila analizu monitoringa JP \u201eMorsko Dobro\u201d - Lajme nga Ulqini<\/title>\n<meta name=\"description\" content=\"Sumnja u prihode iz Ulcinja Dritan Abazovi\u0107 izjavio je da je prosto nevjerovatno da su prihodi iz Ulcinja malo vi\u0161i od op\u0161tina Tivat i Kotor, a manji od\" \/>\n<meta name=\"robots\" content=\"index, follow, max-snippet:-1, max-image-preview:large, max-video-preview:-1\" \/>\n<link rel=\"canonical\" href=\"https:\/\/www.visit-ulcinj.com\/blog\/2011\/12\/08\/nvo-\u201emogul\u201d-predstavila-analizu-monitoringa-jp-\u201emorsko-dobro\u201d\/\" \/>\n<meta property=\"og:locale\" content=\"en_US\" \/>\n<meta property=\"og:type\" content=\"article\" \/>\n<meta property=\"og:title\" content=\"NVO \u201eMogul\u201d predstavila analizu monitoringa JP \u201eMorsko Dobro\u201d - Lajme nga Ulqini\" \/>\n<meta property=\"og:description\" content=\"Sumnja u prihode iz Ulcinja Dritan Abazovi\u0107 izjavio je da je prosto nevjerovatno da su prihodi iz Ulcinja malo vi\u0161i od op\u0161tina Tivat i Kotor, a manji od\" \/>\n<meta property=\"og:url\" content=\"https:\/\/www.visit-ulcinj.com\/blog\/2011\/12\/08\/nvo-\u201emogul\u201d-predstavila-analizu-monitoringa-jp-\u201emorsko-dobro\u201d\/\" \/>\n<meta property=\"og:site_name\" content=\"Lajme nga Ulqini\" \/>\n<meta property=\"article:published_time\" content=\"2011-12-08T19:09:10+00:00\" \/>\n<meta property=\"og:image\" content=\"http:\/\/www.visit-ulcinj.com\/blog\/wp-content\/uploads\/2011\/12\/NVO-Mogul-Ulcinj_analiza-monitoringa-JP_Morsko-Dobro_Crna-Gora.jpg\" \/>\n<meta name=\"twitter:label1\" content=\"Written by\" \/>\n\t<meta name=\"twitter:data1\" content=\"ulqini\" \/>\n\t<meta name=\"twitter:label2\" content=\"Est. reading time\" \/>\n\t<meta name=\"twitter:data2\" content=\"4 minutes\" \/>\n<script type=\"application\/ld+json\" class=\"yoast-schema-graph\">{\"@context\":\"https:\/\/schema.org\",\"@graph\":[{\"@type\":\"WebSite\",\"@id\":\"https:\/\/www.visit-ulcinj.com\/blog\/#website\",\"url\":\"https:\/\/www.visit-ulcinj.com\/blog\/\",\"name\":\"Lajme nga Ulqini\",\"description\":\"Lajme,Vijesti,Ulqini,Ulqin,Crna Gora,Mali i Zi\",\"potentialAction\":[{\"@type\":\"SearchAction\",\"target\":{\"@type\":\"EntryPoint\",\"urlTemplate\":\"https:\/\/www.visit-ulcinj.com\/blog\/?s={search_term_string}\"},\"query-input\":\"required name=search_term_string\"}],\"inLanguage\":\"en-US\"},{\"@type\":\"ImageObject\",\"inLanguage\":\"en-US\",\"@id\":\"https:\/\/www.visit-ulcinj.com\/blog\/2011\/12\/08\/nvo-%e2%80%9emogul%e2%80%9d-predstavila-analizu-monitoringa-jp-%e2%80%9emorsko-dobro%e2%80%9d\/#primaryimage\",\"url\":\"https:\/\/www.visit-ulcinj.com\/blog\/wp-content\/uploads\/2011\/12\/NVO-Mogul-Ulcinj_analiza-monitoringa-JP_Morsko-Dobro_Crna-Gora.jpg\",\"contentUrl\":\"https:\/\/www.visit-ulcinj.com\/blog\/wp-content\/uploads\/2011\/12\/NVO-Mogul-Ulcinj_analiza-monitoringa-JP_Morsko-Dobro_Crna-Gora.jpg\",\"width\":\"540\",\"height\":\"958\"},{\"@type\":\"WebPage\",\"@id\":\"https:\/\/www.visit-ulcinj.com\/blog\/2011\/12\/08\/nvo-%e2%80%9emogul%e2%80%9d-predstavila-analizu-monitoringa-jp-%e2%80%9emorsko-dobro%e2%80%9d\/#webpage\",\"url\":\"https:\/\/www.visit-ulcinj.com\/blog\/2011\/12\/08\/nvo-%e2%80%9emogul%e2%80%9d-predstavila-analizu-monitoringa-jp-%e2%80%9emorsko-dobro%e2%80%9d\/\",\"name\":\"NVO \u201eMogul\u201d predstavila analizu monitoringa JP \u201eMorsko Dobro\u201d - Lajme nga Ulqini\",\"isPartOf\":{\"@id\":\"https:\/\/www.visit-ulcinj.com\/blog\/#website\"},\"primaryImageOfPage\":{\"@id\":\"https:\/\/www.visit-ulcinj.com\/blog\/2011\/12\/08\/nvo-%e2%80%9emogul%e2%80%9d-predstavila-analizu-monitoringa-jp-%e2%80%9emorsko-dobro%e2%80%9d\/#primaryimage\"},\"datePublished\":\"2011-12-08T19:09:10+00:00\",\"dateModified\":\"2011-12-08T19:09:10+00:00\",\"author\":{\"@id\":\"https:\/\/www.visit-ulcinj.com\/blog\/#\/schema\/person\/dcab619c614d3038751c63bc2aadc06d\"},\"description\":\"Sumnja u prihode iz Ulcinja Dritan Abazovi\u0107 izjavio je da je prosto nevjerovatno da su prihodi iz Ulcinja malo vi\u0161i od op\u0161tina Tivat i Kotor, a manji od\",\"breadcrumb\":{\"@id\":\"https:\/\/www.visit-ulcinj.com\/blog\/2011\/12\/08\/nvo-%e2%80%9emogul%e2%80%9d-predstavila-analizu-monitoringa-jp-%e2%80%9emorsko-dobro%e2%80%9d\/#breadcrumb\"},\"inLanguage\":\"en-US\",\"potentialAction\":[{\"@type\":\"ReadAction\",\"target\":[\"https:\/\/www.visit-ulcinj.com\/blog\/2011\/12\/08\/nvo-%e2%80%9emogul%e2%80%9d-predstavila-analizu-monitoringa-jp-%e2%80%9emorsko-dobro%e2%80%9d\/\"]}]},{\"@type\":\"BreadcrumbList\",\"@id\":\"https:\/\/www.visit-ulcinj.com\/blog\/2011\/12\/08\/nvo-%e2%80%9emogul%e2%80%9d-predstavila-analizu-monitoringa-jp-%e2%80%9emorsko-dobro%e2%80%9d\/#breadcrumb\",\"itemListElement\":[{\"@type\":\"ListItem\",\"position\":1,\"name\":\"NVO \u201eMogul\u201d predstavila analizu monitoringa JP \u201eMorsko Dobro\u201d\"}]},{\"@type\":\"Person\",\"@id\":\"https:\/\/www.visit-ulcinj.com\/blog\/#\/schema\/person\/dcab619c614d3038751c63bc2aadc06d\",\"name\":\"ulqini\",\"sameAs\":[\"http:\/\/www.visit-ulcinj.com\"],\"url\":\"https:\/\/www.visit-ulcinj.com\/blog\/author\/admin\/\"}]}<\/script>\n<!-- \/ Yoast SEO plugin. -->","yoast_head_json":{"title":"NVO \u201eMogul\u201d predstavila analizu monitoringa JP \u201eMorsko Dobro\u201d - Lajme nga Ulqini","description":"Sumnja u prihode iz Ulcinja Dritan Abazovi\u0107 izjavio je da je prosto nevjerovatno da su prihodi iz Ulcinja malo vi\u0161i od op\u0161tina Tivat i Kotor, a manji od","robots":{"index":"index","follow":"follow","max-snippet":"max-snippet:-1","max-image-preview":"max-image-preview:large","max-video-preview":"max-video-preview:-1"},"canonical":"https:\/\/www.visit-ulcinj.com\/blog\/2011\/12\/08\/nvo-\u201emogul\u201d-predstavila-analizu-monitoringa-jp-\u201emorsko-dobro\u201d\/","og_locale":"en_US","og_type":"article","og_title":"NVO \u201eMogul\u201d predstavila analizu monitoringa JP \u201eMorsko Dobro\u201d - Lajme nga Ulqini","og_description":"Sumnja u prihode iz Ulcinja Dritan Abazovi\u0107 izjavio je da je prosto nevjerovatno da su prihodi iz Ulcinja malo vi\u0161i od op\u0161tina Tivat i Kotor, a manji od","og_url":"https:\/\/www.visit-ulcinj.com\/blog\/2011\/12\/08\/nvo-\u201emogul\u201d-predstavila-analizu-monitoringa-jp-\u201emorsko-dobro\u201d\/","og_site_name":"Lajme nga Ulqini","article_published_time":"2011-12-08T19:09:10+00:00","og_image":[{"url":"http:\/\/www.visit-ulcinj.com\/blog\/wp-content\/uploads\/2011\/12\/NVO-Mogul-Ulcinj_analiza-monitoringa-JP_Morsko-Dobro_Crna-Gora.jpg"}],"twitter_misc":{"Written by":"ulqini","Est. reading time":"4 minutes"},"schema":{"@context":"https:\/\/schema.org","@graph":[{"@type":"WebSite","@id":"https:\/\/www.visit-ulcinj.com\/blog\/#website","url":"https:\/\/www.visit-ulcinj.com\/blog\/","name":"Lajme nga Ulqini","description":"Lajme,Vijesti,Ulqini,Ulqin,Crna Gora,Mali i Zi","potentialAction":[{"@type":"SearchAction","target":{"@type":"EntryPoint","urlTemplate":"https:\/\/www.visit-ulcinj.com\/blog\/?s={search_term_string}"},"query-input":"required name=search_term_string"}],"inLanguage":"en-US"},{"@type":"ImageObject","inLanguage":"en-US","@id":"https:\/\/www.visit-ulcinj.com\/blog\/2011\/12\/08\/nvo-%e2%80%9emogul%e2%80%9d-predstavila-analizu-monitoringa-jp-%e2%80%9emorsko-dobro%e2%80%9d\/#primaryimage","url":"https:\/\/www.visit-ulcinj.com\/blog\/wp-content\/uploads\/2011\/12\/NVO-Mogul-Ulcinj_analiza-monitoringa-JP_Morsko-Dobro_Crna-Gora.jpg","contentUrl":"https:\/\/www.visit-ulcinj.com\/blog\/wp-content\/uploads\/2011\/12\/NVO-Mogul-Ulcinj_analiza-monitoringa-JP_Morsko-Dobro_Crna-Gora.jpg","width":"540","height":"958"},{"@type":"WebPage","@id":"https:\/\/www.visit-ulcinj.com\/blog\/2011\/12\/08\/nvo-%e2%80%9emogul%e2%80%9d-predstavila-analizu-monitoringa-jp-%e2%80%9emorsko-dobro%e2%80%9d\/#webpage","url":"https:\/\/www.visit-ulcinj.com\/blog\/2011\/12\/08\/nvo-%e2%80%9emogul%e2%80%9d-predstavila-analizu-monitoringa-jp-%e2%80%9emorsko-dobro%e2%80%9d\/","name":"NVO \u201eMogul\u201d predstavila analizu monitoringa JP \u201eMorsko Dobro\u201d - Lajme nga Ulqini","isPartOf":{"@id":"https:\/\/www.visit-ulcinj.com\/blog\/#website"},"primaryImageOfPage":{"@id":"https:\/\/www.visit-ulcinj.com\/blog\/2011\/12\/08\/nvo-%e2%80%9emogul%e2%80%9d-predstavila-analizu-monitoringa-jp-%e2%80%9emorsko-dobro%e2%80%9d\/#primaryimage"},"datePublished":"2011-12-08T19:09:10+00:00","dateModified":"2011-12-08T19:09:10+00:00","author":{"@id":"https:\/\/www.visit-ulcinj.com\/blog\/#\/schema\/person\/dcab619c614d3038751c63bc2aadc06d"},"description":"Sumnja u prihode iz Ulcinja Dritan Abazovi\u0107 izjavio je da je prosto nevjerovatno da su prihodi iz Ulcinja malo vi\u0161i od op\u0161tina Tivat i Kotor, a manji od","breadcrumb":{"@id":"https:\/\/www.visit-ulcinj.com\/blog\/2011\/12\/08\/nvo-%e2%80%9emogul%e2%80%9d-predstavila-analizu-monitoringa-jp-%e2%80%9emorsko-dobro%e2%80%9d\/#breadcrumb"},"inLanguage":"en-US","potentialAction":[{"@type":"ReadAction","target":["https:\/\/www.visit-ulcinj.com\/blog\/2011\/12\/08\/nvo-%e2%80%9emogul%e2%80%9d-predstavila-analizu-monitoringa-jp-%e2%80%9emorsko-dobro%e2%80%9d\/"]}]},{"@type":"BreadcrumbList","@id":"https:\/\/www.visit-ulcinj.com\/blog\/2011\/12\/08\/nvo-%e2%80%9emogul%e2%80%9d-predstavila-analizu-monitoringa-jp-%e2%80%9emorsko-dobro%e2%80%9d\/#breadcrumb","itemListElement":[{"@type":"ListItem","position":1,"name":"NVO \u201eMogul\u201d predstavila analizu monitoringa JP \u201eMorsko Dobro\u201d"}]},{"@type":"Person","@id":"https:\/\/www.visit-ulcinj.com\/blog\/#\/schema\/person\/dcab619c614d3038751c63bc2aadc06d","name":"ulqini","sameAs":["http:\/\/www.visit-ulcinj.com"],"url":"https:\/\/www.visit-ulcinj.com\/blog\/author\/admin\/"}]}},"jetpack_featured_media_url":"","jetpack_sharing_enabled":true,"jetpack_shortlink":"https:\/\/wp.me\/pe6lTn-e5h","_links":{"self":[{"href":"https:\/\/www.visit-ulcinj.com\/blog\/wp-json\/wp\/v2\/posts\/54143"}],"collection":[{"href":"https:\/\/www.visit-ulcinj.com\/blog\/wp-json\/wp\/v2\/posts"}],"about":[{"href":"https:\/\/www.visit-ulcinj.com\/blog\/wp-json\/wp\/v2\/types\/post"}],"author":[{"embeddable":true,"href":"https:\/\/www.visit-ulcinj.com\/blog\/wp-json\/wp\/v2\/users\/1"}],"replies":[{"embeddable":true,"href":"https:\/\/www.visit-ulcinj.com\/blog\/wp-json\/wp\/v2\/comments?post=54143"}],"version-history":[{"count":1,"href":"https:\/\/www.visit-ulcinj.com\/blog\/wp-json\/wp\/v2\/posts\/54143\/revisions"}],"predecessor-version":[{"id":54146,"href":"https:\/\/www.visit-ulcinj.com\/blog\/wp-json\/wp\/v2\/posts\/54143\/revisions\/54146"}],"wp:attachment":[{"href":"https:\/\/www.visit-ulcinj.com\/blog\/wp-json\/wp\/v2\/media?parent=54143"}],"wp:term":[{"taxonomy":"category","embeddable":true,"href":"https:\/\/www.visit-ulcinj.com\/blog\/wp-json\/wp\/v2\/categories?post=54143"},{"taxonomy":"post_tag","embeddable":true,"href":"https:\/\/www.visit-ulcinj.com\/blog\/wp-json\/wp\/v2\/tags?post=54143"}],"curies":[{"name":"wp","href":"https:\/\/api.w.org\/{rel}","templated":true}]}}