{"id":54148,"date":"2011-12-08T20:31:21","date_gmt":"2011-12-08T19:31:21","guid":{"rendered":"http:\/\/www.visit-ulcinj.com\/blog\/?p=54148"},"modified":"2011-12-08T22:26:35","modified_gmt":"2011-12-08T21:26:35","slug":"mogul-ulqinit-po-i-rrembehen-resurset-natyrore","status":"publish","type":"post","link":"https:\/\/www.visit-ulcinj.com\/blog\/2011\/12\/08\/mogul-ulqinit-po-i-rrembehen-resurset-natyrore\/","title":{"rendered":"Mogul: Ulqinit po i rr\u00ebmbehen resurset natyrore"},"content":{"rendered":"<p><a href=\"http:\/\/www.visit-ulcinj.com\/blog\/wp-content\/uploads\/2011\/12\/Mogul_Ulqinit-po-i-rr%C3%ABmbehen-resurset-natyrore_picnik.jpg\"><img loading=\"lazy\" class=\"alignleft size-full wp-image-54149\" title=\"Mogul_Ulqinit po i rr\u00ebmbehen resurset natyrore_picnik\" src=\"http:\/\/www.visit-ulcinj.com\/blog\/wp-content\/uploads\/2011\/12\/Mogul_Ulqinit-po-i-rr%C3%ABmbehen-resurset-natyrore_picnik.jpg\" alt=\"\" width=\"508\" height=\"620\" \/><\/a>T\u00eb mirat detare n\u00eb 10 vitet e para t\u00eb pun\u00ebs s\u00eb vet nuk ka investuar as edhe nj\u00eb cent n\u00eb komun\u00ebn e Ulqinit, ka th\u00ebn\u00eb\u00a0 drejtori i Mogul-it, Xhemal Peroviq. Ai poashtu tha se nga Ulqini jan\u00eb thithur sasi t\u00eb m\u00ebdha t\u00eb parave.<\/p>\n<p>Dritan Abazoviqi ka th\u00ebn\u00eb se investimi i vet\u00ebm i T\u00eb mirave detare n\u00eb Ulqini \u00ebsht\u00eb nd\u00ebrtimi i portit t\u00eb vog\u00ebl Kacema.<br \/>\n\u2018\u2019N\u00eb vitin 2010 nga Ulqini n\u00eb Budva (selia e T\u00eb mirave detare) kan\u00eb shkuar 915523\u20ac dhe at\u00eb vit\u00eb T\u00eb mirat detare kan\u00eb nda 460000\u20ac p\u00ebr Ulqin ku 420000\u20ac kan\u00eb qen\u00eb vet\u00ebm p\u00ebr projektin e portit Kacema\u2019\u2019, ka th\u00ebn\u00eb Abazoviq, citon e p\u00ebrditshmja DAN.<br \/>\n<a href=\"http:\/\/www.visit-ulcinj.com\/blog\/wp-content\/uploads\/2011\/12\/Mogul_Ulqin_Xhemal-Peroviqi.jpg\"><img loading=\"lazy\" class=\"alignleft size-full wp-image-54150\" title=\"Mogul_Ulqin_Xhemal Peroviqi\" src=\"http:\/\/www.visit-ulcinj.com\/blog\/wp-content\/uploads\/2011\/12\/Mogul_Ulqin_Xhemal-Peroviqi.jpg\" alt=\"\" width=\"508\" height=\"330\" \/><\/a><\/p>\n<p>Ai poashtu ka shtuar se gjat\u00eb vitit 2011 T\u00eb mirat detare n\u00eb territorin e Malit t\u00eb Zi kan\u00eb investuar 3546000\u20ac, dhe prej k\u00ebsaj shume n\u00eb Ulqin jan\u00eb investuar vet\u00ebm 7.7%, \u00e7ka \u00ebsht\u00eb jokorrekte.<\/p>\n<p>Tem\u00eb tjet\u00ebr t\u00eb cilin Abazoviq e ka potencuar \u00ebsht\u00eb edhe dyshimi n\u00eb v\u00ebrtet\u00ebsin\u00eb e t\u00eb dh\u00ebnave rreth shum\u00ebs s\u00eb vjelur nga komuna e Ulqinit duke pretenduar se kjo shum\u00eb \u00ebsht\u00eb m\u00eb e madhe.<\/p>\n<p>Ai sqaron se T\u00eb mirat detare n\u00eb Ulqin zotrojn\u00eb 3300 hektar\u00eb tok\u00eb dhe se n\u00ebse merret p\u00ebr baz\u00eb \u00e7mimi minimal 100\u20ac\/m2,\u00a0 vihet n\u00eb p\u00ebrfundim se T\u00eb mirat detare kan\u00eb 3 miliard\u00eb e 300 milion euro vler\u00eb t\u00eb tok\u00ebs n\u00eb komun\u00ebn e Ulqinit.<\/p>\n<p>Fakt shum\u00eb interesant q\u00eb Mogul-i paraqiti kishte t\u00eb b\u00ebjn\u00eb me ndarjen e komun\u00ebs s\u00eb Ulqinit n\u00eb dy pjes\u00eb: Ulqini dhe Bojana (Buna) Ulqin. &#8221;A \u00ebsht\u00eb egabim teknik apo di\u00e7ka tjet\u00ebr do t\u00eb shohim, shpresojm\u00eb shum\u00eb shpejt&#8221;, p\u00ebrfundoi Abazoviq. <strong>\/Ulqini Online\/<\/strong><\/p>\n<!--YouTube Error: bad URL entered-->\n","protected":false},"excerpt":{"rendered":"<p>T\u00eb mirat detare n\u00eb 10 vitet e para t\u00eb pun\u00ebs s\u00eb vet nuk ka investuar as edhe nj\u00eb cent n\u00eb komun\u00ebn e Ulqinit, ka th\u00ebn\u00eb\u00a0 drejtori i Mogul-it, Xhemal Peroviq. Ai poashtu tha se nga Ulqini jan\u00eb thithur sasi t\u00eb m\u00ebdha t\u00eb parave. Dritan Abazoviqi ka th\u00ebn\u00eb se investimi i vet\u00ebm i T\u00eb mirave detare [&hellip;]<\/p>\n","protected":false},"author":1,"featured_media":0,"comment_status":"open","ping_status":"closed","sticky":false,"template":"","format":"standard","meta":{"spay_email":"","jetpack_publicize_message":"","jetpack_is_tweetstorm":false,"jetpack_publicize_feature_enabled":true},"categories":[10,1],"tags":[138,14351,17828,17834,18370,17811,14352,17831,18362,15136,14353,17808,17401,14354,12340,14355,17840,17839,18363,17835,17814,17810,17816,14356,17071,17807,3516,14652,3511,15139,17837,13701,10529,17827,10203,14358,222,17802,17812,17803,17820,17825,17817,17805,22011,305,17823,17832,14359,3506,17818,3499,214,17680,14360,14361,16210,17402,14362,19541,14363,18371,19501,3507,49,17800,498,3717,3500,1762,4625,115,14364,22008,19544,17799,3327,15140,17841,17826,15213,18236,13230,3512,17806,11648,18289,17838,95,3945,17813,17804,14365,15141,17836,14366,79,17073,18294,118,18368,18369,1653,1909,14367,4857,2354,17801,18360,19543,17822,14368,14369,19542,17824,14370,18291,10472,2083,3231,14371,41,3617,3946,15143,14372,14373,14374,17844,17821,18372,17830,17077,2800,18295,14375,17833,17829,899,5882,200,18,561,17819,17809,4265,14376],"jetpack_publicize_connections":[],"yoast_head":"<!-- This site is optimized with the Yoast SEO plugin v19.1 - https:\/\/yoast.com\/wordpress\/plugins\/seo\/ -->\n<title>Mogul: Ulqinit po i rr\u00ebmbehen resurset natyrore - Lajme nga Ulqini<\/title>\n<meta name=\"description\" content=\"T\u00eb mirat detare n\u00eb 10 vitet e para t\u00eb pun\u00ebs s\u00eb vet nuk ka investuar as edhe nj\u00eb cent n\u00eb komun\u00ebn e Ulqinit, ka th\u00ebn\u00eb\u00a0 drejtori i Mogul-it, Xhemal Peroviq.\" \/>\n<meta name=\"robots\" content=\"index, follow, max-snippet:-1, max-image-preview:large, max-video-preview:-1\" \/>\n<link rel=\"canonical\" href=\"https:\/\/www.visit-ulcinj.com\/blog\/2011\/12\/08\/mogul-ulqinit-po-i-rrembehen-resurset-natyrore\/\" \/>\n<meta property=\"og:locale\" content=\"en_US\" \/>\n<meta property=\"og:type\" content=\"article\" \/>\n<meta property=\"og:title\" content=\"Mogul: Ulqinit po i rr\u00ebmbehen resurset natyrore - Lajme nga Ulqini\" \/>\n<meta property=\"og:description\" content=\"T\u00eb mirat detare n\u00eb 10 vitet e para t\u00eb pun\u00ebs s\u00eb vet nuk ka investuar as edhe nj\u00eb cent n\u00eb komun\u00ebn e Ulqinit, ka th\u00ebn\u00eb\u00a0 drejtori i Mogul-it, Xhemal Peroviq.\" \/>\n<meta property=\"og:url\" content=\"https:\/\/www.visit-ulcinj.com\/blog\/2011\/12\/08\/mogul-ulqinit-po-i-rrembehen-resurset-natyrore\/\" \/>\n<meta property=\"og:site_name\" content=\"Lajme nga Ulqini\" \/>\n<meta property=\"article:published_time\" content=\"2011-12-08T19:31:21+00:00\" \/>\n<meta property=\"article:modified_time\" content=\"2011-12-08T21:26:35+00:00\" \/>\n<meta property=\"og:image\" content=\"http:\/\/www.visit-ulcinj.com\/blog\/wp-content\/uploads\/2011\/12\/Mogul_Ulqinit-po-i-rr%C3%ABmbehen-resurset-natyrore_picnik.jpg\" \/>\n<meta name=\"twitter:label1\" content=\"Written by\" \/>\n\t<meta name=\"twitter:data1\" content=\"ulqini\" \/>\n\t<meta name=\"twitter:label2\" content=\"Est. reading time\" \/>\n\t<meta name=\"twitter:data2\" content=\"1 minute\" \/>\n<script type=\"application\/ld+json\" class=\"yoast-schema-graph\">{\"@context\":\"https:\/\/schema.org\",\"@graph\":[{\"@type\":\"WebSite\",\"@id\":\"https:\/\/www.visit-ulcinj.com\/blog\/#website\",\"url\":\"https:\/\/www.visit-ulcinj.com\/blog\/\",\"name\":\"Lajme nga Ulqini\",\"description\":\"Lajme,Vijesti,Ulqini,Ulqin,Crna Gora,Mali i Zi\",\"potentialAction\":[{\"@type\":\"SearchAction\",\"target\":{\"@type\":\"EntryPoint\",\"urlTemplate\":\"https:\/\/www.visit-ulcinj.com\/blog\/?s={search_term_string}\"},\"query-input\":\"required name=search_term_string\"}],\"inLanguage\":\"en-US\"},{\"@type\":\"ImageObject\",\"inLanguage\":\"en-US\",\"@id\":\"https:\/\/www.visit-ulcinj.com\/blog\/2011\/12\/08\/mogul-ulqinit-po-i-rrembehen-resurset-natyrore\/#primaryimage\",\"url\":\"http:\/\/www.visit-ulcinj.com\/blog\/wp-content\/uploads\/2011\/12\/Mogul_Ulqinit-po-i-rr%C3%ABmbehen-resurset-natyrore_picnik.jpg\",\"contentUrl\":\"http:\/\/www.visit-ulcinj.com\/blog\/wp-content\/uploads\/2011\/12\/Mogul_Ulqinit-po-i-rr%C3%ABmbehen-resurset-natyrore_picnik.jpg\"},{\"@type\":\"WebPage\",\"@id\":\"https:\/\/www.visit-ulcinj.com\/blog\/2011\/12\/08\/mogul-ulqinit-po-i-rrembehen-resurset-natyrore\/#webpage\",\"url\":\"https:\/\/www.visit-ulcinj.com\/blog\/2011\/12\/08\/mogul-ulqinit-po-i-rrembehen-resurset-natyrore\/\",\"name\":\"Mogul: Ulqinit po i rr\u00ebmbehen resurset natyrore - Lajme nga Ulqini\",\"isPartOf\":{\"@id\":\"https:\/\/www.visit-ulcinj.com\/blog\/#website\"},\"primaryImageOfPage\":{\"@id\":\"https:\/\/www.visit-ulcinj.com\/blog\/2011\/12\/08\/mogul-ulqinit-po-i-rrembehen-resurset-natyrore\/#primaryimage\"},\"datePublished\":\"2011-12-08T19:31:21+00:00\",\"dateModified\":\"2011-12-08T21:26:35+00:00\",\"author\":{\"@id\":\"https:\/\/www.visit-ulcinj.com\/blog\/#\/schema\/person\/dcab619c614d3038751c63bc2aadc06d\"},\"description\":\"T\u00eb mirat detare n\u00eb 10 vitet e para t\u00eb pun\u00ebs s\u00eb vet nuk ka investuar as edhe nj\u00eb cent n\u00eb komun\u00ebn e Ulqinit, ka th\u00ebn\u00eb\u00a0 drejtori i Mogul-it, Xhemal Peroviq.\",\"breadcrumb\":{\"@id\":\"https:\/\/www.visit-ulcinj.com\/blog\/2011\/12\/08\/mogul-ulqinit-po-i-rrembehen-resurset-natyrore\/#breadcrumb\"},\"inLanguage\":\"en-US\",\"potentialAction\":[{\"@type\":\"ReadAction\",\"target\":[\"https:\/\/www.visit-ulcinj.com\/blog\/2011\/12\/08\/mogul-ulqinit-po-i-rrembehen-resurset-natyrore\/\"]}]},{\"@type\":\"BreadcrumbList\",\"@id\":\"https:\/\/www.visit-ulcinj.com\/blog\/2011\/12\/08\/mogul-ulqinit-po-i-rrembehen-resurset-natyrore\/#breadcrumb\",\"itemListElement\":[{\"@type\":\"ListItem\",\"position\":1,\"name\":\"Mogul: Ulqinit po i rr\u00ebmbehen resurset natyrore\"}]},{\"@type\":\"Person\",\"@id\":\"https:\/\/www.visit-ulcinj.com\/blog\/#\/schema\/person\/dcab619c614d3038751c63bc2aadc06d\",\"name\":\"ulqini\",\"sameAs\":[\"http:\/\/www.visit-ulcinj.com\"],\"url\":\"https:\/\/www.visit-ulcinj.com\/blog\/author\/admin\/\"}]}<\/script>\n<!-- \/ Yoast SEO plugin. -->","yoast_head_json":{"title":"Mogul: Ulqinit po i rr\u00ebmbehen resurset natyrore - Lajme nga Ulqini","description":"T\u00eb mirat detare n\u00eb 10 vitet e para t\u00eb pun\u00ebs s\u00eb vet nuk ka investuar as edhe nj\u00eb cent n\u00eb komun\u00ebn e Ulqinit, ka th\u00ebn\u00eb\u00a0 drejtori i Mogul-it, Xhemal Peroviq.","robots":{"index":"index","follow":"follow","max-snippet":"max-snippet:-1","max-image-preview":"max-image-preview:large","max-video-preview":"max-video-preview:-1"},"canonical":"https:\/\/www.visit-ulcinj.com\/blog\/2011\/12\/08\/mogul-ulqinit-po-i-rrembehen-resurset-natyrore\/","og_locale":"en_US","og_type":"article","og_title":"Mogul: Ulqinit po i rr\u00ebmbehen resurset natyrore - Lajme nga Ulqini","og_description":"T\u00eb mirat detare n\u00eb 10 vitet e para t\u00eb pun\u00ebs s\u00eb vet nuk ka investuar as edhe nj\u00eb cent n\u00eb komun\u00ebn e Ulqinit, ka th\u00ebn\u00eb\u00a0 drejtori i Mogul-it, Xhemal Peroviq.","og_url":"https:\/\/www.visit-ulcinj.com\/blog\/2011\/12\/08\/mogul-ulqinit-po-i-rrembehen-resurset-natyrore\/","og_site_name":"Lajme nga Ulqini","article_published_time":"2011-12-08T19:31:21+00:00","article_modified_time":"2011-12-08T21:26:35+00:00","og_image":[{"url":"http:\/\/www.visit-ulcinj.com\/blog\/wp-content\/uploads\/2011\/12\/Mogul_Ulqinit-po-i-rr%C3%ABmbehen-resurset-natyrore_picnik.jpg"}],"twitter_misc":{"Written by":"ulqini","Est. reading time":"1 minute"},"schema":{"@context":"https:\/\/schema.org","@graph":[{"@type":"WebSite","@id":"https:\/\/www.visit-ulcinj.com\/blog\/#website","url":"https:\/\/www.visit-ulcinj.com\/blog\/","name":"Lajme nga Ulqini","description":"Lajme,Vijesti,Ulqini,Ulqin,Crna Gora,Mali i Zi","potentialAction":[{"@type":"SearchAction","target":{"@type":"EntryPoint","urlTemplate":"https:\/\/www.visit-ulcinj.com\/blog\/?s={search_term_string}"},"query-input":"required name=search_term_string"}],"inLanguage":"en-US"},{"@type":"ImageObject","inLanguage":"en-US","@id":"https:\/\/www.visit-ulcinj.com\/blog\/2011\/12\/08\/mogul-ulqinit-po-i-rrembehen-resurset-natyrore\/#primaryimage","url":"http:\/\/www.visit-ulcinj.com\/blog\/wp-content\/uploads\/2011\/12\/Mogul_Ulqinit-po-i-rr%C3%ABmbehen-resurset-natyrore_picnik.jpg","contentUrl":"http:\/\/www.visit-ulcinj.com\/blog\/wp-content\/uploads\/2011\/12\/Mogul_Ulqinit-po-i-rr%C3%ABmbehen-resurset-natyrore_picnik.jpg"},{"@type":"WebPage","@id":"https:\/\/www.visit-ulcinj.com\/blog\/2011\/12\/08\/mogul-ulqinit-po-i-rrembehen-resurset-natyrore\/#webpage","url":"https:\/\/www.visit-ulcinj.com\/blog\/2011\/12\/08\/mogul-ulqinit-po-i-rrembehen-resurset-natyrore\/","name":"Mogul: Ulqinit po i rr\u00ebmbehen resurset natyrore - Lajme nga Ulqini","isPartOf":{"@id":"https:\/\/www.visit-ulcinj.com\/blog\/#website"},"primaryImageOfPage":{"@id":"https:\/\/www.visit-ulcinj.com\/blog\/2011\/12\/08\/mogul-ulqinit-po-i-rrembehen-resurset-natyrore\/#primaryimage"},"datePublished":"2011-12-08T19:31:21+00:00","dateModified":"2011-12-08T21:26:35+00:00","author":{"@id":"https:\/\/www.visit-ulcinj.com\/blog\/#\/schema\/person\/dcab619c614d3038751c63bc2aadc06d"},"description":"T\u00eb mirat detare n\u00eb 10 vitet e para t\u00eb pun\u00ebs s\u00eb vet nuk ka investuar as edhe nj\u00eb cent n\u00eb komun\u00ebn e Ulqinit, ka th\u00ebn\u00eb\u00a0 drejtori i Mogul-it, Xhemal Peroviq.","breadcrumb":{"@id":"https:\/\/www.visit-ulcinj.com\/blog\/2011\/12\/08\/mogul-ulqinit-po-i-rrembehen-resurset-natyrore\/#breadcrumb"},"inLanguage":"en-US","potentialAction":[{"@type":"ReadAction","target":["https:\/\/www.visit-ulcinj.com\/blog\/2011\/12\/08\/mogul-ulqinit-po-i-rrembehen-resurset-natyrore\/"]}]},{"@type":"BreadcrumbList","@id":"https:\/\/www.visit-ulcinj.com\/blog\/2011\/12\/08\/mogul-ulqinit-po-i-rrembehen-resurset-natyrore\/#breadcrumb","itemListElement":[{"@type":"ListItem","position":1,"name":"Mogul: Ulqinit po i rr\u00ebmbehen resurset natyrore"}]},{"@type":"Person","@id":"https:\/\/www.visit-ulcinj.com\/blog\/#\/schema\/person\/dcab619c614d3038751c63bc2aadc06d","name":"ulqini","sameAs":["http:\/\/www.visit-ulcinj.com"],"url":"https:\/\/www.visit-ulcinj.com\/blog\/author\/admin\/"}]}},"jetpack_featured_media_url":"","jetpack_sharing_enabled":true,"jetpack_shortlink":"https:\/\/wp.me\/pe6lTn-e5m","_links":{"self":[{"href":"https:\/\/www.visit-ulcinj.com\/blog\/wp-json\/wp\/v2\/posts\/54148"}],"collection":[{"href":"https:\/\/www.visit-ulcinj.com\/blog\/wp-json\/wp\/v2\/posts"}],"about":[{"href":"https:\/\/www.visit-ulcinj.com\/blog\/wp-json\/wp\/v2\/types\/post"}],"author":[{"embeddable":true,"href":"https:\/\/www.visit-ulcinj.com\/blog\/wp-json\/wp\/v2\/users\/1"}],"replies":[{"embeddable":true,"href":"https:\/\/www.visit-ulcinj.com\/blog\/wp-json\/wp\/v2\/comments?post=54148"}],"version-history":[{"count":3,"href":"https:\/\/www.visit-ulcinj.com\/blog\/wp-json\/wp\/v2\/posts\/54148\/revisions"}],"predecessor-version":[{"id":54173,"href":"https:\/\/www.visit-ulcinj.com\/blog\/wp-json\/wp\/v2\/posts\/54148\/revisions\/54173"}],"wp:attachment":[{"href":"https:\/\/www.visit-ulcinj.com\/blog\/wp-json\/wp\/v2\/media?parent=54148"}],"wp:term":[{"taxonomy":"category","embeddable":true,"href":"https:\/\/www.visit-ulcinj.com\/blog\/wp-json\/wp\/v2\/categories?post=54148"},{"taxonomy":"post_tag","embeddable":true,"href":"https:\/\/www.visit-ulcinj.com\/blog\/wp-json\/wp\/v2\/tags?post=54148"}],"curies":[{"name":"wp","href":"https:\/\/api.w.org\/{rel}","templated":true}]}}