{"id":54155,"date":"2011-12-08T22:08:02","date_gmt":"2011-12-08T21:08:02","guid":{"rendered":"http:\/\/www.visit-ulcinj.com\/blog\/?p=54155"},"modified":"2011-12-11T18:17:52","modified_gmt":"2011-12-11T17:17:52","slug":"gjendet-ne-liqen-kufoma-e-peshkatarit-te-zhdukur-lulzim-pali","status":"publish","type":"post","link":"https:\/\/www.visit-ulcinj.com\/blog\/2011\/12\/08\/gjendet-ne-liqen-kufoma-e-peshkatarit-te-zhdukur-lulzim-pali\/","title":{"rendered":"Gjendet n\u00eb liqen kufoma e peshkatarit t\u00eb zhdukur Lulzim Pali"},"content":{"rendered":"<p><a class=\"alignleft size-full wp-image-54167\" title=\"Lulzim Paleviq_Ostros_Muriq_Kraj\u00eb-2\"><img loading=\"lazy\" class=\"alignleft size-full wp-image-54167\" title=\"Lulzim Paleviq_Ostros_Muriq_Kraj\u00eb-2\" src=\"http:\/\/www.visit-ulcinj.com\/blog\/wp-content\/uploads\/2011\/12\/Lulzim-Paleviq_Ostros_Muriq_Kraj%C3%AB-2.jpg\" alt=\"\" width=\"252\" height=\"186\" \/><\/a><strong>Njesite lundruese te plocise kufitare te Malit te Zi, kane zbuluar mbremjen e se premtes trupin e pa jete te Lulzim Paleviq, i cili u konsideruar i humbur qe nga mesdita e se enjtes pasi lundera me te cilen ai dhe shoku i tij (Senad Xhaferi) ishin, u permbys nga valet e Liqenit te Shkodres.<\/strong><\/p>\n<p>&#8220;Reth ores 20:40 me ndihmen e &#8220;sonar&#8221; eshte zbuluar ne fund te liqenit, ne veri-lindje te ishullit &#8220;Beshka&#8221; trupi i pa jete i nje te riu. Ne menduam se ky ishte trupi i peshkatarit te zhdukur Lulzim Paleviq, pasi nuk kemi pasur raportime per ndonje te zhdukur tjeter ne Liqenin e Shkodres.&#8221; ka thene per gazeten &#8220;Vijesti&#8221; nga policia kufitare ujore.<\/p>\n<p>Vetem mengjesin e sotem (e shtune) reth ore 9:30, zhytesit e sektorit anti-terror (SAJ)\u00a0 te njesise se policise ka xjerre nga uji trupin e pajete te te ndjerit. Ai u gjend ne nje thellesi prej 7 metrave, pas nje kerkimi 45 minutash nga anetaret e SAJ dhe eshte derguar sipas ligjit ne Pogdorice.<\/p>\n<p>Reth ores 16:00 te se premtes, ne afersi te ishullit &#8220;Gorica e Madhe&#8221; reth 10 kilometra larg vendit te ngjarjes, jane gjetur pjese te lundres me te cilen mendohet se po lundronin dy peshkataret Lulzim Paleviq dhe Senad Xhaferi.<\/p>\n<p>Ne oret e mengjesit te se premtes ne kerkim te personit te zhdukur ishin vendosur edhe oficere te Sherbimit Hidrometeorologjik, Departamenti per Hidrografi dhe oqeanografi, me pajisje te posacme &#8220;Sonar&#8221; qe mundesonin shikimin ne fund te liqenit me tre dimenzione. Poashtu ne ndihme te ketyre kane qene dhe reth 20 lundra te peshkatareve nga Muriqi dhe Kraja. Policia tha se skenimet ishin kryer mbi 4 kilomtra te liqenit.<\/p>\n<p>Lulzim Paleviq dhe Senad Xhaferi ishin nisur mengjesin e te enjtes per peshkim, por nje stuhi e fuqishme qe perfshiu Liqenin e Shkodres rreth ores 11:00, morri me vehte lundren me te cilen ato ndodheshin. Senad Xhaferi arrit te shpetoje duke u mbajtur per rezervarin e karburantit, dhe pastaj te notoje deri ne breg, por i ndjeri Lulzim Paleviq nuk arriti te shpetoje dhe u konsiderua i zhdukur deri mremjen e se premtes, pasi nuk u gjeten asnje gjurme e tij.<strong>\/KrajaOnline\/<\/strong><\/p>\n<p>&nbsp;<\/p>\n<p><strong>Zhduket Lulzim Pali n\u00eb uj\u00ebrat e liqenit t\u00eb Shkodr\u00ebs<\/strong><\/p>\n<p>Policia \u00ebsht\u00eb n\u00eb k\u00ebrkim\u00a0 Lulzim Palit i cili u zhduk dit\u00ebn e sodit ka ora 11 n\u00eb uj\u00ebrat e liqenit e Shkodr\u00ebs.<\/p>\n<p>Rreth nj\u00ebzet banor\u00eb jan\u00eb mbledhur n\u00eb brigjet e liqenit t\u00eb Shkodr\u00ebs n\u00eb Muriq, p\u00ebr t\u00eb ndihmuar nj\u00ebsit\u00eb t\u00eb policis\u00eb q\u00eb jan\u00eb v\u00ebn\u00eb n\u00eb k\u00ebrkim me anije lundruese, njoftojn\u00eb mediat elektronike malazeze Vijesti dhe CDM.<br \/>\nPolicia dyshon se i riu u u zhduk kur stuhia e madhe p\u00ebrmbysi lundr\u00ebn n\u00eb t\u00eb cil\u00ebn ai ishte.<\/p>\n<p>Lulzimi ishte n\u00eb anije s\u00eb bashku me Senad Xhaferin i cili arriti t\u00eb notoj\u00eb deri te bregu dhe menj\u00ebher\u00eb njoftoi p\u00ebr ngjarjen. Xhaferi shp\u00ebtoi\u00a0 duke u kapur p\u00ebr rezervuarin e karburantit i cili e ka mbajtur n\u00eb sip\u00ebrfaqe. Ai i tha policis\u00eb se ishte s\u00eb bashku me Lulzimin, i cili ra n\u00eb uj\u00ebrat e liqenit dhe m\u00eb pas nuk ka mundur ta shoh m\u00eb.<\/p>\n<p>Aksioni p\u00ebr gjetjen dhe shp\u00ebtimin vazhdon akoma. <strong>\/Ulqini Online\/<br \/>\n\n\t\t<style type=\"text\/css\">\n\t\t\t#gallery-1 {\n\t\t\t\tmargin: auto;\n\t\t\t}\n\t\t\t#gallery-1 .gallery-item {\n\t\t\t\tfloat: left;\n\t\t\t\tmargin-top: 10px;\n\t\t\t\ttext-align: center;\n\t\t\t\twidth: 50%;\n\t\t\t}\n\t\t\t#gallery-1 img {\n\t\t\t\tborder: 2px solid #cfcfcf;\n\t\t\t}\n\t\t\t#gallery-1 .gallery-caption {\n\t\t\t\tmargin-left: 0;\n\t\t\t}\n\t\t\t\/* see gallery_shortcode() in wp-includes\/media.php *\/\n\t\t<\/style>\n\t\t<div id='gallery-1' class='gallery galleryid-54155 gallery-columns-2 gallery-size-thumbnail'><dl class='gallery-item'>\n\t\t\t<dt class='gallery-icon landscape'>\n\t\t\t\t<a href='https:\/\/www.visit-ulcinj.com\/blog\/wp-content\/uploads\/2011\/12\/Ishulli-Beshka_Muriq_Ostros.1.jpg'><img width=\"150\" height=\"150\" src=\"https:\/\/www.visit-ulcinj.com\/blog\/wp-content\/uploads\/2011\/12\/Ishulli-Beshka_Muriq_Ostros.1-150x150.jpg\" class=\"attachment-thumbnail size-thumbnail\" alt=\"\" loading=\"lazy\" \/><\/a>\n\t\t\t<\/dt><\/dl><dl class='gallery-item'>\n\t\t\t<dt class='gallery-icon landscape'>\n\t\t\t\t<a href='https:\/\/www.visit-ulcinj.com\/blog\/wp-content\/uploads\/2011\/12\/Ishulli-Beshka_Muriq_Ostros.jpg'><img width=\"150\" height=\"150\" src=\"https:\/\/www.visit-ulcinj.com\/blog\/wp-content\/uploads\/2011\/12\/Ishulli-Beshka_Muriq_Ostros-150x150.jpg\" class=\"attachment-thumbnail size-thumbnail\" alt=\"\" loading=\"lazy\" \/><\/a>\n\t\t\t<\/dt><\/dl><br style=\"clear: both\" \/><dl class='gallery-item'>\n\t\t\t<dt class='gallery-icon landscape'>\n\t\t\t\t<a href='https:\/\/www.visit-ulcinj.com\/blog\/wp-content\/uploads\/2011\/12\/Policija-trazi-Paljevica-kod-ostrva-Beska.jpg'><img width=\"150\" height=\"150\" src=\"https:\/\/www.visit-ulcinj.com\/blog\/wp-content\/uploads\/2011\/12\/Policija-trazi-Paljevica-kod-ostrva-Beska-150x150.jpg\" class=\"attachment-thumbnail size-thumbnail\" alt=\"\" loading=\"lazy\" \/><\/a>\n\t\t\t<\/dt><\/dl><dl class='gallery-item'>\n\t\t\t<dt class='gallery-icon landscape'>\n\t\t\t\t<a href='https:\/\/www.visit-ulcinj.com\/blog\/wp-content\/uploads\/2011\/12\/Mjestani-Murica-pomazu-u-potrazi.jpg'><img width=\"150\" height=\"150\" src=\"https:\/\/www.visit-ulcinj.com\/blog\/wp-content\/uploads\/2011\/12\/Mjestani-Murica-pomazu-u-potrazi-150x150.jpg\" class=\"attachment-thumbnail size-thumbnail\" alt=\"\" loading=\"lazy\" aria-describedby=\"gallery-1-54216\" \/><\/a>\n\t\t\t<\/dt>\n\t\t\t\t<dd class='wp-caption-text gallery-caption' id='gallery-1-54216'>\n\t\t\t\tFoto: VIJESTI\n\t\t\t\t<\/dd><\/dl><br style=\"clear: both\" \/>\n\t\t<\/div>\n<br \/>\n<\/strong><\/p>\n<div id=\"attachment_54174\" style=\"width: 518px\" class=\"wp-caption alignleft\"><a href=\"http:\/\/www.visit-ulcinj.com\/blog\/2011\/12\/08\/gjendet-ne-liqen-kufoma-e-peshkatarit-te-zhdukur-lulzim-pali\/policija-trazi-paljevica-kod-ostrva-beska\/\" rel=\"attachment wp-att-54174\"><img aria-describedby=\"caption-attachment-54174\" loading=\"lazy\" class=\"size-full wp-image-54174\" title=\"Policija trazi Paljevica kod ostrva Beska\" src=\"http:\/\/www.visit-ulcinj.com\/blog\/wp-content\/uploads\/2011\/12\/Policija-trazi-Paljevica-kod-ostrva-Beska.jpg\" alt=\"\" width=\"508\" height=\"330\" \/><\/a><p id=\"caption-attachment-54174\" class=\"wp-caption-text\">Foto: VIJESTI<\/p><\/div>\n<p><strong>Nadaju se da je \u017eiv<\/strong><br \/>\n<strong> Policija tra\u017ei Paljevi\u0107a kod ostrva Be\u0161ka<\/strong><\/p>\n<p>Prema nezvani\u010dnim saznanjima, na Skadarskom jezeru je danas bilo vi\u0161e akcija spasavanja. Na\u0161e ekipe su na terenu.<br \/>\nPolicija traga za Ljuljzimom Paljevi\u0107em (25) iz Muri\u0107a koji je danas oko 13 \u010dasova nestao u talasima na Skadarskom jezeru u blizini ostrva Be\u0161ka.<\/p>\n<p>&#8220;Vijestima&#8221; je u policiji re\u010deno da je Paljevi\u0107 u \u010dunu bio sa prijateljem iz tog sela Senadom D\u017eeferovi\u0107em (21), kada je do\u0161lo je do velikog nevremena\u00a0 i talasa koji su prevrnuli njihov \u010damac.<\/p>\n<p>D\u017eaferovi\u0107 je nakon nesre\u0107e uspio da ispliva na obalu, a &#8220;Vijesti&#8221; nezvani\u010dno saznaju da se spasio tako \u0161to se uhvatio za rezervoar za gorivo koji ga je odr\u017eao na povr\u0161ini.<\/p>\n<p><strong>Policiju zvala monahinja<\/strong><\/p>\n<p>Policiji je oko 13.15 \u010dasova monahinja iz manastira Be\u0161ka javila da se na obali ispod manastira nalazi mladi\u0107 u te\u0161kom psiho-fizi\u010dkom stanju, pa je tra\u017eila hitnu pomo\u0107.<\/p>\n<p>Plovna jedinica je nakon desetak minuta stigla do ostrva, preuzela D\u017eaferovi\u0107a i odvezla ga do Muri\u0107a gdje je \u010dekala ekipa Hitne pomo\u0107i iz Ostrosa.<\/p>\n<p>D\u017eaferovi\u0107 je, iako iscrpljen, tokom puta do Muri\u0107a ispri\u010dao policiji da je bio u \u010damcu sa Paljevi\u0107em i da ga je vidio kako upada u jezero i nestaje.<\/p>\n<p><strong>&#8220;\u017delimo da vjerujemo da je \u017eiv<\/strong>&#8221;<\/p>\n<p>Rukovodilac Ispostave grani\u010dno-pomorske policije Darko Vasiljevi\u0107 kazao je &#8220;Vijestima&#8221; oko 18 \u010dasova da je potraga u toku i da policijski gliser sa reflektorom pretra\u017euje akvatorijum od nekoliko kvadratnih kilometara od Be\u0161ke ka Muri\u0107ima.<\/p>\n<p>&#8220;\u017delimo da vjerujemo da je mladi\u0107 jo\u0161 \u017eiv i ula\u017eemo velike napore da ga na\u0111emo&#8221;, rekao je Vasiljevi\u0107.<\/p>\n<p>Prema nezvani\u010dnim saznanjima, na Skadarskom jezeru je danas bilo vi\u0161e akcija spasavanja.<\/p>\n<p>Dvadesetak mje\u0161tana okupilo se na obali u Donjim Muri\u0107ima da pomognu policiji.<\/p>\n<p><a href=\"http:\/\/www.vijesti.me\/vijesti\/policija-trazi-paljevica-kod-ostrva-beska-clanak-50766\" target=\"_blank\"><strong>Pi\u0161e: Vlado Ota\u0161evi\u0107, Biljana Batizi\u0107<br \/>\nIzvor: Vijesti<\/strong><\/a><\/p>\n<div id=\"attachment_54215\" style=\"width: 518px\" class=\"wp-caption alignleft\"><a href=\"http:\/\/www.visit-ulcinj.com\/blog\/wp-content\/uploads\/2011\/12\/Dzaferovic-u-barskoj-bolnici.jpg\"><img aria-describedby=\"caption-attachment-54215\" loading=\"lazy\" class=\"size-full wp-image-54215\" title=\"Dzaferovic u barskoj bolnici\" src=\"http:\/\/www.visit-ulcinj.com\/blog\/wp-content\/uploads\/2011\/12\/Dzaferovic-u-barskoj-bolnici.jpg\" alt=\"\" width=\"508\" height=\"300\" \/><\/a><p id=\"caption-attachment-54215\" class=\"wp-caption-text\">Foto: Vijesti<\/p><\/div>\n<p>&nbsp;<\/p>\n<p><strong>Drug mladi\u0107a koji je nestao u jezeru plivao sat i po do obale<\/strong><\/p>\n<p>Plovna jedinica policije traga za Ljuljzimom Paljevi\u0107em (25) iz Muri\u0107a, koji je ju\u010de oko 12 \u010dasova nestao u talasima na Skadarskom jezeru u blizini ostrva Be\u0161ka.<\/p>\n<p>\u201cVijestima\u201d je u policiji re\u010deno da je Paljevi\u0107 u \u010dunu bio sa prijateljem iz tog sela Senadom D\u017eaferovi\u0107em (21), kada je do\u0161lo je do velikog nevremena i talasa koji su prevrnuli njihov \u010damac. D\u017eaferovi\u0107 je nakon nesre\u0107e uspio da ispliva na obalu.<\/p>\n<p>Mladi\u0107i su isplovili ju\u010de ujutru rano da pecaju ribu, ali ih je iznenadilo nevrijeme koje je po\u010delo negdje oko 11 \u010dasova.<\/p>\n<p>\u201cDaleko od obale su zabacili mre\u017eu da love. Nevrijeme je naglo uzburkalo jezero, nijesu se ni nadali \u0161ta \u0107e im se desiti. Kada su talasi ozbiljno po\u010deli da ljuljaju njihov \u010damac odbacili su mre\u017eu u jezero i upalili motor, da se vrate ku\u0107ama. Me\u0111utim, veliki talas je poklopio njihov \u010damac i prevrnuo ga\u201d, pri\u010da mje\u0161tanin Muri\u0107a koji je bio uz mladi\u0107a kad je spasen.<\/p>\n<p>D\u017eaferovi\u0107 se spasio tako \u0161to se uhvatio za rezervoar za gorivo, koji ga je odr\u017eao na povr\u0161ini.<\/p>\n<p>\u201cSenad je rekao, da je kad je talas prevrnuo \u010damac, uspio da prigrli rezervar za gorivo. Talasi su bili toliko veliki da je vrlo brzo izgubio Ljuljzima iz vida, koji je pao zajedno sa njim u vodu.<\/p>\n<p>Nije mogao puno da pri\u010da, izgledao je ba\u0161 iscrpljeno i drhtao je od hladno\u0107e. Policajci koji su bili na terenu kazali su nam da je Senad bio malo du\u017ee u vodi, dobio bi hipotermiju\u201d, istakao je mje\u0161tanin.<\/p>\n<p><strong>Policija nastavlja potragu<\/strong><\/p>\n<p>Policija je saop\u0161tila da je danas nastavljena potraga za Ljuljzimom Paljevi\u0107em.<\/p>\n<p>Kako je saop\u0161teno, u potragu se uklju\u010dilo jo\u0161 jedno plovilo.<\/p>\n<p><strong>Op\u0161irnije u \u0161tampanom izdanju<\/strong><\/p>\n<p><strong><a href=\"http:\/\/www.vijesti.me\/vijesti\/drug-mladica-koji-je-nestao-jezeru-plivao-sat-obale-clanak-50883\" target=\"_blank\">Vijesti &gt;&gt; Ekipa &#8220;Vijesti&#8221;<\/a><\/strong><\/p>\n<div id=\"attachment_54216\" style=\"width: 518px\" class=\"wp-caption alignleft\"><a href=\"http:\/\/www.visit-ulcinj.com\/blog\/wp-content\/uploads\/2011\/12\/Mjestani-Murica-pomazu-u-potrazi.jpg\"><img aria-describedby=\"caption-attachment-54216\" loading=\"lazy\" class=\"size-full wp-image-54216 \" title=\"Mjestani Murica pomazu u potrazi\" src=\"http:\/\/www.visit-ulcinj.com\/blog\/wp-content\/uploads\/2011\/12\/Mjestani-Murica-pomazu-u-potrazi.jpg\" alt=\"\" width=\"508\" height=\"330\" \/><\/a><p id=\"caption-attachment-54216\" class=\"wp-caption-text\">Foto: VIJESTI<\/p><\/div>\n<p><strong><br \/>\n<\/strong><\/p>\n<p><strong>Nastavlja se potraga za Paljevi\u0107em, \u010dun na\u0111en 10 km od mjesta nesre\u0107e<\/strong><\/p>\n<p>Plovna jedinica jo\u0161 uvjek nije uspjela da prona\u0111e <strong><a href=\"http:\/\/www.vijesti.me\/vijesti\/drug-mladica-koji-je-nestao-jezeru-plivao-sat-obale-clanak-50883\" target=\"_blank\">Ljuljzima Paljevi\u0107a (25) koji je u \u010detvrtak oko podneva<\/a><\/strong> nestao u talasima Skadarskog jezera, kada se prevrnuo \u010dun u kojem je bio sa drugom Senadom D\u017eaferovi\u0107em, usljed nezapam\u0107enog nevremena koje je pogodilo Crmnicu.<\/p>\n<p>Oko 16 \u010dasova u blizini ostrva Velika gorica, oko 10 kilometara od mjesta nesre\u0107e, prona\u0111en je \u010dun koji pluta, a za koji policija pretpostavlja da se radi o \u010damcu D\u017eeferovi\u0107a i Paljevi\u0107a.<\/p>\n<p>Drveni \u010damac su kako &#8220;Vijesti&#8221; nezvani\u010dno saznaju prona\u0161li ribari koji su obavijestili odmah patrolu Plovne policije, koja je sa dva glisera pretra\u017eivala akvatorijum.<\/p>\n<p>Iz Plovne policije saop\u0161teno je da je traganje za Paljevi\u0107em neprekidno trajalo tokom \u010ditave prethodne no\u0107i.<\/p>\n<p>&#8220;U potragu smo opremili i uklju\u010dili jo\u0161 jedno plovilo. Potrazi za Paljevi\u0107em su se priklju\u010dili i slu\u017ebenici Nacionalnog parka Skadarsko jezero i mje\u0161tani Muri\u0107a sa 15-ak plovila. Od jutarnjih \u010dasova u traganje za nestalim su uklju\u010deni i slu\u017ebenici Hidrometeorolo\u0161kog zavoda, Sektora za hidrografiju i okeanografiju, koji ovom prilikom koriste specijalnu opremu, panoramske sonare za prikaz dna jezera u tri dimenzije&#8221;, rekao je rukovodilac Ispostave grani\u010dno-pomorske policije Darko Vasilijevi\u0107.<\/p>\n<p>On je dodao da je tokom dana izvr\u0161eno skeniranje oko \u010detiri kilometra jezera i markirano je nekoliko pozicija koje su pregledane od strane ronilaca Specijalne antiteroristi\u010dke jedinice Uprave policije. Potragu roniocima ote\u017eava slaba podvodna vidljivost.<\/p>\n<p>Mladi\u0107i su isplovili u \u010detvrtak ujutru da pecaju ribu, ali ih je iznenadilo nevrijeme koje je po\u010delo negdje oko 11 \u010dasova.<\/p>\n<p>D\u017eaferovi\u0107 se spasio tako \u0161to se uhvatio za rezervoar za gorivo, koji ga je odr\u017eao na povr\u0161ini.<\/p>\n<p><a href=\"http:\/\/www.vijesti.me\/vijesti\/nastavlja-se-potraga-paljevicem-cun-naden-10-km-mjesta-nesrece-clanak-50976\" target=\"_blank\"><strong>Vlado Ota\u0161evi\u0107<\/strong><br \/>\n<strong>VIJESTI<\/strong><\/a><\/p>\n<h3><strong>Prona\u0111eno tijelo Ljuljzima Paljevi\u0107a?<\/strong><\/h3>\n<p>Plovna jedinica Uprave policije detektovala je na dnu Skadarskog jezera tijelo odraslog mu\u0161karca za koje se pretpostavlja da je\u00a0<strong><a href=\"http:\/\/www.vijesti.me\/vijesti\/drug-mladica-koji-je-nestao-jezeru-plivao-sat-obale-clanak-50883\" target=\"_blank\">Ljuljzim Paljevi\u0107 (25) koji je u \u010detvrtak oko podne<\/a><\/strong>\u00a0nestao u talasima Skadarskog jezera, kada se prevrnuo \u010dun u kojem je bio sa drugom Senadom D\u017eaferovi\u0107em.<\/p>\n<p>&#8220;Oko 20.40 sati koriste\u0107i sonar, sjeveroisti\u010dno od ostrva Be\u0161ka, detektovana je promjena na dnu jezera koja po karakteristikama odgovara tijelu odrasle osobe. Postoji vjerovatno\u0107a da se radi o Paljevi\u0107u, jer ne postoje saznanja ili prijave o nestanku osoba u slivu Skadarskog jezera, rekli su &#8220;Vijestima&#8221; \u00a0iz Ispostave grani\u010dno-pomorske policije.<\/p>\n<p>Oko 16 \u010dasova u blizini ostrva Velika gorica, oko 10 kilometara od mjesta nesre\u0107e, prona\u0111en je \u010dun koji pluta, a za koji policija pretpostavlja da se radi o \u010damcu D\u017eeferovi\u0107a i Paljevi\u0107a.<\/p>\n<p>Drveni \u010damac su kako &#8220;Vijesti&#8221; nezvani\u010dno saznaju prona\u0161li ribari koji su obavijestili odmah patrolu Plovne policije, koja je sa dva glisera pretra\u017eivala akvatorijum.<\/p>\n<p>Potrazi za Paljevi\u0107em su se priklju\u010dili i slu\u017ebenici Nacionalnog parka Skadarsko jezero i mje\u0161tani Muri\u0107a sa 15-ak plovila.<\/p>\n<p>Od jutarnjih \u010dasova u traganje za nestalim su bili uklju\u010deni i slu\u017ebenici Hidrometeorolo\u0161kog zavoda, Sektora za hidrografiju i okeanografiju, sa specijalnom opremom, panoramskim sonarima za prikaz dna jezera u tri dimenzije.<\/p>\n<p>Policija je saop\u0161tila da je\u00a0izvr\u0161eno skeniranje oko \u010detiri kilometra jezera gdje su ronilili pripadnici Specijalne antiteroristi\u010dke jedinice Uprave policije. Potragu je roniocima ote\u017eavala slaba podvodna vidljivost.<\/p>\n<p>Mladi\u0107i su isplovili u \u010detvrtak ujutru da pecaju ribu, ali ih je iznenadilo nevrijeme koje je po\u010delo negdje oko 11 \u010dasova.<\/p>\n<p>D\u017eaferovi\u0107 se spasio tako \u0161to se uhvatio za rezervoar za gorivo, koji ga je odr\u017eao na povr\u0161ini.<\/p>\n<p><a href=\"http:\/\/www.vijesti.me\/vijesti\/pronadeno-tijelo-ljuljzima-paljevica-clanak-50976\" target=\"_blank\"><strong>Vlado Ota\u0161evi\u0107<\/strong><br \/>\n<strong>VIJESTI<\/strong><\/a><\/p>\n<p><strong><br \/>\n<\/strong><\/p>\n","protected":false},"excerpt":{"rendered":"<p>Njesite lundruese te plocise kufitare te Malit te Zi, kane zbuluar mbremjen e se premtes trupin e pa jete te Lulzim Paleviq, i cili u konsideruar i humbur qe nga mesdita e se enjtes pasi lundera me te cilen ai dhe shoku i tij (Senad Xhaferi) ishin, u permbys nga valet e Liqenit te Shkodres. [&hellip;]<\/p>\n","protected":false},"author":1,"featured_media":0,"comment_status":"open","ping_status":"closed","sticky":false,"template":"","format":"standard","meta":{"spay_email":"","jetpack_publicize_message":"","jetpack_is_tweetstorm":false,"jetpack_publicize_feature_enabled":true},"categories":[1,6950],"tags":[14351,17828,17834,18370,17811,14352,17831,18362,15136,14353,17808,17401,14354,12340,14355,17840,17839,18363,19585,17835,17814,17810,17816,14356,17071,17807,3516,14652,3511,15139,17837,17827,10203,14358,222,17802,17812,17803,17820,17825,17817,17805,22011,305,19584,17823,17832,19586,14359,3506,17818,3499,214,17680,14360,14361,16210,17402,14362,19541,14363,18371,194,19501,3507,17800,498,3717,3500,1762,4625,115,14364,22008,17799,3327,15140,17841,17826,15213,18236,13230,3512,17806,11648,18289,17838,95,19583,17813,19587,17804,14365,15141,17836,14366,79,17073,18369,1653,1909,17815,14367,17801,18360,19543,17822,14368,14369,19542,17824,14370,18291,10472,2083,3231,14371,41,3617,15143,14372,14373,14374,17844,17821,18372,17830,17077,2800,18295,14375,17833,17829,899,200,18,17819,17809,14376],"jetpack_publicize_connections":[],"yoast_head":"<!-- This site is optimized with the Yoast SEO plugin v19.1 - https:\/\/yoast.com\/wordpress\/plugins\/seo\/ -->\n<title>Gjendet n\u00eb liqen kufoma e peshkatarit t\u00eb zhdukur Lulzim Pali - Lajme nga Ulqini<\/title>\n<meta name=\"description\" content=\"Njesite lundruese te plocise kufitare te Malit te Zi, kane zbuluar mbremjen e se premtes trupin e pa jete te Lulzim Paleviq, i cili u konsideruar i humbur\" \/>\n<meta name=\"robots\" content=\"index, follow, max-snippet:-1, max-image-preview:large, max-video-preview:-1\" \/>\n<link rel=\"canonical\" href=\"https:\/\/www.visit-ulcinj.com\/blog\/2011\/12\/08\/gjendet-ne-liqen-kufoma-e-peshkatarit-te-zhdukur-lulzim-pali\/\" \/>\n<meta property=\"og:locale\" content=\"en_US\" \/>\n<meta property=\"og:type\" content=\"article\" \/>\n<meta property=\"og:title\" content=\"Gjendet n\u00eb liqen kufoma e peshkatarit t\u00eb zhdukur Lulzim Pali - Lajme nga Ulqini\" \/>\n<meta property=\"og:description\" content=\"Njesite lundruese te plocise kufitare te Malit te Zi, kane zbuluar mbremjen e se premtes trupin e pa jete te Lulzim Paleviq, i cili u konsideruar i humbur\" \/>\n<meta property=\"og:url\" content=\"https:\/\/www.visit-ulcinj.com\/blog\/2011\/12\/08\/gjendet-ne-liqen-kufoma-e-peshkatarit-te-zhdukur-lulzim-pali\/\" \/>\n<meta property=\"og:site_name\" content=\"Lajme nga Ulqini\" \/>\n<meta property=\"article:published_time\" content=\"2011-12-08T21:08:02+00:00\" \/>\n<meta property=\"article:modified_time\" content=\"2011-12-11T17:17:52+00:00\" \/>\n<meta property=\"og:image\" content=\"https:\/\/www.visit-ulcinj.com\/blog\/wp-content\/uploads\/2011\/12\/Ishulli-Beshka_Muriq_Ostros.1-150x150.jpg\" \/>\n<meta name=\"twitter:label1\" content=\"Written by\" \/>\n\t<meta name=\"twitter:data1\" content=\"ulqini\" \/>\n\t<meta name=\"twitter:label2\" content=\"Est. reading time\" \/>\n\t<meta name=\"twitter:data2\" content=\"9 minutes\" \/>\n<script type=\"application\/ld+json\" class=\"yoast-schema-graph\">{\"@context\":\"https:\/\/schema.org\",\"@graph\":[{\"@type\":\"WebSite\",\"@id\":\"https:\/\/www.visit-ulcinj.com\/blog\/#website\",\"url\":\"https:\/\/www.visit-ulcinj.com\/blog\/\",\"name\":\"Lajme nga Ulqini\",\"description\":\"Lajme,Vijesti,Ulqini,Ulqin,Crna Gora,Mali i Zi\",\"potentialAction\":[{\"@type\":\"SearchAction\",\"target\":{\"@type\":\"EntryPoint\",\"urlTemplate\":\"https:\/\/www.visit-ulcinj.com\/blog\/?s={search_term_string}\"},\"query-input\":\"required name=search_term_string\"}],\"inLanguage\":\"en-US\"},{\"@type\":\"ImageObject\",\"inLanguage\":\"en-US\",\"@id\":\"https:\/\/www.visit-ulcinj.com\/blog\/2011\/12\/08\/gjendet-ne-liqen-kufoma-e-peshkatarit-te-zhdukur-lulzim-pali\/#primaryimage\",\"url\":\"http:\/\/www.visit-ulcinj.com\/blog\/wp-content\/uploads\/2011\/12\/Lulzim-Paleviq_Ostros_Muriq_Kraj%C3%AB-2.jpg\",\"contentUrl\":\"http:\/\/www.visit-ulcinj.com\/blog\/wp-content\/uploads\/2011\/12\/Lulzim-Paleviq_Ostros_Muriq_Kraj%C3%AB-2.jpg\"},{\"@type\":\"WebPage\",\"@id\":\"https:\/\/www.visit-ulcinj.com\/blog\/2011\/12\/08\/gjendet-ne-liqen-kufoma-e-peshkatarit-te-zhdukur-lulzim-pali\/#webpage\",\"url\":\"https:\/\/www.visit-ulcinj.com\/blog\/2011\/12\/08\/gjendet-ne-liqen-kufoma-e-peshkatarit-te-zhdukur-lulzim-pali\/\",\"name\":\"Gjendet n\u00eb liqen kufoma e peshkatarit t\u00eb zhdukur Lulzim Pali - Lajme nga Ulqini\",\"isPartOf\":{\"@id\":\"https:\/\/www.visit-ulcinj.com\/blog\/#website\"},\"primaryImageOfPage\":{\"@id\":\"https:\/\/www.visit-ulcinj.com\/blog\/2011\/12\/08\/gjendet-ne-liqen-kufoma-e-peshkatarit-te-zhdukur-lulzim-pali\/#primaryimage\"},\"datePublished\":\"2011-12-08T21:08:02+00:00\",\"dateModified\":\"2011-12-11T17:17:52+00:00\",\"author\":{\"@id\":\"https:\/\/www.visit-ulcinj.com\/blog\/#\/schema\/person\/dcab619c614d3038751c63bc2aadc06d\"},\"description\":\"Njesite lundruese te plocise kufitare te Malit te Zi, kane zbuluar mbremjen e se premtes trupin e pa jete te Lulzim Paleviq, i cili u konsideruar i humbur\",\"breadcrumb\":{\"@id\":\"https:\/\/www.visit-ulcinj.com\/blog\/2011\/12\/08\/gjendet-ne-liqen-kufoma-e-peshkatarit-te-zhdukur-lulzim-pali\/#breadcrumb\"},\"inLanguage\":\"en-US\",\"potentialAction\":[{\"@type\":\"ReadAction\",\"target\":[\"https:\/\/www.visit-ulcinj.com\/blog\/2011\/12\/08\/gjendet-ne-liqen-kufoma-e-peshkatarit-te-zhdukur-lulzim-pali\/\"]}]},{\"@type\":\"BreadcrumbList\",\"@id\":\"https:\/\/www.visit-ulcinj.com\/blog\/2011\/12\/08\/gjendet-ne-liqen-kufoma-e-peshkatarit-te-zhdukur-lulzim-pali\/#breadcrumb\",\"itemListElement\":[{\"@type\":\"ListItem\",\"position\":1,\"name\":\"Gjendet n\u00eb liqen kufoma e peshkatarit t\u00eb zhdukur Lulzim Pali\"}]},{\"@type\":\"Person\",\"@id\":\"https:\/\/www.visit-ulcinj.com\/blog\/#\/schema\/person\/dcab619c614d3038751c63bc2aadc06d\",\"name\":\"ulqini\",\"sameAs\":[\"http:\/\/www.visit-ulcinj.com\"],\"url\":\"https:\/\/www.visit-ulcinj.com\/blog\/author\/admin\/\"}]}<\/script>\n<!-- \/ Yoast SEO plugin. -->","yoast_head_json":{"title":"Gjendet n\u00eb liqen kufoma e peshkatarit t\u00eb zhdukur Lulzim Pali - Lajme nga Ulqini","description":"Njesite lundruese te plocise kufitare te Malit te Zi, kane zbuluar mbremjen e se premtes trupin e pa jete te Lulzim Paleviq, i cili u konsideruar i humbur","robots":{"index":"index","follow":"follow","max-snippet":"max-snippet:-1","max-image-preview":"max-image-preview:large","max-video-preview":"max-video-preview:-1"},"canonical":"https:\/\/www.visit-ulcinj.com\/blog\/2011\/12\/08\/gjendet-ne-liqen-kufoma-e-peshkatarit-te-zhdukur-lulzim-pali\/","og_locale":"en_US","og_type":"article","og_title":"Gjendet n\u00eb liqen kufoma e peshkatarit t\u00eb zhdukur Lulzim Pali - Lajme nga Ulqini","og_description":"Njesite lundruese te plocise kufitare te Malit te Zi, kane zbuluar mbremjen e se premtes trupin e pa jete te Lulzim Paleviq, i cili u konsideruar i humbur","og_url":"https:\/\/www.visit-ulcinj.com\/blog\/2011\/12\/08\/gjendet-ne-liqen-kufoma-e-peshkatarit-te-zhdukur-lulzim-pali\/","og_site_name":"Lajme nga Ulqini","article_published_time":"2011-12-08T21:08:02+00:00","article_modified_time":"2011-12-11T17:17:52+00:00","og_image":[{"url":"https:\/\/www.visit-ulcinj.com\/blog\/wp-content\/uploads\/2011\/12\/Ishulli-Beshka_Muriq_Ostros.1-150x150.jpg"}],"twitter_misc":{"Written by":"ulqini","Est. reading time":"9 minutes"},"schema":{"@context":"https:\/\/schema.org","@graph":[{"@type":"WebSite","@id":"https:\/\/www.visit-ulcinj.com\/blog\/#website","url":"https:\/\/www.visit-ulcinj.com\/blog\/","name":"Lajme nga Ulqini","description":"Lajme,Vijesti,Ulqini,Ulqin,Crna Gora,Mali i Zi","potentialAction":[{"@type":"SearchAction","target":{"@type":"EntryPoint","urlTemplate":"https:\/\/www.visit-ulcinj.com\/blog\/?s={search_term_string}"},"query-input":"required name=search_term_string"}],"inLanguage":"en-US"},{"@type":"ImageObject","inLanguage":"en-US","@id":"https:\/\/www.visit-ulcinj.com\/blog\/2011\/12\/08\/gjendet-ne-liqen-kufoma-e-peshkatarit-te-zhdukur-lulzim-pali\/#primaryimage","url":"http:\/\/www.visit-ulcinj.com\/blog\/wp-content\/uploads\/2011\/12\/Lulzim-Paleviq_Ostros_Muriq_Kraj%C3%AB-2.jpg","contentUrl":"http:\/\/www.visit-ulcinj.com\/blog\/wp-content\/uploads\/2011\/12\/Lulzim-Paleviq_Ostros_Muriq_Kraj%C3%AB-2.jpg"},{"@type":"WebPage","@id":"https:\/\/www.visit-ulcinj.com\/blog\/2011\/12\/08\/gjendet-ne-liqen-kufoma-e-peshkatarit-te-zhdukur-lulzim-pali\/#webpage","url":"https:\/\/www.visit-ulcinj.com\/blog\/2011\/12\/08\/gjendet-ne-liqen-kufoma-e-peshkatarit-te-zhdukur-lulzim-pali\/","name":"Gjendet n\u00eb liqen kufoma e peshkatarit t\u00eb zhdukur Lulzim Pali - Lajme nga Ulqini","isPartOf":{"@id":"https:\/\/www.visit-ulcinj.com\/blog\/#website"},"primaryImageOfPage":{"@id":"https:\/\/www.visit-ulcinj.com\/blog\/2011\/12\/08\/gjendet-ne-liqen-kufoma-e-peshkatarit-te-zhdukur-lulzim-pali\/#primaryimage"},"datePublished":"2011-12-08T21:08:02+00:00","dateModified":"2011-12-11T17:17:52+00:00","author":{"@id":"https:\/\/www.visit-ulcinj.com\/blog\/#\/schema\/person\/dcab619c614d3038751c63bc2aadc06d"},"description":"Njesite lundruese te plocise kufitare te Malit te Zi, kane zbuluar mbremjen e se premtes trupin e pa jete te Lulzim Paleviq, i cili u konsideruar i humbur","breadcrumb":{"@id":"https:\/\/www.visit-ulcinj.com\/blog\/2011\/12\/08\/gjendet-ne-liqen-kufoma-e-peshkatarit-te-zhdukur-lulzim-pali\/#breadcrumb"},"inLanguage":"en-US","potentialAction":[{"@type":"ReadAction","target":["https:\/\/www.visit-ulcinj.com\/blog\/2011\/12\/08\/gjendet-ne-liqen-kufoma-e-peshkatarit-te-zhdukur-lulzim-pali\/"]}]},{"@type":"BreadcrumbList","@id":"https:\/\/www.visit-ulcinj.com\/blog\/2011\/12\/08\/gjendet-ne-liqen-kufoma-e-peshkatarit-te-zhdukur-lulzim-pali\/#breadcrumb","itemListElement":[{"@type":"ListItem","position":1,"name":"Gjendet n\u00eb liqen kufoma e peshkatarit t\u00eb zhdukur Lulzim Pali"}]},{"@type":"Person","@id":"https:\/\/www.visit-ulcinj.com\/blog\/#\/schema\/person\/dcab619c614d3038751c63bc2aadc06d","name":"ulqini","sameAs":["http:\/\/www.visit-ulcinj.com"],"url":"https:\/\/www.visit-ulcinj.com\/blog\/author\/admin\/"}]}},"jetpack_featured_media_url":"","jetpack_sharing_enabled":true,"jetpack_shortlink":"https:\/\/wp.me\/pe6lTn-e5t","_links":{"self":[{"href":"https:\/\/www.visit-ulcinj.com\/blog\/wp-json\/wp\/v2\/posts\/54155"}],"collection":[{"href":"https:\/\/www.visit-ulcinj.com\/blog\/wp-json\/wp\/v2\/posts"}],"about":[{"href":"https:\/\/www.visit-ulcinj.com\/blog\/wp-json\/wp\/v2\/types\/post"}],"author":[{"embeddable":true,"href":"https:\/\/www.visit-ulcinj.com\/blog\/wp-json\/wp\/v2\/users\/1"}],"replies":[{"embeddable":true,"href":"https:\/\/www.visit-ulcinj.com\/blog\/wp-json\/wp\/v2\/comments?post=54155"}],"version-history":[{"count":27,"href":"https:\/\/www.visit-ulcinj.com\/blog\/wp-json\/wp\/v2\/posts\/54155\/revisions"}],"predecessor-version":[{"id":54275,"href":"https:\/\/www.visit-ulcinj.com\/blog\/wp-json\/wp\/v2\/posts\/54155\/revisions\/54275"}],"wp:attachment":[{"href":"https:\/\/www.visit-ulcinj.com\/blog\/wp-json\/wp\/v2\/media?parent=54155"}],"wp:term":[{"taxonomy":"category","embeddable":true,"href":"https:\/\/www.visit-ulcinj.com\/blog\/wp-json\/wp\/v2\/categories?post=54155"},{"taxonomy":"post_tag","embeddable":true,"href":"https:\/\/www.visit-ulcinj.com\/blog\/wp-json\/wp\/v2\/tags?post=54155"}],"curies":[{"name":"wp","href":"https:\/\/api.w.org\/{rel}","templated":true}]}}