{"id":54187,"date":"2011-12-09T07:42:22","date_gmt":"2011-12-09T06:42:22","guid":{"rendered":"http:\/\/www.visit-ulcinj.com\/blog\/?p=54187"},"modified":"2011-12-09T07:42:22","modified_gmt":"2011-12-09T06:42:22","slug":"edona-llalloshi-se-shpejti-me-dy-kenge-te-reja","status":"publish","type":"post","link":"https:\/\/www.visit-ulcinj.com\/blog\/2011\/12\/09\/edona-llalloshi-se-shpejti-me-dy-kenge-te-reja\/","title":{"rendered":"Edona Llalloshi  s\u00eb shpejti me dy k\u00ebng\u00eb t\u00eb reja"},"content":{"rendered":"<p><a href=\"http:\/\/www.visit-ulcinj.com\/blog\/wp-content\/uploads\/2011\/12\/Edona-Llalloshi_Foto-Avni-Selmani.jpg\"><img loading=\"lazy\" class=\"alignleft size-full wp-image-54188\" title=\"Edona Llalloshi_Foto Avni Selmani\" src=\"http:\/\/www.visit-ulcinj.com\/blog\/wp-content\/uploads\/2011\/12\/Edona-Llalloshi_Foto-Avni-Selmani.jpg\" alt=\"\" width=\"508\" height=\"380\" \/><\/a>Edhe pse e angazhuar rreth rritjes s\u00eb vajz\u00ebs, Edona parap\u00eblqen t\u2019iu mbetet besnike adhuruesve t\u00eb saj, ajo tani ka nisur pun\u00eb edhe p\u00ebr dy k\u00ebng\u00eb t\u00eb reja t\u00eb cilat do t\u2019i lansoj\u00eb gjat\u00eb programeve t\u00eb Vitit t\u00eb Ri.<\/p>\n<p>\u201cKam planifikuar q\u00eb adhuruesve t\u00eb mi t\u2019iu sjell edhe disa projekte t\u00eb reja p\u00ebr festat e fundvitit. Nj\u00ebra k\u00ebng\u00eb do t\u00eb shoq\u00ebrohet edhe me videoklip, t\u00eb cilin do ta p\u00ebrgatis me produksionin \u201cEMF Creativ\u201d, ka th\u00ebn\u00eb ajo p\u00ebr \u201cZ\u00ebrin\u201d.<\/p>\n<p>Edona n\u00eb k\u00ebto k\u00ebng\u00eb \u00ebsht\u00eb duke bashk\u00ebpunuar me Shpet\u00ebn dhe shpreson q\u00eb adhuruesit e saj t\u2019i p\u00eblqejn\u00eb k\u00ebto k\u00ebng\u00eb.<\/p>\n<p><strong>Z\u00cbRI<br \/>\n<!--YouTube Error: bad URL entered--><br \/>\n<\/strong><\/p>\n","protected":false},"excerpt":{"rendered":"<p>Edhe pse e angazhuar rreth rritjes s\u00eb vajz\u00ebs, Edona parap\u00eblqen t\u2019iu mbetet besnike adhuruesve t\u00eb saj, ajo tani ka nisur pun\u00eb edhe p\u00ebr dy k\u00ebng\u00eb t\u00eb reja t\u00eb cilat do t\u2019i lansoj\u00eb gjat\u00eb programeve t\u00eb Vitit t\u00eb Ri. \u201cKam planifikuar q\u00eb adhuruesve t\u00eb mi t\u2019iu sjell edhe disa projekte t\u00eb reja p\u00ebr festat e fundvitit. [&hellip;]<\/p>\n","protected":false},"author":1,"featured_media":0,"comment_status":"open","ping_status":"closed","sticky":false,"template":"","format":"standard","meta":{"spay_email":"","jetpack_publicize_message":"","jetpack_is_tweetstorm":false,"jetpack_publicize_feature_enabled":true},"categories":[1],"tags":[224],"jetpack_publicize_connections":[],"yoast_head":"<!-- This site is optimized with the Yoast SEO plugin v19.1 - https:\/\/yoast.com\/wordpress\/plugins\/seo\/ -->\n<title>Edona Llalloshi s\u00eb shpejti me dy k\u00ebng\u00eb t\u00eb reja - Lajme nga Ulqini<\/title>\n<meta name=\"description\" content=\"Edhe pse e angazhuar rreth rritjes s\u00eb vajz\u00ebs, Edona parap\u00eblqen t\u2019iu mbetet besnike adhuruesve t\u00eb saj, ajo tani ka nisur pun\u00eb edhe p\u00ebr dy k\u00ebng\u00eb t\u00eb reja t\u00eb\" \/>\n<meta name=\"robots\" content=\"index, follow, max-snippet:-1, max-image-preview:large, max-video-preview:-1\" \/>\n<link rel=\"canonical\" href=\"https:\/\/www.visit-ulcinj.com\/blog\/2011\/12\/09\/edona-llalloshi-se-shpejti-me-dy-kenge-te-reja\/\" \/>\n<meta property=\"og:locale\" content=\"en_US\" \/>\n<meta property=\"og:type\" content=\"article\" \/>\n<meta property=\"og:title\" content=\"Edona Llalloshi s\u00eb shpejti me dy k\u00ebng\u00eb t\u00eb reja - Lajme nga Ulqini\" \/>\n<meta property=\"og:description\" content=\"Edhe pse e angazhuar rreth rritjes s\u00eb vajz\u00ebs, Edona parap\u00eblqen t\u2019iu mbetet besnike adhuruesve t\u00eb saj, ajo tani ka nisur pun\u00eb edhe p\u00ebr dy k\u00ebng\u00eb t\u00eb reja t\u00eb\" \/>\n<meta property=\"og:url\" content=\"https:\/\/www.visit-ulcinj.com\/blog\/2011\/12\/09\/edona-llalloshi-se-shpejti-me-dy-kenge-te-reja\/\" \/>\n<meta property=\"og:site_name\" content=\"Lajme nga Ulqini\" \/>\n<meta property=\"article:published_time\" content=\"2011-12-09T06:42:22+00:00\" \/>\n<meta property=\"og:image\" content=\"http:\/\/www.visit-ulcinj.com\/blog\/wp-content\/uploads\/2011\/12\/Edona-Llalloshi_Foto-Avni-Selmani.jpg\" \/>\n<meta name=\"twitter:label1\" content=\"Written by\" \/>\n\t<meta name=\"twitter:data1\" content=\"ulqini\" \/>\n\t<meta name=\"twitter:label2\" content=\"Est. reading time\" \/>\n\t<meta name=\"twitter:data2\" content=\"1 minute\" \/>\n<script type=\"application\/ld+json\" class=\"yoast-schema-graph\">{\"@context\":\"https:\/\/schema.org\",\"@graph\":[{\"@type\":\"WebSite\",\"@id\":\"https:\/\/www.visit-ulcinj.com\/blog\/#website\",\"url\":\"https:\/\/www.visit-ulcinj.com\/blog\/\",\"name\":\"Lajme nga Ulqini\",\"description\":\"Lajme,Vijesti,Ulqini,Ulqin,Crna Gora,Mali i Zi\",\"potentialAction\":[{\"@type\":\"SearchAction\",\"target\":{\"@type\":\"EntryPoint\",\"urlTemplate\":\"https:\/\/www.visit-ulcinj.com\/blog\/?s={search_term_string}\"},\"query-input\":\"required name=search_term_string\"}],\"inLanguage\":\"en-US\"},{\"@type\":\"ImageObject\",\"inLanguage\":\"en-US\",\"@id\":\"https:\/\/www.visit-ulcinj.com\/blog\/2011\/12\/09\/edona-llalloshi-se-shpejti-me-dy-kenge-te-reja\/#primaryimage\",\"url\":\"http:\/\/www.visit-ulcinj.com\/blog\/wp-content\/uploads\/2011\/12\/Edona-Llalloshi_Foto-Avni-Selmani.jpg\",\"contentUrl\":\"http:\/\/www.visit-ulcinj.com\/blog\/wp-content\/uploads\/2011\/12\/Edona-Llalloshi_Foto-Avni-Selmani.jpg\"},{\"@type\":\"WebPage\",\"@id\":\"https:\/\/www.visit-ulcinj.com\/blog\/2011\/12\/09\/edona-llalloshi-se-shpejti-me-dy-kenge-te-reja\/#webpage\",\"url\":\"https:\/\/www.visit-ulcinj.com\/blog\/2011\/12\/09\/edona-llalloshi-se-shpejti-me-dy-kenge-te-reja\/\",\"name\":\"Edona Llalloshi s\u00eb shpejti me dy k\u00ebng\u00eb t\u00eb reja - Lajme nga Ulqini\",\"isPartOf\":{\"@id\":\"https:\/\/www.visit-ulcinj.com\/blog\/#website\"},\"primaryImageOfPage\":{\"@id\":\"https:\/\/www.visit-ulcinj.com\/blog\/2011\/12\/09\/edona-llalloshi-se-shpejti-me-dy-kenge-te-reja\/#primaryimage\"},\"datePublished\":\"2011-12-09T06:42:22+00:00\",\"dateModified\":\"2011-12-09T06:42:22+00:00\",\"author\":{\"@id\":\"https:\/\/www.visit-ulcinj.com\/blog\/#\/schema\/person\/dcab619c614d3038751c63bc2aadc06d\"},\"description\":\"Edhe pse e angazhuar rreth rritjes s\u00eb vajz\u00ebs, Edona parap\u00eblqen t\u2019iu mbetet besnike adhuruesve t\u00eb saj, ajo tani ka nisur pun\u00eb edhe p\u00ebr dy k\u00ebng\u00eb t\u00eb reja t\u00eb\",\"breadcrumb\":{\"@id\":\"https:\/\/www.visit-ulcinj.com\/blog\/2011\/12\/09\/edona-llalloshi-se-shpejti-me-dy-kenge-te-reja\/#breadcrumb\"},\"inLanguage\":\"en-US\",\"potentialAction\":[{\"@type\":\"ReadAction\",\"target\":[\"https:\/\/www.visit-ulcinj.com\/blog\/2011\/12\/09\/edona-llalloshi-se-shpejti-me-dy-kenge-te-reja\/\"]}]},{\"@type\":\"BreadcrumbList\",\"@id\":\"https:\/\/www.visit-ulcinj.com\/blog\/2011\/12\/09\/edona-llalloshi-se-shpejti-me-dy-kenge-te-reja\/#breadcrumb\",\"itemListElement\":[{\"@type\":\"ListItem\",\"position\":1,\"name\":\"Edona Llalloshi s\u00eb shpejti me dy k\u00ebng\u00eb t\u00eb reja\"}]},{\"@type\":\"Person\",\"@id\":\"https:\/\/www.visit-ulcinj.com\/blog\/#\/schema\/person\/dcab619c614d3038751c63bc2aadc06d\",\"name\":\"ulqini\",\"sameAs\":[\"http:\/\/www.visit-ulcinj.com\"],\"url\":\"https:\/\/www.visit-ulcinj.com\/blog\/author\/admin\/\"}]}<\/script>\n<!-- \/ Yoast SEO plugin. -->","yoast_head_json":{"title":"Edona Llalloshi s\u00eb shpejti me dy k\u00ebng\u00eb t\u00eb reja - Lajme nga Ulqini","description":"Edhe pse e angazhuar rreth rritjes s\u00eb vajz\u00ebs, Edona parap\u00eblqen t\u2019iu mbetet besnike adhuruesve t\u00eb saj, ajo tani ka nisur pun\u00eb edhe p\u00ebr dy k\u00ebng\u00eb t\u00eb reja t\u00eb","robots":{"index":"index","follow":"follow","max-snippet":"max-snippet:-1","max-image-preview":"max-image-preview:large","max-video-preview":"max-video-preview:-1"},"canonical":"https:\/\/www.visit-ulcinj.com\/blog\/2011\/12\/09\/edona-llalloshi-se-shpejti-me-dy-kenge-te-reja\/","og_locale":"en_US","og_type":"article","og_title":"Edona Llalloshi s\u00eb shpejti me dy k\u00ebng\u00eb t\u00eb reja - Lajme nga Ulqini","og_description":"Edhe pse e angazhuar rreth rritjes s\u00eb vajz\u00ebs, Edona parap\u00eblqen t\u2019iu mbetet besnike adhuruesve t\u00eb saj, ajo tani ka nisur pun\u00eb edhe p\u00ebr dy k\u00ebng\u00eb t\u00eb reja t\u00eb","og_url":"https:\/\/www.visit-ulcinj.com\/blog\/2011\/12\/09\/edona-llalloshi-se-shpejti-me-dy-kenge-te-reja\/","og_site_name":"Lajme nga Ulqini","article_published_time":"2011-12-09T06:42:22+00:00","og_image":[{"url":"http:\/\/www.visit-ulcinj.com\/blog\/wp-content\/uploads\/2011\/12\/Edona-Llalloshi_Foto-Avni-Selmani.jpg"}],"twitter_misc":{"Written by":"ulqini","Est. reading time":"1 minute"},"schema":{"@context":"https:\/\/schema.org","@graph":[{"@type":"WebSite","@id":"https:\/\/www.visit-ulcinj.com\/blog\/#website","url":"https:\/\/www.visit-ulcinj.com\/blog\/","name":"Lajme nga Ulqini","description":"Lajme,Vijesti,Ulqini,Ulqin,Crna Gora,Mali i Zi","potentialAction":[{"@type":"SearchAction","target":{"@type":"EntryPoint","urlTemplate":"https:\/\/www.visit-ulcinj.com\/blog\/?s={search_term_string}"},"query-input":"required name=search_term_string"}],"inLanguage":"en-US"},{"@type":"ImageObject","inLanguage":"en-US","@id":"https:\/\/www.visit-ulcinj.com\/blog\/2011\/12\/09\/edona-llalloshi-se-shpejti-me-dy-kenge-te-reja\/#primaryimage","url":"http:\/\/www.visit-ulcinj.com\/blog\/wp-content\/uploads\/2011\/12\/Edona-Llalloshi_Foto-Avni-Selmani.jpg","contentUrl":"http:\/\/www.visit-ulcinj.com\/blog\/wp-content\/uploads\/2011\/12\/Edona-Llalloshi_Foto-Avni-Selmani.jpg"},{"@type":"WebPage","@id":"https:\/\/www.visit-ulcinj.com\/blog\/2011\/12\/09\/edona-llalloshi-se-shpejti-me-dy-kenge-te-reja\/#webpage","url":"https:\/\/www.visit-ulcinj.com\/blog\/2011\/12\/09\/edona-llalloshi-se-shpejti-me-dy-kenge-te-reja\/","name":"Edona Llalloshi s\u00eb shpejti me dy k\u00ebng\u00eb t\u00eb reja - Lajme nga Ulqini","isPartOf":{"@id":"https:\/\/www.visit-ulcinj.com\/blog\/#website"},"primaryImageOfPage":{"@id":"https:\/\/www.visit-ulcinj.com\/blog\/2011\/12\/09\/edona-llalloshi-se-shpejti-me-dy-kenge-te-reja\/#primaryimage"},"datePublished":"2011-12-09T06:42:22+00:00","dateModified":"2011-12-09T06:42:22+00:00","author":{"@id":"https:\/\/www.visit-ulcinj.com\/blog\/#\/schema\/person\/dcab619c614d3038751c63bc2aadc06d"},"description":"Edhe pse e angazhuar rreth rritjes s\u00eb vajz\u00ebs, Edona parap\u00eblqen t\u2019iu mbetet besnike adhuruesve t\u00eb saj, ajo tani ka nisur pun\u00eb edhe p\u00ebr dy k\u00ebng\u00eb t\u00eb reja t\u00eb","breadcrumb":{"@id":"https:\/\/www.visit-ulcinj.com\/blog\/2011\/12\/09\/edona-llalloshi-se-shpejti-me-dy-kenge-te-reja\/#breadcrumb"},"inLanguage":"en-US","potentialAction":[{"@type":"ReadAction","target":["https:\/\/www.visit-ulcinj.com\/blog\/2011\/12\/09\/edona-llalloshi-se-shpejti-me-dy-kenge-te-reja\/"]}]},{"@type":"BreadcrumbList","@id":"https:\/\/www.visit-ulcinj.com\/blog\/2011\/12\/09\/edona-llalloshi-se-shpejti-me-dy-kenge-te-reja\/#breadcrumb","itemListElement":[{"@type":"ListItem","position":1,"name":"Edona Llalloshi s\u00eb shpejti me dy k\u00ebng\u00eb t\u00eb reja"}]},{"@type":"Person","@id":"https:\/\/www.visit-ulcinj.com\/blog\/#\/schema\/person\/dcab619c614d3038751c63bc2aadc06d","name":"ulqini","sameAs":["http:\/\/www.visit-ulcinj.com"],"url":"https:\/\/www.visit-ulcinj.com\/blog\/author\/admin\/"}]}},"jetpack_featured_media_url":"","jetpack_sharing_enabled":true,"jetpack_shortlink":"https:\/\/wp.me\/pe6lTn-e5Z","_links":{"self":[{"href":"https:\/\/www.visit-ulcinj.com\/blog\/wp-json\/wp\/v2\/posts\/54187"}],"collection":[{"href":"https:\/\/www.visit-ulcinj.com\/blog\/wp-json\/wp\/v2\/posts"}],"about":[{"href":"https:\/\/www.visit-ulcinj.com\/blog\/wp-json\/wp\/v2\/types\/post"}],"author":[{"embeddable":true,"href":"https:\/\/www.visit-ulcinj.com\/blog\/wp-json\/wp\/v2\/users\/1"}],"replies":[{"embeddable":true,"href":"https:\/\/www.visit-ulcinj.com\/blog\/wp-json\/wp\/v2\/comments?post=54187"}],"version-history":[{"count":2,"href":"https:\/\/www.visit-ulcinj.com\/blog\/wp-json\/wp\/v2\/posts\/54187\/revisions"}],"predecessor-version":[{"id":54190,"href":"https:\/\/www.visit-ulcinj.com\/blog\/wp-json\/wp\/v2\/posts\/54187\/revisions\/54190"}],"wp:attachment":[{"href":"https:\/\/www.visit-ulcinj.com\/blog\/wp-json\/wp\/v2\/media?parent=54187"}],"wp:term":[{"taxonomy":"category","embeddable":true,"href":"https:\/\/www.visit-ulcinj.com\/blog\/wp-json\/wp\/v2\/categories?post=54187"},{"taxonomy":"post_tag","embeddable":true,"href":"https:\/\/www.visit-ulcinj.com\/blog\/wp-json\/wp\/v2\/tags?post=54187"}],"curies":[{"name":"wp","href":"https:\/\/api.w.org\/{rel}","templated":true}]}}