{"id":54191,"date":"2011-12-09T07:58:42","date_gmt":"2011-12-09T06:58:42","guid":{"rendered":"http:\/\/www.visit-ulcinj.com\/blog\/?p=54191"},"modified":"2011-12-09T07:58:42","modified_gmt":"2011-12-09T06:58:42","slug":"noizy-mc-kreshes-sillu-mire-me-rozin","status":"publish","type":"post","link":"https:\/\/www.visit-ulcinj.com\/blog\/2011\/12\/09\/noizy-mc-kreshes-sillu-mire-me-rozin\/","title":{"rendered":"Noizy, MC Kresh\u00ebs: Sillu mir\u00eb me Rozin"},"content":{"rendered":"<p><a href=\"http:\/\/www.visit-ulcinj.com\/blog\/wp-content\/uploads\/2011\/12\/MC-KRESHA_Rozana-Radi.jpg\"><img loading=\"lazy\" class=\"alignleft size-full wp-image-54192\" title=\"MC KRESHA_Rozana Radi\" src=\"http:\/\/www.visit-ulcinj.com\/blog\/wp-content\/uploads\/2011\/12\/MC-KRESHA_Rozana-Radi.jpg\" alt=\"\" width=\"508\" height=\"380\" \/><\/a>Tashm\u00eb \u00ebsht\u00eb b\u00ebr\u00eb publike lidhja e k\u00ebng\u00ebtares Rozana Radi dhe reperit Mc Kresha.<\/p>\n<p>Nd\u00ebrkaq,\u00a0 reperi nga Shqip\u00ebria, Noizy, ia ka p\u00ebrcjell\u00eb nj\u00eb mesazh paralajm\u00ebrues-k\u00ebrc\u00ebnues reperit kosovar.<\/p>\n<p>Noizy, i cili \u00ebsht\u00eb mik me Rozin, i cili ka bashk\u00ebpunuar me t\u00eb n\u00eb dy k\u00ebng\u00eb, \u00ebsht\u00eb shprehur s\u00eb fundmi me shaka se n\u00ebse MC Kresha nuk sillet mir\u00eb me Rozana Radin, ai do t\u00eb ket\u00eb pun\u00eb me t\u00eb, pra me Noizyn, shkruan \u201cStandard\u201d.<\/p>\n<p>Rozana dhe MC Kresha dit\u00eb m\u00eb par\u00eb kan\u00eb paralajm\u00ebruar se s\u00eb shpejti do t\u00eb realizojn\u00eb edhe videoklipin e k\u00ebng\u00ebs \u201cJabadabadu\u201d.<\/p>\n<p><strong>Standard<\/strong><br \/>\n<!--YouTube Error: bad URL entered--><\/p>\n","protected":false},"excerpt":{"rendered":"<p>Tashm\u00eb \u00ebsht\u00eb b\u00ebr\u00eb publike lidhja e k\u00ebng\u00ebtares Rozana Radi dhe reperit Mc Kresha. Nd\u00ebrkaq,\u00a0 reperi nga Shqip\u00ebria, Noizy, ia ka p\u00ebrcjell\u00eb nj\u00eb mesazh paralajm\u00ebrues-k\u00ebrc\u00ebnues reperit kosovar. Noizy, i cili \u00ebsht\u00eb mik me Rozin, i cili ka bashk\u00ebpunuar me t\u00eb n\u00eb dy k\u00ebng\u00eb, \u00ebsht\u00eb shprehur s\u00eb fundmi me shaka se n\u00ebse MC Kresha nuk sillet mir\u00eb [&hellip;]<\/p>\n","protected":false},"author":1,"featured_media":0,"comment_status":"open","ping_status":"closed","sticky":false,"template":"","format":"standard","meta":{"spay_email":"","jetpack_publicize_message":"","jetpack_is_tweetstorm":false,"jetpack_publicize_feature_enabled":true},"categories":[1],"tags":[9382,4964],"jetpack_publicize_connections":[],"yoast_head":"<!-- This site is optimized with the Yoast SEO plugin v19.1 - https:\/\/yoast.com\/wordpress\/plugins\/seo\/ -->\n<title>Noizy, MC Kresh\u00ebs: Sillu mir\u00eb me Rozin - Lajme nga Ulqini<\/title>\n<meta name=\"description\" content=\"Tashm\u00eb \u00ebsht\u00eb b\u00ebr\u00eb publike lidhja e k\u00ebng\u00ebtares Rozana Radi dhe reperit Mc Kresha. Nd\u00ebrkaq,\u00a0 reperi nga Shqip\u00ebria, Noizy, ia ka p\u00ebrcjell\u00eb nj\u00eb mesazh\" \/>\n<meta name=\"robots\" content=\"index, follow, max-snippet:-1, max-image-preview:large, max-video-preview:-1\" \/>\n<link rel=\"canonical\" href=\"https:\/\/www.visit-ulcinj.com\/blog\/2011\/12\/09\/noizy-mc-kreshes-sillu-mire-me-rozin\/\" \/>\n<meta property=\"og:locale\" content=\"en_US\" \/>\n<meta property=\"og:type\" content=\"article\" \/>\n<meta property=\"og:title\" content=\"Noizy, MC Kresh\u00ebs: Sillu mir\u00eb me Rozin - Lajme nga Ulqini\" \/>\n<meta property=\"og:description\" content=\"Tashm\u00eb \u00ebsht\u00eb b\u00ebr\u00eb publike lidhja e k\u00ebng\u00ebtares Rozana Radi dhe reperit Mc Kresha. Nd\u00ebrkaq,\u00a0 reperi nga Shqip\u00ebria, Noizy, ia ka p\u00ebrcjell\u00eb nj\u00eb mesazh\" \/>\n<meta property=\"og:url\" content=\"https:\/\/www.visit-ulcinj.com\/blog\/2011\/12\/09\/noizy-mc-kreshes-sillu-mire-me-rozin\/\" \/>\n<meta property=\"og:site_name\" content=\"Lajme nga Ulqini\" \/>\n<meta property=\"article:published_time\" content=\"2011-12-09T06:58:42+00:00\" \/>\n<meta property=\"og:image\" content=\"http:\/\/www.visit-ulcinj.com\/blog\/wp-content\/uploads\/2011\/12\/MC-KRESHA_Rozana-Radi.jpg\" \/>\n<meta name=\"twitter:label1\" content=\"Written by\" \/>\n\t<meta name=\"twitter:data1\" content=\"ulqini\" \/>\n\t<meta name=\"twitter:label2\" content=\"Est. reading time\" \/>\n\t<meta name=\"twitter:data2\" content=\"1 minute\" \/>\n<script type=\"application\/ld+json\" class=\"yoast-schema-graph\">{\"@context\":\"https:\/\/schema.org\",\"@graph\":[{\"@type\":\"WebSite\",\"@id\":\"https:\/\/www.visit-ulcinj.com\/blog\/#website\",\"url\":\"https:\/\/www.visit-ulcinj.com\/blog\/\",\"name\":\"Lajme nga Ulqini\",\"description\":\"Lajme,Vijesti,Ulqini,Ulqin,Crna Gora,Mali i Zi\",\"potentialAction\":[{\"@type\":\"SearchAction\",\"target\":{\"@type\":\"EntryPoint\",\"urlTemplate\":\"https:\/\/www.visit-ulcinj.com\/blog\/?s={search_term_string}\"},\"query-input\":\"required name=search_term_string\"}],\"inLanguage\":\"en-US\"},{\"@type\":\"ImageObject\",\"inLanguage\":\"en-US\",\"@id\":\"https:\/\/www.visit-ulcinj.com\/blog\/2011\/12\/09\/noizy-mc-kreshes-sillu-mire-me-rozin\/#primaryimage\",\"url\":\"http:\/\/www.visit-ulcinj.com\/blog\/wp-content\/uploads\/2011\/12\/MC-KRESHA_Rozana-Radi.jpg\",\"contentUrl\":\"http:\/\/www.visit-ulcinj.com\/blog\/wp-content\/uploads\/2011\/12\/MC-KRESHA_Rozana-Radi.jpg\"},{\"@type\":\"WebPage\",\"@id\":\"https:\/\/www.visit-ulcinj.com\/blog\/2011\/12\/09\/noizy-mc-kreshes-sillu-mire-me-rozin\/#webpage\",\"url\":\"https:\/\/www.visit-ulcinj.com\/blog\/2011\/12\/09\/noizy-mc-kreshes-sillu-mire-me-rozin\/\",\"name\":\"Noizy, MC Kresh\u00ebs: Sillu mir\u00eb me Rozin - Lajme nga Ulqini\",\"isPartOf\":{\"@id\":\"https:\/\/www.visit-ulcinj.com\/blog\/#website\"},\"primaryImageOfPage\":{\"@id\":\"https:\/\/www.visit-ulcinj.com\/blog\/2011\/12\/09\/noizy-mc-kreshes-sillu-mire-me-rozin\/#primaryimage\"},\"datePublished\":\"2011-12-09T06:58:42+00:00\",\"dateModified\":\"2011-12-09T06:58:42+00:00\",\"author\":{\"@id\":\"https:\/\/www.visit-ulcinj.com\/blog\/#\/schema\/person\/dcab619c614d3038751c63bc2aadc06d\"},\"description\":\"Tashm\u00eb \u00ebsht\u00eb b\u00ebr\u00eb publike lidhja e k\u00ebng\u00ebtares Rozana Radi dhe reperit Mc Kresha. Nd\u00ebrkaq,\u00a0 reperi nga Shqip\u00ebria, Noizy, ia ka p\u00ebrcjell\u00eb nj\u00eb mesazh\",\"breadcrumb\":{\"@id\":\"https:\/\/www.visit-ulcinj.com\/blog\/2011\/12\/09\/noizy-mc-kreshes-sillu-mire-me-rozin\/#breadcrumb\"},\"inLanguage\":\"en-US\",\"potentialAction\":[{\"@type\":\"ReadAction\",\"target\":[\"https:\/\/www.visit-ulcinj.com\/blog\/2011\/12\/09\/noizy-mc-kreshes-sillu-mire-me-rozin\/\"]}]},{\"@type\":\"BreadcrumbList\",\"@id\":\"https:\/\/www.visit-ulcinj.com\/blog\/2011\/12\/09\/noizy-mc-kreshes-sillu-mire-me-rozin\/#breadcrumb\",\"itemListElement\":[{\"@type\":\"ListItem\",\"position\":1,\"name\":\"Noizy, MC Kresh\u00ebs: Sillu mir\u00eb me Rozin\"}]},{\"@type\":\"Person\",\"@id\":\"https:\/\/www.visit-ulcinj.com\/blog\/#\/schema\/person\/dcab619c614d3038751c63bc2aadc06d\",\"name\":\"ulqini\",\"sameAs\":[\"http:\/\/www.visit-ulcinj.com\"],\"url\":\"https:\/\/www.visit-ulcinj.com\/blog\/author\/admin\/\"}]}<\/script>\n<!-- \/ Yoast SEO plugin. -->","yoast_head_json":{"title":"Noizy, MC Kresh\u00ebs: Sillu mir\u00eb me Rozin - Lajme nga Ulqini","description":"Tashm\u00eb \u00ebsht\u00eb b\u00ebr\u00eb publike lidhja e k\u00ebng\u00ebtares Rozana Radi dhe reperit Mc Kresha. Nd\u00ebrkaq,\u00a0 reperi nga Shqip\u00ebria, Noizy, ia ka p\u00ebrcjell\u00eb nj\u00eb mesazh","robots":{"index":"index","follow":"follow","max-snippet":"max-snippet:-1","max-image-preview":"max-image-preview:large","max-video-preview":"max-video-preview:-1"},"canonical":"https:\/\/www.visit-ulcinj.com\/blog\/2011\/12\/09\/noizy-mc-kreshes-sillu-mire-me-rozin\/","og_locale":"en_US","og_type":"article","og_title":"Noizy, MC Kresh\u00ebs: Sillu mir\u00eb me Rozin - Lajme nga Ulqini","og_description":"Tashm\u00eb \u00ebsht\u00eb b\u00ebr\u00eb publike lidhja e k\u00ebng\u00ebtares Rozana Radi dhe reperit Mc Kresha. Nd\u00ebrkaq,\u00a0 reperi nga Shqip\u00ebria, Noizy, ia ka p\u00ebrcjell\u00eb nj\u00eb mesazh","og_url":"https:\/\/www.visit-ulcinj.com\/blog\/2011\/12\/09\/noizy-mc-kreshes-sillu-mire-me-rozin\/","og_site_name":"Lajme nga Ulqini","article_published_time":"2011-12-09T06:58:42+00:00","og_image":[{"url":"http:\/\/www.visit-ulcinj.com\/blog\/wp-content\/uploads\/2011\/12\/MC-KRESHA_Rozana-Radi.jpg"}],"twitter_misc":{"Written by":"ulqini","Est. reading time":"1 minute"},"schema":{"@context":"https:\/\/schema.org","@graph":[{"@type":"WebSite","@id":"https:\/\/www.visit-ulcinj.com\/blog\/#website","url":"https:\/\/www.visit-ulcinj.com\/blog\/","name":"Lajme nga Ulqini","description":"Lajme,Vijesti,Ulqini,Ulqin,Crna Gora,Mali i Zi","potentialAction":[{"@type":"SearchAction","target":{"@type":"EntryPoint","urlTemplate":"https:\/\/www.visit-ulcinj.com\/blog\/?s={search_term_string}"},"query-input":"required name=search_term_string"}],"inLanguage":"en-US"},{"@type":"ImageObject","inLanguage":"en-US","@id":"https:\/\/www.visit-ulcinj.com\/blog\/2011\/12\/09\/noizy-mc-kreshes-sillu-mire-me-rozin\/#primaryimage","url":"http:\/\/www.visit-ulcinj.com\/blog\/wp-content\/uploads\/2011\/12\/MC-KRESHA_Rozana-Radi.jpg","contentUrl":"http:\/\/www.visit-ulcinj.com\/blog\/wp-content\/uploads\/2011\/12\/MC-KRESHA_Rozana-Radi.jpg"},{"@type":"WebPage","@id":"https:\/\/www.visit-ulcinj.com\/blog\/2011\/12\/09\/noizy-mc-kreshes-sillu-mire-me-rozin\/#webpage","url":"https:\/\/www.visit-ulcinj.com\/blog\/2011\/12\/09\/noizy-mc-kreshes-sillu-mire-me-rozin\/","name":"Noizy, MC Kresh\u00ebs: Sillu mir\u00eb me Rozin - Lajme nga Ulqini","isPartOf":{"@id":"https:\/\/www.visit-ulcinj.com\/blog\/#website"},"primaryImageOfPage":{"@id":"https:\/\/www.visit-ulcinj.com\/blog\/2011\/12\/09\/noizy-mc-kreshes-sillu-mire-me-rozin\/#primaryimage"},"datePublished":"2011-12-09T06:58:42+00:00","dateModified":"2011-12-09T06:58:42+00:00","author":{"@id":"https:\/\/www.visit-ulcinj.com\/blog\/#\/schema\/person\/dcab619c614d3038751c63bc2aadc06d"},"description":"Tashm\u00eb \u00ebsht\u00eb b\u00ebr\u00eb publike lidhja e k\u00ebng\u00ebtares Rozana Radi dhe reperit Mc Kresha. Nd\u00ebrkaq,\u00a0 reperi nga Shqip\u00ebria, Noizy, ia ka p\u00ebrcjell\u00eb nj\u00eb mesazh","breadcrumb":{"@id":"https:\/\/www.visit-ulcinj.com\/blog\/2011\/12\/09\/noizy-mc-kreshes-sillu-mire-me-rozin\/#breadcrumb"},"inLanguage":"en-US","potentialAction":[{"@type":"ReadAction","target":["https:\/\/www.visit-ulcinj.com\/blog\/2011\/12\/09\/noizy-mc-kreshes-sillu-mire-me-rozin\/"]}]},{"@type":"BreadcrumbList","@id":"https:\/\/www.visit-ulcinj.com\/blog\/2011\/12\/09\/noizy-mc-kreshes-sillu-mire-me-rozin\/#breadcrumb","itemListElement":[{"@type":"ListItem","position":1,"name":"Noizy, MC Kresh\u00ebs: Sillu mir\u00eb me Rozin"}]},{"@type":"Person","@id":"https:\/\/www.visit-ulcinj.com\/blog\/#\/schema\/person\/dcab619c614d3038751c63bc2aadc06d","name":"ulqini","sameAs":["http:\/\/www.visit-ulcinj.com"],"url":"https:\/\/www.visit-ulcinj.com\/blog\/author\/admin\/"}]}},"jetpack_featured_media_url":"","jetpack_sharing_enabled":true,"jetpack_shortlink":"https:\/\/wp.me\/pe6lTn-e63","_links":{"self":[{"href":"https:\/\/www.visit-ulcinj.com\/blog\/wp-json\/wp\/v2\/posts\/54191"}],"collection":[{"href":"https:\/\/www.visit-ulcinj.com\/blog\/wp-json\/wp\/v2\/posts"}],"about":[{"href":"https:\/\/www.visit-ulcinj.com\/blog\/wp-json\/wp\/v2\/types\/post"}],"author":[{"embeddable":true,"href":"https:\/\/www.visit-ulcinj.com\/blog\/wp-json\/wp\/v2\/users\/1"}],"replies":[{"embeddable":true,"href":"https:\/\/www.visit-ulcinj.com\/blog\/wp-json\/wp\/v2\/comments?post=54191"}],"version-history":[{"count":1,"href":"https:\/\/www.visit-ulcinj.com\/blog\/wp-json\/wp\/v2\/posts\/54191\/revisions"}],"predecessor-version":[{"id":54193,"href":"https:\/\/www.visit-ulcinj.com\/blog\/wp-json\/wp\/v2\/posts\/54191\/revisions\/54193"}],"wp:attachment":[{"href":"https:\/\/www.visit-ulcinj.com\/blog\/wp-json\/wp\/v2\/media?parent=54191"}],"wp:term":[{"taxonomy":"category","embeddable":true,"href":"https:\/\/www.visit-ulcinj.com\/blog\/wp-json\/wp\/v2\/categories?post=54191"},{"taxonomy":"post_tag","embeddable":true,"href":"https:\/\/www.visit-ulcinj.com\/blog\/wp-json\/wp\/v2\/tags?post=54191"}],"curies":[{"name":"wp","href":"https:\/\/api.w.org\/{rel}","templated":true}]}}