{"id":54195,"date":"2011-12-09T08:59:24","date_gmt":"2011-12-09T07:59:24","guid":{"rendered":"http:\/\/www.visit-ulcinj.com\/blog\/?p=54195"},"modified":"2011-12-09T23:45:56","modified_gmt":"2011-12-09T22:45:56","slug":"blero-bashkon-genten-dhe-dafinen-ne-duet","status":"publish","type":"post","link":"https:\/\/www.visit-ulcinj.com\/blog\/2011\/12\/09\/blero-bashkon-genten-dhe-dafinen-ne-duet\/","title":{"rendered":"Blero bashkon Gent\u00ebn dhe Dafin\u00ebn n\u00eb duet"},"content":{"rendered":"<p><strong><a href=\"http:\/\/www.visit-ulcinj.com\/blog\/wp-content\/uploads\/2011\/12\/blero_dafina_genta.jpg\"><img loading=\"lazy\" class=\"alignleft size-full wp-image-54196\" title=\"blero_dafina_genta\" src=\"http:\/\/www.visit-ulcinj.com\/blog\/wp-content\/uploads\/2011\/12\/blero_dafina_genta.jpg\" alt=\"\" width=\"508\" height=\"400\" \/><\/a>Gjith\u00e7ka n\u00eb fillim kthehet p\u00ebrs\u00ebri n\u00eb vend t\u00eb vet! K\u00ebshtu thon\u00eb t\u00eb tjer\u00ebt, pasi Dafina \u00ebsht\u00eb rikthyer p\u00ebrs\u00ebri n\u00eb nj\u00eb shoq\u00ebri t\u00eb vjet\u00ebr t\u00eb cil\u00ebn e kishte n\u00eb fillim t\u00eb karrier\u00ebs, at\u00ebher\u00eb kur askush nuk e njihte.<\/strong><\/p>\n<p>Ishte Blero dhe miku i tij Cekic, ata t\u00eb cil\u00ebt kishin filluar t\u2019i ndihmonin Dafina Zeqirit p\u00ebr t\u00eb filluar nj\u00eb karrier\u00eb t\u00eb bujshme, por k\u00ebt\u00eb ndihm\u00eb si duket k\u00ebng\u00ebtarja ua ktheu me t\u00eb keq sepse shum\u00eb shpejt nd\u00ebrpreu bashk\u00ebpunimin me ta, duke vazhduar m\u00eb disa kompozitor dhe miq t\u00eb tjer\u00eb. Pas ndarjes nga i dashuri dhe menaxheri, Dafina p\u00ebrs\u00ebri hidhet n\u00eb krah\u00ebt e shoq\u00ebris\u00eb s\u00eb vjet\u00ebr, transmeton Editorial. K\u00ebng\u00ebtarja tashm\u00eb \u00ebsht\u00eb b\u00ebr\u00eb pjes\u00eb e produksionit \u201cStr8Dope\u201d, pronar t\u00eb t\u00eb cilit jan\u00eb Blero dhe Cekic. Shum\u00eb fansa kan\u00eb kritikuar k\u00ebt\u00eb vendim t\u00eb Bleros p\u00ebr t\u00eb pranuar Dafin\u00ebn p\u00ebrs\u00ebri pas tradhtis\u00eb q\u00eb ajo i b\u00ebri disa vite m\u00eb her\u00ebt, por si duket k\u00ebto fjal\u00eb Blero nuk i ka d\u00ebgjuar dhe tashm\u00eb ka filluar edhe me menaxhimin e k\u00ebng\u00ebtares s\u00eb bashku me Cekic, si\u00e7 thuhet n\u00eb mediat kosovare.<br \/>\n<a href=\"http:\/\/www.visit-ulcinj.com\/blog\/wp-content\/uploads\/2011\/12\/Blero_genc-prelvukajGentadafina-zeqiri.jpg\"><img loading=\"lazy\" class=\"alignleft size-full wp-image-54230\" title=\"Blero_genc prelvukaj,Genta,dafina zeqiri\" src=\"http:\/\/www.visit-ulcinj.com\/blog\/wp-content\/uploads\/2011\/12\/Blero_genc-prelvukajGentadafina-zeqiri.jpg\" alt=\"\" width=\"508\" height=\"340\" \/><\/a><\/p>\n<p>Gjithashtu ne m\u00ebsojm\u00eb se Blero \u00ebsht\u00eb n\u00eb p\u00ebrgatitje e sip\u00ebr t\u00eb nj\u00eb surprize t\u00eb madhe, duke bashkuar n\u00eb nj\u00eb duet dy k\u00ebng\u00ebtaret e njohura nj\u00ebherit edhe tash mikesha t\u00eb tij Genta Ismajlin dhe Dafina Zeqirin, p\u00ebr t\u00eb cilat me t\u00eb madhe flitet se nuk e duan nj\u00ebra tjetr\u00ebn dhe p\u00ebr shkak t\u00eb rivalitetit dhe xhelozis\u00eb k\u00ebto dy k\u00ebng\u00ebtare asnj\u00ebher\u00eb nuk mund t\u00eb b\u00ebjn\u00eb paqe. N\u00ebse ky bashk\u00ebpunim do t\u00eb realizohet, at\u00ebher\u00eb definitivisht ajo k\u00ebng\u00eb do t\u00eb jet\u00eb nj\u00eb megahit q\u00eb do t\u00eb mbahet mend p\u00ebrgjithmon\u00eb dhe se dy k\u00ebng\u00ebtaret e njohura me shum\u00eb fansa mes veti do t\u00eb b\u00ebjn\u00eb boom-in e radh\u00ebs.<\/p>\n<p><strong>Ekonomisti<br \/>\n<!--YouTube Error: bad URL entered--><br \/>\n<\/strong><\/p>\n","protected":false},"excerpt":{"rendered":"<p>Gjith\u00e7ka n\u00eb fillim kthehet p\u00ebrs\u00ebri n\u00eb vend t\u00eb vet! K\u00ebshtu thon\u00eb t\u00eb tjer\u00ebt, pasi Dafina \u00ebsht\u00eb rikthyer p\u00ebrs\u00ebri n\u00eb nj\u00eb shoq\u00ebri t\u00eb vjet\u00ebr t\u00eb cil\u00ebn e kishte n\u00eb fillim t\u00eb karrier\u00ebs, at\u00ebher\u00eb kur askush nuk e njihte. Ishte Blero dhe miku i tij Cekic, ata t\u00eb cil\u00ebt kishin filluar t\u2019i ndihmonin Dafina Zeqirit p\u00ebr t\u00eb [&hellip;]<\/p>\n","protected":false},"author":1,"featured_media":0,"comment_status":"open","ping_status":"closed","sticky":false,"template":"","format":"standard","meta":{"spay_email":"","jetpack_publicize_message":"","jetpack_is_tweetstorm":false,"jetpack_publicize_feature_enabled":true},"categories":[1],"tags":[3978,9091,4889],"jetpack_publicize_connections":[],"yoast_head":"<!-- This site is optimized with the Yoast SEO plugin v19.1 - https:\/\/yoast.com\/wordpress\/plugins\/seo\/ -->\n<title>Blero bashkon Gent\u00ebn dhe Dafin\u00ebn n\u00eb duet - Lajme nga Ulqini<\/title>\n<meta name=\"description\" content=\"Gjith\u00e7ka n\u00eb fillim kthehet p\u00ebrs\u00ebri n\u00eb vend t\u00eb vet! K\u00ebshtu thon\u00eb t\u00eb tjer\u00ebt, pasi Dafina \u00ebsht\u00eb rikthyer p\u00ebrs\u00ebri n\u00eb nj\u00eb shoq\u00ebri t\u00eb vjet\u00ebr t\u00eb cil\u00ebn e kishte\" \/>\n<meta name=\"robots\" content=\"index, follow, max-snippet:-1, max-image-preview:large, max-video-preview:-1\" \/>\n<link rel=\"canonical\" href=\"https:\/\/www.visit-ulcinj.com\/blog\/2011\/12\/09\/blero-bashkon-genten-dhe-dafinen-ne-duet\/\" \/>\n<meta property=\"og:locale\" content=\"en_US\" \/>\n<meta property=\"og:type\" content=\"article\" \/>\n<meta property=\"og:title\" content=\"Blero bashkon Gent\u00ebn dhe Dafin\u00ebn n\u00eb duet - Lajme nga Ulqini\" \/>\n<meta property=\"og:description\" content=\"Gjith\u00e7ka n\u00eb fillim kthehet p\u00ebrs\u00ebri n\u00eb vend t\u00eb vet! K\u00ebshtu thon\u00eb t\u00eb tjer\u00ebt, pasi Dafina \u00ebsht\u00eb rikthyer p\u00ebrs\u00ebri n\u00eb nj\u00eb shoq\u00ebri t\u00eb vjet\u00ebr t\u00eb cil\u00ebn e kishte\" \/>\n<meta property=\"og:url\" content=\"https:\/\/www.visit-ulcinj.com\/blog\/2011\/12\/09\/blero-bashkon-genten-dhe-dafinen-ne-duet\/\" \/>\n<meta property=\"og:site_name\" content=\"Lajme nga Ulqini\" \/>\n<meta property=\"article:published_time\" content=\"2011-12-09T07:59:24+00:00\" \/>\n<meta property=\"article:modified_time\" content=\"2011-12-09T22:45:56+00:00\" \/>\n<meta property=\"og:image\" content=\"http:\/\/www.visit-ulcinj.com\/blog\/wp-content\/uploads\/2011\/12\/blero_dafina_genta.jpg\" \/>\n<meta name=\"twitter:label1\" content=\"Written by\" \/>\n\t<meta name=\"twitter:data1\" content=\"ulqini\" \/>\n\t<meta name=\"twitter:label2\" content=\"Est. reading time\" \/>\n\t<meta name=\"twitter:data2\" content=\"2 minutes\" \/>\n<script type=\"application\/ld+json\" class=\"yoast-schema-graph\">{\"@context\":\"https:\/\/schema.org\",\"@graph\":[{\"@type\":\"WebSite\",\"@id\":\"https:\/\/www.visit-ulcinj.com\/blog\/#website\",\"url\":\"https:\/\/www.visit-ulcinj.com\/blog\/\",\"name\":\"Lajme nga Ulqini\",\"description\":\"Lajme,Vijesti,Ulqini,Ulqin,Crna Gora,Mali i Zi\",\"potentialAction\":[{\"@type\":\"SearchAction\",\"target\":{\"@type\":\"EntryPoint\",\"urlTemplate\":\"https:\/\/www.visit-ulcinj.com\/blog\/?s={search_term_string}\"},\"query-input\":\"required name=search_term_string\"}],\"inLanguage\":\"en-US\"},{\"@type\":\"ImageObject\",\"inLanguage\":\"en-US\",\"@id\":\"https:\/\/www.visit-ulcinj.com\/blog\/2011\/12\/09\/blero-bashkon-genten-dhe-dafinen-ne-duet\/#primaryimage\",\"url\":\"http:\/\/www.visit-ulcinj.com\/blog\/wp-content\/uploads\/2011\/12\/blero_dafina_genta.jpg\",\"contentUrl\":\"http:\/\/www.visit-ulcinj.com\/blog\/wp-content\/uploads\/2011\/12\/blero_dafina_genta.jpg\"},{\"@type\":\"WebPage\",\"@id\":\"https:\/\/www.visit-ulcinj.com\/blog\/2011\/12\/09\/blero-bashkon-genten-dhe-dafinen-ne-duet\/#webpage\",\"url\":\"https:\/\/www.visit-ulcinj.com\/blog\/2011\/12\/09\/blero-bashkon-genten-dhe-dafinen-ne-duet\/\",\"name\":\"Blero bashkon Gent\u00ebn dhe Dafin\u00ebn n\u00eb duet - Lajme nga Ulqini\",\"isPartOf\":{\"@id\":\"https:\/\/www.visit-ulcinj.com\/blog\/#website\"},\"primaryImageOfPage\":{\"@id\":\"https:\/\/www.visit-ulcinj.com\/blog\/2011\/12\/09\/blero-bashkon-genten-dhe-dafinen-ne-duet\/#primaryimage\"},\"datePublished\":\"2011-12-09T07:59:24+00:00\",\"dateModified\":\"2011-12-09T22:45:56+00:00\",\"author\":{\"@id\":\"https:\/\/www.visit-ulcinj.com\/blog\/#\/schema\/person\/dcab619c614d3038751c63bc2aadc06d\"},\"description\":\"Gjith\u00e7ka n\u00eb fillim kthehet p\u00ebrs\u00ebri n\u00eb vend t\u00eb vet! K\u00ebshtu thon\u00eb t\u00eb tjer\u00ebt, pasi Dafina \u00ebsht\u00eb rikthyer p\u00ebrs\u00ebri n\u00eb nj\u00eb shoq\u00ebri t\u00eb vjet\u00ebr t\u00eb cil\u00ebn e kishte\",\"breadcrumb\":{\"@id\":\"https:\/\/www.visit-ulcinj.com\/blog\/2011\/12\/09\/blero-bashkon-genten-dhe-dafinen-ne-duet\/#breadcrumb\"},\"inLanguage\":\"en-US\",\"potentialAction\":[{\"@type\":\"ReadAction\",\"target\":[\"https:\/\/www.visit-ulcinj.com\/blog\/2011\/12\/09\/blero-bashkon-genten-dhe-dafinen-ne-duet\/\"]}]},{\"@type\":\"BreadcrumbList\",\"@id\":\"https:\/\/www.visit-ulcinj.com\/blog\/2011\/12\/09\/blero-bashkon-genten-dhe-dafinen-ne-duet\/#breadcrumb\",\"itemListElement\":[{\"@type\":\"ListItem\",\"position\":1,\"name\":\"Blero bashkon Gent\u00ebn dhe Dafin\u00ebn n\u00eb duet\"}]},{\"@type\":\"Person\",\"@id\":\"https:\/\/www.visit-ulcinj.com\/blog\/#\/schema\/person\/dcab619c614d3038751c63bc2aadc06d\",\"name\":\"ulqini\",\"sameAs\":[\"http:\/\/www.visit-ulcinj.com\"],\"url\":\"https:\/\/www.visit-ulcinj.com\/blog\/author\/admin\/\"}]}<\/script>\n<!-- \/ Yoast SEO plugin. -->","yoast_head_json":{"title":"Blero bashkon Gent\u00ebn dhe Dafin\u00ebn n\u00eb duet - Lajme nga Ulqini","description":"Gjith\u00e7ka n\u00eb fillim kthehet p\u00ebrs\u00ebri n\u00eb vend t\u00eb vet! K\u00ebshtu thon\u00eb t\u00eb tjer\u00ebt, pasi Dafina \u00ebsht\u00eb rikthyer p\u00ebrs\u00ebri n\u00eb nj\u00eb shoq\u00ebri t\u00eb vjet\u00ebr t\u00eb cil\u00ebn e kishte","robots":{"index":"index","follow":"follow","max-snippet":"max-snippet:-1","max-image-preview":"max-image-preview:large","max-video-preview":"max-video-preview:-1"},"canonical":"https:\/\/www.visit-ulcinj.com\/blog\/2011\/12\/09\/blero-bashkon-genten-dhe-dafinen-ne-duet\/","og_locale":"en_US","og_type":"article","og_title":"Blero bashkon Gent\u00ebn dhe Dafin\u00ebn n\u00eb duet - Lajme nga Ulqini","og_description":"Gjith\u00e7ka n\u00eb fillim kthehet p\u00ebrs\u00ebri n\u00eb vend t\u00eb vet! K\u00ebshtu thon\u00eb t\u00eb tjer\u00ebt, pasi Dafina \u00ebsht\u00eb rikthyer p\u00ebrs\u00ebri n\u00eb nj\u00eb shoq\u00ebri t\u00eb vjet\u00ebr t\u00eb cil\u00ebn e kishte","og_url":"https:\/\/www.visit-ulcinj.com\/blog\/2011\/12\/09\/blero-bashkon-genten-dhe-dafinen-ne-duet\/","og_site_name":"Lajme nga Ulqini","article_published_time":"2011-12-09T07:59:24+00:00","article_modified_time":"2011-12-09T22:45:56+00:00","og_image":[{"url":"http:\/\/www.visit-ulcinj.com\/blog\/wp-content\/uploads\/2011\/12\/blero_dafina_genta.jpg"}],"twitter_misc":{"Written by":"ulqini","Est. reading time":"2 minutes"},"schema":{"@context":"https:\/\/schema.org","@graph":[{"@type":"WebSite","@id":"https:\/\/www.visit-ulcinj.com\/blog\/#website","url":"https:\/\/www.visit-ulcinj.com\/blog\/","name":"Lajme nga Ulqini","description":"Lajme,Vijesti,Ulqini,Ulqin,Crna Gora,Mali i Zi","potentialAction":[{"@type":"SearchAction","target":{"@type":"EntryPoint","urlTemplate":"https:\/\/www.visit-ulcinj.com\/blog\/?s={search_term_string}"},"query-input":"required name=search_term_string"}],"inLanguage":"en-US"},{"@type":"ImageObject","inLanguage":"en-US","@id":"https:\/\/www.visit-ulcinj.com\/blog\/2011\/12\/09\/blero-bashkon-genten-dhe-dafinen-ne-duet\/#primaryimage","url":"http:\/\/www.visit-ulcinj.com\/blog\/wp-content\/uploads\/2011\/12\/blero_dafina_genta.jpg","contentUrl":"http:\/\/www.visit-ulcinj.com\/blog\/wp-content\/uploads\/2011\/12\/blero_dafina_genta.jpg"},{"@type":"WebPage","@id":"https:\/\/www.visit-ulcinj.com\/blog\/2011\/12\/09\/blero-bashkon-genten-dhe-dafinen-ne-duet\/#webpage","url":"https:\/\/www.visit-ulcinj.com\/blog\/2011\/12\/09\/blero-bashkon-genten-dhe-dafinen-ne-duet\/","name":"Blero bashkon Gent\u00ebn dhe Dafin\u00ebn n\u00eb duet - Lajme nga Ulqini","isPartOf":{"@id":"https:\/\/www.visit-ulcinj.com\/blog\/#website"},"primaryImageOfPage":{"@id":"https:\/\/www.visit-ulcinj.com\/blog\/2011\/12\/09\/blero-bashkon-genten-dhe-dafinen-ne-duet\/#primaryimage"},"datePublished":"2011-12-09T07:59:24+00:00","dateModified":"2011-12-09T22:45:56+00:00","author":{"@id":"https:\/\/www.visit-ulcinj.com\/blog\/#\/schema\/person\/dcab619c614d3038751c63bc2aadc06d"},"description":"Gjith\u00e7ka n\u00eb fillim kthehet p\u00ebrs\u00ebri n\u00eb vend t\u00eb vet! K\u00ebshtu thon\u00eb t\u00eb tjer\u00ebt, pasi Dafina \u00ebsht\u00eb rikthyer p\u00ebrs\u00ebri n\u00eb nj\u00eb shoq\u00ebri t\u00eb vjet\u00ebr t\u00eb cil\u00ebn e kishte","breadcrumb":{"@id":"https:\/\/www.visit-ulcinj.com\/blog\/2011\/12\/09\/blero-bashkon-genten-dhe-dafinen-ne-duet\/#breadcrumb"},"inLanguage":"en-US","potentialAction":[{"@type":"ReadAction","target":["https:\/\/www.visit-ulcinj.com\/blog\/2011\/12\/09\/blero-bashkon-genten-dhe-dafinen-ne-duet\/"]}]},{"@type":"BreadcrumbList","@id":"https:\/\/www.visit-ulcinj.com\/blog\/2011\/12\/09\/blero-bashkon-genten-dhe-dafinen-ne-duet\/#breadcrumb","itemListElement":[{"@type":"ListItem","position":1,"name":"Blero bashkon Gent\u00ebn dhe Dafin\u00ebn n\u00eb duet"}]},{"@type":"Person","@id":"https:\/\/www.visit-ulcinj.com\/blog\/#\/schema\/person\/dcab619c614d3038751c63bc2aadc06d","name":"ulqini","sameAs":["http:\/\/www.visit-ulcinj.com"],"url":"https:\/\/www.visit-ulcinj.com\/blog\/author\/admin\/"}]}},"jetpack_featured_media_url":"","jetpack_sharing_enabled":true,"jetpack_shortlink":"https:\/\/wp.me\/pe6lTn-e67","_links":{"self":[{"href":"https:\/\/www.visit-ulcinj.com\/blog\/wp-json\/wp\/v2\/posts\/54195"}],"collection":[{"href":"https:\/\/www.visit-ulcinj.com\/blog\/wp-json\/wp\/v2\/posts"}],"about":[{"href":"https:\/\/www.visit-ulcinj.com\/blog\/wp-json\/wp\/v2\/types\/post"}],"author":[{"embeddable":true,"href":"https:\/\/www.visit-ulcinj.com\/blog\/wp-json\/wp\/v2\/users\/1"}],"replies":[{"embeddable":true,"href":"https:\/\/www.visit-ulcinj.com\/blog\/wp-json\/wp\/v2\/comments?post=54195"}],"version-history":[{"count":2,"href":"https:\/\/www.visit-ulcinj.com\/blog\/wp-json\/wp\/v2\/posts\/54195\/revisions"}],"predecessor-version":[{"id":54231,"href":"https:\/\/www.visit-ulcinj.com\/blog\/wp-json\/wp\/v2\/posts\/54195\/revisions\/54231"}],"wp:attachment":[{"href":"https:\/\/www.visit-ulcinj.com\/blog\/wp-json\/wp\/v2\/media?parent=54195"}],"wp:term":[{"taxonomy":"category","embeddable":true,"href":"https:\/\/www.visit-ulcinj.com\/blog\/wp-json\/wp\/v2\/categories?post=54195"},{"taxonomy":"post_tag","embeddable":true,"href":"https:\/\/www.visit-ulcinj.com\/blog\/wp-json\/wp\/v2\/tags?post=54195"}],"curies":[{"name":"wp","href":"https:\/\/api.w.org\/{rel}","templated":true}]}}