{"id":54198,"date":"2011-12-09T09:27:27","date_gmt":"2011-12-09T08:27:27","guid":{"rendered":"http:\/\/www.visit-ulcinj.com\/blog\/?p=54198"},"modified":"2011-12-09T09:27:27","modified_gmt":"2011-12-09T08:27:27","slug":"pse-organizatori-nuk-e-la-seldin-te-kendoje-ne-malmo","status":"publish","type":"post","link":"https:\/\/www.visit-ulcinj.com\/blog\/2011\/12\/09\/pse-organizatori-nuk-e-la-seldin-te-kendoje-ne-malmo\/","title":{"rendered":"Pse organizatori nuk e la Seldin t\u00eb k\u00ebndoj\u00eb n\u00eb Malmo?"},"content":{"rendered":"<p><a href=\"http:\/\/www.visit-ulcinj.com\/blog\/wp-content\/uploads\/2011\/12\/Seldi-Qalliu.jpg\"><img loading=\"lazy\" class=\"alignleft size-full wp-image-54199\" title=\"Seldi Qalliu\" src=\"http:\/\/www.visit-ulcinj.com\/blog\/wp-content\/uploads\/2011\/12\/Seldi-Qalliu.jpg\" alt=\"\" width=\"350\" height=\"450\" \/><\/a>Nj\u00eb nga organizator\u00ebt e njohur t\u00eb diaspor\u00ebs kishte organizuar dy mbr\u00ebmje madh\u00ebshtore n\u00eb Malmo t\u00eb Suedis\u00eb. Por, m\u00ebsuam se Samiri, si\u00e7 quhet organizatori, ka menduar q\u00eb n\u00eb k\u00ebt\u00eb mbr\u00ebmje t\u00eb kishte disa yje, si\u00e7 ishte Rovena Stefa, Sinan Vllasaliu dhe Gold Ag, por edhe Seldi.<\/p>\n<p>K\u00ebtu Seldi ka qen\u00eb pa Sinan Hoxh\u00ebn dhe si duket k\u00ebtij t\u00eb fundit i ka ardhur keq. Por, n\u00eb fakt organizatori, q\u00eb \u00ebsht\u00eb nj\u00eb mik shum\u00eb i mir\u00eb i t\u00eb gjith\u00eb artist\u00ebve dhe aq m\u00eb tep\u00ebr i Sinan Hoxh\u00ebs, nuk ka dashur t\u00eb b\u00ebj\u00eb ask\u00ebnd armik dhe nuk ka lejuar q\u00eb Seldi t\u00eb k\u00ebndoj\u00eb n\u00eb mbr\u00ebmjen e dyt\u00eb.<\/p>\n<p>Kjo ka ndodhur edhe p\u00ebr arsye se k\u00ebng\u00ebtari nga Tirana nuk ka dashur t\u00eb ndahet, pasi ai ka disa duete me Seldin. Por, ndodhin nganj\u00ebher\u00eb edhe keqkuptimet, nd\u00ebrsa m\u00ebsuam se organizatori me pun\u00ebn e tij serioze i \u00e7mon shum\u00eb dhe ka bashk\u00ebpunim t\u00eb ngusht\u00eb me k\u00ebta artist\u00eb.<\/p>\n<p><strong>(M.GJ\/Kosova Sot)<br \/>\n<!--YouTube Error: bad URL entered--><br \/>\n<\/strong><\/p>\n","protected":false},"excerpt":{"rendered":"<p>Nj\u00eb nga organizator\u00ebt e njohur t\u00eb diaspor\u00ebs kishte organizuar dy mbr\u00ebmje madh\u00ebshtore n\u00eb Malmo t\u00eb Suedis\u00eb. Por, m\u00ebsuam se Samiri, si\u00e7 quhet organizatori, ka menduar q\u00eb n\u00eb k\u00ebt\u00eb mbr\u00ebmje t\u00eb kishte disa yje, si\u00e7 ishte Rovena Stefa, Sinan Vllasaliu dhe Gold Ag, por edhe Seldi. K\u00ebtu Seldi ka qen\u00eb pa Sinan Hoxh\u00ebn dhe si duket [&hellip;]<\/p>\n","protected":false},"author":1,"featured_media":0,"comment_status":"open","ping_status":"closed","sticky":false,"template":"","format":"standard","meta":{"spay_email":"","jetpack_publicize_message":"","jetpack_is_tweetstorm":false,"jetpack_publicize_feature_enabled":true},"categories":[1],"tags":[14967],"jetpack_publicize_connections":[],"yoast_head":"<!-- This site is optimized with the Yoast SEO plugin v19.1 - https:\/\/yoast.com\/wordpress\/plugins\/seo\/ -->\n<title>Pse organizatori nuk e la Seldin t\u00eb k\u00ebndoj\u00eb n\u00eb Malmo? - Lajme nga Ulqini<\/title>\n<meta name=\"description\" content=\"Nj\u00eb nga organizator\u00ebt e njohur t\u00eb diaspor\u00ebs kishte organizuar dy mbr\u00ebmje madh\u00ebshtore n\u00eb Malmo t\u00eb Suedis\u00eb. Por, m\u00ebsuam se Samiri, si\u00e7 quhet organizatori,\" \/>\n<meta name=\"robots\" content=\"index, follow, max-snippet:-1, max-image-preview:large, max-video-preview:-1\" \/>\n<link rel=\"canonical\" href=\"https:\/\/www.visit-ulcinj.com\/blog\/2011\/12\/09\/pse-organizatori-nuk-e-la-seldin-te-kendoje-ne-malmo\/\" \/>\n<meta property=\"og:locale\" content=\"en_US\" \/>\n<meta property=\"og:type\" content=\"article\" \/>\n<meta property=\"og:title\" content=\"Pse organizatori nuk e la Seldin t\u00eb k\u00ebndoj\u00eb n\u00eb Malmo? - Lajme nga Ulqini\" \/>\n<meta property=\"og:description\" content=\"Nj\u00eb nga organizator\u00ebt e njohur t\u00eb diaspor\u00ebs kishte organizuar dy mbr\u00ebmje madh\u00ebshtore n\u00eb Malmo t\u00eb Suedis\u00eb. Por, m\u00ebsuam se Samiri, si\u00e7 quhet organizatori,\" \/>\n<meta property=\"og:url\" content=\"https:\/\/www.visit-ulcinj.com\/blog\/2011\/12\/09\/pse-organizatori-nuk-e-la-seldin-te-kendoje-ne-malmo\/\" \/>\n<meta property=\"og:site_name\" content=\"Lajme nga Ulqini\" \/>\n<meta property=\"article:published_time\" content=\"2011-12-09T08:27:27+00:00\" \/>\n<meta property=\"og:image\" content=\"http:\/\/www.visit-ulcinj.com\/blog\/wp-content\/uploads\/2011\/12\/Seldi-Qalliu.jpg\" \/>\n<meta name=\"twitter:label1\" content=\"Written by\" \/>\n\t<meta name=\"twitter:data1\" content=\"ulqini\" \/>\n\t<meta name=\"twitter:label2\" content=\"Est. reading time\" \/>\n\t<meta name=\"twitter:data2\" content=\"1 minute\" \/>\n<script type=\"application\/ld+json\" class=\"yoast-schema-graph\">{\"@context\":\"https:\/\/schema.org\",\"@graph\":[{\"@type\":\"WebSite\",\"@id\":\"https:\/\/www.visit-ulcinj.com\/blog\/#website\",\"url\":\"https:\/\/www.visit-ulcinj.com\/blog\/\",\"name\":\"Lajme nga Ulqini\",\"description\":\"Lajme,Vijesti,Ulqini,Ulqin,Crna Gora,Mali i Zi\",\"potentialAction\":[{\"@type\":\"SearchAction\",\"target\":{\"@type\":\"EntryPoint\",\"urlTemplate\":\"https:\/\/www.visit-ulcinj.com\/blog\/?s={search_term_string}\"},\"query-input\":\"required name=search_term_string\"}],\"inLanguage\":\"en-US\"},{\"@type\":\"ImageObject\",\"inLanguage\":\"en-US\",\"@id\":\"https:\/\/www.visit-ulcinj.com\/blog\/2011\/12\/09\/pse-organizatori-nuk-e-la-seldin-te-kendoje-ne-malmo\/#primaryimage\",\"url\":\"http:\/\/www.visit-ulcinj.com\/blog\/wp-content\/uploads\/2011\/12\/Seldi-Qalliu.jpg\",\"contentUrl\":\"http:\/\/www.visit-ulcinj.com\/blog\/wp-content\/uploads\/2011\/12\/Seldi-Qalliu.jpg\"},{\"@type\":\"WebPage\",\"@id\":\"https:\/\/www.visit-ulcinj.com\/blog\/2011\/12\/09\/pse-organizatori-nuk-e-la-seldin-te-kendoje-ne-malmo\/#webpage\",\"url\":\"https:\/\/www.visit-ulcinj.com\/blog\/2011\/12\/09\/pse-organizatori-nuk-e-la-seldin-te-kendoje-ne-malmo\/\",\"name\":\"Pse organizatori nuk e la Seldin t\u00eb k\u00ebndoj\u00eb n\u00eb Malmo? - Lajme nga Ulqini\",\"isPartOf\":{\"@id\":\"https:\/\/www.visit-ulcinj.com\/blog\/#website\"},\"primaryImageOfPage\":{\"@id\":\"https:\/\/www.visit-ulcinj.com\/blog\/2011\/12\/09\/pse-organizatori-nuk-e-la-seldin-te-kendoje-ne-malmo\/#primaryimage\"},\"datePublished\":\"2011-12-09T08:27:27+00:00\",\"dateModified\":\"2011-12-09T08:27:27+00:00\",\"author\":{\"@id\":\"https:\/\/www.visit-ulcinj.com\/blog\/#\/schema\/person\/dcab619c614d3038751c63bc2aadc06d\"},\"description\":\"Nj\u00eb nga organizator\u00ebt e njohur t\u00eb diaspor\u00ebs kishte organizuar dy mbr\u00ebmje madh\u00ebshtore n\u00eb Malmo t\u00eb Suedis\u00eb. Por, m\u00ebsuam se Samiri, si\u00e7 quhet organizatori,\",\"breadcrumb\":{\"@id\":\"https:\/\/www.visit-ulcinj.com\/blog\/2011\/12\/09\/pse-organizatori-nuk-e-la-seldin-te-kendoje-ne-malmo\/#breadcrumb\"},\"inLanguage\":\"en-US\",\"potentialAction\":[{\"@type\":\"ReadAction\",\"target\":[\"https:\/\/www.visit-ulcinj.com\/blog\/2011\/12\/09\/pse-organizatori-nuk-e-la-seldin-te-kendoje-ne-malmo\/\"]}]},{\"@type\":\"BreadcrumbList\",\"@id\":\"https:\/\/www.visit-ulcinj.com\/blog\/2011\/12\/09\/pse-organizatori-nuk-e-la-seldin-te-kendoje-ne-malmo\/#breadcrumb\",\"itemListElement\":[{\"@type\":\"ListItem\",\"position\":1,\"name\":\"Pse organizatori nuk e la Seldin t\u00eb k\u00ebndoj\u00eb n\u00eb Malmo?\"}]},{\"@type\":\"Person\",\"@id\":\"https:\/\/www.visit-ulcinj.com\/blog\/#\/schema\/person\/dcab619c614d3038751c63bc2aadc06d\",\"name\":\"ulqini\",\"sameAs\":[\"http:\/\/www.visit-ulcinj.com\"],\"url\":\"https:\/\/www.visit-ulcinj.com\/blog\/author\/admin\/\"}]}<\/script>\n<!-- \/ Yoast SEO plugin. -->","yoast_head_json":{"title":"Pse organizatori nuk e la Seldin t\u00eb k\u00ebndoj\u00eb n\u00eb Malmo? - Lajme nga Ulqini","description":"Nj\u00eb nga organizator\u00ebt e njohur t\u00eb diaspor\u00ebs kishte organizuar dy mbr\u00ebmje madh\u00ebshtore n\u00eb Malmo t\u00eb Suedis\u00eb. Por, m\u00ebsuam se Samiri, si\u00e7 quhet organizatori,","robots":{"index":"index","follow":"follow","max-snippet":"max-snippet:-1","max-image-preview":"max-image-preview:large","max-video-preview":"max-video-preview:-1"},"canonical":"https:\/\/www.visit-ulcinj.com\/blog\/2011\/12\/09\/pse-organizatori-nuk-e-la-seldin-te-kendoje-ne-malmo\/","og_locale":"en_US","og_type":"article","og_title":"Pse organizatori nuk e la Seldin t\u00eb k\u00ebndoj\u00eb n\u00eb Malmo? - Lajme nga Ulqini","og_description":"Nj\u00eb nga organizator\u00ebt e njohur t\u00eb diaspor\u00ebs kishte organizuar dy mbr\u00ebmje madh\u00ebshtore n\u00eb Malmo t\u00eb Suedis\u00eb. Por, m\u00ebsuam se Samiri, si\u00e7 quhet organizatori,","og_url":"https:\/\/www.visit-ulcinj.com\/blog\/2011\/12\/09\/pse-organizatori-nuk-e-la-seldin-te-kendoje-ne-malmo\/","og_site_name":"Lajme nga Ulqini","article_published_time":"2011-12-09T08:27:27+00:00","og_image":[{"url":"http:\/\/www.visit-ulcinj.com\/blog\/wp-content\/uploads\/2011\/12\/Seldi-Qalliu.jpg"}],"twitter_misc":{"Written by":"ulqini","Est. reading time":"1 minute"},"schema":{"@context":"https:\/\/schema.org","@graph":[{"@type":"WebSite","@id":"https:\/\/www.visit-ulcinj.com\/blog\/#website","url":"https:\/\/www.visit-ulcinj.com\/blog\/","name":"Lajme nga Ulqini","description":"Lajme,Vijesti,Ulqini,Ulqin,Crna Gora,Mali i Zi","potentialAction":[{"@type":"SearchAction","target":{"@type":"EntryPoint","urlTemplate":"https:\/\/www.visit-ulcinj.com\/blog\/?s={search_term_string}"},"query-input":"required name=search_term_string"}],"inLanguage":"en-US"},{"@type":"ImageObject","inLanguage":"en-US","@id":"https:\/\/www.visit-ulcinj.com\/blog\/2011\/12\/09\/pse-organizatori-nuk-e-la-seldin-te-kendoje-ne-malmo\/#primaryimage","url":"http:\/\/www.visit-ulcinj.com\/blog\/wp-content\/uploads\/2011\/12\/Seldi-Qalliu.jpg","contentUrl":"http:\/\/www.visit-ulcinj.com\/blog\/wp-content\/uploads\/2011\/12\/Seldi-Qalliu.jpg"},{"@type":"WebPage","@id":"https:\/\/www.visit-ulcinj.com\/blog\/2011\/12\/09\/pse-organizatori-nuk-e-la-seldin-te-kendoje-ne-malmo\/#webpage","url":"https:\/\/www.visit-ulcinj.com\/blog\/2011\/12\/09\/pse-organizatori-nuk-e-la-seldin-te-kendoje-ne-malmo\/","name":"Pse organizatori nuk e la Seldin t\u00eb k\u00ebndoj\u00eb n\u00eb Malmo? - Lajme nga Ulqini","isPartOf":{"@id":"https:\/\/www.visit-ulcinj.com\/blog\/#website"},"primaryImageOfPage":{"@id":"https:\/\/www.visit-ulcinj.com\/blog\/2011\/12\/09\/pse-organizatori-nuk-e-la-seldin-te-kendoje-ne-malmo\/#primaryimage"},"datePublished":"2011-12-09T08:27:27+00:00","dateModified":"2011-12-09T08:27:27+00:00","author":{"@id":"https:\/\/www.visit-ulcinj.com\/blog\/#\/schema\/person\/dcab619c614d3038751c63bc2aadc06d"},"description":"Nj\u00eb nga organizator\u00ebt e njohur t\u00eb diaspor\u00ebs kishte organizuar dy mbr\u00ebmje madh\u00ebshtore n\u00eb Malmo t\u00eb Suedis\u00eb. Por, m\u00ebsuam se Samiri, si\u00e7 quhet organizatori,","breadcrumb":{"@id":"https:\/\/www.visit-ulcinj.com\/blog\/2011\/12\/09\/pse-organizatori-nuk-e-la-seldin-te-kendoje-ne-malmo\/#breadcrumb"},"inLanguage":"en-US","potentialAction":[{"@type":"ReadAction","target":["https:\/\/www.visit-ulcinj.com\/blog\/2011\/12\/09\/pse-organizatori-nuk-e-la-seldin-te-kendoje-ne-malmo\/"]}]},{"@type":"BreadcrumbList","@id":"https:\/\/www.visit-ulcinj.com\/blog\/2011\/12\/09\/pse-organizatori-nuk-e-la-seldin-te-kendoje-ne-malmo\/#breadcrumb","itemListElement":[{"@type":"ListItem","position":1,"name":"Pse organizatori nuk e la Seldin t\u00eb k\u00ebndoj\u00eb n\u00eb Malmo?"}]},{"@type":"Person","@id":"https:\/\/www.visit-ulcinj.com\/blog\/#\/schema\/person\/dcab619c614d3038751c63bc2aadc06d","name":"ulqini","sameAs":["http:\/\/www.visit-ulcinj.com"],"url":"https:\/\/www.visit-ulcinj.com\/blog\/author\/admin\/"}]}},"jetpack_featured_media_url":"","jetpack_sharing_enabled":true,"jetpack_shortlink":"https:\/\/wp.me\/pe6lTn-e6a","_links":{"self":[{"href":"https:\/\/www.visit-ulcinj.com\/blog\/wp-json\/wp\/v2\/posts\/54198"}],"collection":[{"href":"https:\/\/www.visit-ulcinj.com\/blog\/wp-json\/wp\/v2\/posts"}],"about":[{"href":"https:\/\/www.visit-ulcinj.com\/blog\/wp-json\/wp\/v2\/types\/post"}],"author":[{"embeddable":true,"href":"https:\/\/www.visit-ulcinj.com\/blog\/wp-json\/wp\/v2\/users\/1"}],"replies":[{"embeddable":true,"href":"https:\/\/www.visit-ulcinj.com\/blog\/wp-json\/wp\/v2\/comments?post=54198"}],"version-history":[{"count":1,"href":"https:\/\/www.visit-ulcinj.com\/blog\/wp-json\/wp\/v2\/posts\/54198\/revisions"}],"predecessor-version":[{"id":54200,"href":"https:\/\/www.visit-ulcinj.com\/blog\/wp-json\/wp\/v2\/posts\/54198\/revisions\/54200"}],"wp:attachment":[{"href":"https:\/\/www.visit-ulcinj.com\/blog\/wp-json\/wp\/v2\/media?parent=54198"}],"wp:term":[{"taxonomy":"category","embeddable":true,"href":"https:\/\/www.visit-ulcinj.com\/blog\/wp-json\/wp\/v2\/categories?post=54198"},{"taxonomy":"post_tag","embeddable":true,"href":"https:\/\/www.visit-ulcinj.com\/blog\/wp-json\/wp\/v2\/tags?post=54198"}],"curies":[{"name":"wp","href":"https:\/\/api.w.org\/{rel}","templated":true}]}}